{"id":347042,"date":"2023-08-02T15:53:43","date_gmt":"2023-08-02T13:53:43","guid":{"rendered":"https:\/\/www.radiopiu.net\/wordpress\/?p=347042"},"modified":"2023-08-03T06:02:06","modified_gmt":"2023-08-03T04:02:06","slug":"la-superluna-dello-storione-di-agosto-vista-da-mario-de-marco","status":"publish","type":"post","link":"https:\/\/www.radiopiu.net\/wordpress\/la-superluna-dello-storione-di-agosto-vista-da-mario-de-marco\/","title":{"rendered":"LA SUPERLUNA DELLO STORIONE DI AGOSTO VISTA DA MARIO DE MARCO"},"content":{"rendered":"<p><strong>REDAZIONE<\/strong> Non solo funghi e animali selvatici, nell&#8217;obbiettivo di Mario De Marco questa volta la protagonista \u00e8 stata la superluna dello storione di agosto, pi\u00f9 luminosa e grande del solito infatti avendo una traiettoria ellittica ha raggiunto il punto pi\u00f9 vicino alla terra. Le foto sono di ieri sera quando il satellite terrestre \u00e8 stato uno spettacolo ad occhio nudo per tutta la serata.<\/p>\n\n\t\t\t<style type='text\/css'>\n\t\t\t\t#gallery-1 {\n\t\t\t\t\tmargin: auto;\n\t\t\t\t}\n\t\t\t\t#gallery-1 .gallery-item {\n\t\t\t\t\tfloat: left;\n\t\t\t\t\tmargin-top: 10px;\n\t\t\t\t\ttext-align: center;\n\t\t\t\t\twidth: 33%;\n\t\t\t\t}\n\t\t\t\t#gallery-1 img {\n\t\t\t\t\tborder: 2px solid #cfcfcf;\n\t\t\t\t}\n\t\t\t\t#gallery-1 .gallery-caption {\n\t\t\t\t\tmargin-left: 0;\n\t\t\t\t}\n\t\t\t\t\/* see gallery_shortcode() in wp-includes\/media.php *\/\n\t\t\t<\/style>\n\t\t<div id='gallery-1' class='dt-gallery-container gallery galleryid-347042 gallery-columns-3 gallery-size-medium'><dl class='gallery-item'>\n\t\t\t\t<dt class='gallery-icon landscape'>\n\t\t\t\t\t<a class=\"rollover rollover-zoom dt-pswp-item\" title=\"e9037cc0-2afd-4094-98b4-76f39449fe4c\" data-dt-img-description=\"\" data-large_image_width=\"1392\" data-large_image_height=\"928\"href='https:\/\/www.radiopiu.net\/wordpress\/wp-content\/uploads\/2023\/08\/e9037cc0-2afd-4094-98b4-76f39449fe4c.jpg'><img loading=\"lazy\" decoding=\"async\" width=\"300\" height=\"200\" src=\"https:\/\/www.radiopiu.net\/wordpress\/wp-content\/uploads\/2023\/08\/e9037cc0-2afd-4094-98b4-76f39449fe4c-300x200.jpg\" class=\"attachment-medium size-medium\" alt=\"\" srcset=\"https:\/\/www.radiopiu.net\/wordpress\/wp-content\/uploads\/2023\/08\/e9037cc0-2afd-4094-98b4-76f39449fe4c-300x200.jpg 300w, https:\/\/www.radiopiu.net\/wordpress\/wp-content\/uploads\/2023\/08\/e9037cc0-2afd-4094-98b4-76f39449fe4c-1024x683.jpg 1024w, https:\/\/www.radiopiu.net\/wordpress\/wp-content\/uploads\/2023\/08\/e9037cc0-2afd-4094-98b4-76f39449fe4c-768x512.jpg 768w, https:\/\/www.radiopiu.net\/wordpress\/wp-content\/uploads\/2023\/08\/e9037cc0-2afd-4094-98b4-76f39449fe4c.jpg 1392w\" sizes=\"auto, (max-width: 300px) 100vw, 300px\" \/><\/a>\n\t\t\t\t<\/dt><\/dl><dl class='gallery-item'>\n\t\t\t\t<dt class='gallery-icon landscape'>\n\t\t\t\t\t<a class=\"rollover rollover-zoom dt-pswp-item\" title=\"c529559c-a4c8-4cf6-b074-03f4729f1f3d\" data-dt-img-description=\"\" data-large_image_width=\"1392\" data-large_image_height=\"928\"href='https:\/\/www.radiopiu.net\/wordpress\/wp-content\/uploads\/2023\/08\/c529559c-a4c8-4cf6-b074-03f4729f1f3d.jpg'><img loading=\"lazy\" decoding=\"async\" width=\"300\" height=\"200\" src=\"https:\/\/www.radiopiu.net\/wordpress\/wp-content\/uploads\/2023\/08\/c529559c-a4c8-4cf6-b074-03f4729f1f3d-300x200.jpg\" class=\"attachment-medium size-medium\" alt=\"\" srcset=\"https:\/\/www.radiopiu.net\/wordpress\/wp-content\/uploads\/2023\/08\/c529559c-a4c8-4cf6-b074-03f4729f1f3d-300x200.jpg 300w, https:\/\/www.radiopiu.net\/wordpress\/wp-content\/uploads\/2023\/08\/c529559c-a4c8-4cf6-b074-03f4729f1f3d-1024x683.jpg 1024w, https:\/\/www.radiopiu.net\/wordpress\/wp-content\/uploads\/2023\/08\/c529559c-a4c8-4cf6-b074-03f4729f1f3d-768x512.jpg 768w, https:\/\/www.radiopiu.net\/wordpress\/wp-content\/uploads\/2023\/08\/c529559c-a4c8-4cf6-b074-03f4729f1f3d.jpg 1392w\" sizes=\"auto, (max-width: 300px) 100vw, 300px\" \/><\/a>\n\t\t\t\t<\/dt><\/dl><dl class='gallery-item'>\n\t\t\t\t<dt class='gallery-icon landscape'>\n\t\t\t\t\t<a class=\"rollover rollover-zoom dt-pswp-item\" title=\"25edd964-5053-4983-81eb-0cb72164ff8e\" data-dt-img-description=\"\" data-large_image_width=\"1600\" data-large_image_height=\"1020\"href='https:\/\/www.radiopiu.net\/wordpress\/wp-content\/uploads\/2023\/08\/25edd964-5053-4983-81eb-0cb72164ff8e.jpg'><img loading=\"lazy\" decoding=\"async\" width=\"300\" height=\"191\" src=\"https:\/\/www.radiopiu.net\/wordpress\/wp-content\/uploads\/2023\/08\/25edd964-5053-4983-81eb-0cb72164ff8e-300x191.jpg\" class=\"attachment-medium size-medium\" alt=\"\" srcset=\"https:\/\/www.radiopiu.net\/wordpress\/wp-content\/uploads\/2023\/08\/25edd964-5053-4983-81eb-0cb72164ff8e-300x191.jpg 300w, https:\/\/www.radiopiu.net\/wordpress\/wp-content\/uploads\/2023\/08\/25edd964-5053-4983-81eb-0cb72164ff8e-1024x653.jpg 1024w, https:\/\/www.radiopiu.net\/wordpress\/wp-content\/uploads\/2023\/08\/25edd964-5053-4983-81eb-0cb72164ff8e-768x490.jpg 768w, https:\/\/www.radiopiu.net\/wordpress\/wp-content\/uploads\/2023\/08\/25edd964-5053-4983-81eb-0cb72164ff8e-1536x979.jpg 1536w, https:\/\/www.radiopiu.net\/wordpress\/wp-content\/uploads\/2023\/08\/25edd964-5053-4983-81eb-0cb72164ff8e.jpg 1600w\" sizes=\"auto, (max-width: 300px) 100vw, 300px\" \/><\/a>\n\t\t\t\t<\/dt><\/dl><br style=\"clear: both\" \/>\n\t\t\t<\/div>\n\n<p>&nbsp;<\/p>\n<p>&nbsp;<\/p>\n<p>*******<\/p>\n","protected":false},"excerpt":{"rendered":"<p>REDAZIONE Non solo funghi e animali selvatici, nell&#8217;obbiettivo di Mario De Marco questa volta la protagonista \u00e8 stata la superluna dello storione di agosto, pi\u00f9 luminosa e grande del solito infatti avendo una traiettoria ellittica ha raggiunto il punto pi\u00f9 vicino alla terra. Le foto sono di ieri sera quando il satellite terrestre \u00e8 stato&hellip;<\/p>\n","protected":false},"author":4,"featured_media":347045,"comment_status":"closed","ping_status":"closed","sticky":false,"template":"","format":"standard","meta":{"_monsterinsights_skip_tracking":false,"_monsterinsights_sitenote_active":false,"_monsterinsights_sitenote_note":"","_monsterinsights_sitenote_category":0,"footnotes":""},"categories":[51,49],"tags":[],"class_list":["post-347042","post","type-post","status-publish","format-standard","has-post-thumbnail","hentry","category-evidenza-top","category-news-18","category-51","category-49","description-off"],"img_url":"https:\/\/www.radiopiu.net\/wordpress\/wp-content\/uploads\/2023\/08\/25edd964-5053-4983-81eb-0cb72164ff8e.jpg","_links":{"self":[{"href":"https:\/\/www.radiopiu.net\/wordpress\/wp-json\/wp\/v2\/posts\/347042","targetHints":{"allow":["GET"]}}],"collection":[{"href":"https:\/\/www.radiopiu.net\/wordpress\/wp-json\/wp\/v2\/posts"}],"about":[{"href":"https:\/\/www.radiopiu.net\/wordpress\/wp-json\/wp\/v2\/types\/post"}],"author":[{"embeddable":true,"href":"https:\/\/www.radiopiu.net\/wordpress\/wp-json\/wp\/v2\/users\/4"}],"replies":[{"embeddable":true,"href":"https:\/\/www.radiopiu.net\/wordpress\/wp-json\/wp\/v2\/comments?post=347042"}],"version-history":[{"count":0,"href":"https:\/\/www.radiopiu.net\/wordpress\/wp-json\/wp\/v2\/posts\/347042\/revisions"}],"wp:featuredmedia":[{"embeddable":true,"href":"https:\/\/www.radiopiu.net\/wordpress\/wp-json\/wp\/v2\/media\/347045"}],"wp:attachment":[{"href":"https:\/\/www.radiopiu.net\/wordpress\/wp-json\/wp\/v2\/media?parent=347042"}],"wp:term":[{"taxonomy":"category","embeddable":true,"href":"https:\/\/www.radiopiu.net\/wordpress\/wp-json\/wp\/v2\/categories?post=347042"},{"taxonomy":"post_tag","embeddable":true,"href":"https:\/\/www.radiopiu.net\/wordpress\/wp-json\/wp\/v2\/tags?post=347042"}],"curies":[{"name":"wp","href":"https:\/\/api.w.org\/{rel}","templated":true}]}}