{"id":347087,"date":"2023-08-03T05:51:33","date_gmt":"2023-08-03T03:51:33","guid":{"rendered":"https:\/\/www.radiopiu.net\/wordpress\/?p=347087"},"modified":"2023-08-03T06:59:34","modified_gmt":"2023-08-03T04:59:34","slug":"ieri-i-funerali-di-dario-lena","status":"publish","type":"post","link":"https:\/\/www.radiopiu.net\/wordpress\/ieri-i-funerali-di-dario-lena\/","title":{"rendered":"IERI I FUNERALI DI DARIO LENA"},"content":{"rendered":"<p><strong><a class=\"dt-pswp-item\" href=\"https:\/\/www.radiopiu.net\/wordpress\/wp-content\/uploads\/2023\/07\/Senza-nome-102.png\" data-dt-img-description=\"\" data-large_image_width=\"304\" data-large_image_height=\"188\"><img loading=\"lazy\" decoding=\"async\" class=\" wp-image-346781 alignleft\" src=\"https:\/\/www.radiopiu.net\/wordpress\/wp-content\/uploads\/2023\/07\/Senza-nome-102-300x186.png\" alt=\"\" width=\"189\" height=\"117\" srcset=\"https:\/\/www.radiopiu.net\/wordpress\/wp-content\/uploads\/2023\/07\/Senza-nome-102-300x186.png 300w, https:\/\/www.radiopiu.net\/wordpress\/wp-content\/uploads\/2023\/07\/Senza-nome-102.png 304w\" sizes=\"auto, (max-width: 189px) 100vw, 189px\" \/><\/a>LA VALLE AGORDINA<\/strong><\/p>\n<p>di Gianni Santomaso<\/p>\n<audio class=\"wp-audio-shortcode\" id=\"audio-347087-1\" preload=\"none\" style=\"width: 100%;\" controls=\"controls\"><source type=\"audio\/mpeg\" src=\"https:\/\/www.radiopiu.net\/wordpress\/wp-content\/uploads\/2023\/08\/GIANNI-I-FUNERALI-DI-DARIO-LENA.mp3?_=1\" \/><a href=\"https:\/\/www.radiopiu.net\/wordpress\/wp-content\/uploads\/2023\/08\/GIANNI-I-FUNERALI-DI-DARIO-LENA.mp3\">https:\/\/www.radiopiu.net\/wordpress\/wp-content\/uploads\/2023\/08\/GIANNI-I-FUNERALI-DI-DARIO-LENA.mp3<\/a><\/audio>\n<p>&nbsp;<\/p>\n<p><strong>L&#8217;OMELIA DI DON CESARE LARESE<\/strong><\/p>\n<audio class=\"wp-audio-shortcode\" id=\"audio-347087-2\" preload=\"none\" style=\"width: 100%;\" controls=\"controls\"><source type=\"audio\/mpeg\" src=\"https:\/\/www.radiopiu.net\/wordpress\/wp-content\/uploads\/2023\/08\/don-cesare-predica.mp3?_=2\" \/><a href=\"https:\/\/www.radiopiu.net\/wordpress\/wp-content\/uploads\/2023\/08\/don-cesare-predica.mp3\">https:\/\/www.radiopiu.net\/wordpress\/wp-content\/uploads\/2023\/08\/don-cesare-predica.mp3<\/a><\/audio>\n<p><strong>IL PENSIERO DELLA FAMIGLIA PER VOCE DI MARTINA<\/strong><\/p>\n<audio class=\"wp-audio-shortcode\" id=\"audio-347087-3\" preload=\"none\" style=\"width: 100%;\" controls=\"controls\"><source type=\"audio\/mpeg\" src=\"https:\/\/www.radiopiu.net\/wordpress\/wp-content\/uploads\/2023\/08\/martina.mp3?_=3\" \/><a href=\"https:\/\/www.radiopiu.net\/wordpress\/wp-content\/uploads\/2023\/08\/martina.mp3\">https:\/\/www.radiopiu.net\/wordpress\/wp-content\/uploads\/2023\/08\/martina.mp3<\/a><\/audio>\n<p><img decoding=\"async\" class=\"alignleft\" src=\"https:\/\/www.radiopiu.net\/wordpress\/wp-content\/uploads\/2023\/08\/Senza-nome-13.png\" \/><\/p>\n<blockquote><p><strong>Caro pap\u00e0<\/strong><\/p>\n<p>in questo momento \u00e8 difficile trovare le parole per ringraziarti per tutto quello che hai fatto per noi. Sei stato un grande ed orgoglioso esempio per tutto quello che sei riuscito a fare nonostante tutte le difficolt\u00e0 che hai dovuto affrontare durante la tua vita. Con forza e coraggio ti sei sempre rialzato, creando con tuo fratello Angelo un\u2019attivit\u00e0 che insieme alla tua famiglia era il tuo orgoglio. Con il tuo carattere gioioso e solare, sempre disponibile ad aiutare gli altri, ti sei fatto voler bene da tutti, lo sapevamo, ma ne abbiamo avuto conferma in questi giorni con tutte le persone che ci hanno dimostrato il profondo dolore per la tua improvvisa mancanza. Sar\u00e0 difficile andare avanti senza di te, ma ti promettiamo che a piccoli passi ce la metteremo tutta perch\u00e9 anche tu da lass\u00f9 possa essere e continuare ad essere orgoglioso di noi.<\/p><\/blockquote>\n<p>Ciao pap\u00e0, un forte abbraccio<\/p>\n<p>Martina, Gabriele, Nicole e Ivan<\/p>\n<p>&nbsp;<\/p>\n<p>&nbsp;<\/p>\n<h1><em><strong>IL RICORDO DELL&#8217;UNIONE SPORTIVA LE VILLE <\/strong><span style=\"color: #0000ff;\"><a style=\"color: #0000ff;\" href=\"https:\/\/www.facebook.com\/USLeVille\/videos\/1013514450080962\">CLICCA QUI<\/a><\/span><\/em><\/h1>\n<p><a class=\"dt-pswp-item\" href=\"https:\/\/www.radiopiu.net\/wordpress\/wp-content\/uploads\/2023\/08\/Senza-nome-10-e1691038739317.png\" data-dt-img-description=\"\" data-large_image_width=\"420\" data-large_image_height=\"329\"><img loading=\"lazy\" decoding=\"async\" class=\"size-medium wp-image-347125 aligncenter\" src=\"https:\/\/www.radiopiu.net\/wordpress\/wp-content\/uploads\/2023\/08\/Senza-nome-10-e1691038739317-300x235.png\" alt=\"\" width=\"300\" height=\"235\" srcset=\"https:\/\/www.radiopiu.net\/wordpress\/wp-content\/uploads\/2023\/08\/Senza-nome-10-e1691038739317-300x235.png 300w, https:\/\/www.radiopiu.net\/wordpress\/wp-content\/uploads\/2023\/08\/Senza-nome-10-e1691038739317.png 420w\" sizes=\"auto, (max-width: 300px) 100vw, 300px\" \/><\/a><\/p>\n<p>******<\/p>\n","protected":false},"excerpt":{"rendered":"<p>LA VALLE AGORDINA di Gianni Santomaso &nbsp; L&#8217;OMELIA DI DON CESARE LARESE IL PENSIERO DELLA FAMIGLIA PER VOCE DI MARTINA Caro pap\u00e0 in questo momento \u00e8 difficile trovare le parole per ringraziarti per tutto quello che hai fatto per noi. Sei stato un grande ed orgoglioso esempio per tutto quello che sei riuscito a fare&hellip;<\/p>\n","protected":false},"author":4,"featured_media":347150,"comment_status":"closed","ping_status":"closed","sticky":false,"template":"","format":"standard","meta":{"_monsterinsights_skip_tracking":false,"_monsterinsights_sitenote_active":false,"_monsterinsights_sitenote_note":"","_monsterinsights_sitenote_category":0,"footnotes":""},"categories":[51,49],"tags":[],"class_list":["post-347087","post","type-post","status-publish","format-standard","has-post-thumbnail","hentry","category-evidenza-top","category-news-18","category-51","category-49","description-off"],"img_url":"https:\/\/www.radiopiu.net\/wordpress\/wp-content\/uploads\/2023\/08\/Senza-nome-13.png","_links":{"self":[{"href":"https:\/\/www.radiopiu.net\/wordpress\/wp-json\/wp\/v2\/posts\/347087","targetHints":{"allow":["GET"]}}],"collection":[{"href":"https:\/\/www.radiopiu.net\/wordpress\/wp-json\/wp\/v2\/posts"}],"about":[{"href":"https:\/\/www.radiopiu.net\/wordpress\/wp-json\/wp\/v2\/types\/post"}],"author":[{"embeddable":true,"href":"https:\/\/www.radiopiu.net\/wordpress\/wp-json\/wp\/v2\/users\/4"}],"replies":[{"embeddable":true,"href":"https:\/\/www.radiopiu.net\/wordpress\/wp-json\/wp\/v2\/comments?post=347087"}],"version-history":[{"count":0,"href":"https:\/\/www.radiopiu.net\/wordpress\/wp-json\/wp\/v2\/posts\/347087\/revisions"}],"wp:featuredmedia":[{"embeddable":true,"href":"https:\/\/www.radiopiu.net\/wordpress\/wp-json\/wp\/v2\/media\/347150"}],"wp:attachment":[{"href":"https:\/\/www.radiopiu.net\/wordpress\/wp-json\/wp\/v2\/media?parent=347087"}],"wp:term":[{"taxonomy":"category","embeddable":true,"href":"https:\/\/www.radiopiu.net\/wordpress\/wp-json\/wp\/v2\/categories?post=347087"},{"taxonomy":"post_tag","embeddable":true,"href":"https:\/\/www.radiopiu.net\/wordpress\/wp-json\/wp\/v2\/tags?post=347087"}],"curies":[{"name":"wp","href":"https:\/\/api.w.org\/{rel}","templated":true}]}}