{"id":347100,"date":"2023-08-03T05:54:39","date_gmt":"2023-08-03T03:54:39","guid":{"rendered":"https:\/\/www.radiopiu.net\/wordpress\/?p=347100"},"modified":"2023-08-03T05:54:11","modified_gmt":"2023-08-03T03:54:11","slug":"e-grave-il-ciclista-che-si-e-schianto-contro-le-rocce-scendendo-da-san-tomaso","status":"publish","type":"post","link":"https:\/\/www.radiopiu.net\/wordpress\/e-grave-il-ciclista-che-si-e-schianto-contro-le-rocce-scendendo-da-san-tomaso\/","title":{"rendered":"E&#8217; GRAVE IL CICLISTA CHE SI E&#8217; SCHIANTO CONTRO LE ROCCE SCENDENDO DA SAN TOMASO"},"content":{"rendered":"<p><em>l&#8217;incidente ieri alle 14 lungo la provinciale 8<\/em><\/p>\n<p><strong>SAN TOMASO\u00a0<\/strong> Una caduta in bicicletta traumatizzante per un uomo di Venezia che percorreva con la bici elettrica la provinciale 8 che da San Tomaso, passando per Pian, porta ad Avoscan. IL turista R.S. 69 anni di Mestre &#8211; Venezia \u00e8 stato elitrasportato in elicottero a Treviso con ferite gravi \u00e8 in prognosi riservata. All&#8217;altezza di una curva ha perso il controllo del mezzo e si \u00e8 schiantato contro la parete rocciosa. I carabinieri della stazione di Cencenighe, che sono intervenuti per la ricostruzione dell&#8217;incidente, hanno escluso il coinvolgimento di qualche altro automobilista o anche di qualche animale che abbia attraversato la strada all&#8217;improvviso.<\/p>\n<p><strong>CENCENIGHE<\/strong> Ieri alle 15.30 nell\u2019incidente auto-bici, al ponte del Ghirlo di Cencenighe ha avuto la paggio il ciclista, 53 anni di Agordo, portato in ambulanza con ferite medio gravi all\u2019ospedale di Agordo.<\/p>\n<p><strong>FALCADE<\/strong>\u00a0Elicottero in volo verso Falcade per un malore, vittima una donna di Pavia di 62 anni portata a Belluno.<\/p>\n<p><strong>CORTINA<\/strong> Un escursionista di 41 anni austriaco vola sulle Tre Cime di Lavaredo, ricoverato con ferite di media gravit\u00e0 a Treviso, la compagna di cordata restata in parete, una tedesca di 52 anni, ha riportato un&#8217;abrasione alla mano nel tentativo di trattenere la caduta con la corda.<\/p>\n<p>Una donna tedesca di 47 anni si \u00e8 infortunata al Rifugio Pramperet, ricoverata al San Martino con un trauma cranico.<\/p>\n<p><strong>ALPAGO<\/strong> Non sono stati sufficienti i due elicotteri per espletare le cinque operazioni di soccorso di ieri, infatti l\u2019elicottero Pelikan \u00e8 stato chiamato al rifugio Dolada per un infortunio ad un pilota di parapendio. L\u2019uomo \u00e8\u00a0 precipitato, si \u00e8 procurato un\u00a0 trauma toracico.\u00a0 Perso il controllo della vela chiusasi subito dopo il decollo, il pilota era finito al suolo un\u2019ottantina di metri pi\u00f9 in basso, riportando un sospetto politrauma. L\u2019infortunato \u00e8 stato portato a Belluno.<\/p>\n<p>&nbsp;<\/p>\n<p>____<\/p>\n","protected":false},"excerpt":{"rendered":"<p>l&#8217;incidente ieri alle 14 lungo la provinciale 8 SAN TOMASO\u00a0 Una caduta in bicicletta traumatizzante per un uomo di Venezia che percorreva con la bici elettrica la provinciale 8 che da San Tomaso, passando per Pian, porta ad Avoscan. IL turista R.S. 69 anni di Mestre &#8211; Venezia \u00e8 stato elitrasportato in elicottero a Treviso&hellip;<\/p>\n","protected":false},"author":4,"featured_media":134919,"comment_status":"closed","ping_status":"closed","sticky":false,"template":"","format":"standard","meta":{"_monsterinsights_skip_tracking":false,"_monsterinsights_sitenote_active":false,"_monsterinsights_sitenote_note":"","_monsterinsights_sitenote_category":0,"footnotes":""},"categories":[51,49],"tags":[],"class_list":["post-347100","post","type-post","status-publish","format-standard","has-post-thumbnail","hentry","category-evidenza-top","category-news-18","category-51","category-49","description-off"],"img_url":"https:\/\/www.radiopiu.net\/wordpress\/wp-content\/uploads\/2020\/05\/CENCENIGHE.jpg","_links":{"self":[{"href":"https:\/\/www.radiopiu.net\/wordpress\/wp-json\/wp\/v2\/posts\/347100","targetHints":{"allow":["GET"]}}],"collection":[{"href":"https:\/\/www.radiopiu.net\/wordpress\/wp-json\/wp\/v2\/posts"}],"about":[{"href":"https:\/\/www.radiopiu.net\/wordpress\/wp-json\/wp\/v2\/types\/post"}],"author":[{"embeddable":true,"href":"https:\/\/www.radiopiu.net\/wordpress\/wp-json\/wp\/v2\/users\/4"}],"replies":[{"embeddable":true,"href":"https:\/\/www.radiopiu.net\/wordpress\/wp-json\/wp\/v2\/comments?post=347100"}],"version-history":[{"count":0,"href":"https:\/\/www.radiopiu.net\/wordpress\/wp-json\/wp\/v2\/posts\/347100\/revisions"}],"wp:featuredmedia":[{"embeddable":true,"href":"https:\/\/www.radiopiu.net\/wordpress\/wp-json\/wp\/v2\/media\/134919"}],"wp:attachment":[{"href":"https:\/\/www.radiopiu.net\/wordpress\/wp-json\/wp\/v2\/media?parent=347100"}],"wp:term":[{"taxonomy":"category","embeddable":true,"href":"https:\/\/www.radiopiu.net\/wordpress\/wp-json\/wp\/v2\/categories?post=347100"},{"taxonomy":"post_tag","embeddable":true,"href":"https:\/\/www.radiopiu.net\/wordpress\/wp-json\/wp\/v2\/tags?post=347100"}],"curies":[{"name":"wp","href":"https:\/\/api.w.org\/{rel}","templated":true}]}}