{"id":347118,"date":"2023-08-04T05:31:25","date_gmt":"2023-08-04T03:31:25","guid":{"rendered":"https:\/\/www.radiopiu.net\/wordpress\/?p=347118"},"modified":"2023-08-04T07:06:30","modified_gmt":"2023-08-04T05:06:30","slug":"giornale-radiopiu-04-agosto-2023-direttore-mirko-mezzacasada-40-anni-25-giugno-1983-25-giugno-2023","status":"publish","type":"post","link":"https:\/\/www.radiopiu.net\/wordpress\/giornale-radiopiu-04-agosto-2023-direttore-mirko-mezzacasada-40-anni-25-giugno-1983-25-giugno-2023\/","title":{"rendered":"GIORNALE RADIOPIU 04 AGOSTO 2023 DIRETTORE MIRKO MEZZACASA\u2026DA 40 ANNI 25 GIUGNO 1983-25 GIUGNO 2023"},"content":{"rendered":"<h2 style=\"text-align: left;\"><span style=\"color: #ff0000;\"><span style=\"vertical-align: inherit;\"><a class=\"dt-pswp-item\" href=\"https:\/\/www.radiopiu.net\/wordpress\/wp-content\/uploads\/2023\/04\/e0aad41d-951e-47b9-9fae-1a879a9bcb7e-1.jpg\" data-dt-img-description=\"\" data-large_image_width=\"1200\" data-large_image_height=\"1200\"><img loading=\"lazy\" decoding=\"async\" class=\"wp-image-333205 alignleft\" src=\"https:\/\/www.radiopiu.net\/wordpress\/wp-content\/uploads\/2023\/04\/e0aad41d-951e-47b9-9fae-1a879a9bcb7e-1-300x300.jpg\" alt=\"\" width=\"110\" height=\"110\" srcset=\"https:\/\/www.radiopiu.net\/wordpress\/wp-content\/uploads\/2023\/04\/e0aad41d-951e-47b9-9fae-1a879a9bcb7e-1-300x300.jpg 300w, https:\/\/www.radiopiu.net\/wordpress\/wp-content\/uploads\/2023\/04\/e0aad41d-951e-47b9-9fae-1a879a9bcb7e-1-1024x1024.jpg 1024w, https:\/\/www.radiopiu.net\/wordpress\/wp-content\/uploads\/2023\/04\/e0aad41d-951e-47b9-9fae-1a879a9bcb7e-1-150x150.jpg 150w, https:\/\/www.radiopiu.net\/wordpress\/wp-content\/uploads\/2023\/04\/e0aad41d-951e-47b9-9fae-1a879a9bcb7e-1-768x768.jpg 768w, https:\/\/www.radiopiu.net\/wordpress\/wp-content\/uploads\/2023\/04\/e0aad41d-951e-47b9-9fae-1a879a9bcb7e-1.jpg 1200w\" sizes=\"auto, (max-width: 110px) 100vw, 110px\" \/><\/a><\/span><\/span><\/h2>\n<h1 class=\"entry-title\">40esimo di RADIOPIU\u2026. LA VOCE DELL\u2019EMOZIONE<\/h1>\n<h2><span style=\"color: #ff0000;\">ISCRIVITI AL NOSTRO CANALE\u00a0\u00a0YOUTUBE PER SEGUIRE IN DIRETTA I PRINCIPALI PROGRAMMI DI RADIO PIU\u2019 E LE FUTURE DIRETTE IN ESTERNA. PER ISCRIVERTI\u00a0<a style=\"color: #ff0000;\" href=\"https:\/\/youtube.com\/@radiopiu1527\">CLICCA QUI\u00a0<\/a>E PREMI\u00a0 \u201cIscriviti\u201d<\/span><\/h2>\n<p>&nbsp;<\/p>\n<hr \/>\n<p>&nbsp;<\/p>\n<p>&nbsp;<\/p>\n<p><a class=\"dt-pswp-item\" href=\"https:\/\/www.radiopiu.net\/wordpress\/wp-content\/uploads\/2023\/07\/3efcd760-b0fa-4f47-b371-1531c8b43bd7.jpg\" data-dt-img-description=\"\" data-large_image_width=\"720\" data-large_image_height=\"621\"><img loading=\"lazy\" decoding=\"async\" class=\"size-medium wp-image-346697 aligncenter\" src=\"https:\/\/www.radiopiu.net\/wordpress\/wp-content\/uploads\/2023\/07\/3efcd760-b0fa-4f47-b371-1531c8b43bd7-300x259.jpg\" alt=\"\" width=\"300\" height=\"259\" srcset=\"https:\/\/www.radiopiu.net\/wordpress\/wp-content\/uploads\/2023\/07\/3efcd760-b0fa-4f47-b371-1531c8b43bd7-300x259.jpg 300w, https:\/\/www.radiopiu.net\/wordpress\/wp-content\/uploads\/2023\/07\/3efcd760-b0fa-4f47-b371-1531c8b43bd7.jpg 720w\" sizes=\"auto, (max-width: 300px) 100vw, 300px\" \/><\/a><\/p>\n<p>&nbsp;<\/p>\n<p>&nbsp;<\/p>\n<hr \/>\n<p>&nbsp;<\/p>\n<blockquote>\n<h3>ACQUA INQUINATA A LA VALLE E CENCENIGHE<\/h3>\n<\/blockquote>\n<p><strong>LA VALLE<\/strong> Gestione Servizi Pubblici informa che a LA VALLE AGORDINA nelle localit\u00e0 MUDA EST E AGRE l&#8217;acqua erogata dall&#8217;acquedotto non \u00e8 potabile e pu\u00f2 essere usata per scopi alimentari SOLO PREVIA bollitura. GSP ha, comunque, gi\u00e0 adottato le necessarie misure per la disinfezione dell&#8217;acqua presente nei serbatoi e nella rete idrica con l&#8217;aggiunta di cloro.<\/p>\n<p><strong>CENCENIGHE<\/strong> Anche a PRA&#8217; DI MEZZO a CENCENIGHE l&#8217;acqua erogata dall&#8217;acquedotto non \u00e8 potabile e pu\u00f2 essere usata per scopi alimentari SOLO PREVIA bollitura.<\/p>\n<p><strong>LIVINALLONGO <\/strong>Acqua inquinata anche nelle localit\u00e0 BRENTA e VARDA.<\/p>\n<p>&nbsp;<\/p>\n<p>&nbsp;<\/p>\n<hr \/>\n<p>&nbsp;<\/p>\n<blockquote>\n<h3>TORNA LA FIBRA OTTICA IN AGORDINO E I TELEFONI SQUILLANO AD ARABBA<\/h3>\n<\/blockquote>\n<p><strong><a class=\"dt-pswp-item\" href=\"https:\/\/www.radiopiu.net\/wordpress\/wp-content\/uploads\/2020\/04\/fibra-ottica.jpg\" data-dt-img-description=\"\" data-large_image_width=\"1920\" data-large_image_height=\"1280\"><img loading=\"lazy\" decoding=\"async\" class=\" wp-image-133161 alignleft\" src=\"https:\/\/www.radiopiu.net\/wordpress\/wp-content\/uploads\/2020\/04\/fibra-ottica-300x200.jpg\" alt=\"\" width=\"135\" height=\"90\" srcset=\"https:\/\/www.radiopiu.net\/wordpress\/wp-content\/uploads\/2020\/04\/fibra-ottica-300x200.jpg 300w, https:\/\/www.radiopiu.net\/wordpress\/wp-content\/uploads\/2020\/04\/fibra-ottica-1024x683.jpg 1024w, https:\/\/www.radiopiu.net\/wordpress\/wp-content\/uploads\/2020\/04\/fibra-ottica-768x512.jpg 768w, https:\/\/www.radiopiu.net\/wordpress\/wp-content\/uploads\/2020\/04\/fibra-ottica-1536x1024.jpg 1536w, https:\/\/www.radiopiu.net\/wordpress\/wp-content\/uploads\/2020\/04\/fibra-ottica.jpg 1920w\" sizes=\"auto, (max-width: 135px) 100vw, 135px\" \/><\/a>REDAZIONE<\/strong> Emergenza rientrata. Dalle 15:45 di ieri gli utenti dell&#8217;Agordino serviti dalla fibra ottica servita da OpenFiber sono tornati a vedere la luce verde sul proprio modem. Dopo quasi 6 giorni di stop il guasto \u00e8 stato riparato. Sempre da ieri alle 13 anche i telefoni fissi di TIM sono tornati a squillare ad Arabba. Allarme rientrato dopo la frana che aveva interessato il Passo Gardena che aveva causato il black out telefonico.<\/p>\n<p>&nbsp;<\/p>\n<p>&nbsp;<\/p>\n<hr \/>\n<p>&nbsp;<\/p>\n<blockquote>\n<h3><img loading=\"lazy\" decoding=\"async\" class=\"alignleft\" src=\"https:\/\/www.radiopiu.net\/wordpress\/wp-content\/uploads\/2022\/12\/emanuele-aloia-meteo-300x300.jpg\" width=\"147\" height=\"147\" \/>METEO. ALLERTA GIALLA PER TEMPORALI SU TUTTO IL TERRITORIO REGIONALE<\/h3>\n<\/blockquote>\n<p><strong>VENEZIA<\/strong>\u00a0 Il Meteo regionale segnala\u00a0 fino alla mattina di domani, fasi di instabilit\u00e0, intervallate da pause, con rovesci e temporali, pi\u00f9 diffusi tra il pomeriggio di oggi\u00a0 e le prime ore di domani. Saranno probabili, specie nella seconda parte di\u00a0 oggi, fenomeni intensi con forti rovesci, forti raffiche di vento e grandinate. Sulla base delle previsioni meteo previste, il Centro Funzionale Decentrato della Protezione Civile regionale comunica che, per criticit\u00e0 idrogeologica per temporali, \u00e8 stata dichiarata la fase operativa di \u201cAttenzione\u201d (Gialla) su tutto il territorio regionale.<\/p>\n<p>&nbsp;<\/p>\n<hr \/>\n<p>&nbsp;<\/p>\n<blockquote>\n<h3>GIOVANE ESCURSIONISTA CADE NEL BOSCO<\/h3>\n<\/blockquote>\n<p><strong><img loading=\"lazy\" decoding=\"async\" class=\"alignleft\" src=\"https:\/\/www.radiopiu.net\/wordpress\/wp-content\/uploads\/2023\/08\/663e678a-30da-4ef2-98e3-0213979656c2.jpg\" width=\"205\" height=\"124\" \/>ROCCA PIETORE\u00a0<\/strong> Ieri nel primo pomeriggio, la tranquillit\u00e0 delle maestose Dolomiti \u00e8 stata interrotta da un incidente che ha coinvolto un giovane escursionista. Due operai di Enel, di passaggio nei pressi del bivio per Bramezza, sono stati i primi a notare la\u00a0 situazione e hanno immediatamente allertato i soccorsi. Il giovane si trovava a circa 100 metri sopra il bivio per Bramezza quando \u00e8 scivolato e ha perso l&#8217;equilibrio, precipitando nel fitto bosco circostante. I soccorsi hanno confermato che la caduta ha causato traumi di media gravit\u00e0 alla persona coinvolta. Sul posto oltre all&#8217;elicottero Falco,\u00a0 sono giunte tempestivamente un&#8217;ambulanza proveniente da Alleghe (Croce Verde) e due squadre del Soccorso Alpino Val Pettorina.<\/p>\n<p>&nbsp;<\/p>\n<p>&nbsp;<\/p>\n<hr \/>\n<p>&nbsp;<\/p>\n<blockquote>\n<h3 class=\"entry-title\">BLOCCATO NEL CANALE E IMPOSSIBILITATO A MUOVERSI<\/h3>\n<\/blockquote>\n<p><strong>CORTINA<\/strong>\u00a0Degli escursionisti hanno lanciato l\u2019allarme per un uomo bloccato in un canale friabile. Dalle prime sommarie informazione, si sapeva che poteva essere uscito dalla Ferrata Dibona a Cortina d\u2019Ampezzo e che avesse un trauma alla gamba. In suo aiuto \u00e8 quindi subito decollato Falco 2, che lo ha individuato in una posizione estremamente precaria alcune decine di metri sotto il Rifugio Son Forca. Il 60enne, residente a Mestre (VE), era partito dal Rifugio Son Forca verso Forcella Staunies. Lungo il percorso per\u00f2 si era allontanato dalla traccia, salendo e avvicinandosi alla parte rocciosa, finch\u00e9 non era pi\u00f9 stato in grado di muoversi e nemmeno di prendere il cellulare per chiedere aiuto, ma non era infortunato. Alcuni escursionisti polacchi che lo avevano visto in difficolt\u00e0 erano riusciti a calargli un cordino e materiale da ferrata per tentare di assicurarsi a qualche spuntone di roccia, in attesa dei soccorsi.<\/p>\n<p>&nbsp;<\/p>\n<p>&nbsp;<\/p>\n<hr \/>\n<p>&nbsp;<\/p>\n<blockquote>\n<h3><a class=\"dt-pswp-item\" href=\"https:\/\/www.radiopiu.net\/wordpress\/wp-content\/uploads\/2023\/08\/th.jpg\" data-dt-img-description=\"\" data-large_image_width=\"270\" data-large_image_height=\"180\"><img loading=\"lazy\" decoding=\"async\" class=\" wp-image-347267 alignleft\" src=\"https:\/\/www.radiopiu.net\/wordpress\/wp-content\/uploads\/2023\/08\/th.jpg\" alt=\"\" width=\"158\" height=\"105\" \/><\/a>PAURA IN AUTOSTRADA, AUTO BLOCCATE IN GALLERIA PER OLTRE UN&#8217;ORA<\/h3>\n<\/blockquote>\n<p><strong>\u00a0TREVISO<\/strong> Ieri: centinaia di mezzi\u00a0 bloccati nella galleria Cave Est per un incidente\u00a0 al termine del tunnel tra una vettura e un mezzo pesante.\u00a0 Nel sinistro nessun ferito grave,\u00a0 una donna portata al pronto soccorso perch\u00e9 lamentava dolore ad una spalla.\u00a0 Per oltre un&#8217;ora code infinite, in galleria 3 chilometri di vetture in doppia corsia. I &#8220;prigionieri&#8221; dell&#8217;A27 si sono ritrovati al &#8220;buio&#8221; anche telefonico, perch\u00e9 in galleria non c&#8217;\u00e8 segnale.<\/p>\n<p>&nbsp;<\/p>\n<hr \/>\n<p>&nbsp;<\/p>\n<blockquote>\n<h3>SI VUOLE PROVARE A COSTITUIRE UN CDA PER IL PASSAGGIO DELLA CASA DI SOGGIORNO DI TAIBON AD ASCA<\/h3>\n<\/blockquote>\n<p><strong><a class=\"dt-pswp-item\" href=\"https:\/\/www.radiopiu.net\/wordpress\/wp-content\/uploads\/2021\/02\/CASA-SOGGIORNO-TAIBON.jpg\" data-dt-img-description=\"\" data-large_image_width=\"512\" data-large_image_height=\"324\"><img loading=\"lazy\" decoding=\"async\" class=\" wp-image-190126 alignleft\" src=\"https:\/\/www.radiopiu.net\/wordpress\/wp-content\/uploads\/2021\/02\/CASA-SOGGIORNO-TAIBON-300x190.jpg\" alt=\"\" width=\"175\" height=\"111\" srcset=\"https:\/\/www.radiopiu.net\/wordpress\/wp-content\/uploads\/2021\/02\/CASA-SOGGIORNO-TAIBON-300x190.jpg 300w, https:\/\/www.radiopiu.net\/wordpress\/wp-content\/uploads\/2021\/02\/CASA-SOGGIORNO-TAIBON.jpg 512w\" sizes=\"auto, (max-width: 175px) 100vw, 175px\" \/><\/a>AGORDO<\/strong><\/p>\n<p>di Gianni Santomaso<\/p>\n<audio class=\"wp-audio-shortcode\" id=\"audio-347118-1\" preload=\"none\" style=\"width: 100%;\" controls=\"controls\"><source type=\"audio\/mpeg\" src=\"https:\/\/www.radiopiu.net\/wordpress\/wp-content\/uploads\/2023\/08\/GIANNI-SI-VUOLE-PROVARE-A-COSTITUIRE-UN-CDA-PER-IL-PASSAGGIO-DELLA-CASA-DI-SOGGIORNO-DI-TAIBON-AD-ASCA.mp3?_=1\" \/><a href=\"https:\/\/www.radiopiu.net\/wordpress\/wp-content\/uploads\/2023\/08\/GIANNI-SI-VUOLE-PROVARE-A-COSTITUIRE-UN-CDA-PER-IL-PASSAGGIO-DELLA-CASA-DI-SOGGIORNO-DI-TAIBON-AD-ASCA.mp3\">https:\/\/www.radiopiu.net\/wordpress\/wp-content\/uploads\/2023\/08\/GIANNI-SI-VUOLE-PROVARE-A-COSTITUIRE-UN-CDA-PER-IL-PASSAGGIO-DELLA-CASA-DI-SOGGIORNO-DI-TAIBON-AD-ASCA.mp3<\/a><\/audio>\n<p>&nbsp;<\/p>\n<hr \/>\n<p>&nbsp;<\/p>\n<blockquote>\n<h3>PRESENTATA A PALAZZO ROSSO LA NUOVA SOCIETA&#8217; NEVEGAL 365<\/h3>\n<\/blockquote>\n<p><strong>BELLUNO<\/strong> Presentata a Belluno la nuova societ\u00e0 Nevegal 365, pronta a investire decine di milioni di euro sull&#8217;impiantistica e sull&#8217;accoglienza nel Colle bellunese.<strong>di Daniele Dalvit<\/strong><\/p>\n<audio class=\"wp-audio-shortcode\" id=\"audio-347118-2\" preload=\"none\" style=\"width: 100%;\" controls=\"controls\"><source type=\"audio\/mpeg\" src=\"https:\/\/www.radiopiu.net\/wordpress\/wp-content\/uploads\/2023\/08\/Radio-Piu-Servizio-Presentazione-Nevegal-365.mp3?_=2\" \/><a href=\"https:\/\/www.radiopiu.net\/wordpress\/wp-content\/uploads\/2023\/08\/Radio-Piu-Servizio-Presentazione-Nevegal-365.mp3\">https:\/\/www.radiopiu.net\/wordpress\/wp-content\/uploads\/2023\/08\/Radio-Piu-Servizio-Presentazione-Nevegal-365.mp3<\/a><\/audio>\n<p>&nbsp;<\/p>\n\n\t\t\t<style type='text\/css'>\n\t\t\t\t#gallery-1 {\n\t\t\t\t\tmargin: auto;\n\t\t\t\t}\n\t\t\t\t#gallery-1 .gallery-item {\n\t\t\t\t\tfloat: left;\n\t\t\t\t\tmargin-top: 10px;\n\t\t\t\t\ttext-align: center;\n\t\t\t\t\twidth: 50%;\n\t\t\t\t}\n\t\t\t\t#gallery-1 img {\n\t\t\t\t\tborder: 2px solid #cfcfcf;\n\t\t\t\t}\n\t\t\t\t#gallery-1 .gallery-caption {\n\t\t\t\t\tmargin-left: 0;\n\t\t\t\t}\n\t\t\t\t\/* see gallery_shortcode() in wp-includes\/media.php *\/\n\t\t\t<\/style>\n\t\t<div id='gallery-1' class='dt-gallery-container gallery galleryid-347118 gallery-columns-2 gallery-size-medium'><dl class='gallery-item'>\n\t\t\t\t<dt class='gallery-icon landscape'>\n\t\t\t\t\t<a class=\"rollover rollover-zoom dt-pswp-item\" title=\"dec3e16d-deac-4831-89d6-99bc9b213773\" data-dt-img-description=\"\" data-large_image_width=\"2048\" data-large_image_height=\"1536\"href='https:\/\/www.radiopiu.net\/wordpress\/wp-content\/uploads\/2023\/08\/dec3e16d-deac-4831-89d6-99bc9b213773.jpg'><img loading=\"lazy\" decoding=\"async\" width=\"300\" height=\"225\" src=\"https:\/\/www.radiopiu.net\/wordpress\/wp-content\/uploads\/2023\/08\/dec3e16d-deac-4831-89d6-99bc9b213773-300x225.jpg\" class=\"attachment-medium size-medium\" alt=\"\" srcset=\"https:\/\/www.radiopiu.net\/wordpress\/wp-content\/uploads\/2023\/08\/dec3e16d-deac-4831-89d6-99bc9b213773-300x225.jpg 300w, https:\/\/www.radiopiu.net\/wordpress\/wp-content\/uploads\/2023\/08\/dec3e16d-deac-4831-89d6-99bc9b213773-1024x768.jpg 1024w, https:\/\/www.radiopiu.net\/wordpress\/wp-content\/uploads\/2023\/08\/dec3e16d-deac-4831-89d6-99bc9b213773-768x576.jpg 768w, https:\/\/www.radiopiu.net\/wordpress\/wp-content\/uploads\/2023\/08\/dec3e16d-deac-4831-89d6-99bc9b213773-1536x1152.jpg 1536w, https:\/\/www.radiopiu.net\/wordpress\/wp-content\/uploads\/2023\/08\/dec3e16d-deac-4831-89d6-99bc9b213773.jpg 2048w\" sizes=\"auto, (max-width: 300px) 100vw, 300px\" \/><\/a>\n\t\t\t\t<\/dt><\/dl><dl class='gallery-item'>\n\t\t\t\t<dt class='gallery-icon landscape'>\n\t\t\t\t\t<a class=\"rollover rollover-zoom dt-pswp-item\" title=\"dce8e472-8062-4076-862b-47407f6e0f7d\" data-dt-img-description=\"\" data-large_image_width=\"2048\" data-large_image_height=\"1536\"href='https:\/\/www.radiopiu.net\/wordpress\/wp-content\/uploads\/2023\/08\/dce8e472-8062-4076-862b-47407f6e0f7d.jpg'><img loading=\"lazy\" decoding=\"async\" width=\"300\" height=\"225\" src=\"https:\/\/www.radiopiu.net\/wordpress\/wp-content\/uploads\/2023\/08\/dce8e472-8062-4076-862b-47407f6e0f7d-300x225.jpg\" class=\"attachment-medium size-medium\" alt=\"\" srcset=\"https:\/\/www.radiopiu.net\/wordpress\/wp-content\/uploads\/2023\/08\/dce8e472-8062-4076-862b-47407f6e0f7d-300x225.jpg 300w, https:\/\/www.radiopiu.net\/wordpress\/wp-content\/uploads\/2023\/08\/dce8e472-8062-4076-862b-47407f6e0f7d-1024x768.jpg 1024w, https:\/\/www.radiopiu.net\/wordpress\/wp-content\/uploads\/2023\/08\/dce8e472-8062-4076-862b-47407f6e0f7d-768x576.jpg 768w, https:\/\/www.radiopiu.net\/wordpress\/wp-content\/uploads\/2023\/08\/dce8e472-8062-4076-862b-47407f6e0f7d-1536x1152.jpg 1536w, https:\/\/www.radiopiu.net\/wordpress\/wp-content\/uploads\/2023\/08\/dce8e472-8062-4076-862b-47407f6e0f7d.jpg 2048w\" sizes=\"auto, (max-width: 300px) 100vw, 300px\" \/><\/a>\n\t\t\t\t<\/dt><\/dl><br style=\"clear: both\" \/>\n\t\t\t<\/div>\n\n<p>&nbsp;<\/p>\n<hr \/>\n<p>&nbsp;<\/p>\n<blockquote>\n<h3>IL SINDACO DI FELTRE INCONTRA IL NUOVO QUESTORE DI BELLUNO<\/h3>\n<\/blockquote>\n<p><strong><a class=\"dt-pswp-item\" href=\"https:\/\/www.radiopiu.net\/wordpress\/wp-content\/uploads\/2023\/08\/Incontro-con-il-Questore-di-Belluno.jpg\" data-dt-img-description=\"\" data-large_image_width=\"1682\" data-large_image_height=\"1080\"><img loading=\"lazy\" decoding=\"async\" class=\" wp-image-347200 alignleft\" src=\"https:\/\/www.radiopiu.net\/wordpress\/wp-content\/uploads\/2023\/08\/Incontro-con-il-Questore-di-Belluno-300x193.jpg\" alt=\"\" width=\"155\" height=\"100\" srcset=\"https:\/\/www.radiopiu.net\/wordpress\/wp-content\/uploads\/2023\/08\/Incontro-con-il-Questore-di-Belluno-300x193.jpg 300w, https:\/\/www.radiopiu.net\/wordpress\/wp-content\/uploads\/2023\/08\/Incontro-con-il-Questore-di-Belluno-1024x658.jpg 1024w, https:\/\/www.radiopiu.net\/wordpress\/wp-content\/uploads\/2023\/08\/Incontro-con-il-Questore-di-Belluno-768x493.jpg 768w, https:\/\/www.radiopiu.net\/wordpress\/wp-content\/uploads\/2023\/08\/Incontro-con-il-Questore-di-Belluno-1536x986.jpg 1536w, https:\/\/www.radiopiu.net\/wordpress\/wp-content\/uploads\/2023\/08\/Incontro-con-il-Questore-di-Belluno.jpg 1682w\" sizes=\"auto, (max-width: 155px) 100vw, 155px\" \/><\/a>FELTRE <\/strong>Il sindaco di Feltre Viviana Fusaro ha ricevuto questa mattina in municipio il nuovo questore di Belluno Francesco Zerilli, nominato poche settimane fa. Dopo una breve visita al palazzo municipale, ed in particolar modo alla Sala degli Stemmi, il questore si \u00e8 intrattenuto per un\u00a0 colloquio conoscitivo con il sindaco. \u201cUn incontro cordiale, volto ad instaurare sin da subito un rapporto di collaborazione fattivo, nel solco &#8211; peraltro &#8211; di quanto gi\u00e0 in essere in precedenza\u201d, ha sottolineato il questore di Belluno.<\/p>\n<p>&nbsp;<\/p>\n<p>&nbsp;<\/p>\n<hr \/>\n<p>&nbsp;<\/p>\n<blockquote>\n<h3>DUNIO PICCOLIN ABBELISCE LA SEDE DELL&#8217;UNIONE MONTANA AGORDINA<\/h3>\n<\/blockquote>\n<p><strong>AGORDO<\/strong>di Gianni Santomaso<\/p>\n<audio class=\"wp-audio-shortcode\" id=\"audio-347118-3\" preload=\"none\" style=\"width: 100%;\" controls=\"controls\"><source type=\"audio\/mpeg\" src=\"https:\/\/www.radiopiu.net\/wordpress\/wp-content\/uploads\/2023\/08\/GIANNI-DUNIO-PICCOLIN-ABBELISCE-LA-SEDE-DELLUNIONE-MONTANA-AGORDINA.mp3?_=3\" \/><a href=\"https:\/\/www.radiopiu.net\/wordpress\/wp-content\/uploads\/2023\/08\/GIANNI-DUNIO-PICCOLIN-ABBELISCE-LA-SEDE-DELLUNIONE-MONTANA-AGORDINA.mp3\">https:\/\/www.radiopiu.net\/wordpress\/wp-content\/uploads\/2023\/08\/GIANNI-DUNIO-PICCOLIN-ABBELISCE-LA-SEDE-DELLUNIONE-MONTANA-AGORDINA.mp3<\/a><\/audio>\n<p>&nbsp;<\/p>\n\n\t\t\t<style type='text\/css'>\n\t\t\t\t#gallery-2 {\n\t\t\t\t\tmargin: auto;\n\t\t\t\t}\n\t\t\t\t#gallery-2 .gallery-item {\n\t\t\t\t\tfloat: left;\n\t\t\t\t\tmargin-top: 10px;\n\t\t\t\t\ttext-align: center;\n\t\t\t\t\twidth: 33%;\n\t\t\t\t}\n\t\t\t\t#gallery-2 img {\n\t\t\t\t\tborder: 2px solid #cfcfcf;\n\t\t\t\t}\n\t\t\t\t#gallery-2 .gallery-caption {\n\t\t\t\t\tmargin-left: 0;\n\t\t\t\t}\n\t\t\t\t\/* see gallery_shortcode() in wp-includes\/media.php *\/\n\t\t\t<\/style>\n\t\t<div id='gallery-2' class='dt-gallery-container gallery galleryid-347118 gallery-columns-3 gallery-size-thumbnail'><dl class='gallery-item'>\n\t\t\t\t<dt class='gallery-icon landscape'>\n\t\t\t\t\t<a class=\"rollover rollover-zoom dt-pswp-item\" title=\"b12dec15-b567-4ea3-bef9-7929549af429\" data-dt-img-description=\"\" data-large_image_width=\"768\" data-large_image_height=\"696\"href='https:\/\/www.radiopiu.net\/wordpress\/wp-content\/uploads\/2023\/08\/b12dec15-b567-4ea3-bef9-7929549af429.jpg'><img loading=\"lazy\" decoding=\"async\" width=\"150\" height=\"150\" src=\"https:\/\/www.radiopiu.net\/wordpress\/wp-content\/uploads\/2023\/08\/b12dec15-b567-4ea3-bef9-7929549af429-150x150.jpg\" class=\"attachment-thumbnail size-thumbnail\" alt=\"\" \/><\/a>\n\t\t\t\t<\/dt><\/dl><dl class='gallery-item'>\n\t\t\t\t<dt class='gallery-icon landscape'>\n\t\t\t\t\t<a class=\"rollover rollover-zoom dt-pswp-item\" title=\"f8b9f238-9974-43eb-a90e-f7f9ea363481\" data-dt-img-description=\"\" data-large_image_width=\"1317\" data-large_image_height=\"711\"href='https:\/\/www.radiopiu.net\/wordpress\/wp-content\/uploads\/2023\/08\/f8b9f238-9974-43eb-a90e-f7f9ea363481.jpg'><img loading=\"lazy\" decoding=\"async\" width=\"150\" height=\"150\" src=\"https:\/\/www.radiopiu.net\/wordpress\/wp-content\/uploads\/2023\/08\/f8b9f238-9974-43eb-a90e-f7f9ea363481-150x150.jpg\" class=\"attachment-thumbnail size-thumbnail\" alt=\"\" \/><\/a>\n\t\t\t\t<\/dt><\/dl><dl class='gallery-item'>\n\t\t\t\t<dt class='gallery-icon portrait'>\n\t\t\t\t\t<a class=\"rollover rollover-zoom dt-pswp-item\" title=\"3a7dc0ab-b0d3-418e-9e61-0b0499a98f18\" data-dt-img-description=\"\" data-large_image_width=\"1536\" data-large_image_height=\"2048\"href='https:\/\/www.radiopiu.net\/wordpress\/wp-content\/uploads\/2023\/08\/3a7dc0ab-b0d3-418e-9e61-0b0499a98f18.jpg'><img loading=\"lazy\" decoding=\"async\" width=\"150\" height=\"150\" src=\"https:\/\/www.radiopiu.net\/wordpress\/wp-content\/uploads\/2023\/08\/3a7dc0ab-b0d3-418e-9e61-0b0499a98f18-150x150.jpg\" class=\"attachment-thumbnail size-thumbnail\" alt=\"\" \/><\/a>\n\t\t\t\t<\/dt><\/dl><br style=\"clear: both\" \/>\n\t\t\t<\/div>\n\n<p>&nbsp;<\/p>\n<hr \/>\n<p>&nbsp;<\/p>\n<blockquote>\n<h3>OSPITALITA&#8217; PER GLI STUDENTI PENDOLARI: LA PROVINCIA E&#8217; AL LAVORO<\/h3>\n<\/blockquote>\n<p><strong><a class=\"dt-pswp-item\" href=\"https:\/\/www.radiopiu.net\/wordpress\/wp-content\/uploads\/2023\/08\/Padrin-e-Bogana-con-proprietaria-Meuble-Letizia-scaled.jpg\" data-dt-img-description=\"\" data-large_image_width=\"2560\" data-large_image_height=\"1920\"><img loading=\"lazy\" decoding=\"async\" class=\" wp-image-347198 alignleft\" src=\"https:\/\/www.radiopiu.net\/wordpress\/wp-content\/uploads\/2023\/08\/Padrin-e-Bogana-con-proprietaria-Meuble-Letizia-300x225.jpg\" alt=\"\" width=\"167\" height=\"125\" srcset=\"https:\/\/www.radiopiu.net\/wordpress\/wp-content\/uploads\/2023\/08\/Padrin-e-Bogana-con-proprietaria-Meuble-Letizia-300x225.jpg 300w, https:\/\/www.radiopiu.net\/wordpress\/wp-content\/uploads\/2023\/08\/Padrin-e-Bogana-con-proprietaria-Meuble-Letizia-1024x768.jpg 1024w, https:\/\/www.radiopiu.net\/wordpress\/wp-content\/uploads\/2023\/08\/Padrin-e-Bogana-con-proprietaria-Meuble-Letizia-768x576.jpg 768w, https:\/\/www.radiopiu.net\/wordpress\/wp-content\/uploads\/2023\/08\/Padrin-e-Bogana-con-proprietaria-Meuble-Letizia-1536x1152.jpg 1536w, https:\/\/www.radiopiu.net\/wordpress\/wp-content\/uploads\/2023\/08\/Padrin-e-Bogana-con-proprietaria-Meuble-Letizia-2048x1536.jpg 2048w\" sizes=\"auto, (max-width: 167px) 100vw, 167px\" \/><\/a>BELLUNO<\/strong> La Provincia di Belluno sta lavorando per trovare soluzioni per gli studenti pendolari. Si sta considerando la possibilit\u00e0 di creare un convitto nazionale diffuso per ospitare i ragazzi che provengono dalle localit\u00e0 periferiche e frequentano le scuole superiori nei centri urbani. Inoltre, c&#8217;\u00e8 un progetto per ricavare una trentina di posti letto in valle del Boite, presso l&#8217;ex albergo Letizia a Borca di Cadore, messo a disposizione dalle sorelle Perini. La struttura potrebbe ospitare sia studenti che personale docente e Ata, contribuendo alla vitalit\u00e0 della valle e superando il problema delle distanze tra le localit\u00e0 periferiche e gli istituti scolastici. La proposta \u00e8 ancora in fase embrionale, ma la Provincia sta lavorando per svilupparla ulteriormente.<\/p>\n<p>&nbsp;<\/p>\n<p>&nbsp;<\/p>\n<hr \/>\n<p>&nbsp;<\/p>\n<blockquote>\n<h3>LA NUOVA BICICLETTA DI MATTEO COMPRATA DALLE ASSOCIAZIONI DI VOLONTARIATO DI ROCCA PIETORE<\/h3>\n<\/blockquote>\n<p><strong><a class=\"dt-pswp-item\" href=\"https:\/\/www.radiopiu.net\/wordpress\/wp-content\/uploads\/2023\/08\/MATTEO.jpg\" data-dt-img-description=\"\" data-large_image_width=\"1125\" data-large_image_height=\"988\"><img loading=\"lazy\" decoding=\"async\" class=\" wp-image-347219 alignleft\" src=\"https:\/\/www.radiopiu.net\/wordpress\/wp-content\/uploads\/2023\/08\/MATTEO-300x263.jpg\" alt=\"\" width=\"103\" height=\"91\" srcset=\"https:\/\/www.radiopiu.net\/wordpress\/wp-content\/uploads\/2023\/08\/MATTEO-300x263.jpg 300w, https:\/\/www.radiopiu.net\/wordpress\/wp-content\/uploads\/2023\/08\/MATTEO-1024x899.jpg 1024w, https:\/\/www.radiopiu.net\/wordpress\/wp-content\/uploads\/2023\/08\/MATTEO-768x674.jpg 768w, https:\/\/www.radiopiu.net\/wordpress\/wp-content\/uploads\/2023\/08\/MATTEO.jpg 1125w\" sizes=\"auto, (max-width: 103px) 100vw, 103px\" \/><\/a> <\/strong><strong>\u00a0<\/strong><strong>ROCCA PIETORE<\/strong> Da oggi Matteo ha la sua nuova bici elettrica. A regalare al ragazzo di Rocca Pietore il nuovo mezzo sono stati gli Alpini di Laste e Rocca, Soccorso Alpino Valpettorina, Vigili del Fuoco volontari di Caprile e Rocca Pietore e i Volontari dell&#8217;Ambulanza. &#8220;Sono le principali associazioni di volontariato che assieme hanno comperato una nuova spettacolare bici elettrica al nostro amico Matteo di Rocca. Matteo adesso per\u00f2 stai attento e fai buoni giri&#8221; le parole del Sindaco Andrea De Bernardin.<\/p>\n<p>&nbsp;<\/p>\n<p>&nbsp;<\/p>\n<hr \/>\n<p>&nbsp;<\/p>\n<blockquote>\n<h3>IL RALLENTAMENTO DELL\u2019INDUSTRIA<\/h3>\n<\/blockquote>\n<p><strong>TREVISO <\/strong>I risultati del secondo trimestre 2023 confermano il rallentamento anche per l\u2019industria manifatturiera trevigiana e bellunese \u2013 commenta il Presidente della Camera di Commercio di Treviso-Belluno, Mario Pozza. Rispetto al secondo trimestre 2022 osserviamo un contro-rimbalzo negativo del -5,3% a Treviso e del -2,7% a Belluno, condizionato principalmente dal venir meno delle condizioni straordinarie della domanda registrate lo scorso anno. Un indebolimento che tuttavia segna anche il passo congiunturale \u2013 spiega il Presidente \u2013 considerato che a Treviso la produzione flette del -1,7% rispetto al primo trimestre (a Belluno -1,5%). Il rallentamento su base annua \u2013 prosegue Pozza &#8211; era atteso perch\u00e9 sconta il confronto con un periodo in cui la produzione beneficiava ancora delle \u201ccode\u201d della ripartenza post-Covid. Per\u00f2 non ci aspettavamo un calo degli ordini esteri cos\u00ec pronunciato, che cambia decisamente le prospettive rispetto ad un anno fa.\u00a0 A pesare sul passo congiunturale ora \u00e8 anche il surriscaldamento dei prezzi: un\u2019inflazione elevata, sebbene in riduzione in base agli ultimi dati dell\u2019Istat, ha un impatto negativo sui consumi delle famiglie. Inoltre, le politiche monetarie restrittive messe in campo per contrastarla impattano negativamente sui prestiti e di conseguenza sugli investimenti. Non dimentichiamo poi \u2013 riflette Pozza &#8211; che si stanno via via esaurendo gli incentivi fiscali sull\u2019edilizia. Incentivi che hanno sostenuto ma anche \u201cgonfiato\u201d, se vogliamo, la nostra economia.<\/p>\n<p>&nbsp;<\/p>\n<p>&nbsp;<\/p>\n<hr \/>\n<p>&nbsp;<\/p>\n<blockquote>\n<h3>DOMENICA A VALLADA LA CORON COI DAMBRER<\/h3>\n<\/blockquote>\n<p><strong><a class=\"dt-pswp-item\" href=\"https:\/\/www.radiopiu.net\/wordpress\/wp-content\/uploads\/2019\/05\/vallada-agordina.jpg\" data-dt-img-description=\"\" data-large_image_width=\"850\" data-large_image_height=\"567\"><img loading=\"lazy\" decoding=\"async\" class=\" wp-image-85787 alignleft\" src=\"https:\/\/www.radiopiu.net\/wordpress\/wp-content\/uploads\/2019\/05\/vallada-agordina-300x200.jpg\" alt=\"\" width=\"167\" height=\"111\" srcset=\"https:\/\/www.radiopiu.net\/wordpress\/wp-content\/uploads\/2019\/05\/vallada-agordina-300x200.jpg 300w, https:\/\/www.radiopiu.net\/wordpress\/wp-content\/uploads\/2019\/05\/vallada-agordina-768x512.jpg 768w, https:\/\/www.radiopiu.net\/wordpress\/wp-content\/uploads\/2019\/05\/vallada-agordina.jpg 850w\" sizes=\"auto, (max-width: 167px) 100vw, 167px\" \/><\/a>VALLADA<\/strong>di Gianni Santomaso<\/p>\n<audio class=\"wp-audio-shortcode\" id=\"audio-347118-4\" preload=\"none\" style=\"width: 100%;\" controls=\"controls\"><source type=\"audio\/mpeg\" src=\"https:\/\/www.radiopiu.net\/wordpress\/wp-content\/uploads\/2023\/08\/GIANNI-DOMENICA-A-VALLADA-LA-CORON-COI-DAMBRER.mp3?_=4\" \/><a href=\"https:\/\/www.radiopiu.net\/wordpress\/wp-content\/uploads\/2023\/08\/GIANNI-DOMENICA-A-VALLADA-LA-CORON-COI-DAMBRER.mp3\">https:\/\/www.radiopiu.net\/wordpress\/wp-content\/uploads\/2023\/08\/GIANNI-DOMENICA-A-VALLADA-LA-CORON-COI-DAMBRER.mp3<\/a><\/audio>\n<p>&nbsp;<\/p>\n<hr \/>\n<p>&nbsp;<\/p>\n<blockquote>\n<h3>CONSIGLIO COMUNALE DI FALCADE<\/h3>\n<\/blockquote>\n<p><strong>FALCADE <\/strong>Nel consiglio convocato dal sindaco Mauro Salvaterra variazioni al bilancio, dup, convenzioni<\/p>\n<p><strong>LA DIRETTA RADIO PIU&#8217;<\/strong><\/p>\n<p>https:\/\/www.facebook.com\/marco.baghy.1\/videos\/1650769538755878\/?<\/p>\n<p>&nbsp;<\/p>\n<hr \/>\n<p>&nbsp;<\/p>\n<blockquote>\n<h3>CONSIGLI COMUNALI<\/h3>\n<\/blockquote>\n<p><strong>VOLTAGO<\/strong> Lunedi alle 18 consiglio comunale convocato dal sindaco Giuseppe Schena. Una variazione a bilancio e una variazione di assestamento generale a bilancio gli argomenti da trattare.<\/p>\n<p>&nbsp;<\/p>\n<hr \/>\n<p>&nbsp;<\/p>\n<blockquote>\n<h3>DILLO A RADIO PIU&#8217;&#8230;LA CICLABILE ATTORNO AL LAGO E&#8217; UNO SPETTACOLO!<\/h3>\n<\/blockquote>\n<p><strong>REDAZIONE\u00a0<\/strong> Per noi della radio Thomas Soppera \u00e8 uno degli amanti della bicicletta, dell&#8217;e-bike, del territorio. Lo abbiamo sentito spesso con i suoi interventi in &#8220;Girovagando in ebike tra le Dolomiti&#8221;, \u00e8 quindi per noi una voce importante sulla materia. Ospitiamo il suo intervento sui nuovi e terminati lavori ad Alleghe lungo lago<\/p>\n<p>&nbsp;<\/p>\n<audio class=\"wp-audio-shortcode\" id=\"audio-347118-5\" preload=\"none\" style=\"width: 100%;\" controls=\"controls\"><source type=\"audio\/mpeg\" src=\"https:\/\/www.radiopiu.net\/wordpress\/wp-content\/uploads\/2023\/08\/THOMAS-SOPPERA-1.mp3?_=5\" \/><a href=\"https:\/\/www.radiopiu.net\/wordpress\/wp-content\/uploads\/2023\/08\/THOMAS-SOPPERA-1.mp3\">https:\/\/www.radiopiu.net\/wordpress\/wp-content\/uploads\/2023\/08\/THOMAS-SOPPERA-1.mp3<\/a><\/audio>\n<p>&nbsp;<\/p>\n\n\t\t\t<style type='text\/css'>\n\t\t\t\t#gallery-3 {\n\t\t\t\t\tmargin: auto;\n\t\t\t\t}\n\t\t\t\t#gallery-3 .gallery-item {\n\t\t\t\t\tfloat: left;\n\t\t\t\t\tmargin-top: 10px;\n\t\t\t\t\ttext-align: center;\n\t\t\t\t\twidth: 33%;\n\t\t\t\t}\n\t\t\t\t#gallery-3 img {\n\t\t\t\t\tborder: 2px solid #cfcfcf;\n\t\t\t\t}\n\t\t\t\t#gallery-3 .gallery-caption {\n\t\t\t\t\tmargin-left: 0;\n\t\t\t\t}\n\t\t\t\t\/* see gallery_shortcode() in wp-includes\/media.php *\/\n\t\t\t<\/style>\n\t\t<div id='gallery-3' class='dt-gallery-container gallery galleryid-347118 gallery-columns-3 gallery-size-thumbnail'><dl class='gallery-item'>\n\t\t\t\t<dt class='gallery-icon landscape'>\n\t\t\t\t\t<a class=\"rollover rollover-zoom dt-pswp-item\" title=\"b7e4850c-4fb5-49ec-b6c5-faf92c1b6159\" data-dt-img-description=\"\" data-large_image_width=\"1600\" data-large_image_height=\"1200\"href='https:\/\/www.radiopiu.net\/wordpress\/wp-content\/uploads\/2023\/08\/b7e4850c-4fb5-49ec-b6c5-faf92c1b6159.jpg'><img loading=\"lazy\" decoding=\"async\" width=\"150\" height=\"150\" src=\"https:\/\/www.radiopiu.net\/wordpress\/wp-content\/uploads\/2023\/08\/b7e4850c-4fb5-49ec-b6c5-faf92c1b6159-150x150.jpg\" class=\"attachment-thumbnail size-thumbnail\" alt=\"\" \/><\/a>\n\t\t\t\t<\/dt><\/dl><dl class='gallery-item'>\n\t\t\t\t<dt class='gallery-icon landscape'>\n\t\t\t\t\t<a class=\"rollover rollover-zoom dt-pswp-item\" title=\"34b744ac-f613-4c27-86cc-0b89414e6c08\" data-dt-img-description=\"\" data-large_image_width=\"1600\" data-large_image_height=\"1200\"href='https:\/\/www.radiopiu.net\/wordpress\/wp-content\/uploads\/2023\/08\/34b744ac-f613-4c27-86cc-0b89414e6c08.jpg'><img loading=\"lazy\" decoding=\"async\" width=\"150\" height=\"150\" src=\"https:\/\/www.radiopiu.net\/wordpress\/wp-content\/uploads\/2023\/08\/34b744ac-f613-4c27-86cc-0b89414e6c08-150x150.jpg\" class=\"attachment-thumbnail size-thumbnail\" alt=\"\" \/><\/a>\n\t\t\t\t<\/dt><\/dl><dl class='gallery-item'>\n\t\t\t\t<dt class='gallery-icon landscape'>\n\t\t\t\t\t<a class=\"rollover rollover-zoom dt-pswp-item\" title=\"1f04bbba-1065-4d94-80e4-8db6fc762414\" data-dt-img-description=\"\" data-large_image_width=\"1600\" data-large_image_height=\"1200\"href='https:\/\/www.radiopiu.net\/wordpress\/wp-content\/uploads\/2023\/08\/1f04bbba-1065-4d94-80e4-8db6fc762414.jpg'><img loading=\"lazy\" decoding=\"async\" width=\"150\" height=\"150\" src=\"https:\/\/www.radiopiu.net\/wordpress\/wp-content\/uploads\/2023\/08\/1f04bbba-1065-4d94-80e4-8db6fc762414-150x150.jpg\" class=\"attachment-thumbnail size-thumbnail\" alt=\"\" \/><\/a>\n\t\t\t\t<\/dt><\/dl><br style=\"clear: both\" \/>\n\t\t\t<\/div>\n\n<p>&nbsp;<\/p>\n<hr \/>\n<p>&nbsp;<\/p>\n<blockquote>\n<h3>RIQUALIFICAZIONE DELL&#8217;ILLUMINAZIONE PUBBLICA A PONTE NELLE ALPI<\/h3>\n<\/blockquote>\n<p><strong><a class=\"dt-pswp-item\" href=\"https:\/\/www.radiopiu.net\/wordpress\/wp-content\/uploads\/2023\/08\/Quantin.jpg\" data-dt-img-description=\"\" data-large_image_width=\"1338\" data-large_image_height=\"678\"><img loading=\"lazy\" decoding=\"async\" class=\" wp-image-347194 alignleft\" src=\"https:\/\/www.radiopiu.net\/wordpress\/wp-content\/uploads\/2023\/08\/Quantin-300x152.jpg\" alt=\"\" width=\"180\" height=\"91\" srcset=\"https:\/\/www.radiopiu.net\/wordpress\/wp-content\/uploads\/2023\/08\/Quantin-300x152.jpg 300w, https:\/\/www.radiopiu.net\/wordpress\/wp-content\/uploads\/2023\/08\/Quantin-1024x519.jpg 1024w, https:\/\/www.radiopiu.net\/wordpress\/wp-content\/uploads\/2023\/08\/Quantin-768x389.jpg 768w, https:\/\/www.radiopiu.net\/wordpress\/wp-content\/uploads\/2023\/08\/Quantin.jpg 1338w\" sizes=\"auto, (max-width: 180px) 100vw, 180px\" \/><\/a>PONTE NELLE ALPI <\/strong>Un altro progetto finanziato dal Pnrr diventa esecutivo. Il Comune di Ponte nelle Alpi, infatti, \u00e8 destinatario di un contributo di 70mila euro: la somma \u00e8 legata ai fondi europei del Pnrr e relativa alla tutela del territorio, la valorizzazione dell\u2019ambiente e l\u2019efficientamento energetico.<span class=\"gmail-Apple-converted-space\"> \u00a0<\/span>In questo senso, l\u2019amministrazione comunale \u00e8 impegnata nella riqualificazione e implementazione della pubblica illuminazione. Tale intervento \u00e8 il terzo stralcio e riguarda in generale tutto il territorio. S\u00ec, perch\u00e9 l\u2019opera interessa le frazioni di Quantin, Cornolade Alte, Cornolade Basse e Maraschiata. In particolare, la riqualificazione consiste nella sostituzione degli attuali corpi illuminanti con nuove lampade a led, a basso consumo energetico, e una maggiore resa luminosa. In alcune zone, oltre a rimpiazzare le singole lampade, si prevede di realizzare dei sotto servizi con la posa delle tubazioni e linee elettriche interrate, oltre all\u2019installazione di nuovi pali<\/p>\n<p>&nbsp;<\/p>\n<p>&nbsp;<\/p>\n<hr \/>\n<p>&nbsp;<\/p>\n<blockquote>\n<h3>120-80, SANITA&#8217;. ALLA RADIO IL DOTTOR MANRICO GENTILE, NEUROLOGO &#8211; DAL POLIAMBULATORIO AGORDINO<\/h3>\n<\/blockquote>\n<div class=\"mkd-team-title-holder normal_social\">\n<p class=\"mkd-team-name \"><a class=\"dt-pswp-item\" href=\"https:\/\/www.radiopiu.net\/wordpress\/wp-content\/uploads\/2023\/08\/gentile-manrico.png\" data-dt-img-description=\"\" data-large_image_width=\"485\" data-large_image_height=\"312\"><img loading=\"lazy\" decoding=\"async\" class=\" wp-image-347160 alignleft\" src=\"https:\/\/www.radiopiu.net\/wordpress\/wp-content\/uploads\/2023\/08\/gentile-manrico-300x193.png\" alt=\"\" width=\"239\" height=\"154\" srcset=\"https:\/\/www.radiopiu.net\/wordpress\/wp-content\/uploads\/2023\/08\/gentile-manrico-300x193.png 300w, https:\/\/www.radiopiu.net\/wordpress\/wp-content\/uploads\/2023\/08\/gentile-manrico.png 485w\" sizes=\"auto, (max-width: 239px) 100vw, 239px\" \/><\/a><a href=\"https:\/\/www.poliagordo.it\/medici\/manrico-gentile\/\" target=\"_blank\" rel=\"noopener\">Dott. Manrico Gentile<\/a> NEUROLOGO<\/p>\n<p class=\"mkd-team-name \">Laureato nel 1984 e specializzazione nel 1984, ruolo servizio sanitario nazionale ininterrotto dal 1981, gi\u00e0 dirigente medico psichiatria, poi neurologia, direttore di stroke unit e come ff di neurologia, esperienza in neurovascolare, prevenzione primaria e secondaria, trattamento dell&#8217;ictus anche con vasta esperienza in trombolisi e sua riabilitazione, utilizzo di tecnica ecocolordoppler dei tronchi sovraaortici e transcranica, &#8230; Pratica attivit\u00e0 privata presso poliambulatori agordini e organizza attivit\u00e0 di screening di popolazione su malattie vascolari e su alterazioni neurospicologiche, con consueling, visite, eventuali esami neurovascolari biochimici, testistica in collaborazione con neuropsicologi.<\/p>\n<\/div>\n<p><strong>AUDIO<\/strong><\/p>\n<p><strong>intervista di Mirko Mezzacasa<\/strong><\/p>\n<audio class=\"wp-audio-shortcode\" id=\"audio-347118-6\" preload=\"none\" style=\"width: 100%;\" controls=\"controls\"><source type=\"audio\/mpeg\" src=\"https:\/\/www.radiopiu.net\/wordpress\/wp-content\/uploads\/2023\/08\/gentile-poliambulatorio-1.mp3?_=6\" \/><a href=\"https:\/\/www.radiopiu.net\/wordpress\/wp-content\/uploads\/2023\/08\/gentile-poliambulatorio-1.mp3\">https:\/\/www.radiopiu.net\/wordpress\/wp-content\/uploads\/2023\/08\/gentile-poliambulatorio-1.mp3<\/a><\/audio>\n<p>&nbsp;<\/p>\n<p>&nbsp;<\/p>\n<p>&nbsp;<\/p>\n<hr \/>\n<p>&nbsp;<\/p>\n<blockquote>\n<h3>DOMENICA SUL BROI DI AGORDO TORNA ETNO MUSICA<\/h3>\n<\/blockquote>\n<p><strong>AGORDO <\/strong>Domenica, sul Broi di Agordo, presso la piazza, torner\u00e0 l\u2019evento <em>Agordo ETNO Musica<\/em>: una giornata da passare all\u2019aperto all\u2019insegna della musica\u2026 ma non solo. Quest\u2019anno la giornata sar\u00e0 dedicata alla cultura veneta.<\/p>\n<p>&nbsp;<\/p>\n<hr \/>\n<p>&nbsp;<\/p>\n<blockquote>\n<h3>I NOS CROT, TRE ESCURSIONI CON IL GAMP<\/h3>\n<\/blockquote>\n<p><strong><a class=\"dt-pswp-item\" href=\"https:\/\/www.radiopiu.net\/wordpress\/wp-content\/uploads\/2023\/08\/e575260a-6e85-47fc-a32d-9226877f8944.jpg\" data-dt-img-description=\"\" data-large_image_width=\"1200\" data-large_image_height=\"1600\"><img loading=\"lazy\" decoding=\"async\" class=\" wp-image-347058 alignleft\" src=\"https:\/\/www.radiopiu.net\/wordpress\/wp-content\/uploads\/2023\/08\/e575260a-6e85-47fc-a32d-9226877f8944-225x300.jpg\" alt=\"\" width=\"99\" height=\"132\" srcset=\"https:\/\/www.radiopiu.net\/wordpress\/wp-content\/uploads\/2023\/08\/e575260a-6e85-47fc-a32d-9226877f8944-225x300.jpg 225w, https:\/\/www.radiopiu.net\/wordpress\/wp-content\/uploads\/2023\/08\/e575260a-6e85-47fc-a32d-9226877f8944-768x1024.jpg 768w, https:\/\/www.radiopiu.net\/wordpress\/wp-content\/uploads\/2023\/08\/e575260a-6e85-47fc-a32d-9226877f8944-1152x1536.jpg 1152w, https:\/\/www.radiopiu.net\/wordpress\/wp-content\/uploads\/2023\/08\/e575260a-6e85-47fc-a32d-9226877f8944.jpg 1200w\" sizes=\"auto, (max-width: 99px) 100vw, 99px\" \/><\/a>AGORDO<\/strong> Anche quest&#8217;anno il Gruppo Agordino Mineralogico Paleontologico organizza &#8220;I Nos Crot&#8221;, tre escursioni nel mese di agosto. Si inizia il 9 agosto con il Passo Giau e Lago Delle Baste, il 16 Agosto in Valle Imperina e il 19 agosto con Passo Fedaia e Rifugio Padon. Per partecipare alle escursioni in programma si richiede l&#8217;iscrizione al GAMP con un costo di 15 euro per gli adulti e 10 euro per i giovani fino a 18 anni. Le iscrizioni all&#8217;Ufficio Turistico di Agordo (0437 62105) oppure telefonando al 388 4955756 o 340 0890160.<\/p>\n<p><strong>DAVIDE CONEDERA<\/strong><\/p>\n<audio class=\"wp-audio-shortcode\" id=\"audio-347118-7\" preload=\"none\" style=\"width: 100%;\" controls=\"controls\"><source type=\"audio\/mpeg\" src=\"https:\/\/www.radiopiu.net\/wordpress\/wp-content\/uploads\/2023\/08\/DAVIDE-CONEDERA-I-NOS-CROT.mp3?_=7\" \/><a href=\"https:\/\/www.radiopiu.net\/wordpress\/wp-content\/uploads\/2023\/08\/DAVIDE-CONEDERA-I-NOS-CROT.mp3\">https:\/\/www.radiopiu.net\/wordpress\/wp-content\/uploads\/2023\/08\/DAVIDE-CONEDERA-I-NOS-CROT.mp3<\/a><\/audio>\n<p>&nbsp;<\/p>\n<hr \/>\n<p>&nbsp;<\/p>\n<blockquote>\n<h3>&#8220;MONTIBUS&#8221;, LA MOSTRA AL NOF FILO&#8217; DI CENCENIGHE<\/h3>\n<\/blockquote>\n<p><strong><a class=\"dt-pswp-item\" href=\"https:\/\/www.radiopiu.net\/wordpress\/wp-content\/uploads\/2023\/08\/SCR-20230803-qiqe.jpeg\" data-dt-img-description=\"\" data-large_image_width=\"1492\" data-large_image_height=\"1016\"><img loading=\"lazy\" decoding=\"async\" class=\" wp-image-347251 alignleft\" src=\"https:\/\/www.radiopiu.net\/wordpress\/wp-content\/uploads\/2023\/08\/SCR-20230803-qiqe-300x204.jpeg\" alt=\"\" width=\"176\" height=\"120\" srcset=\"https:\/\/www.radiopiu.net\/wordpress\/wp-content\/uploads\/2023\/08\/SCR-20230803-qiqe-300x204.jpeg 300w, https:\/\/www.radiopiu.net\/wordpress\/wp-content\/uploads\/2023\/08\/SCR-20230803-qiqe-1024x697.jpeg 1024w, https:\/\/www.radiopiu.net\/wordpress\/wp-content\/uploads\/2023\/08\/SCR-20230803-qiqe-768x523.jpeg 768w, https:\/\/www.radiopiu.net\/wordpress\/wp-content\/uploads\/2023\/08\/SCR-20230803-qiqe.jpeg 1492w\" sizes=\"auto, (max-width: 176px) 100vw, 176px\" \/><\/a>di Luisa Manfroi<\/strong><\/p>\n<p><strong>CENCENIGHE <\/strong>L\u2019ambiente \u00e8 protagonista della mostra estiva al Nof Fil\u00f2. Jacopo Bellapianta, il giovane fotografo documentarista di ventinove anni,\u00a0 condivide con il pubblico le sue sensazioni\u00a0 catturate\u00a0 dall\u2019obiettivo. Residente a\u00a0 Noale, ma con radici profonde nell&#8217;Agordino, Bellapianta ha\u00a0 un forte legame con la natura circostante avendo anche casa a Masar\u00e8. La vicinanza alle vette dolomitiche \u00e8 una delle fonti d&#8217;ispirazione per il suo lavoro di fotografo, in cui manifesta il suo\u00a0 personale rapporto con quello che lo circonda. L&#8217;amore\u00a0 per questo lavoro \u00e8 nato spontaneamente, quasi come un gioco, quando da piccolo suo padre gli ha messo una fotocamera tra le mani. Da quel momento, la fotografia si \u00e8 trasformata in qualcosa di pi\u00f9 significativo: \u00e8 diventata il mezzo attraverso cui Bellapianta racconta storie, emozioni e messaggi profondi. Dopo aver conseguito la maturit\u00e0, ha deciso di seguire la sua passione e ha frequentato l&#8217;Accademia\u00a0 John Kaverdash a Milano. Questa esperienza gli ha permesso di approfondire la tecnica e di scoprire nuovi modi per esprimere al meglio il suo mondo interiore mediante le immagini. Al Nof Fil\u00f2 il documentarista presenta il progetto \u201cMontibus\u201d, una serie di quarantadue scatti la cui particolarit\u00e0 consiste nell\u2019essere stati realizzati con la macchina fotografica analogica,\u00a0 quelle a pellicola, di svilupparle e stamparle seguendo una procedura particolare. Il risultato \u00e8 una sorta di diario di viaggio.\u00a0 Nelle sue opere, Jacopo Bellapianta va oltre la mera documentazione visiva e cerca di veicolare un messaggio profondo riguardante la necessit\u00e0 di tutelare e proteggere l&#8217;ambiente, di riflettere sulla fragilit\u00e0 dell&#8217;ecosistema montano e sulla responsabilit\u00e0 che ognuno\u00a0 ha nel preservarlo per le generazioni future. La mostra patrocinata, dal Comune di Cencenighe e Pro loco, \u00e8 aperta da sabato 5 (l\u2019inaugurazione \u00e8 per le ore 18:00)\u00a0 fino a domenica 20 agosto con orario\u00a0 pomeridiano 16:30 \u2013 19:30 nei giorni feriali e nei festivi pure la mattina dalle ore 10 alle 12:00.<\/p>\n<p>&nbsp;<\/p>\n<p>&nbsp;<\/p>\n<hr \/>\n<p>&nbsp;<\/p>\n<h2><span style=\"color: #ff0000;\">GLI APPUNTAMENTI DELLA SETTIMANA\u00a0\u00a0<\/span><\/h2>\n<p><strong><a class=\"dt-pswp-item\" href=\"https:\/\/www.radiopiu.net\/wordpress\/wp-content\/uploads\/2023\/08\/locandina_5-20-cencenighe.jpg\" data-dt-img-description=\"\" data-large_image_width=\"842\" data-large_image_height=\"1191\"><img loading=\"lazy\" decoding=\"async\" class=\"size-medium wp-image-347182 alignleft\" src=\"https:\/\/www.radiopiu.net\/wordpress\/wp-content\/uploads\/2023\/08\/locandina_5-20-cencenighe-212x300.jpg\" alt=\"\" width=\"212\" height=\"300\" srcset=\"https:\/\/www.radiopiu.net\/wordpress\/wp-content\/uploads\/2023\/08\/locandina_5-20-cencenighe-212x300.jpg 212w, https:\/\/www.radiopiu.net\/wordpress\/wp-content\/uploads\/2023\/08\/locandina_5-20-cencenighe-724x1024.jpg 724w, https:\/\/www.radiopiu.net\/wordpress\/wp-content\/uploads\/2023\/08\/locandina_5-20-cencenighe-768x1086.jpg 768w, https:\/\/www.radiopiu.net\/wordpress\/wp-content\/uploads\/2023\/08\/locandina_5-20-cencenighe.jpg 842w\" sizes=\"auto, (max-width: 212px) 100vw, 212px\" \/><\/a>CENCENIGHE: <\/strong>MOSTRA FOTOGRAFICA DI JACOPO BELLAPIANTA, DAL 5 AL 20 AGOSTO AL NOF FILO&#8217; DALLE 16.30 ALLE 19.30, SABATO E DOMENICA DALLE 10 ALLE 12.30. INAUGURAZIONE DOMANI ALLE 18<\/p>\n<p>ANIMALI DELLE DOLOMITI, LA MOSTRA FOTOGRAFICA DI ADONE COLLE FINO AL 6 AGOSTO, TUTTI I GIORNI DALLE 10 ALLE 12 E DALLE 20 ALLE 22 NELLA SALA DELLA BIBLIOTECA DEL MUNICIPIO DI LA VALLE AGORDINA ANIMALI DELLE DOLOMITI, DI ADONE COLLE, CON L&#8217;ORGANIZZAZIONE DELLE ASSOCAZIONI LAVALLESI<\/p>\n<p>&nbsp;<\/p>\n<p>Oggi alle 17 a Pieve di Zoldo (ex scuola elementare dalle 16 alle 18) mostra &#8220;Dalla cultura della terra alla salute del corpo e dell&#8217;anima&#8221;, trattato di medicina medievale curato da Elena Modena musicista e ricercatrice. Presente Maurizio Tuliani ricercatore di storia.<\/p>\n<p>&nbsp;<\/p>\n<p>&nbsp;<\/p>\n<p>&nbsp;<\/p>\n<blockquote>\n<h3><a class=\"dt-pswp-item\" href=\"https:\/\/www.radiopiu.net\/wordpress\/wp-content\/uploads\/2023\/08\/2b478da4-44f6-4d14-b632-d006b05d6346.jpg\" data-dt-img-description=\"\" data-large_image_width=\"2048\" data-large_image_height=\"1536\"><img loading=\"lazy\" decoding=\"async\" class=\"wp-image-346875 alignleft\" src=\"https:\/\/www.radiopiu.net\/wordpress\/wp-content\/uploads\/2023\/08\/2b478da4-44f6-4d14-b632-d006b05d6346-300x225.jpg\" alt=\"\" width=\"171\" height=\"128\" srcset=\"https:\/\/www.radiopiu.net\/wordpress\/wp-content\/uploads\/2023\/08\/2b478da4-44f6-4d14-b632-d006b05d6346-300x225.jpg 300w, https:\/\/www.radiopiu.net\/wordpress\/wp-content\/uploads\/2023\/08\/2b478da4-44f6-4d14-b632-d006b05d6346-1024x768.jpg 1024w, https:\/\/www.radiopiu.net\/wordpress\/wp-content\/uploads\/2023\/08\/2b478da4-44f6-4d14-b632-d006b05d6346-768x576.jpg 768w, https:\/\/www.radiopiu.net\/wordpress\/wp-content\/uploads\/2023\/08\/2b478da4-44f6-4d14-b632-d006b05d6346-1536x1152.jpg 1536w, https:\/\/www.radiopiu.net\/wordpress\/wp-content\/uploads\/2023\/08\/2b478da4-44f6-4d14-b632-d006b05d6346.jpg 2048w\" sizes=\"auto, (max-width: 171px) 100vw, 171px\" \/><\/a>SABATO SUL BROI DANZA ESTATE CON L&#8217;ADA oggi alle 13,10 lo speciale alla radio&#8230;<\/h3>\n<\/blockquote>\n<p><strong>AGORDO<\/strong> ALICE NEL PAESE DELLE MERAVIGLIE, SPETTACOLO COREOGRAFICO LIBERAMENTE TRATTO DAL TESTO DI LEWIS CARROL., E&#8217; IL TEMA DELL&#8217;EVENTO DELL&#8217;ADA. RITORNA ANCHE QUEST&#8217;ANNO: AGORDO DANZA L&#8217;ESTATE. DOMANI ALLE 20.45 SUL BROI DI AGORDO in caso di maltempo evento rinviato a domenica sempre alle 20.45. AGORDO DANZA L&#8217;ESTATE, 26esima EDIZIONE. In collaborazione con il Comune di Agordo e L&#8217;Aics comitato provinciale di Belluno<\/p>\n<p>&nbsp;<\/p>\n<blockquote>\n<h3>REUNION E OVERFLOWN ALLA BIRRERIA STELLA DI CENCENIGHE<\/h3>\n<\/blockquote>\n<p><strong>CENCENIGHE<\/strong> Alla Birreria Stella di Cencenighe un sabato di grande musica con i ReUnion e Overflown. Inizio alle 18. Oggi alle 21 serata con Dj Luca.<\/p>\n<p>&nbsp;<\/p>\n<blockquote>\n<h3>INCONTRO CON ANTONIO BORTOLUZZI<\/h3>\n<\/blockquote>\n<p><strong>CANALE D&#8217;AGORDO<\/strong> Si parla di montagna con Antonio Bortoluzzi. Domani alle 21 in Sala Emigranti<\/p>\n<h3><\/h3>\n<blockquote>\n<h3>FESTIVAL DI AGOSTO ALLE PENDICI DELL&#8217;AGNER<\/h3>\n<\/blockquote>\n<p><strong>VOLTAGO\u00a0<\/strong>Il Rifugio Scarpa ospita un festival alle pendici dell&#8217;Agner. Domani alle 20:30\u00a0 la prima serata sar\u00e0 dedicata all&#8217;astronomia con Riccardo Cappellaro. Domenica in musica con Giovanni Zuliani e il concerto con chitarra classica<\/p>\n<blockquote><p>&nbsp;<\/p><\/blockquote>\n<blockquote>\n<h2><a class=\"dt-pswp-item\" href=\"https:\/\/www.radiopiu.net\/wordpress\/wp-content\/uploads\/2023\/08\/1.png\" data-dt-img-description=\"\" data-large_image_width=\"1415\" data-large_image_height=\"2000\"><img loading=\"lazy\" decoding=\"async\" class=\"wp-image-346883 alignleft\" src=\"https:\/\/www.radiopiu.net\/wordpress\/wp-content\/uploads\/2023\/08\/1-212x300.png\" alt=\"\" width=\"112\" height=\"158\" srcset=\"https:\/\/www.radiopiu.net\/wordpress\/wp-content\/uploads\/2023\/08\/1-212x300.png 212w, https:\/\/www.radiopiu.net\/wordpress\/wp-content\/uploads\/2023\/08\/1-724x1024.png 724w, https:\/\/www.radiopiu.net\/wordpress\/wp-content\/uploads\/2023\/08\/1-768x1086.png 768w, https:\/\/www.radiopiu.net\/wordpress\/wp-content\/uploads\/2023\/08\/1-1087x1536.png 1087w, https:\/\/www.radiopiu.net\/wordpress\/wp-content\/uploads\/2023\/08\/1.png 1415w\" sizes=\"auto, (max-width: 112px) 100vw, 112px\" \/><\/a>29\u00b0 Festa di S. Osvaldo, patrono dei Cimbri del Cansiglio<\/h2>\n<\/blockquote>\n<p>Nella terra dei Cimbri del Cansiglio, tra secolari e maestosi faggi, il 5 e 6 agosto si svolger\u00e0 la 29\u00b0 Festa di S. Osvaldo. I festeggiamenti del patrono dei Cimbri del Cansiglio, una delle minoranze linguistiche del Veneto, si svolgeranno nel villaggio cimbro di Pian Osteria (BL) nella secolare foresta da Remi di San Marco con una serie di appuntamenti che popoleranno tutto il weekend.<\/p>\n<p>&nbsp;<\/p>\n<h3>SCAVANDO NELLA STORIA AL &#8220;VITTORINO CAZZETTA&#8221;<\/h3>\n<p><strong>SELVA DI CADORE\u00a0<\/strong> Scavando nella storia. Dialoghi tra terra, roccia e ghiaccio secondo appuntamento, Oggi alle 18 in sala conferenze del Museo Vittorino Cazzetta \u201cGhiaccio bollente&#8221;. Un viaggio tra i ghiacciai in un clima che cambia\u201d con\u00a0 Jacopo Gabrieli, ricercatore dell\u2019Istituto di Scienze Polari del Cnr<\/p>\n<p>&nbsp;<\/p>\n<blockquote>\n<h3>UNA GIORNATA PER NO DESMENTEGAR<\/h3>\n<\/blockquote>\n<p><strong>GOSALDO\u00a0<\/strong>Domenica ai campi di bocce di Gosaldo una giornata di festa in memoria di Enzo Masoch. Dalle 12 apertura delle cucine e il Memorial con il torneo di bocce a partire dalle 15. Musica con Eros durante la giornata.<\/p>\n<p>&nbsp;<\/p>\n<blockquote>\n<h3>DOMENICA I MERCATINI A FORCELLA AURINE<\/h3>\n<\/blockquote>\n<p><strong>GOSALDO<\/strong> Domenica a Forcella Aurine il mercatino dei prodotti locali e dell&#8217;artigianato<\/p>\n<p>&nbsp;<\/p>\n<blockquote>\n<h3>LA FESTA ALPINA A PIANDISON<\/h3>\n<\/blockquote>\n<p><strong>VOLTAGO<\/strong> Il gruppo Alpini di Voltago organizza per domenica la Festa Alpina di Piandison. Alle 11 l&#8217;alzabandiera e a seguire la Santa Messa. Dalle 12:30 pranzo alla Casa di Piandison<\/p>\n<p>&nbsp;<\/p>\n<h2><span style=\"color: #ff0000;\">PROSSIMAMENTE&#8230;<\/span><\/h2>\n<blockquote>\n<h3><\/h3>\n<h3><a class=\"dt-pswp-item\" href=\"https:\/\/www.radiopiu.net\/wordpress\/wp-content\/uploads\/2023\/08\/365110509_695435009289200_6383895512488748246_n.jpg\" data-dt-img-description=\"\" data-large_image_width=\"320\" data-large_image_height=\"453\"><img loading=\"lazy\" decoding=\"async\" class=\"wp-image-347179 alignleft\" src=\"https:\/\/www.radiopiu.net\/wordpress\/wp-content\/uploads\/2023\/08\/365110509_695435009289200_6383895512488748246_n-212x300.jpg\" alt=\"\" width=\"161\" height=\"228\" srcset=\"https:\/\/www.radiopiu.net\/wordpress\/wp-content\/uploads\/2023\/08\/365110509_695435009289200_6383895512488748246_n-212x300.jpg 212w, https:\/\/www.radiopiu.net\/wordpress\/wp-content\/uploads\/2023\/08\/365110509_695435009289200_6383895512488748246_n.jpg 320w\" sizes=\"auto, (max-width: 161px) 100vw, 161px\" \/><\/a>INCONTRI D&#8217;AUTORE CON ARABBA FODOM TURISMO E COMUNE DI LIVINALLONGO<\/h3>\n<\/blockquote>\n<p>Dal 7 al 22 agosto, ad Arabba, IN SALA CONGRESSI CON INIZIO ALLE 20.45 \u201cIncontri d\u2019Autore\u201d, rassegna dedicata alla montagna. Chiacchierate con gli scrittori e momenti di approfondimento PER TUTTI. Partecipazione libera e gratuita. 7 agosto \u2013 Matteo Righetto E IL LIBRO &#8220;La stanza delle mele&#8221;; 16 agosto Mauro Corona PRESENTA &#8220;Le cinque porte &#8211; due nipoti e un nonno sui sentieri dei boschi&#8221;; 18 agosto Francesco Moser e la sua ultima pubblicazione &#8220;Franceso Moser Un uomo, Una Bicicletta&#8221;, serata allietata dai canti di montagna del Coro Fodom. 22 agosto Michil Costa con li libro &#8220;Futurismo&#8221; incontri d&#8217;autore, organizzazione ARABBA FODOM TURISMO E COMUNE DI LIVINALLONGO DEL COL DI LANA.<\/p>\n<p>&nbsp;<\/p>\n<p>&nbsp;<\/p>\n<blockquote>\n<h3>LA LUCCIOLATA 2023 VENERDI&#8217; 11 AGOSTO A CANALE D&#8217;AGORDO<\/h3>\n<\/blockquote>\n<p><strong><a class=\"dt-pswp-item\" href=\"https:\/\/www.radiopiu.net\/wordpress\/wp-content\/uploads\/2023\/08\/Lucciolata-2023.jpg\" data-dt-img-description=\"\" data-large_image_width=\"453\" data-large_image_height=\"960\"><img loading=\"lazy\" decoding=\"async\" class=\" wp-image-347033 alignleft\" src=\"https:\/\/www.radiopiu.net\/wordpress\/wp-content\/uploads\/2023\/08\/Lucciolata-2023-142x300.jpg\" alt=\"\" width=\"71\" height=\"150\" srcset=\"https:\/\/www.radiopiu.net\/wordpress\/wp-content\/uploads\/2023\/08\/Lucciolata-2023-142x300.jpg 142w, https:\/\/www.radiopiu.net\/wordpress\/wp-content\/uploads\/2023\/08\/Lucciolata-2023.jpg 453w\" sizes=\"auto, (max-width: 71px) 100vw, 71px\" \/><\/a>CANALE D&#8217;AGORDO <\/strong>Si svolger\u00e0 venerd\u00ec 11 agost oLa Lucciolata, una camminata facile a scopo benefico in favore della Via di Natale Onlus Centro Tumori di Aviano, con partenza dai vari capoluoghi della Valle del Biois con a seguire arrivo in Piazza Papa Luciani e premiazione delle personalit\u00e0 che si sono distinte nel campo del volontariato. Di seguito gli orari di partenza dai vari capoluoghi della vallata: CENCENIGHE AGORDINO (Piazza municipio) ore 19.00, VALLADA AGORDINA (Piazza municipio) ore 20.00, CANALE D&#8217;AGORDO (Piazza Papa Luciani) ore 19.30, FALCADE (Piazza municipio) ore 19.45. ARRIVO: Canale d&#8217;Agordo, Piazza Papa Luciani, ore 20.30. Si consiglia di munirsi di ombrello e fonte luminosa. In caso di maltempo la camminata sar\u00e0 ANNULLATA, mentre le premiazioni avverranno presso la sala consiliare del municipio.<\/p>\n<p>&nbsp;<\/p>\n<blockquote>\n<h3>SETE D&#8217;AFRICA CON ROBERTO SORAMAE&#8217;<\/h3>\n<\/blockquote>\n<p><strong>CANALE D&#8217;AGORDO<\/strong> Domenica 13 agosto alle 21 in Sala Emigranti a Canale D&#8217;Agordo viene organizzata una serata con Roberto Sorama\u00e8 per parlare dei suoi numerosi viaggi in Africa.<\/p>\n<p>&nbsp;<\/p>\n<blockquote>\n<h2><a class=\"dt-pswp-item\" href=\"https:\/\/www.radiopiu.net\/wordpress\/wp-content\/uploads\/2023\/08\/Senza-nome.png\" data-dt-img-description=\"\" data-large_image_width=\"605\" data-large_image_height=\"188\"><img loading=\"lazy\" decoding=\"async\" class=\"size-medium wp-image-346825 alignleft\" src=\"https:\/\/www.radiopiu.net\/wordpress\/wp-content\/uploads\/2023\/08\/Senza-nome-300x93.png\" alt=\"\" width=\"300\" height=\"93\" srcset=\"https:\/\/www.radiopiu.net\/wordpress\/wp-content\/uploads\/2023\/08\/Senza-nome-300x93.png 300w, https:\/\/www.radiopiu.net\/wordpress\/wp-content\/uploads\/2023\/08\/Senza-nome.png 605w\" sizes=\"auto, (max-width: 300px) 100vw, 300px\" \/><\/a>\u201cCINEMA IN CONTRADA\u201d AD AGORDO<\/h2>\n<\/blockquote>\n<p><strong>AGORDO<\/strong> Tre serate di proiezioni sotto le stelle delle Dolomiti Ad agosto 2023, torna ad Agordo il cinema all\u2019aperto. Gli appuntamenti della rassegna:\u00a0 \u25cf Sabato 12 Agosto: Bohemian Rhapsody, di Bryan Singer\u00a0 \u00a0Luned\u00ec 14 Agosto: Parasite, di Bong Joon-hoo \u25cf Mercoled\u00ec 16 Agosto: Indiana Jones e i predatori dell\u2019arca perduta, di Steven Spielberg. Tutte le proiezioni inizieranno alle ore 21 e saranno ad ingresso gratuito, previa prenotazione raccomandata fino ad esaurimento posti. Le prenotazioni si possono effettuare attraverso il sito http:\/\/agordo.eventbrite.com oppure rivolgendosi all\u2019Ufficio Turistico di Agordo<\/p>\n<p>&nbsp;<\/p>\n<blockquote>\n<h3>LA FESTA A PIAN DEI CASTALDI<\/h3>\n<\/blockquote>\n<p><strong>SEDICO<\/strong> Il Comitato Pollicino organizza tre giorni di festa il 13, 14 e 15 agosto a Pian Dei Castaldi sopra Barp di Sedico. Cucine e chioschi aperti per tre giorni e musica per tutti i gusti nelle tre serate.<\/p>\n<p>&nbsp;<\/p>\n<p>&nbsp;<\/p>\n<p><strong>prossimamente ad Arabba<\/strong><\/p>\n<p>&nbsp;<\/p>\n<div class=\"message spoilers-container\" dir=\"auto\">\n<div class=\"column\">\n<div class=\"message spoilers-container\" dir=\"auto\">\n<div class=\"column\">\n<p><a class=\"dt-pswp-item\" href=\"https:\/\/www.radiopiu.net\/wordpress\/wp-content\/uploads\/2023\/08\/362295170_695459682620066_1277742230332936989_n.jpg\" data-dt-img-description=\"\" data-large_image_width=\"960\" data-large_image_height=\"662\"><img loading=\"lazy\" decoding=\"async\" class=\"wp-image-347178 alignleft\" src=\"https:\/\/www.radiopiu.net\/wordpress\/wp-content\/uploads\/2023\/08\/362295170_695459682620066_1277742230332936989_n-300x207.jpg\" alt=\"\" width=\"199\" height=\"137\" srcset=\"https:\/\/www.radiopiu.net\/wordpress\/wp-content\/uploads\/2023\/08\/362295170_695459682620066_1277742230332936989_n-300x207.jpg 300w, https:\/\/www.radiopiu.net\/wordpress\/wp-content\/uploads\/2023\/08\/362295170_695459682620066_1277742230332936989_n-768x530.jpg 768w, https:\/\/www.radiopiu.net\/wordpress\/wp-content\/uploads\/2023\/08\/362295170_695459682620066_1277742230332936989_n.jpg 960w\" sizes=\"auto, (max-width: 199px) 100vw, 199px\" \/><\/a>GIOVEDI 17 AGOSTO ALLE 17.30 AL PARCO GIOCHI NEI PRESSI DELLE CHISA. evento gratuito. ORGANIZZA ARABBA FODOM TURISMO E COMUNE DI LIVINALLONGO. Paolo Zanarella porta il pianoforte a mezza coda fuori dai contesti abituali di spettacolo: \u201cIl pianista fuori posto\u201d Ad Arabba suoner\u00e0 dall&#8217;alto&#8230; sospeso. in caso di maltempo l&#8217;esibizione si svolger\u00e0 in sala congressi di Arabba.<\/p>\n<\/div>\n<\/div>\n<\/div>\n<\/div>\n<p>&nbsp;<\/p>\n<p>&nbsp;<\/p>\n<p>&nbsp;<\/p>\n<p>&nbsp;<\/p>\n<blockquote>\n<h3>CONCERTI IN ALTA QUOTA CON &#8220;MELODIE NEL BOSCO, SUSSURRI TRA LE DOLOMITI&#8221;.<\/h3>\n<\/blockquote>\n<p><strong><a class=\"dt-pswp-item\" href=\"https:\/\/www.radiopiu.net\/wordpress\/wp-content\/uploads\/2018\/07\/Pota-l_Orso_Bosco-degli-Artisti.png\" data-dt-img-description=\"\" data-large_image_width=\"750\" data-large_image_height=\"534\"><img loading=\"lazy\" decoding=\"async\" class=\" wp-image-55065 alignleft\" src=\"https:\/\/www.radiopiu.net\/wordpress\/wp-content\/uploads\/2018\/07\/Pota-l_Orso_Bosco-degli-Artisti-300x214.png\" alt=\"\" width=\"199\" height=\"142\" srcset=\"https:\/\/www.radiopiu.net\/wordpress\/wp-content\/uploads\/2018\/07\/Pota-l_Orso_Bosco-degli-Artisti-300x214.png 300w, https:\/\/www.radiopiu.net\/wordpress\/wp-content\/uploads\/2018\/07\/Pota-l_Orso_Bosco-degli-Artisti.png 750w\" sizes=\"auto, (max-width: 199px) 100vw, 199px\" \/><\/a>FALCADE<\/strong>\u00a0 &#8220;Melodie nel Bosco, sussurri tra le Dolomiti&#8221;. Si chiama cos\u00ec il festival che porter\u00e0 quattro concerti a 2.000 metri di altitudine per far incontrare musica e natura al cospetto di vette come Mulaz e Focobon.\u00a0 A fare da teatro sar\u00e0 il Bosco degli Artisti di Falcade, galleria d\u2019arte a cielo aperto che sorge in localit\u00e0 Le Buse, nella Ski Area San Pellegrino. Concerti in programma alle 10:30.<\/p>\n<p>Sabato 26 agosto toccher\u00e0 a Emanuele Bastanzetti, da Bach a Kreisler &#8211; sinfonie di violino.<\/p>\n<p>&nbsp;<\/p>\n<p>&nbsp;<\/p>\n<blockquote>\n<h3>L&#8217;APERIMALGA A MALGA PIAN DE VACIA<\/h3>\n<\/blockquote>\n<blockquote>\n<h3><a class=\"dt-pswp-item\" href=\"https:\/\/www.radiopiu.net\/wordpress\/wp-content\/uploads\/2023\/08\/c92c2625-6166-49cf-894c-cb297341c626.jpg\" data-dt-img-description=\"\" data-large_image_width=\"1277\" data-large_image_height=\"1600\"><img loading=\"lazy\" decoding=\"async\" class=\"size-medium wp-image-346844 alignleft\" src=\"https:\/\/www.radiopiu.net\/wordpress\/wp-content\/uploads\/2023\/08\/c92c2625-6166-49cf-894c-cb297341c626-239x300.jpg\" alt=\"\" width=\"239\" height=\"300\" srcset=\"https:\/\/www.radiopiu.net\/wordpress\/wp-content\/uploads\/2023\/08\/c92c2625-6166-49cf-894c-cb297341c626-239x300.jpg 239w, https:\/\/www.radiopiu.net\/wordpress\/wp-content\/uploads\/2023\/08\/c92c2625-6166-49cf-894c-cb297341c626-817x1024.jpg 817w, https:\/\/www.radiopiu.net\/wordpress\/wp-content\/uploads\/2023\/08\/c92c2625-6166-49cf-894c-cb297341c626-768x962.jpg 768w, https:\/\/www.radiopiu.net\/wordpress\/wp-content\/uploads\/2023\/08\/c92c2625-6166-49cf-894c-cb297341c626-1226x1536.jpg 1226w, https:\/\/www.radiopiu.net\/wordpress\/wp-content\/uploads\/2023\/08\/c92c2625-6166-49cf-894c-cb297341c626.jpg 1277w\" sizes=\"auto, (max-width: 239px) 100vw, 239px\" \/><\/a><\/h3>\n<h3><\/h3>\n<h3><\/h3>\n<h3><strong style=\"font-size: 14px;\">SELVA DI CADORE<\/strong><span style=\"font-size: 14px; font-weight: normal;\"> Venerd\u00ec 11 agosto alla Malga Pian de Vacia di Selva di Cadore \u00e8 in programma l&#8217;aperimalga. Alle 18 un convegno sulla sostenibilit\u00e0 ambientale, alle 19 degustazione di vino<\/span><\/h3>\n<\/blockquote>\n<p>&nbsp;<\/p>\n<p>&nbsp;<\/p>\n<p>&nbsp;<\/p>\n<p>&nbsp;<\/p>\n<blockquote>\n<h3><\/h3>\n<h3><\/h3>\n<h3>MAGNA AN BOCON SU PAR L&#8217;ANDRIA<\/h3>\n<\/blockquote>\n<p><strong><a class=\"dt-pswp-item\" href=\"https:\/\/www.radiopiu.net\/wordpress\/wp-content\/uploads\/2023\/08\/363380069_744946250973383_1218265656161784847_n.jpg\" data-dt-img-description=\"\" data-large_image_width=\"526\" data-large_image_height=\"274\"><img loading=\"lazy\" decoding=\"async\" class=\"size-medium wp-image-346867 alignleft\" src=\"https:\/\/www.radiopiu.net\/wordpress\/wp-content\/uploads\/2023\/08\/363380069_744946250973383_1218265656161784847_n-300x156.jpg\" alt=\"\" width=\"300\" height=\"156\" srcset=\"https:\/\/www.radiopiu.net\/wordpress\/wp-content\/uploads\/2023\/08\/363380069_744946250973383_1218265656161784847_n-300x156.jpg 300w, https:\/\/www.radiopiu.net\/wordpress\/wp-content\/uploads\/2023\/08\/363380069_744946250973383_1218265656161784847_n.jpg 526w\" sizes=\"auto, (max-width: 300px) 100vw, 300px\" \/><\/a>SELVA DI CADORE <\/strong>Il gruppo Folk di Selva di Cadore vi aspetta domenica 13 agosto per la quinta edizione di \u201cMagn\u00e0 an Bocon su par l\u2019Andria\u201d l\u2019evento gastronomico fra i borghi della Val Fiorentina a Selva di Cadore. Assaporerete Deliziosi piatti tipici e prodotti locali ad ogni tappa, attorniati da stupendi scorci panoramici, antichi fienili e case di una volta. Durante il percorso potrete visitare l\u2019eccezionale Molin dei Padre con l\u2019antica falegnameria ad acqua e il museo dei vigili del fuoco volontari di Selva. Al termine del percorso fortaie e musica coi Die D\u00fcrstigen. Numero massimo 100 partecipanti, opportunamente divisi in piccoli gruppi guidati. Prevendite disponibili presso l\u2019ufficio turistico di Selva di Cadore. Novit\u00e0 di quest anno: potrete scegliere l\u2019orario di partenza! Partenza primo gruppo domenica 13 agosto ore 11 presso il campetto Sciovie Santa Fosca. Vendita ultimi ticket dalle ore 10<\/p>\n<p>&nbsp;<\/p>\n<blockquote>\n<h3>L&#8217;ESTATE CON L&#8217;ASSOCIAZIONE BORGO DI SOTTOGUDA<\/h3>\n<\/blockquote>\n<p><a class=\"dt-pswp-item\" href=\"https:\/\/www.radiopiu.net\/wordpress\/wp-content\/uploads\/2023\/08\/358091417_794248625823528_1699457655493429797_n.jpg\" data-dt-img-description=\"\" data-large_image_width=\"526\" data-large_image_height=\"526\"><img loading=\"lazy\" decoding=\"async\" class=\" wp-image-346870 alignleft\" src=\"https:\/\/www.radiopiu.net\/wordpress\/wp-content\/uploads\/2023\/08\/358091417_794248625823528_1699457655493429797_n-300x300.jpg\" alt=\"\" width=\"244\" height=\"244\" srcset=\"https:\/\/www.radiopiu.net\/wordpress\/wp-content\/uploads\/2023\/08\/358091417_794248625823528_1699457655493429797_n-300x300.jpg 300w, https:\/\/www.radiopiu.net\/wordpress\/wp-content\/uploads\/2023\/08\/358091417_794248625823528_1699457655493429797_n-150x150.jpg 150w, https:\/\/www.radiopiu.net\/wordpress\/wp-content\/uploads\/2023\/08\/358091417_794248625823528_1699457655493429797_n.jpg 526w\" sizes=\"auto, (max-width: 244px) 100vw, 244px\" \/><\/a>APPUNTAMENTI D&#8217;ESTATE CON L&#8217;ASSOCIAZIONE BORGO SOTTOGUDA. GODITI LA NOTTE DI SAN LORENZO IL 10 AGOSTO DALLE 21.30 I DESIDERI S&#8217;ILLUMINANO TRA LE LANTERNE. TRA I MAGICI FIENILI VENERDI 11 CHIACCHIERATA CON ALESSIO SALATA, AUTORE DEL LIBRO &#8220;MORTE A VENEZIA&#8221;. CON VENETO A TAVOLA SABATO 12 AGOSTO IL MERCATO BONTA&#8217; E BENESSERE, DALLE 21 IN PIAZZETTA A SOTTOGUDA IL TRIBUTO A LUCIO BATTISTI INTERPRETATO DA ERA BATTISTI. IL 14 AGOSTO, VIGILIA DI FERRAGOSTO DALLE 21 GLI ARCHI DEL FRIULI E DEL VENETO con il &#8220;SOGNO DI UNA NOTTE DI MEZZ&#8217;ESTATE PARTECIPA LA PIANISTA SILVIA TESSARI. IL MERCATO CONTADINO &#8220;SABEDA ITE VILA&#8221;, SABATO 5 E SABATO 19 AGOSTO CON L&#8217;ASSOCIAZIONE BORGO SOTTOGUDA, IL MERCATO DELLA DELIZIA CONTADINA, DEI LAVORI DI UNA VOLTA. AL SABATO DEL VILLAGGIO IL LABORATORIO COSMETICO E CURATIVO DI ESTER ANDRICH APPASSIONATA DI ERBE SPONTANEE E LORO UTILIZZO, E SOTTO AL TENDONE MEZZOGIORNO E SERA TUTTO PER SOLLETICARE IL PALATO SUL POSTO O PER ASPORTO. Ma voi sapete fare i canederli? TRANQUILLI&#8230; CI PENSA THOMAS A SOTTOGUDA DI ROCCA PIETORE Alle 21 sar\u00e0 ospite Luigi Fontana, figlio di Jmmi Fontana con un viaggio negli anni 60 e &#8217;70 tra grandi canzoni e aneddoti<\/p>\n<p>&nbsp;<\/p>\n<p>&nbsp;<\/p>\n<hr \/>\n<p>&nbsp;<\/p>\n<blockquote>\n<h3>APERITIVO ? MA MAI SENZA MUSICA<\/h3>\n<\/blockquote>\n<p><a class=\"dt-pswp-item\" href=\"https:\/\/www.radiopiu.net\/wordpress\/wp-content\/uploads\/2023\/07\/d86dbc06-7161-49d4-b544-90770e85269f.jpg\" data-dt-img-description=\"\" data-large_image_width=\"1448\" data-large_image_height=\"2048\"><img loading=\"lazy\" decoding=\"async\" class=\" wp-image-342766 alignleft\" src=\"https:\/\/www.radiopiu.net\/wordpress\/wp-content\/uploads\/2023\/07\/d86dbc06-7161-49d4-b544-90770e85269f-212x300.jpg\" alt=\"\" width=\"133\" height=\"189\" srcset=\"https:\/\/www.radiopiu.net\/wordpress\/wp-content\/uploads\/2023\/07\/d86dbc06-7161-49d4-b544-90770e85269f-212x300.jpg 212w, https:\/\/www.radiopiu.net\/wordpress\/wp-content\/uploads\/2023\/07\/d86dbc06-7161-49d4-b544-90770e85269f-724x1024.jpg 724w, https:\/\/www.radiopiu.net\/wordpress\/wp-content\/uploads\/2023\/07\/d86dbc06-7161-49d4-b544-90770e85269f-768x1086.jpg 768w, https:\/\/www.radiopiu.net\/wordpress\/wp-content\/uploads\/2023\/07\/d86dbc06-7161-49d4-b544-90770e85269f-1086x1536.jpg 1086w, https:\/\/www.radiopiu.net\/wordpress\/wp-content\/uploads\/2023\/07\/d86dbc06-7161-49d4-b544-90770e85269f.jpg 1448w\" sizes=\"auto, (max-width: 133px) 100vw, 133px\" \/><\/a>Dimentica la routine, concediti un momento di relax e divertimento con amici e familiari. L&#8217;aperitivo in musica all&#8217;Hotel Stella Alpina in piazza a Falcade \u00e8 l&#8217;occasione perfetta per socializzare e creare ricordi preziosi.Ogni venerd\u00ec di luglio ed agosto, l&#8217;Hotel Stella Alpina vi accoglie per una serata di puro divertimento, dalle 18 alle 21. I\u00a0venerdi di luglio ed agosto allo Stella alpina, appuntamento con la buona musica e le specialit\u00e0 che sapranno deliziarvi il palato. INFO 0437 599046. <a class=\"moz-txt-link-abbreviated\" href=\"http:\/\/WWW.HOTEL\">WWW.HOTEL<\/a> STELLA ALPINA . COM<\/p>\n<p><strong>OGGI<\/strong> SMILE IN CONCERTO\u00a0 e tacos con pulled pork fatti in casa<\/p>\n<p>&nbsp;<\/p>\n<p>&nbsp;<\/p>\n<p>&nbsp;<\/p>\n<p>&nbsp;<\/p>\n<hr \/>\n<p>&nbsp;<\/p>\n<p>&nbsp;<\/p>\n<blockquote>\n<h3><a class=\"dt-pswp-item\" href=\"https:\/\/www.radiopiu.net\/wordpress\/wp-content\/uploads\/2023\/07\/f3b253e6-70dc-4b6a-9b64-d312475aa1a1.jpg\" data-dt-img-description=\"\" data-large_image_width=\"1463\" data-large_image_height=\"2048\"><img loading=\"lazy\" decoding=\"async\" class=\"size-medium wp-image-345602 alignleft\" src=\"https:\/\/www.radiopiu.net\/wordpress\/wp-content\/uploads\/2023\/07\/f3b253e6-70dc-4b6a-9b64-d312475aa1a1-214x300.jpg\" alt=\"\" width=\"214\" height=\"300\" srcset=\"https:\/\/www.radiopiu.net\/wordpress\/wp-content\/uploads\/2023\/07\/f3b253e6-70dc-4b6a-9b64-d312475aa1a1-214x300.jpg 214w, https:\/\/www.radiopiu.net\/wordpress\/wp-content\/uploads\/2023\/07\/f3b253e6-70dc-4b6a-9b64-d312475aa1a1-732x1024.jpg 732w, https:\/\/www.radiopiu.net\/wordpress\/wp-content\/uploads\/2023\/07\/f3b253e6-70dc-4b6a-9b64-d312475aa1a1-768x1075.jpg 768w, https:\/\/www.radiopiu.net\/wordpress\/wp-content\/uploads\/2023\/07\/f3b253e6-70dc-4b6a-9b64-d312475aa1a1-1097x1536.jpg 1097w, https:\/\/www.radiopiu.net\/wordpress\/wp-content\/uploads\/2023\/07\/f3b253e6-70dc-4b6a-9b64-d312475aa1a1.jpg 1463w\" sizes=\"auto, (max-width: 214px) 100vw, 214px\" \/><\/a>MADONA DE LA NEIF, AD AGOSTO A LA VALLE AGORDINA<\/h3>\n<\/blockquote>\n<p>MADONA DE LA NEIF! LA FESTA A LA VALLE AGORDINA DAL 4 AL 6 AGOSTO: TRE SERATE CON STAND GASTRONOMICO, APERITIVO E BALLO SERALE. MADONA DE LA NEIF SPORT: SABATO 5 EL GIRO DE LE BURELE, GARA PODISTICA A COPPIE 41 ESIMA EDIZIONE E DOMENICA INDESFIDA DE LE VILE, GIOCHI E SFIDE DELLA TRADIZIONE. MADONA DE LA NEIF! E&#8217; MOSTRA FOTOGRAFICA LA VAL DA INCORNISA&#8217; NELLE BURELE DI FADES, FINO<br \/>\nAL 31 AGOSTO. E&#8217; MOSTRA MERCATO, SABATO 5 EL MERCA&#8217; DE L&#8217;ISTA&#8217; E POI&#8230; LA VAL A CAVAL, BATTESIMO IN SELLA PER GRANDI E PICCINI, APERTURA DEL MUSEO ETNOGRAFICO E VENERDI 4 CONCERTO DEGLI RH NEGATIVO. TRE GIORNI DI BALLI DISCO&#8230;E DISCO TEK CON RDJ MADONA DE LA NEIF&#8230;ORIGINAL IN TEK VALLEY, CON LE ASSOCIAZIONI LAVALLESI. MADONNA DE LA NEIF&#8230;SOTTO IL CIELO LAVALLESE&#8230;PARDON SOTTO AL TENDONE CON LE ASSOCIAZIONI LAVALLESI<\/p>\n<div dir=\"auto\">In occasione della sagra della Madonna della Neif a La Valle Agordina sar\u00e0 aperta la tradizionale pesca di beneficienza con i seguenti orari: Venerd\u00ec 4 \u00a016:30-19:30, Sabato 5 \u00a09:00-12:00 \u00a014:30-19:00, Domenica 6 \u00a09:00-12:00 \u00a014:30-19:00<\/div>\n<p>&nbsp;<\/p>\n<blockquote>\n<h3><a class=\"dt-pswp-item\" href=\"https:\/\/www.radiopiu.net\/wordpress\/wp-content\/uploads\/2023\/08\/56352894_435999307172583_7885304954657701888_n.jpg\" data-dt-img-description=\"\" data-large_image_width=\"640\" data-large_image_height=\"640\"><img loading=\"lazy\" decoding=\"async\" class=\"wp-image-347278 alignleft\" src=\"https:\/\/www.radiopiu.net\/wordpress\/wp-content\/uploads\/2023\/08\/56352894_435999307172583_7885304954657701888_n-300x300.jpg\" alt=\"\" width=\"115\" height=\"115\" srcset=\"https:\/\/www.radiopiu.net\/wordpress\/wp-content\/uploads\/2023\/08\/56352894_435999307172583_7885304954657701888_n-300x300.jpg 300w, https:\/\/www.radiopiu.net\/wordpress\/wp-content\/uploads\/2023\/08\/56352894_435999307172583_7885304954657701888_n-150x150.jpg 150w, https:\/\/www.radiopiu.net\/wordpress\/wp-content\/uploads\/2023\/08\/56352894_435999307172583_7885304954657701888_n.jpg 640w\" sizes=\"auto, (max-width: 115px) 100vw, 115px\" \/><\/a>\u00a0alla Radio, l&#8217;intervista ad Andrea Da Roit, presidente Proloco La Valle<\/h3>\n<\/blockquote>\n<audio class=\"wp-audio-shortcode\" id=\"audio-347118-8\" preload=\"none\" style=\"width: 100%;\" controls=\"controls\"><source type=\"audio\/mpeg\" src=\"https:\/\/www.radiopiu.net\/wordpress\/wp-content\/uploads\/2023\/08\/ANDREA-DA-ROIT-CERE.mp3?_=8\" \/><a href=\"https:\/\/www.radiopiu.net\/wordpress\/wp-content\/uploads\/2023\/08\/ANDREA-DA-ROIT-CERE.mp3\">https:\/\/www.radiopiu.net\/wordpress\/wp-content\/uploads\/2023\/08\/ANDREA-DA-ROIT-CERE.mp3<\/a><\/audio>\n<blockquote>\n<h3><\/h3>\n<\/blockquote>\n<p>&nbsp;<\/p>\n<hr \/>\n<p>&nbsp;<\/p>\n<blockquote>\n<h3><a class=\"dt-pswp-item\" href=\"https:\/\/www.radiopiu.net\/wordpress\/wp-content\/uploads\/2023\/08\/3a200dcf-986c-4cc8-9dd2-568798301511.jpg\" data-dt-img-description=\"\" data-large_image_width=\"1131\" data-large_image_height=\"1600\"><img loading=\"lazy\" decoding=\"async\" class=\" wp-image-347204 alignleft\" src=\"https:\/\/www.radiopiu.net\/wordpress\/wp-content\/uploads\/2023\/08\/3a200dcf-986c-4cc8-9dd2-568798301511-212x300.jpg\" alt=\"\" width=\"116\" height=\"164\" srcset=\"https:\/\/www.radiopiu.net\/wordpress\/wp-content\/uploads\/2023\/08\/3a200dcf-986c-4cc8-9dd2-568798301511-212x300.jpg 212w, https:\/\/www.radiopiu.net\/wordpress\/wp-content\/uploads\/2023\/08\/3a200dcf-986c-4cc8-9dd2-568798301511-724x1024.jpg 724w, https:\/\/www.radiopiu.net\/wordpress\/wp-content\/uploads\/2023\/08\/3a200dcf-986c-4cc8-9dd2-568798301511-768x1086.jpg 768w, https:\/\/www.radiopiu.net\/wordpress\/wp-content\/uploads\/2023\/08\/3a200dcf-986c-4cc8-9dd2-568798301511-1086x1536.jpg 1086w, https:\/\/www.radiopiu.net\/wordpress\/wp-content\/uploads\/2023\/08\/3a200dcf-986c-4cc8-9dd2-568798301511.jpg 1131w\" sizes=\"auto, (max-width: 116px) 100vw, 116px\" \/><\/a>LA 39ESIMA EDIZIONE DEL PALIO DEI CENTO<\/h3>\n<\/blockquote>\n<p><strong>AGORDO<\/strong> Sabato 19 e domenica 20 agosto il Broi di Agordo si animer\u00e0 con il Palio Dei Cento. Sabato mercatini artigianali, dalle 17 apertura del tendone e aperitivo con Morgan e Battaglia. Alle 18:30 la prima prova del palio con la corsa a staffetta e cena con lo spiedo di Livio. Domenica apertura del tendone alle 9 e a seguire la 28esima edizione del MiniPalio. Alle 12 pranzo con il paticcio di Mario e nel pomeriggio il via al Palio dei Cento. Alle 14:30 la parata delle squadre e le altre prove. Alle 19 cena con la porchetta di Firpo, musica con i Voyager e alle 22:30 il gran finale con i fuochi d&#8217;artificio.<\/p>\n<p>&nbsp;<\/p>\n<p>&nbsp;<\/p>\n<hr \/>\n<p>&nbsp;<\/p>\n<p>&nbsp;<\/p>\n<p><a class=\"dt-pswp-item\" href=\"https:\/\/www.radiopiu.net\/wordpress\/wp-content\/uploads\/2023\/07\/362238350_780080964121139_3528425822730363745_n.jpg\" data-dt-img-description=\"\" data-large_image_width=\"960\" data-large_image_height=\"540\"><img loading=\"lazy\" decoding=\"async\" class=\"alignnone wp-image-346272 size-full\" src=\"https:\/\/www.radiopiu.net\/wordpress\/wp-content\/uploads\/2023\/07\/362238350_780080964121139_3528425822730363745_n.jpg\" alt=\"\" width=\"960\" height=\"540\" srcset=\"https:\/\/www.radiopiu.net\/wordpress\/wp-content\/uploads\/2023\/07\/362238350_780080964121139_3528425822730363745_n.jpg 960w, https:\/\/www.radiopiu.net\/wordpress\/wp-content\/uploads\/2023\/07\/362238350_780080964121139_3528425822730363745_n-300x169.jpg 300w, https:\/\/www.radiopiu.net\/wordpress\/wp-content\/uploads\/2023\/07\/362238350_780080964121139_3528425822730363745_n-768x432.jpg 768w\" sizes=\"auto, (max-width: 960px) 100vw, 960px\" \/><\/a><\/p>\n<p><strong>ALLA RADIO <\/strong>15 AGOSTO&#8230; A MASARE&#8217; DI ALLEGHE SOTTO AL TENDONE IL FERRAGOSTO BIANCOROSSO edizione anniversario. ALLEGHE HOCKEY, 90 ANNI DOPO, CON LO STESSO ENTUSIASMO E LE STESSE EMOZIONI DI ALLORA. LA FESTA DI FERRAGOSTO DALLE 9.30 DEL MATTINO A NOTTE INOLTRATA.\u00a0 buon cibo con possibilit\u00e0 di asporto, giro del lago, giochi per grandi e piccini, magia ,Happy hour con frittura di calamari e alle 21:30 SUL PALCO IL NUOVO FRONTE DEL VASCO&#8230;.IL GRUPPO COVER DI VASCO ROSSI!!!!! IMPREDIBILE ALLEGHE HOCKEY: tutti insieme con e per le civette<\/p>\n<p><strong>Evento ecosostenibile e pet friendly<\/strong><\/p>\n<audio class=\"wp-audio-shortcode\" id=\"audio-347118-9\" preload=\"none\" style=\"width: 100%;\" controls=\"controls\"><source type=\"audio\/mpeg\" src=\"https:\/\/www.radiopiu.net\/wordpress\/wp-content\/uploads\/2023\/07\/alleghe-hockey-c.mp3?_=9\" \/><a href=\"https:\/\/www.radiopiu.net\/wordpress\/wp-content\/uploads\/2023\/07\/alleghe-hockey-c.mp3\">https:\/\/www.radiopiu.net\/wordpress\/wp-content\/uploads\/2023\/07\/alleghe-hockey-c.mp3<\/a><\/audio>\n<p>&nbsp;<\/p>\n<div class=\"message spoilers-container\" dir=\"auto\">\n<div class=\"column\">\n<div class=\"message spoilers-container\" dir=\"auto\">\n<div class=\"column\">\n<p>&nbsp;<\/p>\n<p>&nbsp;<\/p>\n<p>&nbsp;<\/p>\n<hr \/>\n<p>&nbsp;<\/p>\n<p><img loading=\"lazy\" decoding=\"async\" class=\"aligncenter wp-image-61954 size-full\" src=\"https:\/\/www.radiopiu.net\/wordpress\/wp-content\/uploads\/2018\/09\/viabilita.jpeg\" sizes=\"auto, (max-width: 800px) 100vw, 800px\" srcset=\"https:\/\/www.radiopiu.net\/wordpress\/wp-content\/uploads\/2018\/09\/viabilita.jpeg 800w, https:\/\/www.radiopiu.net\/wordpress\/wp-content\/uploads\/2018\/09\/viabilita-300x38.jpeg 300w, https:\/\/www.radiopiu.net\/wordpress\/wp-content\/uploads\/2018\/09\/viabilita-768x96.jpeg 768w\" alt=\"\" width=\"800\" height=\"100\" \/><\/p>\n<\/div>\n<\/div>\n<div class=\"message spoilers-container\" dir=\"auto\">\n<div class=\"column\">\n<p>&nbsp;<\/p>\n<\/div>\n<\/div>\n<\/div>\n<\/div>\n<blockquote class=\"wp-embedded-content\" data-secret=\"MIMkFyniSx\"><p><a href=\"https:\/\/www.radiopiu.net\/wordpress\/viabilita\/\">viabilita<\/a><\/p><\/blockquote>\n<p><iframe loading=\"lazy\" class=\"wp-embedded-content\" sandbox=\"allow-scripts\" security=\"restricted\" style=\"position: absolute; clip: rect(1px, 1px, 1px, 1px);\" title=\"&#8220;viabilita&#8221; &#8212; Radio Pi\u00f9\" src=\"https:\/\/www.radiopiu.net\/wordpress\/viabilita\/embed\/#?secret=MQSclFe7Iz#?secret=MIMkFyniSx\" data-secret=\"MIMkFyniSx\" width=\"600\" height=\"338\" frameborder=\"0\" marginwidth=\"0\" marginheight=\"0\" scrolling=\"no\"><\/iframe><\/p>\n<div class=\"message spoilers-container\" dir=\"auto\">\n<div class=\"column\">\n<div class=\"message spoilers-container\" dir=\"auto\">\n<div class=\"column\">\n<div>\n<div dir=\"ltr\">\n<div class=\"gmail_quote\">\n<div dir=\"ltr\">\n<div><\/div>\n<div><\/div>\n<div><\/div>\n<\/div>\n<\/div>\n<\/div>\n<\/div>\n<hr \/>\n<p>&nbsp;<\/p>\n<p><a class=\"dt-pswp-item\" href=\"https:\/\/www.radiopiu.net\/wordpress\/wp-content\/uploads\/2018\/09\/WhatsApp-Image-2018-09-20-at-16.04.06.jpeg\" data-dt-img-description=\"\" data-large_image_width=\"800\" data-large_image_height=\"100\"><img loading=\"lazy\" decoding=\"async\" class=\"wp-image-61378 size-full aligncenter\" src=\"https:\/\/www.radiopiu.net\/wordpress\/wp-content\/uploads\/2018\/09\/WhatsApp-Image-2018-09-20-at-16.04.06.jpeg\" alt=\"\" width=\"800\" height=\"100\" srcset=\"https:\/\/www.radiopiu.net\/wordpress\/wp-content\/uploads\/2018\/09\/WhatsApp-Image-2018-09-20-at-16.04.06.jpeg 800w, https:\/\/www.radiopiu.net\/wordpress\/wp-content\/uploads\/2018\/09\/WhatsApp-Image-2018-09-20-at-16.04.06-300x38.jpeg 300w, https:\/\/www.radiopiu.net\/wordpress\/wp-content\/uploads\/2018\/09\/WhatsApp-Image-2018-09-20-at-16.04.06-768x96.jpeg 768w\" sizes=\"auto, (max-width: 800px) 100vw, 800px\" \/><\/a><\/p>\n<\/div>\n<\/div>\n<div class=\"message spoilers-container\" dir=\"auto\">\n<p>&nbsp;<\/p>\n<p><b>OGGI\u00a0 <\/b>Nottetempo probabile prima fase di tempo instabile, seguita da tempo variabile al mattino, con molte nubi alternate a schiarite, prima che il tempo peggiori con cielo sempre pi\u00f9 coperto e fenomeni sempre pi\u00f9 frequenti. Grande disomogenei spaziale nell&#8217;intensit\u00e0 dei fenomeni. Contesto termico ancora mite al mattino e assai pi\u00f9 fresco alla sera.<br \/>\n<b>Precipitazioni: <\/b>Nottetempo insidia media di fenomeni (40-60%), al mattino probabile pausa senza o pochi fenomeni (20-30%), poi crescente probabilit\u00e0 fino a molto alta (80-90%) per rovesci e temporali, localmente intensi e grandinigeni. Comparsa della neve sopra i 3000 m alla sera. <b>Temperature: <\/b>Graduale calo termico con minime alla sera.<\/p>\n<p><b>DOMANI: <\/b>Nottetempo e al mattino tempo perturbato con cielo coperto e precipitazioni ancora assai diffuse, in progressivo esaurimento. Al pomeriggio tempo discreto\/variabile con attenuazione della nuvolosit\u00e0 e schiarite man mano pi\u00f9 ampie. In questo contesto di parziale miglioramento, non escluso qualche residuo fenomeno. Arrivo di aria via via pi\u00f9 fresca, anche fredda in alta quota.<br \/>\n<b>Precipitazioni: <\/b>Nottetempo ed al mattino probabilit\u00e0 alta di piogge, spesso diffuse (80-90%); la probabilit\u00e0 di temporali andr\u00e0 scemando. La neve scender\u00e0 fino sui 2800-2900 m. Dalle ore centrali in poi netta riduzione dei fenomeni, salvo residui piovaschi e qualche fiocco sulle cime pi\u00f9 alte (20-30%). Nel tardo pomeriggio\/sera fenomeni assenti (0%). Tra stasera e sabato, i cumuli complessivi di pioggia saranno molto variabili, mediamente 25-40 mm, per\u00f2 visto l&#8217;intensit\u00e0 del flusso meridionale e le forzanti in gioco, in qualche caso gli apporti potranno raggiungere o superare i 60-80 mm, senza poter scartare i 100 mm. <b>Temperature: <\/b>In generale diminuzione con minime osservate ovunque alla sera, il calo sar\u00e0 pi\u00f9 marcato in quota.<\/p>\n<p><strong>DOMENICA<\/strong> Al mattino lunghi tratti soleggiati, in graduale riduzione per primi annuvolamenti irregolari, i quali s&#8217;intensificheranno al pomeriggio, quando nuove piogge a carattere di rovescio si verificheranno. In caso di prolungato soleggiamento iniziale, i fenomeni potranno essere temporaleschi. L&#8217;ulteriore generale calo termico consentir\u00e0 alla neve di scendere fino sui 2600-2700 m. L&#8217;apice del freddo sar\u00e0 nella notte successiva. Nelle valli venti deboli di direzione variabile, salvo locali rinforzi; in quota perlopi\u00f9 moderati da ovest al mattino, poi da nord.<\/p>\n<p><strong>LUNEDI<\/strong> Stupenda giornata con sole, cielo terso, aria limpida e ottima visibilit\u00e0. Al mattino contesto molto fresco, anche freddo in montagna, non escluse brinate sopra i 1600-1800 m e gelate oltre i 2200-2400 m. In giornata rialzo delle massime, pi\u00f9 marcato nelle valli, dove l&#8217;escursione termica giornaliera sar\u00e0 importante. Nelle valli venti perlopi\u00f9 deboli per brezze, localmente e a tratti moderati. In quota deboli\/moderati da nord.<\/p>\n<p>&nbsp;<\/p>\n<p>&nbsp;<\/p>\n<\/div>\n<div class=\"message spoilers-container\" dir=\"auto\">\n<hr \/>\n<p>&nbsp;<\/p>\n<p><img loading=\"lazy\" decoding=\"async\" class=\"wp-image-60761 size-full aligncenter\" src=\"https:\/\/www.radiopiu.net\/wordpress\/wp-content\/uploads\/2018\/09\/sport.jpg\" alt=\"\" width=\"800\" height=\"100\" srcset=\"https:\/\/www.radiopiu.net\/wordpress\/wp-content\/uploads\/2018\/09\/sport.jpg 800w, https:\/\/www.radiopiu.net\/wordpress\/wp-content\/uploads\/2018\/09\/sport-300x38.jpg 300w, https:\/\/www.radiopiu.net\/wordpress\/wp-content\/uploads\/2018\/09\/sport-768x96.jpg 768w\" sizes=\"auto, (max-width: 800px) 100vw, 800px\" \/><\/p>\n<p>&nbsp;<\/p>\n<p><span style=\"color: #0000ff;\"><strong>\u00a0CALCIO\u00a0<\/strong><\/span><\/p>\n<blockquote>\n<h3>L&#8217;AGORDINA SI E&#8217; AUTODECLASSATA, GIOCHERA&#8217; IN TERZA CATEGORIA<\/h3>\n<\/blockquote>\n<p><strong><img loading=\"lazy\" decoding=\"async\" class=\"alignleft\" src=\"https:\/\/www.radiopiu.net\/wordpress\/wp-content\/uploads\/2019\/09\/AGORDINA-CALCIO.jpeg\" width=\"144\" height=\"144\" \/>REDAZIONE<\/strong> Come avevamo anticipato, purtroppo, l&#8217;Agordina per qualche anno non sar\u00e0 pi\u00f9 tra le protagoniste del calcio di seconda categoria. La nuova societ\u00e0 del neo presidente Paolo Del Din ha dovuto calare le brache e rinunciare ad un campionato di prestigio. Quello che manca non sono i soldi o i dirigenti, visto che sono stati nominati i nuovi, quello che manca sono i giocatori,\u00a0 perch\u00e8 18 su 30 hanno scelto di scappare dall&#8217;Agordina verso altre realt\u00e0, evidentemente quanto accade all&#8217;Ivano Dorigo non piace ai giocatori che si preparano a fare gli emigranti del pallone.<\/p>\n<p>Tanta fatica per nulla, la scorsa stagione si \u00e8 infatti chiusa con la difficile sfida (vinta) con il Gemelle. Avvilito l&#8217;ex presidente Cosmo Forcella in esilio da inizio estate <em>&#8220;Dispiace, certo, anche perch\u00e9 in 50 anni una cosa simile non era mai successa. Pur tra mille difficolt\u00e0, ma non ci siamo mai declassati e retrocessi come succede ora, fatto che mi ha tolto il sonno e rovinato l&#8217;estate&#8221;<\/em><\/p>\n<p>L&#8217;Agordina probabilmente,\u00a0 si iscriver\u00e0 ai campionati giovanili, ma i giovani senza una squadra &#8220;che tira&#8221; potrebbero non essere incentivati a vestire la casacca bianco azzurra. Ci potrebbero inoltre essere novit\u00e0 importanti con la scuola calcio, infatti Cosmo Forcella non \u00e8 uomo da divano e non \u00e8 escluso che qualche cosa s&#8217;inventi pur di far crescere i pi\u00f9 piccoli, magari sul campo di casa, a Taibon, che non ha nulla da invidiare ad altri impianti della vallata ed il Gruppo Sportivo Taibon potrebbe cogliere la palla al balzo e creare in qualche cosa di unico, come unico lo \u00e8 stato Cosmo Forcella: giocatore, dirigente, presidente, uomo di fatica e delle pulizie.<\/p>\n<\/div>\n<p>&nbsp;<\/p>\n<hr \/>\n\n\t\t\t<style type='text\/css'>\n\t\t\t\t#gallery-4 {\n\t\t\t\t\tmargin: auto;\n\t\t\t\t}\n\t\t\t\t#gallery-4 .gallery-item {\n\t\t\t\t\tfloat: left;\n\t\t\t\t\tmargin-top: 10px;\n\t\t\t\t\ttext-align: center;\n\t\t\t\t\twidth: 50%;\n\t\t\t\t}\n\t\t\t\t#gallery-4 img {\n\t\t\t\t\tborder: 2px solid #cfcfcf;\n\t\t\t\t}\n\t\t\t\t#gallery-4 .gallery-caption {\n\t\t\t\t\tmargin-left: 0;\n\t\t\t\t}\n\t\t\t\t\/* see gallery_shortcode() in wp-includes\/media.php *\/\n\t\t\t<\/style>\n\t\t<div id='gallery-4' class='dt-gallery-container gallery galleryid-347118 gallery-columns-2 gallery-size-thumbnail'><dl class='gallery-item'>\n\t\t\t\t<dt class='gallery-icon portrait'>\n\t\t\t\t\t<a class=\"rollover rollover-zoom dt-pswp-item\" title=\"cb3e84c7-6b7b-4086-b96b-e2b820cc0e41\" data-dt-img-description=\"\" data-large_image_width=\"1132\" data-large_image_height=\"1600\"href='https:\/\/www.radiopiu.net\/wordpress\/wp-content\/uploads\/2023\/07\/cb3e84c7-6b7b-4086-b96b-e2b820cc0e41.jpg'><img loading=\"lazy\" decoding=\"async\" width=\"150\" height=\"150\" src=\"https:\/\/www.radiopiu.net\/wordpress\/wp-content\/uploads\/2023\/07\/cb3e84c7-6b7b-4086-b96b-e2b820cc0e41-150x150.jpg\" class=\"attachment-thumbnail size-thumbnail\" alt=\"\" aria-describedby=\"gallery-4-345600\" \/><\/a>\n\t\t\t\t<\/dt>\n\t\t\t\t\t<dd class='wp-caption-text gallery-caption' id='gallery-4-345600'>\n\t\t\t\t\tVOLTAGO\n\t\t\t\t\t<\/dd><\/dl><dl class='gallery-item'>\n\t\t\t\t<dt class='gallery-icon portrait'>\n\t\t\t\t\t<a class=\"rollover rollover-zoom dt-pswp-item\" title=\"8d8ef44f-5625-4f28-9787-81bf41c07ccb\" data-dt-img-description=\"\" data-large_image_width=\"726\" data-large_image_height=\"1024\"href='https:\/\/www.radiopiu.net\/wordpress\/wp-content\/uploads\/2023\/08\/8d8ef44f-5625-4f28-9787-81bf41c07ccb.jpg'><img loading=\"lazy\" decoding=\"async\" width=\"150\" height=\"150\" src=\"https:\/\/www.radiopiu.net\/wordpress\/wp-content\/uploads\/2023\/08\/8d8ef44f-5625-4f28-9787-81bf41c07ccb-150x150.jpg\" class=\"attachment-thumbnail size-thumbnail\" alt=\"\" aria-describedby=\"gallery-4-347009\" \/><\/a>\n\t\t\t\t<\/dt>\n\t\t\t\t\t<dd class='wp-caption-text gallery-caption' id='gallery-4-347009'>\n\t\t\t\t\tFALCADE\n\t\t\t\t\t<\/dd><\/dl><br style=\"clear: both\" \/>\n\t\t\t<\/div>\n\n<p><span style=\"color: #0000ff;\"><strong>\u00a0<\/strong><\/span><\/p>\n<hr \/>\n<p><span style=\"color: #0000ff;\"><strong>\u00a0<\/strong><\/span><\/p>\n<p><span style=\"color: #0000ff;\"><strong>\u00a0<\/strong><\/span><\/p>\n<p><span style=\"color: #0000ff;\"><strong>H<\/strong><\/span><span style=\"color: #0000ff;\"><strong>OCKEY SU GHIACCIO<\/strong><\/span><\/p>\n<blockquote>\n<h3 class=\"entry-title\">MARCO LORENZINI VESTIRA\u2019 ANCORA LA MAGLIA DELLE CIVETTE<\/h3>\n<\/blockquote>\n<p><strong class=\"photoswipe-wrapper\"><a class=\"dt-pswp-item pspw-wrap-ready\" href=\"https:\/\/www.radiopiu.net\/wordpress\/wp-content\/uploads\/2023\/08\/425eac68-1acb-47ca-8429-7e5152ab8247.jpg\" data-dt-img-description=\"\" data-large_image_width=\"1024\" data-large_image_height=\"682\"><img loading=\"lazy\" decoding=\"async\" class=\" wp-image-347175 alignleft\" src=\"https:\/\/www.radiopiu.net\/wordpress\/wp-content\/uploads\/2023\/08\/425eac68-1acb-47ca-8429-7e5152ab8247-300x200.jpg\" sizes=\"auto, (max-width: 189px) 100vw, 189px\" srcset=\"https:\/\/www.radiopiu.net\/wordpress\/wp-content\/uploads\/2023\/08\/425eac68-1acb-47ca-8429-7e5152ab8247-300x200.jpg 300w, https:\/\/www.radiopiu.net\/wordpress\/wp-content\/uploads\/2023\/08\/425eac68-1acb-47ca-8429-7e5152ab8247-768x512.jpg 768w, https:\/\/www.radiopiu.net\/wordpress\/wp-content\/uploads\/2023\/08\/425eac68-1acb-47ca-8429-7e5152ab8247.jpg 1024w\" alt=\"\" width=\"189\" height=\"126\" \/><\/a>di Roberto Miana \u2013 portavoce dell\u2019Alleghe Hockey<\/strong><\/p>\n<p>La Societ\u00e0 Alleghe Hockey \u00e8 lieta di annunciare la conferma nel proprio roster di Marco Lorenzini. Marco, possente giocatore classe 1989 di Caprile, \u00e8 considerato un jolly per la sua duttilit\u00e0 tattica. Nato hockeisticamente attaccante, ora non disdegna di giocare anche in zona difensiva, intuizione avuta dall\u2019ex coach finlandese Matikainen. L\u2019esordio in prima squadra, con la maglia delle Civette, risale alla stagione 2013\/2014, dove ha disputato 141 gare. Purtroppo, a causa di problemi fisici, nelle ultime stagioni ha potuto mettere la sua esperienza poche volte al servizio della squadra. Cos\u00ec Marco: \u201cQuest\u2019anno, ad Alleghe, si \u00e8 riusciti a fare la squadra grazie al grande impegno della Societ\u00e0, che ha arricchito il roster tanto da poter disputare, credo, un buon campionato. Fin dalle prime riunioni che abbiamo fatto ho dato la mia disponibilit\u00e0 a far parte della squadra e sono molto contento di disputare questo campionato. Posso giocare indifferentemente in attacco o difesa, non ho preferenze, giocher\u00f2 dove mi chieder\u00e0 l\u2019allenatore. Personalmente spero di riuscire a dare il pi\u00f9 possibile il mio contributo, perch\u00e9, nelle ultime stagioni, i problemi fisici mi hanno tenuto parecchio distante dal ghiaccio e gli impegni di lavoro hanno fatto il resto\u201d<\/p>\n<p>(foto: Annalisa Dal Mas)<\/p>\n<p>&nbsp;<\/p>\n<p><span style=\"color: #0000ff;\"><strong>MOTORI<\/strong><\/span><\/p>\n<blockquote>\n<h3>IERI SERA A BELLUNO L&#8217;ANTEPRIMA DELLA 49ESIMA ALPE DEL NEVEGAL<\/h3>\n<\/blockquote>\n<p><strong><a class=\"dt-pswp-item\" href=\"https:\/\/www.radiopiu.net\/wordpress\/wp-content\/uploads\/2023\/08\/c0f99124-e7ea-4269-a7b0-038386ff0762.jpg\" data-dt-img-description=\"\" data-large_image_width=\"1439\" data-large_image_height=\"1218\"><img loading=\"lazy\" decoding=\"async\" class=\" wp-image-347228 alignleft\" src=\"https:\/\/www.radiopiu.net\/wordpress\/wp-content\/uploads\/2023\/08\/c0f99124-e7ea-4269-a7b0-038386ff0762-300x254.jpg\" alt=\"\" width=\"141\" height=\"119\" srcset=\"https:\/\/www.radiopiu.net\/wordpress\/wp-content\/uploads\/2023\/08\/c0f99124-e7ea-4269-a7b0-038386ff0762-300x254.jpg 300w, https:\/\/www.radiopiu.net\/wordpress\/wp-content\/uploads\/2023\/08\/c0f99124-e7ea-4269-a7b0-038386ff0762-1024x867.jpg 1024w, https:\/\/www.radiopiu.net\/wordpress\/wp-content\/uploads\/2023\/08\/c0f99124-e7ea-4269-a7b0-038386ff0762-768x650.jpg 768w, https:\/\/www.radiopiu.net\/wordpress\/wp-content\/uploads\/2023\/08\/c0f99124-e7ea-4269-a7b0-038386ff0762.jpg 1439w\" sizes=\"auto, (max-width: 141px) 100vw, 141px\" \/><\/a>BELLUNO<\/strong><\/p>\n<p>di Roberto Bona<\/p>\n<p>&nbsp;<\/p>\n<p>&nbsp;<\/p>\n<p>&nbsp;<\/p>\n<audio class=\"wp-audio-shortcode\" id=\"audio-347118-10\" preload=\"none\" style=\"width: 100%;\" controls=\"controls\"><source type=\"audio\/mpeg\" src=\"https:\/\/www.radiopiu.net\/wordpress\/wp-content\/uploads\/2023\/08\/NevegalStasera.mp3?_=10\" \/><a href=\"https:\/\/www.radiopiu.net\/wordpress\/wp-content\/uploads\/2023\/08\/NevegalStasera.mp3\">https:\/\/www.radiopiu.net\/wordpress\/wp-content\/uploads\/2023\/08\/NevegalStasera.mp3<\/a><\/audio>\n<p>&nbsp;<\/p>\n<p><span style=\"color: #0000ff;\"><strong>PALLAVOLO<\/strong><\/span><\/p>\n<blockquote>\n<h3>CLAUDIO NERI CRONISTA E AIUTO TECNICO<\/h3>\n<\/blockquote>\n<p><strong><a class=\"dt-pswp-item\" href=\"https:\/\/www.radiopiu.net\/wordpress\/wp-content\/uploads\/2023\/08\/Neri_con_coach_Colussi.jpg\" data-dt-img-description=\"\" data-large_image_width=\"2558\" data-large_image_height=\"2214\"><img loading=\"lazy\" decoding=\"async\" class=\" wp-image-347192 alignleft\" src=\"https:\/\/www.radiopiu.net\/wordpress\/wp-content\/uploads\/2023\/08\/Neri_con_coach_Colussi-300x260.jpg\" alt=\"\" width=\"157\" height=\"136\" srcset=\"https:\/\/www.radiopiu.net\/wordpress\/wp-content\/uploads\/2023\/08\/Neri_con_coach_Colussi-300x260.jpg 300w, https:\/\/www.radiopiu.net\/wordpress\/wp-content\/uploads\/2023\/08\/Neri_con_coach_Colussi-1024x886.jpg 1024w, https:\/\/www.radiopiu.net\/wordpress\/wp-content\/uploads\/2023\/08\/Neri_con_coach_Colussi-768x665.jpg 768w, https:\/\/www.radiopiu.net\/wordpress\/wp-content\/uploads\/2023\/08\/Neri_con_coach_Colussi-1536x1329.jpg 1536w, https:\/\/www.radiopiu.net\/wordpress\/wp-content\/uploads\/2023\/08\/Neri_con_coach_Colussi-2048x1773.jpg 2048w\" sizes=\"auto, (max-width: 157px) 100vw, 157px\" \/><\/a>BELLUNO <\/strong>In settimana, indossa la tuta e affianca lo staff tecnico per gli allenamenti alla Spes Arena. La domenica, invece, inforca gli occhiali, impugna il microfono e si dedica al commento delle gare casalinghe del Belluno Volley: Claudio Neri rimane nell\u2019orbita dei rinoceronti. Ancora una volta, in duplice veste<b>.<\/b>Competenza, passione, una particolare attitudine alla poliedricit\u00e0. Tre caratteristiche che rispecchiano fedelmente un profilo apprezzato in maniera trasversale. Neri si \u00e8 riscoperto anche telecronista: \u00abHo ricevuto molti commenti positivi e ne sono contento. Anche nella prossima stagione, \u201cBasu\u201d De Battista mi affiancher\u00e0 come spalla: ci divertiamo moltissimo\u00bb.<\/p>\n<p>&nbsp;<\/p>\n<p>&nbsp;<\/p>\n<\/div>\n<hr \/>\n<p>&nbsp;<\/p>\n<\/div>\n","protected":false},"excerpt":{"rendered":"<p>40esimo di RADIOPIU\u2026. LA VOCE DELL\u2019EMOZIONE ISCRIVITI AL NOSTRO CANALE\u00a0\u00a0YOUTUBE PER SEGUIRE IN DIRETTA I PRINCIPALI PROGRAMMI DI RADIO PIU\u2019 E LE FUTURE DIRETTE IN ESTERNA. PER ISCRIVERTI\u00a0CLICCA QUI\u00a0E PREMI\u00a0 \u201cIscriviti\u201d &nbsp; &nbsp; &nbsp; &nbsp; &nbsp; &nbsp; ACQUA INQUINATA A LA VALLE E CENCENIGHE LA VALLE Gestione Servizi Pubblici informa che a LA VALLE AGORDINA&hellip;<\/p>\n","protected":false},"author":4,"featured_media":347184,"comment_status":"closed","ping_status":"closed","sticky":false,"template":"","format":"standard","meta":{"_monsterinsights_skip_tracking":false,"_monsterinsights_sitenote_active":false,"_monsterinsights_sitenote_note":"","_monsterinsights_sitenote_category":0,"footnotes":""},"categories":[51,86,49],"tags":[],"class_list":["post-347118","post","type-post","status-publish","format-standard","has-post-thumbnail","hentry","category-evidenza-top","category-gr","category-news-18","category-51","category-86","category-49","description-off"],"img_url":"https:\/\/www.radiopiu.net\/wordpress\/wp-content\/uploads\/2023\/08\/e58e85ea-b4eb-43ae-84ef-fafba186d539.jpg","_links":{"self":[{"href":"https:\/\/www.radiopiu.net\/wordpress\/wp-json\/wp\/v2\/posts\/347118","targetHints":{"allow":["GET"]}}],"collection":[{"href":"https:\/\/www.radiopiu.net\/wordpress\/wp-json\/wp\/v2\/posts"}],"about":[{"href":"https:\/\/www.radiopiu.net\/wordpress\/wp-json\/wp\/v2\/types\/post"}],"author":[{"embeddable":true,"href":"https:\/\/www.radiopiu.net\/wordpress\/wp-json\/wp\/v2\/users\/4"}],"replies":[{"embeddable":true,"href":"https:\/\/www.radiopiu.net\/wordpress\/wp-json\/wp\/v2\/comments?post=347118"}],"version-history":[{"count":0,"href":"https:\/\/www.radiopiu.net\/wordpress\/wp-json\/wp\/v2\/posts\/347118\/revisions"}],"wp:featuredmedia":[{"embeddable":true,"href":"https:\/\/www.radiopiu.net\/wordpress\/wp-json\/wp\/v2\/media\/347184"}],"wp:attachment":[{"href":"https:\/\/www.radiopiu.net\/wordpress\/wp-json\/wp\/v2\/media?parent=347118"}],"wp:term":[{"taxonomy":"category","embeddable":true,"href":"https:\/\/www.radiopiu.net\/wordpress\/wp-json\/wp\/v2\/categories?post=347118"},{"taxonomy":"post_tag","embeddable":true,"href":"https:\/\/www.radiopiu.net\/wordpress\/wp-json\/wp\/v2\/tags?post=347118"}],"curies":[{"name":"wp","href":"https:\/\/api.w.org\/{rel}","templated":true}]}}