{"id":347129,"date":"2023-08-03T05:49:56","date_gmt":"2023-08-03T03:49:56","guid":{"rendered":"https:\/\/www.radiopiu.net\/wordpress\/?p=347129"},"modified":"2023-08-03T05:57:01","modified_gmt":"2023-08-03T03:57:01","slug":"sindacato-diviso-sulla-soluzione-per-safilo-di-longarone-referendum-imminente","status":"publish","type":"post","link":"https:\/\/www.radiopiu.net\/wordpress\/sindacato-diviso-sulla-soluzione-per-safilo-di-longarone-referendum-imminente\/","title":{"rendered":"Sindacato diviso sulla soluzione per Safilo di Longarone: Referendum imminente"},"content":{"rendered":"<p><img loading=\"lazy\" decoding=\"async\" class=\"alignleft\" src=\"https:\/\/www.radiopiu.net\/wordpress\/wp-content\/uploads\/2023\/01\/SAFILO.png\" width=\"275\" height=\"177\" \/><strong>LONGARONE\u00a0<\/strong> Il sindacato rimane spaccato riguardo alla soluzione per la Safilo di Longarone e si prepara per un referendum dopo le ferie estive. Le posizioni sembrano orientate a favore dell&#8217;accordo con Th\u00e9lios ed Innovatek, ma la Filtcem Cgil esprime forti disaccordi. Le assemblee hanno sottolineato la necessit\u00e0 di una soluzione unica per tutti i lavoratori e le lavoratrici. La discussione \u00e8 stata serena, ma le riserve riguardano l&#8217;investitore Fulchir e il suo piano industriale. L&#8217;esito del referendum si prevede positivo per la sottoscrizione dell&#8217;intesa, anche se permangono alcune preoccupazioni riguardo ai posti di lavoro. Th\u00e9lios non pu\u00f2 assumersi la responsabilit\u00e0 di tutti i 450 dipendenti della Safilo.<\/p>\n<p>&nbsp;<\/p>\n<hr \/>\n<p>&nbsp;<\/p>\n","protected":false},"excerpt":{"rendered":"<p>LONGARONE\u00a0 Il sindacato rimane spaccato riguardo alla soluzione per la Safilo di Longarone e si prepara per un referendum dopo le ferie estive. Le posizioni sembrano orientate a favore dell&#8217;accordo con Th\u00e9lios ed Innovatek, ma la Filtcem Cgil esprime forti disaccordi. Le assemblee hanno sottolineato la necessit\u00e0 di una soluzione unica per tutti i lavoratori&hellip;<\/p>\n","protected":false},"author":4,"featured_media":318963,"comment_status":"closed","ping_status":"closed","sticky":false,"template":"","format":"standard","meta":{"_monsterinsights_skip_tracking":false,"_monsterinsights_sitenote_active":false,"_monsterinsights_sitenote_note":"","_monsterinsights_sitenote_category":0,"footnotes":""},"categories":[51,49],"tags":[],"class_list":["post-347129","post","type-post","status-publish","format-standard","has-post-thumbnail","hentry","category-evidenza-top","category-news-18","category-51","category-49","description-off"],"img_url":"https:\/\/www.radiopiu.net\/wordpress\/wp-content\/uploads\/2023\/01\/SAFILO.png","_links":{"self":[{"href":"https:\/\/www.radiopiu.net\/wordpress\/wp-json\/wp\/v2\/posts\/347129","targetHints":{"allow":["GET"]}}],"collection":[{"href":"https:\/\/www.radiopiu.net\/wordpress\/wp-json\/wp\/v2\/posts"}],"about":[{"href":"https:\/\/www.radiopiu.net\/wordpress\/wp-json\/wp\/v2\/types\/post"}],"author":[{"embeddable":true,"href":"https:\/\/www.radiopiu.net\/wordpress\/wp-json\/wp\/v2\/users\/4"}],"replies":[{"embeddable":true,"href":"https:\/\/www.radiopiu.net\/wordpress\/wp-json\/wp\/v2\/comments?post=347129"}],"version-history":[{"count":0,"href":"https:\/\/www.radiopiu.net\/wordpress\/wp-json\/wp\/v2\/posts\/347129\/revisions"}],"wp:featuredmedia":[{"embeddable":true,"href":"https:\/\/www.radiopiu.net\/wordpress\/wp-json\/wp\/v2\/media\/318963"}],"wp:attachment":[{"href":"https:\/\/www.radiopiu.net\/wordpress\/wp-json\/wp\/v2\/media?parent=347129"}],"wp:term":[{"taxonomy":"category","embeddable":true,"href":"https:\/\/www.radiopiu.net\/wordpress\/wp-json\/wp\/v2\/categories?post=347129"},{"taxonomy":"post_tag","embeddable":true,"href":"https:\/\/www.radiopiu.net\/wordpress\/wp-json\/wp\/v2\/tags?post=347129"}],"curies":[{"name":"wp","href":"https:\/\/api.w.org\/{rel}","templated":true}]}}