{"id":347143,"date":"2023-08-03T07:55:12","date_gmt":"2023-08-03T05:55:12","guid":{"rendered":"https:\/\/www.radiopiu.net\/wordpress\/?p=347143"},"modified":"2023-08-03T08:36:40","modified_gmt":"2023-08-03T06:36:40","slug":"347143-2","status":"publish","type":"post","link":"https:\/\/www.radiopiu.net\/wordpress\/347143-2\/","title":{"rendered":"dal 1983 l&#8217;originale! LA RASSEGNA STAMPA LOCALE di MIRKO MEZZACASA"},"content":{"rendered":"<p>TECNOLOGIA AVANZATA, OLTRE UNA SETTIMANA SENZA SERVIZI. DA SABATO\u00a0 29 LUGLIO (19.45) A OGGI IMPRENDITORI E CITTADINI REGOLARMENTE ABBONATI AI SERVIZI\u2026SENZA SERVIZI. PARE CHE FINO A LUNEDI NON MIGLIORERA\u2019 NULLA.\u00a0 ARABBA DI LIVINALLONGO GIORNI SENZA TELEFONO: 5. AGORDINO GIORNI SENZA FIBRA: 6.<\/p>\n<p>&nbsp;<\/p>\n<p><iframe loading=\"lazy\" title=\"RASSEGNA STAMPA LOCALE\" width=\"1200\" height=\"675\" src=\"https:\/\/www.youtube.com\/embed\/YXtlWMhgI4o?feature=oembed\" frameborder=\"0\" allow=\"accelerometer; autoplay; clipboard-write; encrypted-media; gyroscope; picture-in-picture; web-share\" allowfullscreen><\/iframe><\/p>\n<p>&nbsp;<\/p>\n<p>&nbsp;<\/p>\n<p>&nbsp;<\/p>\n<p><strong>BELLUNO<\/strong>\u00a0\u00a0Il giorno dell\u2019addio a Giovanni Zagonel, il 71enne ritrovato cadavere venerd\u00ec mattina nelle acque del Piave, all\u2019altezza di Marisiga.\u00a0 Oggi dalle 14,30 alle 19,30\u00a0 sar\u00e0 aperta la camera mortuaria del cimitero di Pieve nel comune trentino di Tonadico, paese dal quale era originario<\/p>\n<p><strong>AURONZO<\/strong> Un alpinista primo di cordata, \u00e8 \u201cvolato\u201d sul quinto tiro della Via dello Spigolo Giallo sulla Piccola delle Tre Cime di Lavaredo. L\u2019uomo, un austriaco di 41anni, che \u00e8 caduto per una ventina di metri con un\u00a0 trauma all\u2019anca, alla gamba e toracico. La compagna di cordata restata in parete, una tedesca di 52 anni, aveva riportato un\u2019abrasione alla mano nel tentativo di trattenere la caduta con la corda.<\/p>\n<p><strong>SAN TOMASO\u00a0<\/strong> Una caduta in bicicletta traumatizzante per un uomo di Venezia che percorreva con la bici elettrica la provinciale 8 che da San Tomaso, passando per Pian, porta ad Avoscan. IL turista R.S. 69 anni di Mestre \u2013 Venezia \u00e8 stato elitrasportato in elicottero a Treviso con ferite gravi \u00e8 in prognosi riservata.<\/p>\n<p><strong>CENCENIGHE<\/strong>\u00a0Ieri alle 15.30 nell\u2019incidente auto-bici, al ponte del Ghirlo di Cencenighe ha avuto la paggio il ciclista, 53 anni di Agordo, portato in ambulanza con ferite medio gravi all\u2019ospedale di Agordo.<\/p>\n<p><strong>ALPAGO I<\/strong>nfortunio ad un pilota di parapendio. L\u2019uomo \u00e8\u00a0 precipitato, si \u00e8 procurato un\u00a0 trauma toracico.\u00a0 Perso il controllo della vela chiusasi subito dopo il decollo, il pilota era finito al suolo un\u2019ottantina di metri pi\u00f9 in basso, riportando un sospetto politrauma.<\/p>\n<p><strong>LONGARONE\u00a0<\/strong> Il sindacato rimane spaccato riguardo alla soluzione per la Safilo di Longarone e si prepara per un referendum dopo le ferie estive. Le posizioni sembrano orientate a favore dell\u2019accordo con Th\u00e9lios ed Innovatek, ma la Filtcem Cgil esprime forti disaccordi.<\/p>\n<p><strong class=\"photoswipe-wrapper\">VITTORIO VENETO<\/strong> Ha avvicinato una ragazza di 18 anni che, assieme a un\u2019amica si trovava alla stazione ferroviaria di Vittorio Veneto in attesa di un treno. Prima ha tentato un approccio soft e poi, all\u2019improvviso, l\u2019ha presa per le spalle tentando di baciarla in bocca. Non \u00e8 riuscito nell\u2019intento solo grazie alla reazione fulminea della ragazza. L\u2019uomo, un 50enne di Farra d\u2019Alpago, \u00e8 stato pochi minuti pi\u00f9 tardi arrestato dai carabinieri per tentata violenza sessuale. Nel giugno del 2016, infatti, era stato denunciato per aver molestato in treno a Feltre una ragazza di 17 anni , era stato condannato a due anni e due mesi per violenza sessuale.<\/p>\n<p><strong class=\"photoswipe-wrapper\">BELLUNO<\/strong>\u00a0Oltre mezzo milione di euro per la difesa del suolo: il consiglio provinciale approva due debiti fuori bilancio per coprire i costi degli interventi a Rocca Pietore e Borca di Cadore.<\/p>\n<p>RIVAMONTE UN NUOVO BANDO PER VALLE IMPERINA<\/p>\n<p>INVESTI SCUOLA: BOGANA VUOLE PORTARE A CASA IL RISULTATO E DE CARLO SCRIVE A <strong>DOLOMITIBUS<\/strong> <em>&#8220;c\u2019\u00e8 margine di operativit\u00e0 affinch\u00e9 la societ\u00e0 possa intervenire in proprio per limitare al minimo i disagi sulle famiglie&#8221;\u00a0<\/em><\/p>\n<p><strong>SOSPIROLO\u00a0\u00a0<\/strong>La commovente storia di Jack, un affettuoso Border Collie di 10 anni, ha suscitato grande preoccupazione e riflessione sulla convivenza tra l\u2019uomo e i lupi. Tanya Balzan, la padrona di Jack, ha lanciato un\u2019accorata lettera sui social, indirizzata anche alle istituzioni locali come la Regione e la Provincia, con la speranza di sensibilizzare e trovare una soluzione pacifica al crescente problema.<\/p>\n<div class=\"moz-text-html\" lang=\"x-unicode\">\n<div dir=\"ltr\">\n<p><strong><span class=\"gmail-Apple-converted-space\">PONTE NELLE ALPI\u00a0<\/span><\/strong>Nuova dottoressa di base a Ponte nelle Alpi: \u00e8 Monica Casanova, che dal 31 agosto assume l\u2019incarico e subentra a Lisa Scapol. Allo stesso tempo, i medici dell\u2019ambito De Pasqual e Lorenzato hanno aumentato i massimali a 1.800 pazienti.<\/p>\n<p><strong class=\"photoswipe-wrapper\">AGORDO<\/strong>\u00a0Anche quest\u2019anno il Gruppo Agordino Mineralogico Paleontologico organizza \u201cI Nos Crot\u201d, tre escursioni nel mese di agosto. Si inizia il 9 agosto con il Passo Giau e Lago Delle Baste,<\/p>\n<p><strong>VALLADA<\/strong>\u00a0Oggi alle 21 alla Biblioteca di Vallada l\u2019incontro con Chicco Cattadori. \u201c4 Passi nella storia della Valle del Biois\u201d il titolo della serata.<\/p>\n<p><strong>AGORDO<\/strong> SABATO SUL BROI DANZA ESTATE CON L\u2019ADA<\/p>\n<p><strong>SELVA DI CADORE\u00a0<\/strong> Scavando nella storia. Dialoghi tra terra, roccia e ghiaccio secondo appuntamento, venerdi alle 18 in sala conferenze del Museo Vittorino Cazzetta \u201cGhiaccio bollente\u201d\u00a0 con\u00a0 Jacopo Gabrieli, ricercatore dell\u2019Istituto di Scienze Polari del Cnr<\/p>\n<p><strong>GOSALDO<\/strong>\u00a0Domenica a Forcella Aurine il mercatino dei prodotti locali e dell\u2019artigianato<\/p>\n<p><strong>VOLTAGO<\/strong>\u00a0Il gruppo Alpini di Voltago organizza per domenica la Festa Alpina di Piandison. Alle 11 l\u2019alzabandiera e a seguire la Santa Messa. Dalle 12:30 pranzo alla Casa di Piandison<\/p>\n<p><strong>CANALE D\u2019AGORDO<\/strong>\u00a0Domenica 13 agosto alle 21 in Sala Emigranti a Canale D\u2019Agordo viene organizzata una serata con Roberto Sorama\u00e8 per parlare dei suoi numerosi viaggi in Africa.<\/p>\n<p><strong>FALCADE<\/strong> Domani allo Stella Alpina<b> <\/b>SMILE IN CONCERTO\u00a0 e tacos con pulled pork fatti in casa<\/p>\n<\/div>\n<\/div>\n<p><strong>MOTORI <\/strong>ALL\u2019ALPE DEL NEVEGAL VERRA\u2019 ASSEGNATO ANCHE IL MEMORIAL GIUSEPPE FESTUCCIA<\/p>\n<p><strong>HOCKEY SU GHIACCIO <\/strong>ALTRA CONFERMA PER LE CIVETTE, SI TRATTA DI MARWIN MARTINI<\/p>\n<p><strong>PODISMO <\/strong>SABATO LA CAMIGNADA KIDS<\/p>\n","protected":false},"excerpt":{"rendered":"<p>TECNOLOGIA AVANZATA, OLTRE UNA SETTIMANA SENZA SERVIZI. DA SABATO\u00a0 29 LUGLIO (19.45) A OGGI IMPRENDITORI E CITTADINI REGOLARMENTE ABBONATI AI SERVIZI\u2026SENZA SERVIZI. PARE CHE FINO A LUNEDI NON MIGLIORERA\u2019 NULLA.\u00a0 ARABBA DI LIVINALLONGO GIORNI SENZA TELEFONO: 5. AGORDINO GIORNI SENZA FIBRA: 6. &nbsp; &nbsp; &nbsp; &nbsp; BELLUNO\u00a0\u00a0Il giorno dell\u2019addio a Giovanni Zagonel, il 71enne ritrovato&hellip;<\/p>\n","protected":false},"author":4,"featured_media":347142,"comment_status":"closed","ping_status":"closed","sticky":false,"template":"","format":"standard","meta":{"_monsterinsights_skip_tracking":false,"_monsterinsights_sitenote_active":false,"_monsterinsights_sitenote_note":"","_monsterinsights_sitenote_category":0,"footnotes":""},"categories":[104,49,142],"tags":[],"class_list":["post-347143","post","type-post","status-publish","format-standard","has-post-thumbnail","hentry","category-evidenza_3","category-news-18","category-rassegna-stampa","category-104","category-49","category-142","description-off"],"img_url":"https:\/\/www.radiopiu.net\/wordpress\/wp-content\/uploads\/2023\/08\/coper-1.png","_links":{"self":[{"href":"https:\/\/www.radiopiu.net\/wordpress\/wp-json\/wp\/v2\/posts\/347143","targetHints":{"allow":["GET"]}}],"collection":[{"href":"https:\/\/www.radiopiu.net\/wordpress\/wp-json\/wp\/v2\/posts"}],"about":[{"href":"https:\/\/www.radiopiu.net\/wordpress\/wp-json\/wp\/v2\/types\/post"}],"author":[{"embeddable":true,"href":"https:\/\/www.radiopiu.net\/wordpress\/wp-json\/wp\/v2\/users\/4"}],"replies":[{"embeddable":true,"href":"https:\/\/www.radiopiu.net\/wordpress\/wp-json\/wp\/v2\/comments?post=347143"}],"version-history":[{"count":0,"href":"https:\/\/www.radiopiu.net\/wordpress\/wp-json\/wp\/v2\/posts\/347143\/revisions"}],"wp:featuredmedia":[{"embeddable":true,"href":"https:\/\/www.radiopiu.net\/wordpress\/wp-json\/wp\/v2\/media\/347142"}],"wp:attachment":[{"href":"https:\/\/www.radiopiu.net\/wordpress\/wp-json\/wp\/v2\/media?parent=347143"}],"wp:term":[{"taxonomy":"category","embeddable":true,"href":"https:\/\/www.radiopiu.net\/wordpress\/wp-json\/wp\/v2\/categories?post=347143"},{"taxonomy":"post_tag","embeddable":true,"href":"https:\/\/www.radiopiu.net\/wordpress\/wp-json\/wp\/v2\/tags?post=347143"}],"curies":[{"name":"wp","href":"https:\/\/api.w.org\/{rel}","templated":true}]}}