{"id":347172,"date":"2023-08-04T05:29:50","date_gmt":"2023-08-04T03:29:50","guid":{"rendered":"https:\/\/www.radiopiu.net\/wordpress\/?p=347172"},"modified":"2023-08-04T05:35:39","modified_gmt":"2023-08-04T03:35:39","slug":"meteo-allerta-gialla-per-temporali-su-tutto-il-territorio-regionale","status":"publish","type":"post","link":"https:\/\/www.radiopiu.net\/wordpress\/meteo-allerta-gialla-per-temporali-su-tutto-il-territorio-regionale\/","title":{"rendered":"METEO. ALLERTA GIALLA PER TEMPORALI SU TUTTO IL TERRITORIO REGIONALE"},"content":{"rendered":"<h3><img loading=\"lazy\" decoding=\"async\" class=\"alignleft\" src=\"https:\/\/www.radiopiu.net\/wordpress\/wp-content\/uploads\/2022\/12\/emanuele-aloia-meteo-300x300.jpg\" width=\"147\" height=\"147\" \/><\/h3>\n<p><strong>VENEZIA<\/strong>\u00a0 Il Meteo regionale segnala dal pomeriggio di oggi, gioved\u00ec 3 agosto e fino alla mattina di sabato 5, fasi di instabilit\u00e0, intervallate da pause, con rovesci e temporali, pi\u00f9 diffusi tra il pomeriggio di venerd\u00ec e le prime ore di sabato. Saranno probabili, specie nella seconda parte di venerd\u00ec (ma non esclusi anche gioved\u00ec), fenomeni intensi con forti rovesci, forti raffiche di vento e grandinate. Sulla base delle previsioni meteo previste, il Centro Funzionale Decentrato della Protezione Civile regionale comunica che, per criticit\u00e0 idrogeologica per temporali, \u00e8 stata dichiarata la fase operativa di \u201cAttenzione\u201d (Gialla) dalle 14 di oggi gioved\u00ec 3 agosto alle 12 di sabato 5 agosto su tutto il territorio regionale.<\/p>\n<p>&nbsp;<\/p>\n<p>&nbsp;<\/p>\n<p>&nbsp;<\/p>\n<p>___<\/p>\n","protected":false},"excerpt":{"rendered":"<p>VENEZIA\u00a0 Il Meteo regionale segnala dal pomeriggio di oggi, gioved\u00ec 3 agosto e fino alla mattina di sabato 5, fasi di instabilit\u00e0, intervallate da pause, con rovesci e temporali, pi\u00f9 diffusi tra il pomeriggio di venerd\u00ec e le prime ore di sabato. Saranno probabili, specie nella seconda parte di venerd\u00ec (ma non esclusi anche gioved\u00ec),&hellip;<\/p>\n","protected":false},"author":4,"featured_media":314351,"comment_status":"closed","ping_status":"closed","sticky":false,"template":"","format":"standard","meta":{"_monsterinsights_skip_tracking":false,"_monsterinsights_sitenote_active":false,"_monsterinsights_sitenote_note":"","_monsterinsights_sitenote_category":0,"footnotes":""},"categories":[51,49],"tags":[],"class_list":["post-347172","post","type-post","status-publish","format-standard","has-post-thumbnail","hentry","category-evidenza-top","category-news-18","category-51","category-49","description-off"],"img_url":"https:\/\/www.radiopiu.net\/wordpress\/wp-content\/uploads\/2022\/12\/emanuele-aloia-meteo-scaled.jpg","_links":{"self":[{"href":"https:\/\/www.radiopiu.net\/wordpress\/wp-json\/wp\/v2\/posts\/347172","targetHints":{"allow":["GET"]}}],"collection":[{"href":"https:\/\/www.radiopiu.net\/wordpress\/wp-json\/wp\/v2\/posts"}],"about":[{"href":"https:\/\/www.radiopiu.net\/wordpress\/wp-json\/wp\/v2\/types\/post"}],"author":[{"embeddable":true,"href":"https:\/\/www.radiopiu.net\/wordpress\/wp-json\/wp\/v2\/users\/4"}],"replies":[{"embeddable":true,"href":"https:\/\/www.radiopiu.net\/wordpress\/wp-json\/wp\/v2\/comments?post=347172"}],"version-history":[{"count":0,"href":"https:\/\/www.radiopiu.net\/wordpress\/wp-json\/wp\/v2\/posts\/347172\/revisions"}],"wp:featuredmedia":[{"embeddable":true,"href":"https:\/\/www.radiopiu.net\/wordpress\/wp-json\/wp\/v2\/media\/314351"}],"wp:attachment":[{"href":"https:\/\/www.radiopiu.net\/wordpress\/wp-json\/wp\/v2\/media?parent=347172"}],"wp:term":[{"taxonomy":"category","embeddable":true,"href":"https:\/\/www.radiopiu.net\/wordpress\/wp-json\/wp\/v2\/categories?post=347172"},{"taxonomy":"post_tag","embeddable":true,"href":"https:\/\/www.radiopiu.net\/wordpress\/wp-json\/wp\/v2\/tags?post=347172"}],"curies":[{"name":"wp","href":"https:\/\/api.w.org\/{rel}","templated":true}]}}