{"id":347270,"date":"2023-08-04T05:21:51","date_gmt":"2023-08-04T03:21:51","guid":{"rendered":"https:\/\/www.radiopiu.net\/wordpress\/?p=347270"},"modified":"2023-08-04T08:35:05","modified_gmt":"2023-08-04T06:35:05","slug":"lagordina-si-e-autodeclassata-giochera-in-terza-categoria","status":"publish","type":"post","link":"https:\/\/www.radiopiu.net\/wordpress\/lagordina-si-e-autodeclassata-giochera-in-terza-categoria\/","title":{"rendered":"L&#8217;AGORDINA SI E&#8217; AUTODECLASSATA, GIOCHERA&#8217; IN TERZA CATEGORIA"},"content":{"rendered":"<p><strong><img loading=\"lazy\" decoding=\"async\" class=\"alignleft\" src=\"https:\/\/www.radiopiu.net\/wordpress\/wp-content\/uploads\/2019\/09\/AGORDINA-CALCIO.jpeg\" width=\"144\" height=\"144\" \/>REDAZIONE<\/strong> Come avevamo anticipato, purtroppo, l&#8217;Agordina per qualche anno non sar\u00e0 pi\u00f9 tra le protagoniste del calcio di seconda categoria. La nuova societ\u00e0 del neo presidente Paolo Del Din ha dovuto calare le brache e rinunciare ad un campionato di prestigio. Quello che manca non sono i soldi o i dirigenti, visto che sono stati nominati i nuovi, quello che manca sono i giocatori,\u00a0 perch\u00e8 18 su 30 hanno scelto di scappare dall&#8217;Agordina verso altre realt\u00e0, evidentemente quanto accade all&#8217;Ivano Dorigo non piace ai giocatori che si preparano a fare gli emigranti del pallone.<\/p>\n<p>Tanta fatica per nulla, la scorsa stagione si \u00e8 infatti chiusa con la difficile sfida (vinta) con il Gemelle. Avvilito l&#8217;ex presidente Cosmo Forcella in esilio da inizio estate <em>&#8220;Dispiace, certo, anche perch\u00e9 in 50 anni una cosa simile non era mai successa. Pur tra mille difficolt\u00e0, ma non ci siamo mai declassati e retrocessi come succede ora, fatto che mi ha tolto il sonno e rovinato l&#8217;estate&#8221;<\/em><\/p>\n<p>L&#8217;Agordina probabilmente,\u00a0 si iscriver\u00e0 ai campionati giovanili, ma i giovani senza una squadra &#8220;che tira&#8221; potrebbero non essere incentivati a vestire la casacca bianco azzurra. Ci potrebbero inoltre essere novit\u00e0 importanti con la scuola calcio, infatti Cosmo Forcella non \u00e8 uomo da divano e non \u00e8 escluso che qualche cosa s&#8217;inventi pur di far crescere i pi\u00f9 piccoli, magari sul campo di casa, a Taibon, che non ha nulla da invidiare ad altri impianti della vallata ed il Gruppo Sportivo Taibon potrebbe cogliere la palla al balzo e creare in paese qualche cosa di unico, come unico lo \u00e8 stato Cosmo Forcella: giocatore, dirigente, presidente, uomo di fatica e delle pulizie.<\/p>\n<hr \/>\n<p>&nbsp;<\/p>\n<p>&nbsp;<\/p>\n<blockquote>\n<h2>PROGRAMMAZIONE AGORDINA CALCIO &#8211; IL COMUNICATO &#8211;<\/h2>\n<\/blockquote>\n<p><img loading=\"lazy\" decoding=\"async\" class=\"alignleft\" src=\"https:\/\/www.radiopiu.net\/wordpress\/wp-content\/uploads\/2018\/10\/CAMPO-IVANO-DORIGO.jpg\" width=\"375\" height=\"211\" \/>La programmazione della stagione 2023 \u2013 24 \u00e8 stata complicata per la Societ\u00e0 US Agordina, il fine stagione con la salvezza all\u2019ultimo minuto dei play out ha lasciato un gruppo squadra provato dalla difficile annata. Per motivi di lavoro, studio o per ricerca di esperienze in categorie superiori, ci hanno lasciato a fine stagione parecchi giocatori che componevano l\u2019ossatura principale della squadra, di questi alcuni erano addii previsti per altri le offerte di societ\u00e0 terze, militanti in categorie superiori, ci hanno portato a perdere gli effettivi anche di un intero reparto (un totale di 18 giocatori su una rosa di 30 effettivi tesserati per i motivi citati non sar\u00e0 pi\u00f9 disponibile per la prossima stagione). Ulteriore tratto, comune per\u00f2 ad altre societ\u00e0, \u00e8 la presenza di quattro ragazzi che frequentano l\u2019universit\u00e0 disponibili pertanto solo parzialmente. Oltre alla problematica giocatori, questa stagione vede anche la problematica del campo di allenamento principale di Agordo legata a ritardi nell\u2019iter progettuale non impotabili al comune di Agordo ma che non ci permettono di conoscere le effettive date di inizio e fine lavori, introducendo una variabile per la quale ad oggi non sappiamo fino a quando e se sar\u00e0 disponibile il campo secondario sul quale si allenano generalmente tutte le categorie con la sola esclusione della scuola calcio (Esordienti, pulcini, piccolo amici e primi calci). Potremmo essere pertanto costretti a chiedere la disponibilit\u00e0 di campi di terzi per garantire alle singole squadre un corretto allenamento. A tale proposito cogliamo qui l\u2019occasione per ringraziare quei comuni e quelle societ\u00e0 che nel passato ci hanno garantito una possibilit\u00e0 di utilizzo delle loro strutture favore dei ragazzi agordini, con un particolare riguardo dimostratoci in questi ultimi anni da parte dell\u2019Amministrazione di Cencenighe Agordino, dal Gruppo Sportivo Cencenighe, Gruppo Sportivo Taibon, Gruppo Sportivo Voltago e Gruppo Sportivo La Valle Agordina. Per questi motivi, dopo aver valutato le varie problematiche, si \u00e8 deciso di cambiare l\u2019approccio degli ultimi anni per quanto riguarda i giocatori riducendo il numero di quelli provenienti da fuori Agordino, maggiormente legati a possibili spostamenti lavorativi, puntando a far crescere i ragazzi delle giovanili cercando di far maturare questi ultimi valorizzando il vivaio. Seppure a malincuore si \u00e8 optato per ripartire dalla terza Categoria, con un nuovo mister, un nuovo staff ed un programma di tre anni per ricreare un gruppo giovane e riportarci in categoria superiore. Nel frattempo stiamo cercando di concretizzare con la Polisportiva Canale d\u2019Agordo una collaborazione che, nelle nostre comuni speranze, ci vedr\u00e0 proporre i ragazzi delle nostre vallate in maniera unitaria, con la finalit\u00e0 di unire le nostre forze e consentire a quanti pi\u00f9 ragazzi possibile di giocare a calcio. Gi\u00e0 nello scorso anno avevamo creato un gruppo di lavoro sul campo comunale di Cencenighe Agordino, gruppo che speriamo di poter sviluppare adeguatamente sulle varie categorie con il supporto delle societ\u00e0 di calcio del Canale d\u2019Agordo e degli altri gruppi sportivi facenti parte del \u201cTorneo Agordino\u201d. Come nelle scorse stagioni saremo impegnati oltre che con la prima squadra con le compagini della Juniores, Allievi, Giovanissimi, Esordienti, pulcini, Piccoli Amici, Primi calci.<\/p>\n<p>&nbsp;<\/p>\n","protected":false},"excerpt":{"rendered":"<p>REDAZIONE Come avevamo anticipato, purtroppo, l&#8217;Agordina per qualche anno non sar\u00e0 pi\u00f9 tra le protagoniste del calcio di seconda categoria. La nuova societ\u00e0 del neo presidente Paolo Del Din ha dovuto calare le brache e rinunciare ad un campionato di prestigio. Quello che manca non sono i soldi o i dirigenti, visto che sono stati&hellip;<\/p>\n","protected":false},"author":4,"featured_media":97575,"comment_status":"closed","ping_status":"closed","sticky":false,"template":"","format":"standard","meta":{"_monsterinsights_skip_tracking":false,"_monsterinsights_sitenote_active":false,"_monsterinsights_sitenote_note":"","_monsterinsights_sitenote_category":0,"footnotes":""},"categories":[104,49],"tags":[],"class_list":["post-347270","post","type-post","status-publish","format-standard","has-post-thumbnail","hentry","category-evidenza_3","category-news-18","category-104","category-49","description-off"],"img_url":"https:\/\/www.radiopiu.net\/wordpress\/wp-content\/uploads\/2019\/09\/AGORDINA-CALCIO.jpeg","_links":{"self":[{"href":"https:\/\/www.radiopiu.net\/wordpress\/wp-json\/wp\/v2\/posts\/347270","targetHints":{"allow":["GET"]}}],"collection":[{"href":"https:\/\/www.radiopiu.net\/wordpress\/wp-json\/wp\/v2\/posts"}],"about":[{"href":"https:\/\/www.radiopiu.net\/wordpress\/wp-json\/wp\/v2\/types\/post"}],"author":[{"embeddable":true,"href":"https:\/\/www.radiopiu.net\/wordpress\/wp-json\/wp\/v2\/users\/4"}],"replies":[{"embeddable":true,"href":"https:\/\/www.radiopiu.net\/wordpress\/wp-json\/wp\/v2\/comments?post=347270"}],"version-history":[{"count":0,"href":"https:\/\/www.radiopiu.net\/wordpress\/wp-json\/wp\/v2\/posts\/347270\/revisions"}],"wp:featuredmedia":[{"embeddable":true,"href":"https:\/\/www.radiopiu.net\/wordpress\/wp-json\/wp\/v2\/media\/97575"}],"wp:attachment":[{"href":"https:\/\/www.radiopiu.net\/wordpress\/wp-json\/wp\/v2\/media?parent=347270"}],"wp:term":[{"taxonomy":"category","embeddable":true,"href":"https:\/\/www.radiopiu.net\/wordpress\/wp-json\/wp\/v2\/categories?post=347270"},{"taxonomy":"post_tag","embeddable":true,"href":"https:\/\/www.radiopiu.net\/wordpress\/wp-json\/wp\/v2\/tags?post=347270"}],"curies":[{"name":"wp","href":"https:\/\/api.w.org\/{rel}","templated":true}]}}