{"id":347307,"date":"2023-08-05T05:13:48","date_gmt":"2023-08-05T03:13:48","guid":{"rendered":"https:\/\/www.radiopiu.net\/wordpress\/?p=347307"},"modified":"2023-08-05T05:27:43","modified_gmt":"2023-08-05T03:27:43","slug":"unico-studenti-il-comune-di-falcade-mette-le-mani-avanti","status":"publish","type":"post","link":"https:\/\/www.radiopiu.net\/wordpress\/unico-studenti-il-comune-di-falcade-mette-le-mani-avanti\/","title":{"rendered":"UNICO STUDENTI, IL COMUNE DI FALCADE METTE LE MANI AVANTI"},"content":{"rendered":"<p><strong><img loading=\"lazy\" decoding=\"async\" class=\"alignleft\" src=\"https:\/\/www.radiopiu.net\/wordpress\/wp-content\/uploads\/2023\/08\/c7efd580-741f-462d-a641-226b7349a366.jpg\" width=\"217\" height=\"122\" \/>FALCADE<\/strong> Diecimila euro, tanto ha accontonato l&#8217;amministrazione comunale per porgere una mano alle famiglie degli studenti del paese. Infatti, i noti problemi legati a &#8220;unico studenti&#8221; hanno convinto sindaco e Giunta a mettere le mani avanti con la speranza che Provincia, Regione, Unione Montana, Comitato Fondi di Confine o altro possano intervenire. <em>&#8220;C&#8217;e&#8217; un rimpallo quotidiano &#8211; ha detto il sindaco &#8211; in parte politico&#8221;. <\/em>Axel De Pellegrini, consigliere di opposizione<em> &#8220;Se \u00e8 un rimpallo politico lo ritengo alquanto assurdo, i giochetti politici non li vogliamo&#8221;<\/em><\/p>\n<p><strong>IL SINDACO MAURO SALVATERRA<\/strong><\/p>\n<audio class=\"wp-audio-shortcode\" id=\"audio-347307-1\" preload=\"none\" style=\"width: 100%;\" controls=\"controls\"><source type=\"audio\/mpeg\" src=\"https:\/\/www.radiopiu.net\/wordpress\/wp-content\/uploads\/2023\/08\/MAURO-SALVATERRA.mp3?_=1\" \/><a href=\"https:\/\/www.radiopiu.net\/wordpress\/wp-content\/uploads\/2023\/08\/MAURO-SALVATERRA.mp3\">https:\/\/www.radiopiu.net\/wordpress\/wp-content\/uploads\/2023\/08\/MAURO-SALVATERRA.mp3<\/a><\/audio>\n<p>&nbsp;<\/p>\n<p><span style=\"color: #0000ff;\"><strong>Qualche numero dal consiglio comunale di Falcade<\/strong><\/span><\/p>\n<p><strong>Rendiconto 2022:<\/strong> avanzo di amministrazione 2.944.600 euro, accantonato 803mila, vincolato 870mila, avanzo disponibile 1 milione 200mila euro. <strong>Settima variazione da 60mila euro: <\/strong>\u00a040mila euro aggiornamento tecnologico gatto delle nevi per le piste di fondo; 15mila macchinari; 7000 euro per l&#8217;iva da pagare circa i lavori del Ponte sul Gavon.<b> <\/b>\u00a0<strong>CISTERNE FORATE<\/strong> Il Comune le compera, spesa 15mila euro, costa di pi\u00f9 affittarle con il rischio di non riuscire a fare i lavori di bonifica in tempi brevi. <strong>Accertamenti e violazioni <\/strong>Imu +25mila euro; Ici +500 euro. <strong>LA CURIOSITA&#8217; il fotovoltaico che rende <\/strong>Ai tempi del sindaco Stefano Murer Falcade ha realizzato un parco fotovoltaico in un paesino dell&#8217;agrigentino (Cattolica), quest&#8217;anno ha reso 6000 euro, gli anni scorsi 3000. <strong>EMIGRANTI<\/strong> Il Comune apre un capitolo di spesa nell&#8217;eventualit\u00e0 debba ospitare altre persone<em> &#8220;massimo uno &#8211; ha detto il sindaco &#8211; che almeno si abbiano i soldi per compare armadio e letto se necessario&#8221;. <\/em><strong>IL MOROSO<\/strong> Falcade (o meglio il Governo visto che ne prende una gran parte per il fondo di solidariet\u00e0 dei Comuni) incassa dall&#8217;Imu 1 milione 74 mila euro. E dagli accertamenti spunta il &#8220;cliente&#8221; moroso, che da anni non paga e deve dare al Comune 206mila euro.\u00a0 Il sindaco ha avviato un&#8217;azione stragiudiziale incassando per ora la met\u00e0 &#8220;Contiamo di portare nelle casse del Comune anche il resto&#8221; ha detto il sindaco Mauro Salvaterra. <strong>Tassa di soggiorno<\/strong> modificate le tariffe (incassi per 150mila euro come nell&#8217;anno precedente), l&#8217;aumento \u00e8 iniziato il 1 luglio.\u00a0 <b>Falcade si adegua<\/b> la maggior parte dei mezzi per l&#8217;inverno diventano mezzi d&#8217;opera con maggiori speranze di trovare operai perch\u00e9 sono mezzi per i quali \u00e8 sufficiente la patente B. Il recente concorso \u00e8 andato deserto, forse con questa variazione qualche cosa potrebbe cambiare. <em>&#8220;Speriamo di trovare qualcuno disposto a fare l&#8217;operaio comunale &#8211; ha detto il consigliere Axel Pellegrini &#8211; lavoro pesante, ma necessario&#8221;.<\/em><\/p>\n<p><span style=\"color: #ff0000;\"><strong>LA DIRETTA DEL CONSIGLIO COMUNALE<\/strong><\/span><\/p>\n<p>https:\/\/www.facebook.com\/marco.baghy.1\/videos\/1650769538755878<\/p>\n<p>&nbsp;<\/p>\n<p>&nbsp;<\/p>\n<hr \/>\n<p>&nbsp;<\/p>\n","protected":false},"excerpt":{"rendered":"<p>FALCADE Diecimila euro, tanto ha accontonato l&#8217;amministrazione comunale per porgere una mano alle famiglie degli studenti del paese. Infatti, i noti problemi legati a &#8220;unico studenti&#8221; hanno convinto sindaco e Giunta a mettere le mani avanti con la speranza che Provincia, Regione, Unione Montana, Comitato Fondi di Confine o altro possano intervenire. &#8220;C&#8217;e&#8217; un rimpallo&hellip;<\/p>\n","protected":false},"author":4,"featured_media":347308,"comment_status":"closed","ping_status":"closed","sticky":false,"template":"","format":"standard","meta":{"_monsterinsights_skip_tracking":false,"_monsterinsights_sitenote_active":false,"_monsterinsights_sitenote_note":"","_monsterinsights_sitenote_category":0,"footnotes":""},"categories":[51,49],"tags":[],"class_list":["post-347307","post","type-post","status-publish","format-standard","has-post-thumbnail","hentry","category-evidenza-top","category-news-18","category-51","category-49","description-off"],"img_url":"https:\/\/www.radiopiu.net\/wordpress\/wp-content\/uploads\/2023\/08\/c7efd580-741f-462d-a641-226b7349a366.jpg","_links":{"self":[{"href":"https:\/\/www.radiopiu.net\/wordpress\/wp-json\/wp\/v2\/posts\/347307","targetHints":{"allow":["GET"]}}],"collection":[{"href":"https:\/\/www.radiopiu.net\/wordpress\/wp-json\/wp\/v2\/posts"}],"about":[{"href":"https:\/\/www.radiopiu.net\/wordpress\/wp-json\/wp\/v2\/types\/post"}],"author":[{"embeddable":true,"href":"https:\/\/www.radiopiu.net\/wordpress\/wp-json\/wp\/v2\/users\/4"}],"replies":[{"embeddable":true,"href":"https:\/\/www.radiopiu.net\/wordpress\/wp-json\/wp\/v2\/comments?post=347307"}],"version-history":[{"count":0,"href":"https:\/\/www.radiopiu.net\/wordpress\/wp-json\/wp\/v2\/posts\/347307\/revisions"}],"wp:featuredmedia":[{"embeddable":true,"href":"https:\/\/www.radiopiu.net\/wordpress\/wp-json\/wp\/v2\/media\/347308"}],"wp:attachment":[{"href":"https:\/\/www.radiopiu.net\/wordpress\/wp-json\/wp\/v2\/media?parent=347307"}],"wp:term":[{"taxonomy":"category","embeddable":true,"href":"https:\/\/www.radiopiu.net\/wordpress\/wp-json\/wp\/v2\/categories?post=347307"},{"taxonomy":"post_tag","embeddable":true,"href":"https:\/\/www.radiopiu.net\/wordpress\/wp-json\/wp\/v2\/tags?post=347307"}],"curies":[{"name":"wp","href":"https:\/\/api.w.org\/{rel}","templated":true}]}}