{"id":347309,"date":"2023-08-05T05:17:32","date_gmt":"2023-08-05T03:17:32","guid":{"rendered":"https:\/\/www.radiopiu.net\/wordpress\/?p=347309"},"modified":"2023-08-05T05:26:20","modified_gmt":"2023-08-05T03:26:20","slug":"ritrovata-viva-escursionista-londinese-dispersa","status":"publish","type":"post","link":"https:\/\/www.radiopiu.net\/wordpress\/ritrovata-viva-escursionista-londinese-dispersa\/","title":{"rendered":"RITROVATA VIVA ESCURSIONISTA LONDINESE DISPERSA"},"content":{"rendered":"<div class=\"group w-full text-token-text-primary border-b border-black\/10 dark:border-gray-900\/50 bg-gray-50 dark:bg-[#444654]\">\n<div class=\"flex p-4 gap-4 text-base md:gap-6 md:max-w-2xl lg:max-w-[38rem] xl:max-w-3xl md:py-6 lg:px-0 m-auto\">\n<div class=\"relative flex w-[calc(100%-50px)] flex-col gap-1 md:gap-3 lg:w-[calc(100%-115px)]\">\n<div class=\"flex flex-grow flex-col gap-3\">\n<div class=\"min-h-[20px] flex flex-col items-start gap-3 overflow-x-auto whitespace-pre-wrap break-words\">\n<div class=\"markdown prose w-full break-words dark:prose-invert light\">\n<blockquote><p><em>L&#8217;operazione di soccorso \u00e8 stata condotta in collaborazione tra il Soccorso alpino Dolomiti Bellunesi, il Soccorso alpino di Cortina, San Vito di Cadore e la Guardia di Finanza di Cortina.<\/em><\/p><\/blockquote>\n<\/div>\n<\/div>\n<\/div>\n<div class=\"flex justify-between lg:block\">\n<div class=\"text-gray-400 flex self-end lg:self-center justify-center mt-2 gap-2 md:gap-3 lg:gap-1 lg:absolute lg:top-0 lg:translate-x-full lg:right-0 lg:mt-0 lg:pl-2 visible\"><strong>CORTINA<\/strong> Un&#8217;escursionista di 38 anni \u00e8 stata ritrovata viva ma ferita dopo una notte passata all&#8217;aperto. La donna, residente a Londra, aveva attivato l&#8217;allarme quando non era rientrata dopo una gita escursionistica. I soccorsi sono stati avviati ieri sera quando il gestore del Rifugio Vandelli, dove l&#8217;escursionista aveva trascorso la notte precedente, ha notato la sua assenza. La donna era uscita al mattino senza specificare la destinazione. Dopo che non aveva fatto ritorno e il suo cellulare non era raggiungibile, \u00e8 stato richiesto l&#8217;intervento delle autorit\u00e0.\u00a0 Dalle tracce GPS e dalle informazioni fornite dai Carabinieri, \u00e8 emerso che l&#8217;ultima cella del suo cellulare era stata agganciata vicino a Santa Fosca. Si pensava quindi che stesse seguendo un percorso escursionistico noto come il giro del Sorapis lungo la Cengia del Banco. Questa mattina, un elicottero del servizio di soccorso alpino Dolomiti Bellunesi ha iniziato a cercare l&#8217;escursionista. Grazie all&#8217;attenzione dei soccorritori, \u00e8 stata individuata una tenda sotto il sentiero Minazio. Successivamente, un chilometro pi\u00f9 avanti, \u00e8 stata localizzata la donna che si trovava in una canalina. Dopo aver verificato le sue condizioni, \u00e8 stata richiesta un&#8217;eliambulanza da Pieve di Cadore.<\/div>\n<div>\n<div class=\"flex-1 overflow-hidden\">\n<div class=\"react-scroll-to-bottom--css-tmsct-79elbk h-full dark:bg-gray-800\">\n<div class=\"react-scroll-to-bottom--css-tmsct-1n7m0yu\">\n<div class=\"flex flex-col text-sm dark:bg-gray-800\">\n<div class=\"group w-full text-token-text-primary border-b border-black\/10 dark:border-gray-900\/50 bg-gray-50 dark:bg-[#444654]\">\n<div class=\"flex p-4 gap-4 text-base md:gap-6 md:max-w-2xl lg:max-w-[38rem] xl:max-w-3xl md:py-6 lg:px-0 m-auto\">\n<div class=\"relative flex w-[calc(100%-50px)] flex-col gap-1 md:gap-3 lg:w-[calc(100%-115px)]\">\n<div class=\"flex flex-grow flex-col gap-3\">\n<div class=\"min-h-[20px] flex flex-col items-start gap-3 overflow-x-auto whitespace-pre-wrap break-words\">\n<div class=\"markdown prose w-full break-words dark:prose-invert light\">\n<p>L&#8217;escursionista \u00e8 stata soccorsa da una squadra medica e un tecnico di elisoccorso, che hanno prestato le prime cure per sospetti traumi multipli. Successivamente, \u00e8 stata trasportata in ospedale a Treviso. Si \u00e8 appreso che la donna stava percorrendo il sentiero Minazio, che collega Forcella Grande al Bivacco Comici, quando \u00e8 scivolata tra le rocce per circa 40 metri e ha proseguito il suo percorso cadendo ancora per alcune decine di metri su un prato.<\/p>\n<\/div>\n<\/div>\n<\/div>\n<\/div>\n<\/div>\n<\/div>\n<\/div>\n<\/div>\n<\/div>\n<\/div>\n<div class=\"absolute bottom-0 left-0 w-full border-t md:border-t-0 dark:border-white\/20 md:border-transparent md:dark:border-transparent md:bg-vert-light-gradient bg-white dark:bg-gray-800 md:!bg-transparent dark:md:bg-vert-dark-gradient pt-2 md:pl-2 md:w-[calc(100%-.5rem)]\">\n<form class=\"stretch mx-2 flex flex-row gap-3 last:mb-2 md:mx-4 md:last:mb-6 lg:mx-auto lg:max-w-2xl xl:max-w-3xl\">\n<div class=\"relative flex h-full flex-1 items-stretch md:flex-col\" role=\"presentation\">\n<div class=\"h-full flex ml-1 md:w-full md:m-auto md:mb-4 gap-0 md:gap-2 justify-center\"><\/div>\n<\/div>\n<\/form>\n<\/div>\n<\/div>\n<\/div>\n<\/div>\n<\/div>\n<\/div>\n","protected":false},"excerpt":{"rendered":"<p>L&#8217;operazione di soccorso \u00e8 stata condotta in collaborazione tra il Soccorso alpino Dolomiti Bellunesi, il Soccorso alpino di Cortina, San Vito di Cadore e la Guardia di Finanza di Cortina. CORTINA Un&#8217;escursionista di 38 anni \u00e8 stata ritrovata viva ma ferita dopo una notte passata all&#8217;aperto. La donna, residente a Londra, aveva attivato l&#8217;allarme quando&hellip;<\/p>\n","protected":false},"author":4,"featured_media":298850,"comment_status":"closed","ping_status":"closed","sticky":false,"template":"","format":"standard","meta":{"_monsterinsights_skip_tracking":false,"_monsterinsights_sitenote_active":false,"_monsterinsights_sitenote_note":"","_monsterinsights_sitenote_category":0,"footnotes":""},"categories":[51,49],"tags":[],"class_list":["post-347309","post","type-post","status-publish","format-standard","has-post-thumbnail","hentry","category-evidenza-top","category-news-18","category-51","category-49","description-off"],"img_url":"https:\/\/www.radiopiu.net\/wordpress\/wp-content\/uploads\/2022\/09\/309142707_771246390814523_5693451179006834112_n.jpg","_links":{"self":[{"href":"https:\/\/www.radiopiu.net\/wordpress\/wp-json\/wp\/v2\/posts\/347309","targetHints":{"allow":["GET"]}}],"collection":[{"href":"https:\/\/www.radiopiu.net\/wordpress\/wp-json\/wp\/v2\/posts"}],"about":[{"href":"https:\/\/www.radiopiu.net\/wordpress\/wp-json\/wp\/v2\/types\/post"}],"author":[{"embeddable":true,"href":"https:\/\/www.radiopiu.net\/wordpress\/wp-json\/wp\/v2\/users\/4"}],"replies":[{"embeddable":true,"href":"https:\/\/www.radiopiu.net\/wordpress\/wp-json\/wp\/v2\/comments?post=347309"}],"version-history":[{"count":0,"href":"https:\/\/www.radiopiu.net\/wordpress\/wp-json\/wp\/v2\/posts\/347309\/revisions"}],"wp:featuredmedia":[{"embeddable":true,"href":"https:\/\/www.radiopiu.net\/wordpress\/wp-json\/wp\/v2\/media\/298850"}],"wp:attachment":[{"href":"https:\/\/www.radiopiu.net\/wordpress\/wp-json\/wp\/v2\/media?parent=347309"}],"wp:term":[{"taxonomy":"category","embeddable":true,"href":"https:\/\/www.radiopiu.net\/wordpress\/wp-json\/wp\/v2\/categories?post=347309"},{"taxonomy":"post_tag","embeddable":true,"href":"https:\/\/www.radiopiu.net\/wordpress\/wp-json\/wp\/v2\/tags?post=347309"}],"curies":[{"name":"wp","href":"https:\/\/api.w.org\/{rel}","templated":true}]}}