{"id":347328,"date":"2023-08-04T15:00:56","date_gmt":"2023-08-04T13:00:56","guid":{"rendered":"https:\/\/www.radiopiu.net\/wordpress\/?p=347328"},"modified":"2023-08-04T15:15:04","modified_gmt":"2023-08-04T13:15:04","slug":"gianni-scola-torna-a-difendere-i-pali-delle-civette","status":"publish","type":"post","link":"https:\/\/www.radiopiu.net\/wordpress\/gianni-scola-torna-a-difendere-i-pali-delle-civette\/","title":{"rendered":"GIANNI SCOLA TORNA A DIFENDERE I PALI DELLE CIVETTE"},"content":{"rendered":"<p><strong><a class=\"dt-pswp-item\" href=\"https:\/\/www.radiopiu.net\/wordpress\/wp-content\/uploads\/2023\/08\/dce3d56b-a1f8-487f-989e-e20701a140e4.jpg\" data-dt-img-description=\"\" data-large_image_width=\"1024\" data-large_image_height=\"789\"><img loading=\"lazy\" decoding=\"async\" class=\" wp-image-347330 alignleft\" src=\"https:\/\/www.radiopiu.net\/wordpress\/wp-content\/uploads\/2023\/08\/dce3d56b-a1f8-487f-989e-e20701a140e4-300x231.jpg\" alt=\"\" width=\"181\" height=\"139\" srcset=\"https:\/\/www.radiopiu.net\/wordpress\/wp-content\/uploads\/2023\/08\/dce3d56b-a1f8-487f-989e-e20701a140e4-300x231.jpg 300w, https:\/\/www.radiopiu.net\/wordpress\/wp-content\/uploads\/2023\/08\/dce3d56b-a1f8-487f-989e-e20701a140e4-768x592.jpg 768w, https:\/\/www.radiopiu.net\/wordpress\/wp-content\/uploads\/2023\/08\/dce3d56b-a1f8-487f-989e-e20701a140e4.jpg 1024w\" sizes=\"auto, (max-width: 181px) 100vw, 181px\" \/><\/a>di Roberto Miana, portavoce dell&#8217;Alleghe Hockey<\/strong><\/p>\n<p>La societ\u00e0 Alleghe Hockey piazza un altro colpo di mercato, annunciando il ritorno a difesa della propria gabbia di GIANNI SCOLA. Il forte goalie Fassano ha lasciato un ottimo ricordo ad Alleghe nelle tre stagioni passate all\u2019ombra del Civetta tra il 2019 e il 2022. Oltre che per seriet\u00e0 e professionalit\u00e0 dentro e fuori dal ghiaccio, era stato in grado di cambiare il rendimento della squadra, attestandosi con una percentuale di parate attorno al 90%, guadagnandosi cos\u00ec la fiducia di tutto l\u2019ambiente biancorosso. Il suo ritorno in riva al lago \u00e8 un tassello fondamentale nel puzzle che la dirigenza sta costruendo con grande impegno. Gianni, classe 1995 di Canazei, 181 cm per 80 kg, nella vita di tutti i giorni si occupa con grande passione di montaggio e smontaggio gru nell\u2019azienda di famiglia e oltre all\u2019hockey ha una grande passione per la bicicletta. Ha costruito la sua carriera hockeistica partendo dalle giovanili del Fassa per arrivare alla squadra senior, dove si \u00e8 messo in mostra con buone prestazioni. In nove anni di carriera in prima squadra tra Fassa ed Alleghe ha disputato 193 gare tra AHL, serie A, IHL e coppa Italia. \u00c8 stato costretto a fermarsi la scorsa stagione per un problema alla spalla, poi risolto grazie ad un intervento chirurgico. Con la sua consueta disponibilit\u00e0, Gianni si \u00e8 cos\u00ec raccontato: \u201cHo deciso di tornare ad Alleghe grazie al direttore sportivo Manuel Da Tos, con il quale sono sempre stato in contatto. Manuel mi ha pi\u00f9 volte detto delle difficolt\u00e0 di trovare un buon portiere, ed \u00e8 cos\u00ec che mi ha convinto a rimettermi in gioco. Il problema alla spalla sembrerebbe risolto, ho ancora un po\u2019 di fastidio quando cambia il tempo, ma rispetto a prima \u00e8 migliorata molto! Fisicamente mi sento bene, sicuramente stare fermo una stagione non \u00e8 stato positivo, ma adesso sar\u00e0 importante fare molti allenamenti sul ghiaccio per arrivare pronto all\u2019inizio della nuova stagione. Coach Scapinello non lo conosco personalmente, ma presto avr\u00f2 il piacere di fare la sua conoscenza. Sono contento di tornare in biancorosso anche perch\u00e9 ritrovo tanti compagni di squadra con i quali avevo legato e con i quali mi sono trovato molto bene\u201d Bentornato ad Alleghe Gianni<\/p>\n<p>(foto: Matteo Floridia)<\/p>\n<p>&nbsp;<\/p>\n<p>&nbsp;<\/p>\n<p>******<\/p>\n","protected":false},"excerpt":{"rendered":"<p>di Roberto Miana, portavoce dell&#8217;Alleghe Hockey La societ\u00e0 Alleghe Hockey piazza un altro colpo di mercato, annunciando il ritorno a difesa della propria gabbia di GIANNI SCOLA. Il forte goalie Fassano ha lasciato un ottimo ricordo ad Alleghe nelle tre stagioni passate all\u2019ombra del Civetta tra il 2019 e il 2022. Oltre che per seriet\u00e0&hellip;<\/p>\n","protected":false},"author":4,"featured_media":347330,"comment_status":"closed","ping_status":"closed","sticky":false,"template":"","format":"standard","meta":{"_monsterinsights_skip_tracking":false,"_monsterinsights_sitenote_active":false,"_monsterinsights_sitenote_note":"","_monsterinsights_sitenote_category":0,"footnotes":""},"categories":[49],"tags":[],"class_list":["post-347328","post","type-post","status-publish","format-standard","has-post-thumbnail","hentry","category-news-18","category-49","description-off"],"img_url":"https:\/\/www.radiopiu.net\/wordpress\/wp-content\/uploads\/2023\/08\/dce3d56b-a1f8-487f-989e-e20701a140e4.jpg","_links":{"self":[{"href":"https:\/\/www.radiopiu.net\/wordpress\/wp-json\/wp\/v2\/posts\/347328","targetHints":{"allow":["GET"]}}],"collection":[{"href":"https:\/\/www.radiopiu.net\/wordpress\/wp-json\/wp\/v2\/posts"}],"about":[{"href":"https:\/\/www.radiopiu.net\/wordpress\/wp-json\/wp\/v2\/types\/post"}],"author":[{"embeddable":true,"href":"https:\/\/www.radiopiu.net\/wordpress\/wp-json\/wp\/v2\/users\/4"}],"replies":[{"embeddable":true,"href":"https:\/\/www.radiopiu.net\/wordpress\/wp-json\/wp\/v2\/comments?post=347328"}],"version-history":[{"count":0,"href":"https:\/\/www.radiopiu.net\/wordpress\/wp-json\/wp\/v2\/posts\/347328\/revisions"}],"wp:featuredmedia":[{"embeddable":true,"href":"https:\/\/www.radiopiu.net\/wordpress\/wp-json\/wp\/v2\/media\/347330"}],"wp:attachment":[{"href":"https:\/\/www.radiopiu.net\/wordpress\/wp-json\/wp\/v2\/media?parent=347328"}],"wp:term":[{"taxonomy":"category","embeddable":true,"href":"https:\/\/www.radiopiu.net\/wordpress\/wp-json\/wp\/v2\/categories?post=347328"},{"taxonomy":"post_tag","embeddable":true,"href":"https:\/\/www.radiopiu.net\/wordpress\/wp-json\/wp\/v2\/tags?post=347328"}],"curies":[{"name":"wp","href":"https:\/\/api.w.org\/{rel}","templated":true}]}}