{"id":347411,"date":"2023-08-05T05:04:24","date_gmt":"2023-08-05T03:04:24","guid":{"rendered":"https:\/\/www.radiopiu.net\/wordpress\/?p=347411"},"modified":"2023-08-05T05:30:52","modified_gmt":"2023-08-05T03:30:52","slug":"oasi-papa-luciani-di-ghisel-a-cencenighe-45-anni-di-crescita-e-celebrazioni","status":"publish","type":"post","link":"https:\/\/www.radiopiu.net\/wordpress\/oasi-papa-luciani-di-ghisel-a-cencenighe-45-anni-di-crescita-e-celebrazioni\/","title":{"rendered":"Oasi Papa Luciani di Ghisel a Cencenighe: 45 anni di crescita e celebrazioni"},"content":{"rendered":"<p><strong>CENCENIGHE\u00a0 <\/strong>L&#8217;Oasi Papa Luciani di Ghisel domani festegger\u00e0 il suo 45\u00ba anniversario. Fondata nel 1978 grazie all&#8217;iniziativa di don Ettore Fornezza e l&#8217;allora Patriarca di Venezia Albino Luciani, l&#8217;Oasi \u00e8 cresciuta da una piccola comunit\u00e0 di pastori montanari ad un luogo vibrante di amicizia, collaborazione e solidariet\u00e0. In occasione del tradizionale evento &#8220;Ghisel in Festa,&#8221; volontari e abitanti della valle del Cordevole si uniranno per partecipare alla Santa Messa e condividere un pranzo comunitario. L&#8217;Oasi \u00e8 stata plasmata dal contributo di numerose persone nel corso degli anni, ciascuna apportando il proprio sforzo nella crescita del borgo.\u00a0 Don Ettore Fornezza, fondatore dell&#8217;Oasi, desidera con &#8220;Ghisel in Festa&#8221; ringraziare coloro che hanno sostenuto e alimentato questa realt\u00e0 incastonata nelle Dolomiti. L&#8217;Oasi \u00e8 dedicata a Giovanni Paolo. Nonostante le difficolt\u00e0 causate dalla tempesta Vaia nel 2018, l&#8217;impegno della comunit\u00e0 ha permesso di ripristinare sentieri e strutture. Grazie al sostegno finanziario della Regione Veneto e del Comune di Cencenighe, il sentiero \u00e8 nuovamente accessibile. Durante le celebrazioni del 45\u00ba anniversario, verranno inaugurati pannelli fotovoltaici che forniranno energia pulita all&#8217;Oasi. Questo progetto \u00e8 stato reso possibile dal contributo delle associazioni no-profit e di volontariato, grazie a fondi messi a disposizione dal Sindaco di Venezia. Domani la giornata offrir\u00e0 non solo la possibilit\u00e0 di partecipare alla Santa Messa guidata da don Ettore, ma anche di ammirare la statua di Papa Luciani all&#8217;ingresso dell&#8217;Oasi e il nuovo sistema di energia solare. Il pranzo offerto dai volontari dell&#8217;Oasi dar\u00e0 l&#8217;opportunit\u00e0 di condividere un momento di gioia e fraternit\u00e0.<\/p>\n\n\t\t\t<style type='text\/css'>\n\t\t\t\t#gallery-1 {\n\t\t\t\t\tmargin: auto;\n\t\t\t\t}\n\t\t\t\t#gallery-1 .gallery-item {\n\t\t\t\t\tfloat: left;\n\t\t\t\t\tmargin-top: 10px;\n\t\t\t\t\ttext-align: center;\n\t\t\t\t\twidth: 33%;\n\t\t\t\t}\n\t\t\t\t#gallery-1 img {\n\t\t\t\t\tborder: 2px solid #cfcfcf;\n\t\t\t\t}\n\t\t\t\t#gallery-1 .gallery-caption {\n\t\t\t\t\tmargin-left: 0;\n\t\t\t\t}\n\t\t\t\t\/* see gallery_shortcode() in wp-includes\/media.php *\/\n\t\t\t<\/style>\n\t\t<div id='gallery-1' class='dt-gallery-container gallery galleryid-347411 gallery-columns-3 gallery-size-thumbnail'><dl class='gallery-item'>\n\t\t\t\t<dt class='gallery-icon landscape'>\n\t\t\t\t\t<a class=\"rollover rollover-zoom dt-pswp-item\" title=\"a7b1f409-09e6-4bbd-97ff-23ca49088e95\" data-dt-img-description=\"\" data-large_image_width=\"1024\" data-large_image_height=\"576\"href='https:\/\/www.radiopiu.net\/wordpress\/wp-content\/uploads\/2023\/08\/a7b1f409-09e6-4bbd-97ff-23ca49088e95.jpg'><img loading=\"lazy\" decoding=\"async\" width=\"150\" height=\"150\" src=\"https:\/\/www.radiopiu.net\/wordpress\/wp-content\/uploads\/2023\/08\/a7b1f409-09e6-4bbd-97ff-23ca49088e95-150x150.jpg\" class=\"attachment-thumbnail size-thumbnail\" alt=\"\" \/><\/a>\n\t\t\t\t<\/dt><\/dl><dl class='gallery-item'>\n\t\t\t\t<dt class='gallery-icon portrait'>\n\t\t\t\t\t<a class=\"rollover rollover-zoom dt-pswp-item\" title=\"966e5a07-c3a4-4fdf-b7be-06fd846ef549\" data-dt-img-description=\"\" data-large_image_width=\"768\" data-large_image_height=\"1024\"href='https:\/\/www.radiopiu.net\/wordpress\/wp-content\/uploads\/2023\/08\/966e5a07-c3a4-4fdf-b7be-06fd846ef549.jpg'><img loading=\"lazy\" decoding=\"async\" width=\"150\" height=\"150\" src=\"https:\/\/www.radiopiu.net\/wordpress\/wp-content\/uploads\/2023\/08\/966e5a07-c3a4-4fdf-b7be-06fd846ef549-150x150.jpg\" class=\"attachment-thumbnail size-thumbnail\" alt=\"\" \/><\/a>\n\t\t\t\t<\/dt><\/dl><dl class='gallery-item'>\n\t\t\t\t<dt class='gallery-icon landscape'>\n\t\t\t\t\t<a class=\"rollover rollover-zoom dt-pswp-item\" title=\"cc7c9354-ffd7-4fd1-83dc-97fc01171101\" data-dt-img-description=\"\" data-large_image_width=\"1024\" data-large_image_height=\"576\"href='https:\/\/www.radiopiu.net\/wordpress\/wp-content\/uploads\/2023\/08\/cc7c9354-ffd7-4fd1-83dc-97fc01171101.jpg'><img loading=\"lazy\" decoding=\"async\" width=\"150\" height=\"150\" src=\"https:\/\/www.radiopiu.net\/wordpress\/wp-content\/uploads\/2023\/08\/cc7c9354-ffd7-4fd1-83dc-97fc01171101-150x150.jpg\" class=\"attachment-thumbnail size-thumbnail\" alt=\"\" \/><\/a>\n\t\t\t\t<\/dt><\/dl><br style=\"clear: both\" \/><dl class='gallery-item'>\n\t\t\t\t<dt class='gallery-icon landscape'>\n\t\t\t\t\t<a class=\"rollover rollover-zoom dt-pswp-item\" title=\"2204107c-6469-4e28-aa68-e4c9a339caba\" data-dt-img-description=\"\" data-large_image_width=\"1024\" data-large_image_height=\"768\"href='https:\/\/www.radiopiu.net\/wordpress\/wp-content\/uploads\/2023\/08\/2204107c-6469-4e28-aa68-e4c9a339caba.jpg'><img loading=\"lazy\" decoding=\"async\" width=\"150\" height=\"150\" src=\"https:\/\/www.radiopiu.net\/wordpress\/wp-content\/uploads\/2023\/08\/2204107c-6469-4e28-aa68-e4c9a339caba-150x150.jpg\" class=\"attachment-thumbnail size-thumbnail\" alt=\"\" \/><\/a>\n\t\t\t\t<\/dt><\/dl><dl class='gallery-item'>\n\t\t\t\t<dt class='gallery-icon landscape'>\n\t\t\t\t\t<a class=\"rollover rollover-zoom dt-pswp-item\" title=\"faedecfc-8e61-45f3-bca5-e8d2ce460374\" data-dt-img-description=\"\" data-large_image_width=\"1024\" data-large_image_height=\"769\"href='https:\/\/www.radiopiu.net\/wordpress\/wp-content\/uploads\/2023\/08\/faedecfc-8e61-45f3-bca5-e8d2ce460374.jpg'><img loading=\"lazy\" decoding=\"async\" width=\"150\" height=\"150\" src=\"https:\/\/www.radiopiu.net\/wordpress\/wp-content\/uploads\/2023\/08\/faedecfc-8e61-45f3-bca5-e8d2ce460374-150x150.jpg\" class=\"attachment-thumbnail size-thumbnail\" alt=\"\" \/><\/a>\n\t\t\t\t<\/dt><\/dl><dl class='gallery-item'>\n\t\t\t\t<dt class='gallery-icon landscape'>\n\t\t\t\t\t<a class=\"rollover rollover-zoom dt-pswp-item\" title=\"f31ee543-74d5-45b0-b62e-cd3a5d5a0fe8\" data-dt-img-description=\"\" data-large_image_width=\"1024\" data-large_image_height=\"768\"href='https:\/\/www.radiopiu.net\/wordpress\/wp-content\/uploads\/2023\/08\/f31ee543-74d5-45b0-b62e-cd3a5d5a0fe8.jpg'><img loading=\"lazy\" decoding=\"async\" width=\"150\" height=\"150\" src=\"https:\/\/www.radiopiu.net\/wordpress\/wp-content\/uploads\/2023\/08\/f31ee543-74d5-45b0-b62e-cd3a5d5a0fe8-150x150.jpg\" class=\"attachment-thumbnail size-thumbnail\" alt=\"\" \/><\/a>\n\t\t\t\t<\/dt><\/dl><br style=\"clear: both\" \/>\n\t\t\t<\/div>\n\n<div class=\"absolute bottom-0 left-0 w-full border-t md:border-t-0 dark:border-white\/20 md:border-transparent md:dark:border-transparent md:bg-vert-light-gradient bg-white dark:bg-gray-800 md:!bg-transparent dark:md:bg-vert-dark-gradient pt-2 md:pl-2 md:w-[calc(100%-.5rem)]\">\n<form class=\"stretch mx-2 flex flex-row gap-3 last:mb-2 md:mx-4 md:last:mb-6 lg:mx-auto lg:max-w-2xl xl:max-w-3xl\">\n<div class=\"relative flex h-full flex-1 items-stretch md:flex-col\" role=\"presentation\">\n<div>\n<div class=\"h-full flex ml-1 md:w-full md:m-auto md:mb-4 gap-0 md:gap-2 justify-center\"><\/div>\n<\/div>\n<\/div>\n<\/form>\n<\/div>\n","protected":false},"excerpt":{"rendered":"<p>CENCENIGHE\u00a0 L&#8217;Oasi Papa Luciani di Ghisel domani festegger\u00e0 il suo 45\u00ba anniversario. Fondata nel 1978 grazie all&#8217;iniziativa di don Ettore Fornezza e l&#8217;allora Patriarca di Venezia Albino Luciani, l&#8217;Oasi \u00e8 cresciuta da una piccola comunit\u00e0 di pastori montanari ad un luogo vibrante di amicizia, collaborazione e solidariet\u00e0. In occasione del tradizionale evento &#8220;Ghisel in Festa,&#8221;&hellip;<\/p>\n","protected":false},"author":4,"featured_media":347413,"comment_status":"closed","ping_status":"closed","sticky":false,"template":"","format":"standard","meta":{"_monsterinsights_skip_tracking":false,"_monsterinsights_sitenote_active":false,"_monsterinsights_sitenote_note":"","_monsterinsights_sitenote_category":0,"footnotes":""},"categories":[104,49],"tags":[],"class_list":["post-347411","post","type-post","status-publish","format-standard","has-post-thumbnail","hentry","category-evidenza_3","category-news-18","category-104","category-49","description-off"],"img_url":"https:\/\/www.radiopiu.net\/wordpress\/wp-content\/uploads\/2023\/08\/a7b1f409-09e6-4bbd-97ff-23ca49088e95.jpg","_links":{"self":[{"href":"https:\/\/www.radiopiu.net\/wordpress\/wp-json\/wp\/v2\/posts\/347411","targetHints":{"allow":["GET"]}}],"collection":[{"href":"https:\/\/www.radiopiu.net\/wordpress\/wp-json\/wp\/v2\/posts"}],"about":[{"href":"https:\/\/www.radiopiu.net\/wordpress\/wp-json\/wp\/v2\/types\/post"}],"author":[{"embeddable":true,"href":"https:\/\/www.radiopiu.net\/wordpress\/wp-json\/wp\/v2\/users\/4"}],"replies":[{"embeddable":true,"href":"https:\/\/www.radiopiu.net\/wordpress\/wp-json\/wp\/v2\/comments?post=347411"}],"version-history":[{"count":0,"href":"https:\/\/www.radiopiu.net\/wordpress\/wp-json\/wp\/v2\/posts\/347411\/revisions"}],"wp:featuredmedia":[{"embeddable":true,"href":"https:\/\/www.radiopiu.net\/wordpress\/wp-json\/wp\/v2\/media\/347413"}],"wp:attachment":[{"href":"https:\/\/www.radiopiu.net\/wordpress\/wp-json\/wp\/v2\/media?parent=347411"}],"wp:term":[{"taxonomy":"category","embeddable":true,"href":"https:\/\/www.radiopiu.net\/wordpress\/wp-json\/wp\/v2\/categories?post=347411"},{"taxonomy":"post_tag","embeddable":true,"href":"https:\/\/www.radiopiu.net\/wordpress\/wp-json\/wp\/v2\/tags?post=347411"}],"curies":[{"name":"wp","href":"https:\/\/api.w.org\/{rel}","templated":true}]}}