{"id":347430,"date":"2023-08-05T09:50:37","date_gmt":"2023-08-05T07:50:37","guid":{"rendered":"https:\/\/www.radiopiu.net\/wordpress\/?p=347430"},"modified":"2023-08-05T09:55:01","modified_gmt":"2023-08-05T07:55:01","slug":"loriginale-alle-otto-del-mattino-dal-1983-la-rassegna-stampa-locale-di-mirko-mezzacasa","status":"publish","type":"post","link":"https:\/\/www.radiopiu.net\/wordpress\/loriginale-alle-otto-del-mattino-dal-1983-la-rassegna-stampa-locale-di-mirko-mezzacasa\/","title":{"rendered":"L&#8217;ORIGINALE ALLE OTTO DEL MATTINO, dal 1983 la rassegna stampa locale di mirko mezzacasa"},"content":{"rendered":"<p>&nbsp;<\/p>\n<p><iframe loading=\"lazy\" title=\"RASSEGNA STAMPA LOCALE\" width=\"1200\" height=\"675\" src=\"https:\/\/www.youtube.com\/embed\/eRQshVkJoso?feature=oembed\" frameborder=\"0\" allow=\"accelerometer; autoplay; clipboard-write; encrypted-media; gyroscope; picture-in-picture; web-share\" allowfullscreen><\/iframe><\/p>\n<p>&nbsp;<\/p>\n<p>ACQUA INQUINATA<br \/>\nLA VALLE\u00a0 nelle localit\u00e0 MUDA EST E AGRE l&#8217;acqua erogata dall&#8217;acquedotto non \u00e8 potabile e pu\u00f2 essere usata per scopi alimentari solo previa bollitura.\u00a0 CENCENIGHE a PRA&#8217; DI MEZZO a CENCENIGHE l&#8217;acqua erogata dall&#8217;acquedotto non \u00e8 potabile .\u00a0LIVINALLONGO Acqua inquinata nelle localit\u00e0 BRENTA e VARDA.<br \/>\nLIVINALLONGO Ci ha lasciato Raia, in terra Fodom era consosciuto con questo nome. Raffaele Crepaz &#8220;de Felizon&#8221;, noto e stimato maestro di sci. Paese in lutto e il primo messaggio di cordoglio \u00e8 della scuola di sci di Arabba<br \/>\nRITROVATA VIVA ESCURSIONISTA LONDINESE DISPERSA<br \/>\nL&#8217;operazione di soccorso \u00e8 stata condotta in collaborazione tra il Soccorso alpino Dolomiti Bellunesi, il Soccorso alpino di Cortina, San Vito di Cadore e la Guardia di Finanza di Cortina.<br \/>\nBELLUNO Aumentano le richieste di soccorso al Suem 118 in questi primi sei mesi del 2023, e nella maggior parte dei casi gli interventi sono dovuti a impreparazione e poca conoscenza dell&#8217;ambiente: questa la situazione illustrata, dati alla mano, dall&#8217;Ulss 1 Dolomiti con il Soccorso Alpino.<br \/>\nFALCADE Diecimila euro, tanto ha accontonato l&#8217;amministrazione comunale per porgere una mano alle famiglie degli studenti del paese. Infatti, i noti problemi legati a &#8220;unico studenti&#8221; hanno convinto sindaco e Giunta a mettere le mani avanti con la speranza che Provincia, Regione, Unione Montana, Comitato Fondi di Confine o altro possano intervenire. APPROVATO IL POTENZIAMENTO DELL&#8217;IMPIANTO DI INNEVAMENTO DI COL MARGHERITA<br \/>\nCORTINA\u00a0 La funivia del monte Faloria riapre\u00a0 dopo che era stata imposta la chiusura lo scorso\u00a0 sabato 15 luglio, perch\u00e9 era necessario eseguire lo scorrimento della fune portante come succede ogni 7 anni.<br \/>\nVENEZIA \u201cIl tempo da oggi a quando i lavoratori si incontreranno ancora con i sindacati venga utilizzato dalle aziende coinvolte in questo percorso per fornire le ulteriori informazioni di contenuto e procedurali richieste rispetto ai progetti industriali e alla loro attuazione\u201d. Cos\u00ec l\u2019Assessore regionale al lavoro Elena Donazzan interviene in merito alle evoluzioni della crisi dell\u2019azienda Safilo di Longarone<br \/>\nPISTA DA BOB OLIMPIADI, OPZIONE INNSBRUCK SEMPRE VALIDA Ai 124 milioni di euro con il rischio che l\u2019opera non vada a buon fine, si contrappone una cifra tra i 10 e i 20 milioni di euro per poter effettuare le gare sulla pista di Igls<br \/>\nVENEZIA \u201cLa stagione turistica estiva 2023 in Veneto, nonostante il maltempo delle ultime settimane e l\u2019aumento generalizzato dei prezzi, registra dati incoraggianti.<br \/>\nFELTRE Clivet SpA crede nella Dolomiti Summer School e mette a disposizione dei figli dei dipendenti cinque borse di studio: welfare aziendale e orientamento scolastico-universitario procedono quindi di pari passo.<br \/>\nBELLUNO Nei primi sei mesi dell\u2019anno risparmi sul costo dell\u2019energia per oltre 200 mila euro rispetto alla previsione di spesa.<br \/>\nTAIBON La bellezza incontaminata delle Dolomiti continua ad affascinare e attirare appassionati di cicloturismo ed escursionismo da tutto il mondo. In questa cornice suggestiva, nasce l&#8217;iniziativa promossa da Ospitalit\u00e0 Diffusa Conca Agordina: la nuova cartina &#8220;Conca Tour Bike &amp; Hike&#8221;, un&#8217;opportunit\u00e0 unica per esplorare e vivere appieno il Parco Nazionale delle Dolomiti e zone limitrofe.<br \/>\nAGORDO Anche quest&#8217;anno il Centro Estivo Medie e Superiori &#8220;Incontri in Centro&#8221; dopo un mese di attivit\u00e0, arriva alla tappa finale. Sempre spronati dallo slogan &#8220;Rendilo Facile&#8221;<br \/>\nCENCENIGHE\u00a0 L&#8217;Oasi Papa Luciani di Ghisel domani festegger\u00e0 il suo 45\u00ba anniversario.<br \/>\nAGORDO ALICE NEL PAESE DELLE MERAVIGLIE, SPETTACOLO COREOGRAFICO LIBERAMENTE TRATTO DAL TESTO DI LEWIS CARROL., E&#8217; IL TEMA DELL&#8217;EVENTO DELL&#8217;ADA. RITORNA ANCHE QUEST&#8217;ANNO: AGORDO DANZA L&#8217;ESTATE. STASERA ALLE 20.45 SUL BROI DI AGORDO<br \/>\nAL RIFUGIO SCARPA IL FESTIVAL DI AGOSTO ALLE PENDICI DELL&#8217;AGNER<br \/>\nVOLTAGO Sono cinque gli appuntamenti da non perdere al Rifugio Scarpa Gurekian. Inizia nelle prossime ore il Festival di Agosto alle pendici dell&#8217;Agner. Questa sera Stelle e pianeti, domani mattina il pianista.<br \/>\nCENCENIGHE Alla Birreria Stella di Cencenighe un sabato di grande musica con i ReUnion e Overflown. Inizio alle 18.<br \/>\nGOSALDO Domani a Forcella Aurine il mercatino dei prodotti locali e dell&#8217;artigianato<br \/>\nDA IERI E FINO A DOMANI: MADONA DE LA NEIF, AD AGOSTO A LA VALLE AGORDINA<\/p>\n<p>HOCKEY SU GHIACCIO GIANNI SCOLA TORNA A DIFENDERE I PALI DELLE CIVETTE<\/p>\n","protected":false},"excerpt":{"rendered":"<p>&nbsp; &nbsp; ACQUA INQUINATA LA VALLE\u00a0 nelle localit\u00e0 MUDA EST E AGRE l&#8217;acqua erogata dall&#8217;acquedotto non \u00e8 potabile e pu\u00f2 essere usata per scopi alimentari solo previa bollitura.\u00a0 CENCENIGHE a PRA&#8217; DI MEZZO a CENCENIGHE l&#8217;acqua erogata dall&#8217;acquedotto non \u00e8 potabile .\u00a0LIVINALLONGO Acqua inquinata nelle localit\u00e0 BRENTA e VARDA. LIVINALLONGO Ci ha lasciato Raia, in&hellip;<\/p>\n","protected":false},"author":4,"featured_media":347429,"comment_status":"closed","ping_status":"closed","sticky":false,"template":"","format":"standard","meta":{"_monsterinsights_skip_tracking":false,"_monsterinsights_sitenote_active":false,"_monsterinsights_sitenote_note":"","_monsterinsights_sitenote_category":0,"footnotes":""},"categories":[51,49],"tags":[],"class_list":["post-347430","post","type-post","status-publish","format-standard","has-post-thumbnail","hentry","category-evidenza-top","category-news-18","category-51","category-49","description-off"],"img_url":"https:\/\/www.radiopiu.net\/wordpress\/wp-content\/uploads\/2023\/08\/Senza-nome-17.png","_links":{"self":[{"href":"https:\/\/www.radiopiu.net\/wordpress\/wp-json\/wp\/v2\/posts\/347430","targetHints":{"allow":["GET"]}}],"collection":[{"href":"https:\/\/www.radiopiu.net\/wordpress\/wp-json\/wp\/v2\/posts"}],"about":[{"href":"https:\/\/www.radiopiu.net\/wordpress\/wp-json\/wp\/v2\/types\/post"}],"author":[{"embeddable":true,"href":"https:\/\/www.radiopiu.net\/wordpress\/wp-json\/wp\/v2\/users\/4"}],"replies":[{"embeddable":true,"href":"https:\/\/www.radiopiu.net\/wordpress\/wp-json\/wp\/v2\/comments?post=347430"}],"version-history":[{"count":0,"href":"https:\/\/www.radiopiu.net\/wordpress\/wp-json\/wp\/v2\/posts\/347430\/revisions"}],"wp:featuredmedia":[{"embeddable":true,"href":"https:\/\/www.radiopiu.net\/wordpress\/wp-json\/wp\/v2\/media\/347429"}],"wp:attachment":[{"href":"https:\/\/www.radiopiu.net\/wordpress\/wp-json\/wp\/v2\/media?parent=347430"}],"wp:term":[{"taxonomy":"category","embeddable":true,"href":"https:\/\/www.radiopiu.net\/wordpress\/wp-json\/wp\/v2\/categories?post=347430"},{"taxonomy":"post_tag","embeddable":true,"href":"https:\/\/www.radiopiu.net\/wordpress\/wp-json\/wp\/v2\/tags?post=347430"}],"curies":[{"name":"wp","href":"https:\/\/api.w.org\/{rel}","templated":true}]}}