{"id":347468,"date":"2023-08-05T11:14:09","date_gmt":"2023-08-05T09:14:09","guid":{"rendered":"https:\/\/www.radiopiu.net\/wordpress\/?p=347468"},"modified":"2023-08-05T11:14:09","modified_gmt":"2023-08-05T09:14:09","slug":"il-backup-dellalleghe-e-mathias-de-nardin","status":"publish","type":"post","link":"https:\/\/www.radiopiu.net\/wordpress\/il-backup-dellalleghe-e-mathias-de-nardin\/","title":{"rendered":"IL BACKUP DELL\u2019ALLEGHE E&#8217; MATHIAS DE NARDIN"},"content":{"rendered":"<p><strong><a class=\"dt-pswp-item\" href=\"https:\/\/www.radiopiu.net\/wordpress\/wp-content\/uploads\/2023\/08\/29739ad1-f831-468f-825e-37a2be2dac05.jpg\" data-dt-img-description=\"\" data-large_image_width=\"1024\" data-large_image_height=\"682\"><img loading=\"lazy\" decoding=\"async\" class=\" wp-image-347469 alignleft\" src=\"https:\/\/www.radiopiu.net\/wordpress\/wp-content\/uploads\/2023\/08\/29739ad1-f831-468f-825e-37a2be2dac05-300x200.jpg\" alt=\"\" width=\"180\" height=\"120\" srcset=\"https:\/\/www.radiopiu.net\/wordpress\/wp-content\/uploads\/2023\/08\/29739ad1-f831-468f-825e-37a2be2dac05-300x200.jpg 300w, https:\/\/www.radiopiu.net\/wordpress\/wp-content\/uploads\/2023\/08\/29739ad1-f831-468f-825e-37a2be2dac05-768x512.jpg 768w, https:\/\/www.radiopiu.net\/wordpress\/wp-content\/uploads\/2023\/08\/29739ad1-f831-468f-825e-37a2be2dac05.jpg 1024w\" sizes=\"auto, (max-width: 180px) 100vw, 180px\" \/><\/a>di Roberto Miana, portavoce dell&#8217;Alleghe Hockey<\/strong><\/p>\n<p>La societ\u00e0 Agordina ha il piacere di annunciare che il backup per la prossima stagione sar\u00e0 ancora il giovane MATHIAS DE NARDIN. Mathias, classe 2004 di Alleghe, \u00e8 ritenuto un buon prospetto per il futuro. Fa ancora stropicciare gli occhi il 95,5% di parate sfoderato un paio di stagioni fa nelle due partite di Alps Hockey League giocate con la maglia del Fassa e l\u2019ottimo 91,5% ottenuto la passata stagione a difesa dei pali dell\u2019Under 19 alleghese. L\u2019anno scorso, al suo esordio in prima squadra come backup, ha collezionato 11 presenze. Nonostante la giovane et\u00e0, ha gi\u00e0 mostrato carattere sul ghiaccio e di essere un motivatore per i compagni di squadra. Queste le parole di Mathias: &#8220;Sono molto contento di essere nato e cresciuto qui in riva al lago, un posto favoloso dove ho potuto imparato a giocare ad hockey. Sfortunatamente la passata stagione non \u00e8 andata come avremmo voluto, ma ora, con il grande impegno profuso dalla dirigenza possiamo contare su una squadra pi\u00f9 competitiva. Nonostante le incertezze che ci sono state, ho sempre dato la mia disponibilit\u00e0 per giocare ancora qui ad Alleghe e per questo non vedo l\u2019ora di tornare sul ghiaccio. Oltre ai fratelli Vinatzer, Gianni Scola ci dar\u00e0 un\u2019ulteriore aiuto sia in campo che fuori, perch\u00e9 con il suo carattere rallegra lo spogliatoio. Gli allenamenti sul ghiaccio dobbiamo ancora iniziarli, ma sono sicuro che ognuno di noi sar\u00e0 pronto per affrontare questa stagione con tante motivazioni e voglia di riscatto&#8221;<\/p>\n<p>(foto: Annalisa Dal Mas)<\/p>\n<p>&nbsp;<\/p>\n<p>&nbsp;<\/p>\n<p>&nbsp;<\/p>\n<p>*********<\/p>\n","protected":false},"excerpt":{"rendered":"<p>di Roberto Miana, portavoce dell&#8217;Alleghe Hockey La societ\u00e0 Agordina ha il piacere di annunciare che il backup per la prossima stagione sar\u00e0 ancora il giovane MATHIAS DE NARDIN. Mathias, classe 2004 di Alleghe, \u00e8 ritenuto un buon prospetto per il futuro. Fa ancora stropicciare gli occhi il 95,5% di parate sfoderato un paio di stagioni&hellip;<\/p>\n","protected":false},"author":4,"featured_media":347469,"comment_status":"closed","ping_status":"closed","sticky":false,"template":"","format":"standard","meta":{"_monsterinsights_skip_tracking":false,"_monsterinsights_sitenote_active":false,"_monsterinsights_sitenote_note":"","_monsterinsights_sitenote_category":0,"footnotes":""},"categories":[49],"tags":[],"class_list":["post-347468","post","type-post","status-publish","format-standard","has-post-thumbnail","hentry","category-news-18","category-49","description-off"],"img_url":"https:\/\/www.radiopiu.net\/wordpress\/wp-content\/uploads\/2023\/08\/29739ad1-f831-468f-825e-37a2be2dac05.jpg","_links":{"self":[{"href":"https:\/\/www.radiopiu.net\/wordpress\/wp-json\/wp\/v2\/posts\/347468","targetHints":{"allow":["GET"]}}],"collection":[{"href":"https:\/\/www.radiopiu.net\/wordpress\/wp-json\/wp\/v2\/posts"}],"about":[{"href":"https:\/\/www.radiopiu.net\/wordpress\/wp-json\/wp\/v2\/types\/post"}],"author":[{"embeddable":true,"href":"https:\/\/www.radiopiu.net\/wordpress\/wp-json\/wp\/v2\/users\/4"}],"replies":[{"embeddable":true,"href":"https:\/\/www.radiopiu.net\/wordpress\/wp-json\/wp\/v2\/comments?post=347468"}],"version-history":[{"count":0,"href":"https:\/\/www.radiopiu.net\/wordpress\/wp-json\/wp\/v2\/posts\/347468\/revisions"}],"wp:featuredmedia":[{"embeddable":true,"href":"https:\/\/www.radiopiu.net\/wordpress\/wp-json\/wp\/v2\/media\/347469"}],"wp:attachment":[{"href":"https:\/\/www.radiopiu.net\/wordpress\/wp-json\/wp\/v2\/media?parent=347468"}],"wp:term":[{"taxonomy":"category","embeddable":true,"href":"https:\/\/www.radiopiu.net\/wordpress\/wp-json\/wp\/v2\/categories?post=347468"},{"taxonomy":"post_tag","embeddable":true,"href":"https:\/\/www.radiopiu.net\/wordpress\/wp-json\/wp\/v2\/tags?post=347468"}],"curies":[{"name":"wp","href":"https:\/\/api.w.org\/{rel}","templated":true}]}}