{"id":347672,"date":"2023-08-07T05:09:57","date_gmt":"2023-08-07T03:09:57","guid":{"rendered":"https:\/\/www.radiopiu.net\/wordpress\/?p=347672"},"modified":"2023-08-07T05:10:14","modified_gmt":"2023-08-07T03:10:14","slug":"raid-punitivo-alla-festa-di-lambioi-indagini-chiuse-e-accuse-di-lesioni-aggravate","status":"publish","type":"post","link":"https:\/\/www.radiopiu.net\/wordpress\/raid-punitivo-alla-festa-di-lambioi-indagini-chiuse-e-accuse-di-lesioni-aggravate\/","title":{"rendered":"Raid punitivo alla festa di Lambioi: Indagini Chiuse e Accuse di Lesioni Aggravate"},"content":{"rendered":"<p><strong>OGGI SUL CORRIERE DELLE ALPI<\/strong><\/p>\n<p><strong>DI GIGI SOSSO<\/strong><\/p>\n<div class=\"flex-1 overflow-hidden\">\n<div class=\"react-scroll-to-bottom--css-oucxi-79elbk h-full dark:bg-gray-800\">\n<div class=\"react-scroll-to-bottom--css-oucxi-1n7m0yu\">\n<div class=\"flex flex-col text-sm dark:bg-gray-800\">\n<div class=\"group w-full text-token-text-primary border-b border-black\/10 dark:border-gray-900\/50 bg-gray-50 dark:bg-[#444654]\">\n<div class=\"flex p-4 gap-4 text-base md:gap-6 md:max-w-2xl lg:max-w-[38rem] xl:max-w-3xl md:py-6 lg:px-0 m-auto\">\n<div class=\"relative flex w-[calc(100%-50px)] flex-col gap-1 md:gap-3 lg:w-[calc(100%-115px)]\">\n<div class=\"flex flex-grow flex-col gap-3\">\n<div class=\"min-h-[20px] flex flex-col items-start gap-3 overflow-x-auto whitespace-pre-wrap break-words\">\n<div class=\"markdown prose w-full break-words dark:prose-invert light\">\n<p><strong><img loading=\"lazy\" decoding=\"async\" class=\"alignleft\" src=\"https:\/\/www.radiopiu.net\/wordpress\/wp-content\/uploads\/2020\/06\/WhatsApp-Image-2020-06-14-at-12.43.11.jpeg\" width=\"238\" height=\"179\" \/>BELLUNO<\/strong> Le indagini relative al brutale pestaggio avvenuto durante una festa a Lambioi lo scorso 17 giugno sono state ufficialmente chiuse, portando all&#8217;emissione di sei avvisi di garanzia. I sospettati, Xhulio Cela, Lorenzo Alessandrelli, Francesco Dall&#8217;O&#8217;, Mattia Armando Russo, Edinson Da Corte e Dibran Hajdaraj, affrontano accuse di lesioni aggravate in concorso. La Procura della Repubblica ha dichiarato che il pestaggio \u00e8 scaturito da una &#8220;nerboruta esibizione muscolare&#8221;, descritta come un&#8217;azione sfociata in violenza senza alcun motivo valido. Durante l&#8217;incidente, tre partecipanti alla serata sono stati picchiati dai sospettati. Per tre di loro, le autorit\u00e0 hanno emesso il Daspo Willy, un divieto di accesso a locali pubblici nella provincia per un periodo di due anni, quale misura precauzionale per impedire ulteriori episodi di violenza. Il questore Francesco Zerilli ha giustificato il provvedimento come un deterrente per coloro che, approfittando di eventi festivi e momenti di aggregazione, si rendono responsabili di reati, soprattutto nei confronti delle persone pi\u00f9 vulnerabili. L&#8217;infrazione del Daspo Willy pu\u00f2 portare a sanzioni pi\u00f9 gravi, tra cui la reclusione da sei mesi a due anni e una multa fino a 20 mila euro. L&#8217;8 luglio, uno dei sospettati \u00e8 stato nuovamente segnalato alla magistratura durante il secondo appuntamento del &#8220;Summer Sound Waves&#8221;, attirando l&#8217;attenzione delle forze dell&#8217;ordine.<\/p>\n<\/div>\n<\/div>\n<\/div>\n<\/div>\n<\/div>\n<\/div>\n<p>&nbsp;<\/p>\n<hr \/>\n<\/div>\n<\/div>\n<\/div>\n<\/div>\n<div class=\"absolute bottom-0 left-0 w-full border-t md:border-t-0 dark:border-white\/20 md:border-transparent md:dark:border-transparent md:bg-vert-light-gradient bg-white dark:bg-gray-800 md:!bg-transparent dark:md:bg-vert-dark-gradient pt-2 md:pl-2 md:w-[calc(100%-.5rem)]\">\n<form class=\"stretch mx-2 flex flex-row gap-3 last:mb-2 md:mx-4 md:last:mb-6 lg:mx-auto lg:max-w-2xl xl:max-w-3xl\">\n<div class=\"relative flex h-full flex-1 items-stretch md:flex-col\" role=\"presentation\">\n<div>\n<div class=\"h-full flex ml-1 md:w-full md:m-auto md:mb-4 gap-0 md:gap-2 justify-center\"><\/div>\n<\/div>\n<\/div>\n<\/form>\n<\/div>\n","protected":false},"excerpt":{"rendered":"<p>OGGI SUL CORRIERE DELLE ALPI DI GIGI SOSSO BELLUNO Le indagini relative al brutale pestaggio avvenuto durante una festa a Lambioi lo scorso 17 giugno sono state ufficialmente chiuse, portando all&#8217;emissione di sei avvisi di garanzia. I sospettati, Xhulio Cela, Lorenzo Alessandrelli, Francesco Dall&#8217;O&#8217;, Mattia Armando Russo, Edinson Da Corte e Dibran Hajdaraj, affrontano accuse&hellip;<\/p>\n","protected":false},"author":4,"featured_media":144749,"comment_status":"closed","ping_status":"closed","sticky":false,"template":"","format":"standard","meta":{"_monsterinsights_skip_tracking":false,"_monsterinsights_sitenote_active":false,"_monsterinsights_sitenote_note":"","_monsterinsights_sitenote_category":0,"footnotes":""},"categories":[51,49],"tags":[],"class_list":["post-347672","post","type-post","status-publish","format-standard","has-post-thumbnail","hentry","category-evidenza-top","category-news-18","category-51","category-49","description-off"],"img_url":"https:\/\/www.radiopiu.net\/wordpress\/wp-content\/uploads\/2020\/06\/WhatsApp-Image-2020-06-14-at-12.43.11.jpeg","_links":{"self":[{"href":"https:\/\/www.radiopiu.net\/wordpress\/wp-json\/wp\/v2\/posts\/347672","targetHints":{"allow":["GET"]}}],"collection":[{"href":"https:\/\/www.radiopiu.net\/wordpress\/wp-json\/wp\/v2\/posts"}],"about":[{"href":"https:\/\/www.radiopiu.net\/wordpress\/wp-json\/wp\/v2\/types\/post"}],"author":[{"embeddable":true,"href":"https:\/\/www.radiopiu.net\/wordpress\/wp-json\/wp\/v2\/users\/4"}],"replies":[{"embeddable":true,"href":"https:\/\/www.radiopiu.net\/wordpress\/wp-json\/wp\/v2\/comments?post=347672"}],"version-history":[{"count":0,"href":"https:\/\/www.radiopiu.net\/wordpress\/wp-json\/wp\/v2\/posts\/347672\/revisions"}],"wp:featuredmedia":[{"embeddable":true,"href":"https:\/\/www.radiopiu.net\/wordpress\/wp-json\/wp\/v2\/media\/144749"}],"wp:attachment":[{"href":"https:\/\/www.radiopiu.net\/wordpress\/wp-json\/wp\/v2\/media?parent=347672"}],"wp:term":[{"taxonomy":"category","embeddable":true,"href":"https:\/\/www.radiopiu.net\/wordpress\/wp-json\/wp\/v2\/categories?post=347672"},{"taxonomy":"post_tag","embeddable":true,"href":"https:\/\/www.radiopiu.net\/wordpress\/wp-json\/wp\/v2\/tags?post=347672"}],"curies":[{"name":"wp","href":"https:\/\/api.w.org\/{rel}","templated":true}]}}