{"id":347800,"date":"2023-08-08T05:48:24","date_gmt":"2023-08-08T03:48:24","guid":{"rendered":"https:\/\/www.radiopiu.net\/wordpress\/?p=347800"},"modified":"2023-08-08T09:14:21","modified_gmt":"2023-08-08T07:14:21","slug":"banda-in-centro-citta-ruba-biciclette-di-valore-fermato-il-ladro-con-bici-da-5000-euro","status":"publish","type":"post","link":"https:\/\/www.radiopiu.net\/wordpress\/banda-in-centro-citta-ruba-biciclette-di-valore-fermato-il-ladro-con-bici-da-5000-euro\/","title":{"rendered":"BANDA IN CENTRO CITT\u00c0 RUBA BICICLETTE DI VALORE &#8211; FERMATO IL\u00a0 LADRO CON BICI DA 5000 EURO\u00a0"},"content":{"rendered":"<blockquote>\n<h3><\/h3>\n<\/blockquote>\n<p><strong><a class=\"dt-pswp-item\" href=\"https:\/\/www.radiopiu.net\/wordpress\/wp-content\/uploads\/2022\/08\/295832323_428597342649333_2091359398335650946_n.jpg\" data-dt-img-description=\"\" data-large_image_width=\"512\" data-large_image_height=\"640\"><img loading=\"lazy\" decoding=\"async\" class=\"wp-image-293577 alignleft\" src=\"https:\/\/www.radiopiu.net\/wordpress\/wp-content\/uploads\/2022\/08\/295832323_428597342649333_2091359398335650946_n-240x300.jpg\" alt=\"\" width=\"129\" height=\"161\" srcset=\"https:\/\/www.radiopiu.net\/wordpress\/wp-content\/uploads\/2022\/08\/295832323_428597342649333_2091359398335650946_n-240x300.jpg 240w, https:\/\/www.radiopiu.net\/wordpress\/wp-content\/uploads\/2022\/08\/295832323_428597342649333_2091359398335650946_n.jpg 512w\" sizes=\"auto, (max-width: 129px) 100vw, 129px\" \/><\/a>BELLUNO<\/strong> Nel cuore della citt\u00e0: una banda dedica i suoi colpi alle biciclette di valore. Le forze dell&#8217;ordine riescono per\u00f2 a intervenire tempestivamente, bloccando un ladro straniero in possesso di una bicicletta dal valore stratosferico.\u00a0 L&#8217;obiettivo dei malviventi sembrava essere chiaro: rubare biciclette di alto valore per poi rivenderle sul mercato nero.\u00a0 Un proprietario di una bicicletta dal valore di 5000 euro ha segnalato il furto immediatamente alle autorit\u00e0, fornendo dettagli preziosi che hanno permesso alla polizia di attivarsi con rapidit\u00e0 ed efficienza. L&#8217;operazione di caccia al ladro si \u00e8 trasformata in una vera e propria corsa contro il tempo. La volante della polizia, informata della situazione, si \u00e8 messa subito all&#8217;inseguimento del malvivente. Grazie alla descrizione fornita dalla vittima e al sistema di videosorveglianza cittadino, la squadra \u00e8 riuscita a rintracciare e fermare una BMW sospetta, a bordo della quale si trovava il ladro straniero con la bicicletta di valore rubata. Il fermo del ladro non solo ha scongiurato ulteriori furti, ma ha anche fatto luce su una possibile banda specializzata nel furto di biciclette di lusso.<\/p>\n<p>&nbsp;<\/p>\n<p>&nbsp;<\/p>\n<p>&nbsp;<\/p>\n<hr \/>\n<p>&nbsp;<\/p>\n","protected":false},"excerpt":{"rendered":"<p>BELLUNO Nel cuore della citt\u00e0: una banda dedica i suoi colpi alle biciclette di valore. Le forze dell&#8217;ordine riescono per\u00f2 a intervenire tempestivamente, bloccando un ladro straniero in possesso di una bicicletta dal valore stratosferico.\u00a0 L&#8217;obiettivo dei malviventi sembrava essere chiaro: rubare biciclette di alto valore per poi rivenderle sul mercato nero.\u00a0 Un proprietario di&hellip;<\/p>\n","protected":false},"author":4,"featured_media":331193,"comment_status":"closed","ping_status":"closed","sticky":false,"template":"","format":"standard","meta":{"_monsterinsights_skip_tracking":false,"_monsterinsights_sitenote_active":false,"_monsterinsights_sitenote_note":"","_monsterinsights_sitenote_category":0,"footnotes":""},"categories":[51,49],"tags":[],"class_list":["post-347800","post","type-post","status-publish","format-standard","has-post-thumbnail","hentry","category-evidenza-top","category-news-18","category-51","category-49","description-off"],"img_url":"https:\/\/www.radiopiu.net\/wordpress\/wp-content\/uploads\/2023\/04\/polizia-300x225-1.jpg","_links":{"self":[{"href":"https:\/\/www.radiopiu.net\/wordpress\/wp-json\/wp\/v2\/posts\/347800","targetHints":{"allow":["GET"]}}],"collection":[{"href":"https:\/\/www.radiopiu.net\/wordpress\/wp-json\/wp\/v2\/posts"}],"about":[{"href":"https:\/\/www.radiopiu.net\/wordpress\/wp-json\/wp\/v2\/types\/post"}],"author":[{"embeddable":true,"href":"https:\/\/www.radiopiu.net\/wordpress\/wp-json\/wp\/v2\/users\/4"}],"replies":[{"embeddable":true,"href":"https:\/\/www.radiopiu.net\/wordpress\/wp-json\/wp\/v2\/comments?post=347800"}],"version-history":[{"count":0,"href":"https:\/\/www.radiopiu.net\/wordpress\/wp-json\/wp\/v2\/posts\/347800\/revisions"}],"wp:featuredmedia":[{"embeddable":true,"href":"https:\/\/www.radiopiu.net\/wordpress\/wp-json\/wp\/v2\/media\/331193"}],"wp:attachment":[{"href":"https:\/\/www.radiopiu.net\/wordpress\/wp-json\/wp\/v2\/media?parent=347800"}],"wp:term":[{"taxonomy":"category","embeddable":true,"href":"https:\/\/www.radiopiu.net\/wordpress\/wp-json\/wp\/v2\/categories?post=347800"},{"taxonomy":"post_tag","embeddable":true,"href":"https:\/\/www.radiopiu.net\/wordpress\/wp-json\/wp\/v2\/tags?post=347800"}],"curies":[{"name":"wp","href":"https:\/\/api.w.org\/{rel}","templated":true}]}}