{"id":347827,"date":"2023-08-08T07:55:47","date_gmt":"2023-08-08T05:55:47","guid":{"rendered":"https:\/\/www.radiopiu.net\/wordpress\/?p=347827"},"modified":"2023-08-08T07:59:40","modified_gmt":"2023-08-08T05:59:40","slug":"loriginale-dal-1983-la-rassegna-della-stampa-locale-dal-1983-di-mirko-mezzacasa","status":"publish","type":"post","link":"https:\/\/www.radiopiu.net\/wordpress\/loriginale-dal-1983-la-rassegna-della-stampa-locale-dal-1983-di-mirko-mezzacasa\/","title":{"rendered":"L&#8217;ORIGINALE, DAL 1983. la rassegna della stampa locale dal 1983 di mirko mezzacasa"},"content":{"rendered":"<p>&nbsp;<\/p>\n<p>&nbsp;<\/p>\n<p><iframe loading=\"lazy\" title=\"RASSEGNA STAMPA LOCALE\" width=\"1200\" height=\"675\" src=\"https:\/\/www.youtube.com\/embed\/m6t5K-8DD5w?feature=oembed\" frameborder=\"0\" allow=\"accelerometer; autoplay; clipboard-write; encrypted-media; gyroscope; picture-in-picture; web-share\" allowfullscreen><\/iframe><\/p>\n<p>&nbsp;<\/p>\n<p>OGGI ALLA RADIO: ALLE 10.10 E 1900 LE NOVE IN LADIN CON BEATRICE COLCUC \u2013 MUSLA \u2013 ALLE 10.30 E 1915 ALICE DALL\u2019ACQUA (FOTO) DALLA PROLOCO DI SELVA DI CADORE; ALLE 16.30 NELLO SPECIALE DEL POMERIGGIO, CASTELLANI A TAIBON CON ATTILIO CAMPEDEL E SANDRO MORETTI; ALLE 21.00 SIRO LENA, MORENO TOCCHETO, GESSICA LENA \u201cWALKING AROUND THE MUSIC\u201d, SPECIALE LED ZEPPELIN<\/p>\n<p>SAGRON (TN)\u00a0\u00c8 morto all&#8217;et\u00e0 di 53 Stefano Farenzena, originario di Taibon ma da anni abitava a Sagron con la famiglia. Stefano &#8220;Subiot&#8221; era molto conosciuto a Taibon dove abitano tutt&#8217;ora i genitori. La cerimonia funebre si svolger\u00e0 oggi alle 15:30 nella Chiesa di Sagron.<br \/>\nPERAROLO DI CADORE Marcello Venafro, 52 anni, di Vittorio Veneto \u00e8 precipitato dal sentiero Osvaldo Zandonella sulla Spalla del Duranno a causa di un malore e perde la vita. Gli uomini del Soccorso Alpino ieri hanno recuperato la salma.<br \/>\nBORGO VALBELLUNA E&#8217; morto a 82 anni Monsignor Egidio Lot, per molti anni parroco a Mel, Carve e Pellegai. I funerali giovedi alle 10.30 a Oderzo presieduti dal vescovo Corrado Pizziolo<br \/>\nREDAZIONE Siamo vicini a Mirco Gaz, gi\u00e0 importante collaboratore di Radio Pi\u00f9 e a tutta la famiglia (moglie, figli, nuore, sorelle, fratello, cognati e nipoti), per l&#8217;improvvisa scomparsa del pap\u00e0 Ferruccio. I funerali oggi alle 15 nella chiesa Arcidiaconale di Agordo. La famiglia ha ringraziato il dottor Paolo Fadig\u00e0-<br \/>\nSANTO STEFANO DI CADORE Ieri alle 18:20 i vigili del fuoco\u00a0 sono intervenuti per un incidente stradale tra due auto in localit\u00e0 Campolongo nel comune di Santo Stefano di Cadore: una persona ferita.<br \/>\nAGORDO Poco prima delle 10 di ieri i vigili del fuoco di Agordo hanno spento un incendio divampato da una terrazza di via Insurrezione (ex centro commerciale Ganz struttura interna,\u00a0 pi\u00f9 a nord).\u00a0 Nessuna persona coinvolta, danni limitati alla terrazza.<br \/>\nBELLUNO Nel cuore della citt\u00e0: una banda dedica i suoi colpi alle biciclette di valore. Le forze dell&#8217;ordine riescono per\u00f2 a intervenire tempestivamente, bloccando un ladro straniero in possesso di una bicicletta dal valore stratosferico.\u00a0 L&#8217;obiettivo dei malviventi sembrava essere chiaro: rubare biciclette di alto valore per poi rivenderle sul mercato nero.\u00a0 Un proprietario di una bicicletta dal valore di 5000 euro ha segnalato il furto immediatamente alle autorit\u00e0, fornendo dettagli preziosi che hanno permesso alla polizia di attivarsi con rapidit\u00e0 ed efficienza.<br \/>\nDANTA Rubato il contapersone degli ingressi all&#8217;area delle Torbiere. Una brutta sorpresa per il sindaco Ivano Mattea che denuncia la sparizione delle batterie e tutto il sistema per il conteggio automatico. Un furto di poco valore, ma di grande disturbo.<br \/>\nIL COMUNE DI FALCADE METTE A BILANCIO L&#8217;ACQUISTO DI NUOVI MEZZI<br \/>\nVIA LIBERA ALLA PROSSIMA STRATEGIA DI SVILUPPO LOCALE DEL GAL PREALPI E DOLOMITI<br \/>\nAL VIA IL PROGETTO PNRR DI BIM GSP PER LA RIDUZZIONE DELLE PERDITE IDRICHE<br \/>\nCENCENIGHE L\u2019Oasi Papa Luciani di Ghisel, a Cencenighe, ha festeggiato domenica i 45 anni dalla sua fondazione avvenuta nel 1978. 45 anni dopo quella proposta che il prete veneziano don Ettore Fornezza e l\u2019allora Patriarca di Venezia Albino Luciani da Canale d\u2019Agordo ricevettero dal parroco di Cencenighe, don Costantino, per l\u2019acquisto della prima casetta di quello che era un piccolo borgo di pastori montanarI<br \/>\nLIVINALLONGO INAUGURATA LA MOSTRA CASTELLO AD OROLOGERIA AL CASTELLO DI ANDRAZ<br \/>\nIL CORSO DI PITTURA DEL MAESTRO VICO CALABRO&#8217; A LONGARONE &#8211; LA DIRETTA SUL SITO DI RADIOPIU<br \/>\nA VOLTAGO LA MOSTRA FOTOGRAFICA &#8220;NATURA O ARTE?&#8221;<br \/>\nCANALE D&#8217;AGORDO Domenica 13 agosto alle 21 in Sala Emigranti a Canale D&#8217;Agordo viene organizzata una serata con Roberto Sorama\u00e8 per parlare dei suoi numerosi viaggi in Africa.<br \/>\nSELVA DI CADORE Venerd\u00ec 11 agosto alla Malga Pian de Vacia di Selva di Cadore \u00e8 in programma l&#8217;aperimalga. Alle 18 un convegno sulla sostenibilit\u00e0 ambientale, alle 19 degustazione di vino<br \/>\nSELVA DI CADORE Il gruppo Folk di Selva di Cadore vi aspetta domenica 13 agosto per la quinta edizione di \u201cMagn\u00e0 an Bocon su par l\u2019Andria\u201d l\u2019evento gastronomico fra i borghi della Val Fiorentina a Selva di Cadore.<br \/>\nALLA RADIO 15 AGOSTO&#8230; A MASARE&#8217; DI ALLEGHE SOTTO AL TENDONE IL FERRAGOSTO BIANCOROSSO edizione anniversario. ALLEGHE HOCKEY, 90 ANNI DOPO, CON LO STESSO ENTUSIASMO E LE STESSE EMOZIONI DI ALLORA. LA FESTA DI FERRAGOSTO DALLE 9.30 DEL MATTINO A NOTTE INOLTRATA.<br \/>\nHOCKEY SU GHIACCIO UFFICIALIZZATO IL CALENDARIO IHL 2023-24. L&#8217;ALLEGHE ESORDIRA&#8217; CON IL VARESE<\/p>\n","protected":false},"excerpt":{"rendered":"<p>&nbsp; &nbsp; &nbsp; OGGI ALLA RADIO: ALLE 10.10 E 1900 LE NOVE IN LADIN CON BEATRICE COLCUC \u2013 MUSLA \u2013 ALLE 10.30 E 1915 ALICE DALL\u2019ACQUA (FOTO) DALLA PROLOCO DI SELVA DI CADORE; ALLE 16.30 NELLO SPECIALE DEL POMERIGGIO, CASTELLANI A TAIBON CON ATTILIO CAMPEDEL E SANDRO MORETTI; ALLE 21.00 SIRO LENA, MORENO TOCCHETO, GESSICA&hellip;<\/p>\n","protected":false},"author":4,"featured_media":347828,"comment_status":"closed","ping_status":"closed","sticky":false,"template":"","format":"standard","meta":{"_monsterinsights_skip_tracking":false,"_monsterinsights_sitenote_active":false,"_monsterinsights_sitenote_note":"","_monsterinsights_sitenote_category":0,"footnotes":""},"categories":[104,49],"tags":[],"class_list":["post-347827","post","type-post","status-publish","format-standard","has-post-thumbnail","hentry","category-evidenza_3","category-news-18","category-104","category-49","description-off"],"img_url":"https:\/\/www.radiopiu.net\/wordpress\/wp-content\/uploads\/2023\/08\/Senza-nome-25.png","_links":{"self":[{"href":"https:\/\/www.radiopiu.net\/wordpress\/wp-json\/wp\/v2\/posts\/347827","targetHints":{"allow":["GET"]}}],"collection":[{"href":"https:\/\/www.radiopiu.net\/wordpress\/wp-json\/wp\/v2\/posts"}],"about":[{"href":"https:\/\/www.radiopiu.net\/wordpress\/wp-json\/wp\/v2\/types\/post"}],"author":[{"embeddable":true,"href":"https:\/\/www.radiopiu.net\/wordpress\/wp-json\/wp\/v2\/users\/4"}],"replies":[{"embeddable":true,"href":"https:\/\/www.radiopiu.net\/wordpress\/wp-json\/wp\/v2\/comments?post=347827"}],"version-history":[{"count":0,"href":"https:\/\/www.radiopiu.net\/wordpress\/wp-json\/wp\/v2\/posts\/347827\/revisions"}],"wp:featuredmedia":[{"embeddable":true,"href":"https:\/\/www.radiopiu.net\/wordpress\/wp-json\/wp\/v2\/media\/347828"}],"wp:attachment":[{"href":"https:\/\/www.radiopiu.net\/wordpress\/wp-json\/wp\/v2\/media?parent=347827"}],"wp:term":[{"taxonomy":"category","embeddable":true,"href":"https:\/\/www.radiopiu.net\/wordpress\/wp-json\/wp\/v2\/categories?post=347827"},{"taxonomy":"post_tag","embeddable":true,"href":"https:\/\/www.radiopiu.net\/wordpress\/wp-json\/wp\/v2\/tags?post=347827"}],"curies":[{"name":"wp","href":"https:\/\/api.w.org\/{rel}","templated":true}]}}