{"id":347841,"date":"2023-08-09T05:24:59","date_gmt":"2023-08-09T03:24:59","guid":{"rendered":"https:\/\/www.radiopiu.net\/wordpress\/?p=347841"},"modified":"2023-08-09T06:34:04","modified_gmt":"2023-08-09T04:34:04","slug":"giornale-radiopiu-09-agosto-2023-direttore-mirko-mezzacasada-40-anni-25-giugno-1983-25-giugno-2023","status":"publish","type":"post","link":"https:\/\/www.radiopiu.net\/wordpress\/giornale-radiopiu-09-agosto-2023-direttore-mirko-mezzacasada-40-anni-25-giugno-1983-25-giugno-2023\/","title":{"rendered":"GIORNALE RADIOPIU 09 AGOSTO 2023 DIRETTORE MIRKO MEZZACASA\u2026DA 40 ANNI 25 GIUGNO 1983-25 GIUGNO 2023"},"content":{"rendered":"<h2 style=\"text-align: left;\"><span style=\"color: #ff0000;\"><span style=\"vertical-align: inherit;\"><a class=\"dt-pswp-item\" href=\"https:\/\/www.radiopiu.net\/wordpress\/wp-content\/uploads\/2023\/04\/e0aad41d-951e-47b9-9fae-1a879a9bcb7e-1.jpg\" data-dt-img-description=\"\" data-large_image_width=\"1200\" data-large_image_height=\"1200\"><img loading=\"lazy\" decoding=\"async\" class=\"wp-image-333205 alignleft\" src=\"https:\/\/www.radiopiu.net\/wordpress\/wp-content\/uploads\/2023\/04\/e0aad41d-951e-47b9-9fae-1a879a9bcb7e-1-300x300.jpg\" alt=\"\" width=\"110\" height=\"110\" srcset=\"https:\/\/www.radiopiu.net\/wordpress\/wp-content\/uploads\/2023\/04\/e0aad41d-951e-47b9-9fae-1a879a9bcb7e-1-300x300.jpg 300w, https:\/\/www.radiopiu.net\/wordpress\/wp-content\/uploads\/2023\/04\/e0aad41d-951e-47b9-9fae-1a879a9bcb7e-1-1024x1024.jpg 1024w, https:\/\/www.radiopiu.net\/wordpress\/wp-content\/uploads\/2023\/04\/e0aad41d-951e-47b9-9fae-1a879a9bcb7e-1-150x150.jpg 150w, https:\/\/www.radiopiu.net\/wordpress\/wp-content\/uploads\/2023\/04\/e0aad41d-951e-47b9-9fae-1a879a9bcb7e-1-768x768.jpg 768w, https:\/\/www.radiopiu.net\/wordpress\/wp-content\/uploads\/2023\/04\/e0aad41d-951e-47b9-9fae-1a879a9bcb7e-1.jpg 1200w\" sizes=\"auto, (max-width: 110px) 100vw, 110px\" \/><\/a><\/span><\/span><\/h2>\n<h1 class=\"entry-title\">40esimo di RADIOPIU\u2026. LA VOCE DELL\u2019EMOZIONE<\/h1>\n<h2><span style=\"color: #ff0000;\">ISCRIVITI AL NOSTRO CANALE\u00a0\u00a0YOUTUBE PER SEGUIRE IN DIRETTA I PRINCIPALI PROGRAMMI DI RADIO PIU\u2019 E LE FUTURE DIRETTE IN ESTERNA. PER ISCRIVERTI\u00a0<a style=\"color: #ff0000;\" href=\"https:\/\/youtube.com\/@radiopiu1527\">CLICCA QUI\u00a0<\/a>E PREMI\u00a0 \u201cIscriviti\u201d<\/span><\/h2>\n<p><span style=\"color: #0000ff;\"><strong>\u00a0<\/strong><\/span><\/p>\n<p><span style=\"color: #0000ff;\"><strong> IERI.. OGGI E DOMANI<\/strong><\/span><\/p>\n<blockquote><p><strong>DI SERA ALLA RADIO&#8230; IERI SIRO, MORENO E JESSICA HANNO PRESENTATO LA SERATA DEDICATA AI LED ZEPPELIN, QUESTA SERA ALEX NASCINBEN E DOMANI LUISA E MARINA<\/strong><\/p><\/blockquote>\n<p><iframe loading=\"lazy\" title=\"WhatsApp Video 2023 08 08 at 22 39 44\" width=\"1200\" height=\"675\" src=\"https:\/\/www.youtube.com\/embed\/WPd71i6Cw9A?feature=oembed\" frameborder=\"0\" allow=\"accelerometer; autoplay; clipboard-write; encrypted-media; gyroscope; picture-in-picture; web-share\" allowfullscreen><\/iframe><\/p>\n<p>&nbsp;<\/p>\n<p>&nbsp;<\/p>\n<hr \/>\n<p>&nbsp;<\/p>\n<blockquote>\n<h3>ACQUA INQUINATA A LA VALLE E CENCENIGHE<\/h3>\n<\/blockquote>\n<p><strong>LA VALLE<\/strong> Gestione Servizi Pubblici informa che a LA VALLE AGORDINA nelle localit\u00e0 MUDA EST E AGRE l&#8217;acqua erogata dall&#8217;acquedotto non \u00e8 potabile e pu\u00f2 essere usata per scopi alimentari SOLO PREVIA bollitura. GSP ha, comunque, gi\u00e0 adottato le necessarie misure per la disinfezione dell&#8217;acqua presente nei serbatoi e nella rete idrica con l&#8217;aggiunta di cloro.<\/p>\n<p><strong>CENCENIGHE<\/strong> Anche a PRA&#8217; DI MEZZO a CENCENIGHE l&#8217;acqua erogata dall&#8217;acquedotto non \u00e8 potabile e pu\u00f2 essere usata per scopi alimentari SOLO PREVIA bollitura.<\/p>\n<p><strong>LIVINALLONGO <\/strong>Acqua inquinata anche nelle localit\u00e0 BRENTA e VARDA.<\/p>\n<p>&nbsp;<\/p>\n<p>&nbsp;<\/p>\n<hr \/>\n<p>&nbsp;<\/p>\n<blockquote>\n<h3>PRECIPITA DAL SENTIERO. VENTISEIENNE SLOVACCO PERDE LA VITA<\/h3>\n<\/blockquote>\n<p><strong>AURONZO DI CADORE <\/strong>Nel pomeriggio di ieri la Centrale del 118 \u00e8 stata contattata dalla compagna di un escursionista precipitato dal Sentiero Bonacossa, l&#8217;allarme lanciato anche da altre persone che avevano assistito all&#8217;incidente. Arrivato prima di Forcella Rin Bianco, l&#8217;elicottero del Suem di Pieve di Cadore ha individuato il corpo esanime del 26enne slovacco una quarantina di metri sotto il sentiero nel tratto non attrezzato. Sbarcati con il verricello tecnico di elisoccorso ed equipe medica, non \u00e8 restato purtroppo altro che constatare il decesso del ragazzo, dovuto ai traumi riportati. Con il supporto di due soccorritori della Guardia di finanza di Auronzo trasportati in quota dall&#8217;eliambulanza, la salma \u00e8 stata imbarellata, recuperata e portata a valle per essere affidata al carro funebre. Nel pomeriggio una squadra del Soccorso alpino di Pieve di Cadore \u00e8 inoltre intervenuta sopra il Rifugio Costapiana, dove una coppia di San Don\u00e0 di Piave (VE) si trovava in difficolt\u00e0 fuori sentiero. Una volta individuati, marito e moglie sono stati raggiunti dai soccorritori e tratti in salvo.<\/p>\n<p>&nbsp;<\/p>\n\n\t\t\t<style type='text\/css'>\n\t\t\t\t#gallery-1 {\n\t\t\t\t\tmargin: auto;\n\t\t\t\t}\n\t\t\t\t#gallery-1 .gallery-item {\n\t\t\t\t\tfloat: left;\n\t\t\t\t\tmargin-top: 10px;\n\t\t\t\t\ttext-align: center;\n\t\t\t\t\twidth: 50%;\n\t\t\t\t}\n\t\t\t\t#gallery-1 img {\n\t\t\t\t\tborder: 2px solid #cfcfcf;\n\t\t\t\t}\n\t\t\t\t#gallery-1 .gallery-caption {\n\t\t\t\t\tmargin-left: 0;\n\t\t\t\t}\n\t\t\t\t\/* see gallery_shortcode() in wp-includes\/media.php *\/\n\t\t\t<\/style>\n\t\t<div id='gallery-1' class='dt-gallery-container gallery galleryid-347841 gallery-columns-2 gallery-size-thumbnail'><dl class='gallery-item'>\n\t\t\t\t<dt class='gallery-icon portrait'>\n\t\t\t\t\t<a class=\"rollover rollover-zoom dt-pswp-item\" title=\"Watermark_20230808_190221_532\" data-dt-img-description=\"\" data-large_image_width=\"1773\" data-large_image_height=\"2364\"href='https:\/\/www.radiopiu.net\/wordpress\/wp-content\/uploads\/2023\/08\/Watermark_20230808_190221_532.jpg'><img loading=\"lazy\" decoding=\"async\" width=\"150\" height=\"150\" src=\"https:\/\/www.radiopiu.net\/wordpress\/wp-content\/uploads\/2023\/08\/Watermark_20230808_190221_532-150x150.jpg\" class=\"attachment-thumbnail size-thumbnail\" alt=\"\" \/><\/a>\n\t\t\t\t<\/dt><\/dl><dl class='gallery-item'>\n\t\t\t\t<dt class='gallery-icon landscape'>\n\t\t\t\t\t<a class=\"rollover rollover-zoom dt-pswp-item\" title=\"Watermark_20230808_190318_445\" data-dt-img-description=\"\" data-large_image_width=\"2364\" data-large_image_height=\"1773\"href='https:\/\/www.radiopiu.net\/wordpress\/wp-content\/uploads\/2023\/08\/Watermark_20230808_190318_445.jpg'><img loading=\"lazy\" decoding=\"async\" width=\"150\" height=\"150\" src=\"https:\/\/www.radiopiu.net\/wordpress\/wp-content\/uploads\/2023\/08\/Watermark_20230808_190318_445-150x150.jpg\" class=\"attachment-thumbnail size-thumbnail\" alt=\"\" \/><\/a>\n\t\t\t\t<\/dt><\/dl><br style=\"clear: both\" \/>\n\t\t\t<\/div>\n\n<p>&nbsp;<\/p>\n<hr \/>\n<p>&nbsp;<\/p>\n<p>&nbsp;<\/p>\n<blockquote>\n<h4><a class=\"dt-pswp-item\" href=\"https:\/\/www.radiopiu.net\/wordpress\/wp-content\/uploads\/2023\/08\/Senza-nome-26.png\" data-dt-img-description=\"\" data-large_image_width=\"219\" data-large_image_height=\"240\"><img loading=\"lazy\" decoding=\"async\" class=\"wp-image-347930 alignleft\" src=\"https:\/\/www.radiopiu.net\/wordpress\/wp-content\/uploads\/2023\/08\/Senza-nome-26.png\" alt=\"\" width=\"98\" height=\"107\" \/><\/a>MORTE IN CARCERE<\/h4>\n<\/blockquote>\n<p><strong>MILANO<\/strong> L&#8217;imprenditore bellunese\u00a0\u00a0Italo Calvi, di Farra d&#8217;Alpago, gi\u00e0 condannato a cinque anni e mezzo per il crac dell&#8217;Ic group e che da due mesi si trovava nell&#8217;Istituto Opera di Milano \u00e8\u00a0 stato trovato senza vita nella sua cella.<\/p>\n<p>&nbsp;<\/p>\n<p>&nbsp;<\/p>\n<p>&nbsp;<\/p>\n<hr \/>\n<p>&nbsp;<\/p>\n<blockquote>\n<h3>VIGILI DEL FUOCO NELLA NOTTE A PASSO FALZAREGO<\/h3>\n<\/blockquote>\n<p><strong>CORTINA <\/strong>\u00a0Due turisti olandesi, affaticati dopo un&#8217;escursione in montagna lungo il sentiero\u00a0 \u00a0che porta al lago Limedes sul passo Falzarego sono stati soccorsi nella notte dai vigili del fuoco. Due loro compagni, poco dopo le 22 di luned\u00ec,\u00a0 arrivati sulla strada SR 48, hanno dato l&#8217;allarme e aspettato i soccorsi.\u00a0 I vigili del fuoco arrivati da Cortina d&#8217;Ampezzo, sono andati incontro agli escursionisti lungo il sentiero trovandoli\u00a0 in buone condizioni, ma estremamente stanchi. La coppia \u00e8 stata aiutata dal personale dei vigili del fuoco a percorrere il tratto finale e ricongiungersi con le altre persone che avevano dato l&#8217;allarme. Sul posto anche il personale\u00a0 del soccorso alpino.<\/p>\n<p><strong><a class=\"dt-pswp-item\" href=\"https:\/\/www.radiopiu.net\/wordpress\/wp-content\/uploads\/2023\/08\/68ce748a-4f69-471c-a922-283715b4d103.jpg\" data-dt-img-description=\"\" data-large_image_width=\"604\" data-large_image_height=\"410\"><img loading=\"lazy\" decoding=\"async\" class=\"wp-image-347838 aligncenter\" src=\"https:\/\/www.radiopiu.net\/wordpress\/wp-content\/uploads\/2023\/08\/68ce748a-4f69-471c-a922-283715b4d103.jpg\" alt=\"\" width=\"271\" height=\"184\" srcset=\"https:\/\/www.radiopiu.net\/wordpress\/wp-content\/uploads\/2023\/08\/68ce748a-4f69-471c-a922-283715b4d103.jpg 604w, https:\/\/www.radiopiu.net\/wordpress\/wp-content\/uploads\/2023\/08\/68ce748a-4f69-471c-a922-283715b4d103-300x204.jpg 300w\" sizes=\"auto, (max-width: 271px) 100vw, 271px\" \/><\/a><\/strong><\/p>\n<p>&nbsp;<\/p>\n<p>&nbsp;<\/p>\n<hr \/>\n<p>&nbsp;<\/p>\n<blockquote>\n<h3>MALORE A TAMBRE E INCIDENTE A CADOLA<\/h3>\n<\/blockquote>\n<p><strong>REDAZIONE<\/strong> Nella mattinata di ieri l&#8217;elicottero Falco 2 \u00e8 interventuto a Tambre in Valturcana per un uomo di 85 anni di Bolzano che aveva accusato un malore. Nel pomeriggio un incidente ha visto coinvolto un giovane motociclista a Cadola di Ponte Nelle Alpi che \u00e8 stato trasportato all&#8217;ospedale di Belluno.<\/p>\n<p>&nbsp;<\/p>\n<p>&nbsp;<\/p>\n<hr \/>\n<p>&nbsp;<\/p>\n<blockquote>\n<h3>FALSI ALLARMI, SCHERZI DI PESSIMO GUSTO<\/h3>\n<\/blockquote>\n<p><strong>ARSIE&#8217;\u00a0<\/strong> Allarme per un presunto ferito caduto da una scala che ieri ha fatto mobilitare inutilmente tra Mellame e Col Perer l&#8217;eliambulanza del Suem, i carabinieri della compagnia di Feltre, gli uomini del soccorso alpino della stazione Cnsas di Feltre, assieme al sindaco Luca Strappazzon, impegnato in prima persona nelle ricerche con gli agenti della polizia locale arsedese. Ai carabinieri di Feltre \u00e8 arrivata una telefonata con una\u00a0 richiesta di soccorso.\u00a0 \u00a0Solo a pomeriggio inoltrato i soccorritori hanno deciso di rientrare, visto che non c&#8217;era nessuna evidenza di una reale emergenza.<\/p>\n<p>&nbsp;<\/p>\n<hr \/>\n<p>&nbsp;<\/p>\n<p>&nbsp;<\/p>\n<blockquote>\n<h3><a class=\"dt-pswp-item\" href=\"https:\/\/www.radiopiu.net\/wordpress\/wp-content\/uploads\/2018\/06\/semaforo.jpg\" data-dt-img-description=\"\" data-large_image_width=\"1280\" data-large_image_height=\"853\"><img loading=\"lazy\" decoding=\"async\" class=\"wp-image-51229 alignleft\" src=\"https:\/\/www.radiopiu.net\/wordpress\/wp-content\/uploads\/2018\/06\/semaforo-300x200.jpg\" alt=\"\" width=\"156\" height=\"104\" srcset=\"https:\/\/www.radiopiu.net\/wordpress\/wp-content\/uploads\/2018\/06\/semaforo-300x200.jpg 300w, https:\/\/www.radiopiu.net\/wordpress\/wp-content\/uploads\/2018\/06\/semaforo-768x512.jpg 768w, https:\/\/www.radiopiu.net\/wordpress\/wp-content\/uploads\/2018\/06\/semaforo-1024x682.jpg 1024w, https:\/\/www.radiopiu.net\/wordpress\/wp-content\/uploads\/2018\/06\/semaforo.jpg 1280w\" sizes=\"auto, (max-width: 156px) 100vw, 156px\" \/><\/a>SEMAFORO SPENTO DA 15 GIORNI<\/h3>\n<\/blockquote>\n<p><strong>BELLUNO<\/strong> Da due settimane il semaforo pedonale all&#8217;incrocio del tribunale non funziona.\u00a0 Un disagio per chi deve attraversare la strada. Qualche giorno fa una donna che spingeva un passeggino \u00e8 rimasta parecchi minuti in attesa di attraversare, non sapendo se il semaforo prima o poi sarebbe diventato verde.<\/p>\n<p>&nbsp;<\/p>\n<p>&nbsp;<\/p>\n<hr \/>\n<p>&nbsp;<\/p>\n<p>&nbsp;<\/p>\n<blockquote>\n<h3>L&#8217;ARENA IN VALLE DI SAN LUCANO NON SARA&#8217; ULTIMATA A BREVE<\/h3>\n<\/blockquote>\n<p><strong><a class=\"dt-pswp-item\" href=\"https:\/\/www.radiopiu.net\/wordpress\/wp-content\/uploads\/2022\/01\/LAGO-PESCHIERE-AGOSTO-2019-03.jpg\" data-dt-img-description=\"\" data-large_image_width=\"1600\" data-large_image_height=\"1200\"><img loading=\"lazy\" decoding=\"async\" class=\" wp-image-253681 alignleft\" src=\"https:\/\/www.radiopiu.net\/wordpress\/wp-content\/uploads\/2022\/01\/LAGO-PESCHIERE-AGOSTO-2019-03-300x225.jpg\" alt=\"\" width=\"155\" height=\"116\" srcset=\"https:\/\/www.radiopiu.net\/wordpress\/wp-content\/uploads\/2022\/01\/LAGO-PESCHIERE-AGOSTO-2019-03-300x225.jpg 300w, https:\/\/www.radiopiu.net\/wordpress\/wp-content\/uploads\/2022\/01\/LAGO-PESCHIERE-AGOSTO-2019-03-1024x768.jpg 1024w, https:\/\/www.radiopiu.net\/wordpress\/wp-content\/uploads\/2022\/01\/LAGO-PESCHIERE-AGOSTO-2019-03-768x576.jpg 768w, https:\/\/www.radiopiu.net\/wordpress\/wp-content\/uploads\/2022\/01\/LAGO-PESCHIERE-AGOSTO-2019-03-1536x1152.jpg 1536w, https:\/\/www.radiopiu.net\/wordpress\/wp-content\/uploads\/2022\/01\/LAGO-PESCHIERE-AGOSTO-2019-03.jpg 1600w\" sizes=\"auto, (max-width: 155px) 100vw, 155px\" \/><\/a>TAIBON<\/strong><\/p>\n<p>di Gianni Santomaso<\/p>\n<audio class=\"wp-audio-shortcode\" id=\"audio-347841-1\" preload=\"none\" style=\"width: 100%;\" controls=\"controls\"><source type=\"audio\/mpeg\" src=\"https:\/\/www.radiopiu.net\/wordpress\/wp-content\/uploads\/2023\/08\/GIANNI-LARENA-IN-VALLE-DI-SAN-LUCANO-NON-SARA-ULTIMATA-A-BREVE.mp3?_=1\" \/><a href=\"https:\/\/www.radiopiu.net\/wordpress\/wp-content\/uploads\/2023\/08\/GIANNI-LARENA-IN-VALLE-DI-SAN-LUCANO-NON-SARA-ULTIMATA-A-BREVE.mp3\">https:\/\/www.radiopiu.net\/wordpress\/wp-content\/uploads\/2023\/08\/GIANNI-LARENA-IN-VALLE-DI-SAN-LUCANO-NON-SARA-ULTIMATA-A-BREVE.mp3<\/a><\/audio>\n<p>&nbsp;<\/p>\n<p>&nbsp;<\/p>\n<hr \/>\n<p>&nbsp;<\/p>\n<p>&nbsp;<\/p>\n<blockquote>\n<h3>CATASTROFE DI MARCINELLE: IL RICORDO DI ZAIA<\/h3>\n<\/blockquote>\n<p><strong><a class=\"dt-pswp-item\" href=\"https:\/\/www.radiopiu.net\/wordpress\/wp-content\/uploads\/2023\/08\/Marcinelle.jpg\" data-dt-img-description=\"\" data-large_image_width=\"600\" data-large_image_height=\"580\"><img loading=\"lazy\" decoding=\"async\" class=\" wp-image-347861 alignleft\" src=\"https:\/\/www.radiopiu.net\/wordpress\/wp-content\/uploads\/2023\/08\/Marcinelle-300x290.jpg\" alt=\"\" width=\"163\" height=\"158\" srcset=\"https:\/\/www.radiopiu.net\/wordpress\/wp-content\/uploads\/2023\/08\/Marcinelle-300x290.jpg 300w, https:\/\/www.radiopiu.net\/wordpress\/wp-content\/uploads\/2023\/08\/Marcinelle.jpg 600w\" sizes=\"auto, (max-width: 163px) 100vw, 163px\" \/><\/a>VENEZIA <\/strong>\u201cNel 1956, quando accadde la tragedia della miniera di Bois de Cazier a Marcinelle, i minatori in Belgio erano manodopera inviata in cambio di quintali di carbone per l\u2019Italia. Uomini barattati con materie prime sulla base di precisi accordi. Quel giorno, l\u20198 agosto, il Veneto pag\u00f2 quello scambio con cinque caduti. Li ricordiamo anche oggi con affetto e riconoscenza perch\u00e9 sono il simbolo di un Veneto che, contrariamente a quello che qualcuno vuole far credere, ha conosciuto la povert\u00e0 e il sacrificio e non \u00e8 insensibile alle difficolt\u00e0 altrui\u201d. Nell\u2019anniversario della tragedia mineraria di Bois du Cazier a Marcinelle, divenuto giornata dedicata al lavoro italiano nel mondo, il Presidente della Regione del Veneto ricorda i corregionali che, insieme ad altri 136 italiani, persero la vita: Giuseppe Corso da Montorio Veronese, Dino Dalla Vecchia da Sedico, Giuseppe Polese da Cimadolmo, Mario Piccin da Codogn\u00e8, Guerrino Casanova da Montebelluna. \u201cMarcinelle \u00e8 un simbolo che ci impone di tenere viva la memoria su questa tragedia \u2013 aggiunge il Presidente -. Un monito a non dimenticare tutta la storia della nostra emigrazione, ma anche un monito per i nostri giorni, nei quali tanti, troppi lavoratori, perdono ancora la vita per guadagnarsi da vivere. Onorare i caduti di Marcinelle vuol dire anche impegnarsi per garantire sempre maggior sicurezza nei luoghi di lavoro, affinch\u00e8 nessuno debba pi\u00f9 rischiare la vita nell\u2019assicurare una vita dignitosa alla sua famiglia\u201d.<\/p>\n<p>(FOTO: Wikipedia)<\/p>\n<p>&nbsp;<\/p>\n<p>&nbsp;<\/p>\n<hr \/>\n<p>&nbsp;<\/p>\n<blockquote>\n<h3>VAJONT: LE CARTE PROCESSUALI DEVONO RIMANERE A BELLUNO<\/h3>\n<\/blockquote>\n<p><strong><a class=\"dt-pswp-item\" href=\"https:\/\/www.radiopiu.net\/wordpress\/wp-content\/uploads\/2021\/10\/VAJONT-GIORNO-DOPO-FOTO-ZANFRON.png\" data-dt-img-description=\"\" data-large_image_width=\"1196\" data-large_image_height=\"804\"><img loading=\"lazy\" decoding=\"async\" class=\" wp-image-236216 alignleft\" src=\"https:\/\/www.radiopiu.net\/wordpress\/wp-content\/uploads\/2021\/10\/VAJONT-GIORNO-DOPO-FOTO-ZANFRON-300x202.png\" alt=\"\" width=\"153\" height=\"103\" srcset=\"https:\/\/www.radiopiu.net\/wordpress\/wp-content\/uploads\/2021\/10\/VAJONT-GIORNO-DOPO-FOTO-ZANFRON-300x202.png 300w, https:\/\/www.radiopiu.net\/wordpress\/wp-content\/uploads\/2021\/10\/VAJONT-GIORNO-DOPO-FOTO-ZANFRON-1024x688.png 1024w, https:\/\/www.radiopiu.net\/wordpress\/wp-content\/uploads\/2021\/10\/VAJONT-GIORNO-DOPO-FOTO-ZANFRON-768x516.png 768w, https:\/\/www.radiopiu.net\/wordpress\/wp-content\/uploads\/2021\/10\/VAJONT-GIORNO-DOPO-FOTO-ZANFRON.png 1196w\" sizes=\"auto, (max-width: 153px) 100vw, 153px\" \/><\/a>VENEZIA<\/strong> \u00abIl fascicolo processuale del Vajont dev&#8217;essere mantenuto a Belluno, dove attualmente \u00e8 custodito dopo il trasferimento dall&#8217;Archivio di Stato de L&#8217;Aquila successivo al terremoto del 2009. La Regione, rispondendo ad una mia interrogazione, ha confermato l&#8217;intenzione di avviare un confronto con le istituzioni locali e statali per trovare una soluzione che permetta di mantenere in loco la documentazione storica. Ed \u00e8 proprio quello che chiedevamo: ora per\u00f2, alle dichiarazioni d&#8217;intenti devono seguire i fatti\u00bb. Cos\u00ec Erika Baldin, capogruppo in Consiglio regionale del MoVimento 5 Stelle, commentando la risposta della Giunta regionale alla sua interrogazione a risposta immediata n. 402 del 25 maggio 2023 &#8220;Vajont, le carte processuali sono patrimonio UNESCO. Quali le azioni della regione per scongiurarne il trasferimento a L\u2019Aquila?&#8221;<\/p>\n<p>&nbsp;<\/p>\n<p>&nbsp;<\/p>\n<hr \/>\n<p>&nbsp;<\/p>\n<blockquote>\n<h3>MOBILITAZIONE PER IL CENTRO ANTIVIOLENZA, I COMUNI BELLUNESI PARTECIPANO ALL\u2019INIZIATIVA DELLA CONSIGLIERA DI PARITA\u2019<\/h3>\n<\/blockquote>\n<p><strong><a class=\"dt-pswp-item\" href=\"https:\/\/www.radiopiu.net\/wordpress\/wp-content\/uploads\/2020\/11\/VIOLENZA-DONNE.jpg\" data-dt-img-description=\"\" data-large_image_width=\"1920\" data-large_image_height=\"1565\"><img loading=\"lazy\" decoding=\"async\" class=\" wp-image-174279 alignleft\" src=\"https:\/\/www.radiopiu.net\/wordpress\/wp-content\/uploads\/2020\/11\/VIOLENZA-DONNE-300x245.jpg\" alt=\"\" width=\"168\" height=\"137\" srcset=\"https:\/\/www.radiopiu.net\/wordpress\/wp-content\/uploads\/2020\/11\/VIOLENZA-DONNE-300x245.jpg 300w, https:\/\/www.radiopiu.net\/wordpress\/wp-content\/uploads\/2020\/11\/VIOLENZA-DONNE-1024x835.jpg 1024w, https:\/\/www.radiopiu.net\/wordpress\/wp-content\/uploads\/2020\/11\/VIOLENZA-DONNE-768x626.jpg 768w, https:\/\/www.radiopiu.net\/wordpress\/wp-content\/uploads\/2020\/11\/VIOLENZA-DONNE-1536x1252.jpg 1536w, https:\/\/www.radiopiu.net\/wordpress\/wp-content\/uploads\/2020\/11\/VIOLENZA-DONNE.jpg 1920w\" sizes=\"auto, (max-width: 168px) 100vw, 168px\" \/><\/a>BELLUNO<\/strong> La Consigliera di Parit\u00e0 della Provincia di Belluno ha inviato venerd\u00ec scorso una lettera alla Regione del Veneto con un messaggio a sostegno del Centro antiviolenza. In particolare, con la richiesta di una deroga per le aree montane.<\/p>\n<p>&nbsp;<\/p>\n<p>&nbsp;<\/p>\n<p>&nbsp;<\/p>\n<p><strong>LA CONSIGLIERA DI PARITA&#8217; FLAVIA MONEGO<\/strong><\/p>\n<audio class=\"wp-audio-shortcode\" id=\"audio-347841-2\" preload=\"none\" style=\"width: 100%;\" controls=\"controls\"><source type=\"audio\/mpeg\" src=\"https:\/\/www.radiopiu.net\/wordpress\/wp-content\/uploads\/2023\/08\/MONEGO-VIOLENZA.mp3?_=2\" \/><a href=\"https:\/\/www.radiopiu.net\/wordpress\/wp-content\/uploads\/2023\/08\/MONEGO-VIOLENZA.mp3\">https:\/\/www.radiopiu.net\/wordpress\/wp-content\/uploads\/2023\/08\/MONEGO-VIOLENZA.mp3<\/a><\/audio>\n<p>&nbsp;<\/p>\n<p>&nbsp;<\/p>\n<p>&nbsp;<\/p>\n<hr \/>\n<p>&nbsp;<\/p>\n<blockquote>\n<h3>PRESENTATO IL PRIMO CONCORSO NAZIONALE FNSI INTITOLATO A TINA MERLIN<\/h3>\n<\/blockquote>\n<p><strong>BELLUNO<\/strong> Sar\u00e0 Longarone, nel 60esimo anniversario della tragedia del Vajont, ad ospitare la prima edizione del premio giornalistico nazionale intitolato alla memoria di Tina Merlin.<\/p>\n<p><strong>di Daniele Dalvit<\/strong><\/p>\n<audio class=\"wp-audio-shortcode\" id=\"audio-347841-3\" preload=\"none\" style=\"width: 100%;\" controls=\"controls\"><source type=\"audio\/mpeg\" src=\"https:\/\/www.radiopiu.net\/wordpress\/wp-content\/uploads\/2023\/08\/DALVIT-Premio-Tina-Merlin.mp3?_=3\" \/><a href=\"https:\/\/www.radiopiu.net\/wordpress\/wp-content\/uploads\/2023\/08\/DALVIT-Premio-Tina-Merlin.mp3\">https:\/\/www.radiopiu.net\/wordpress\/wp-content\/uploads\/2023\/08\/DALVIT-Premio-Tina-Merlin.mp3<\/a><\/audio>\n<p>&nbsp;<\/p>\n\n\t\t\t<style type='text\/css'>\n\t\t\t\t#gallery-2 {\n\t\t\t\t\tmargin: auto;\n\t\t\t\t}\n\t\t\t\t#gallery-2 .gallery-item {\n\t\t\t\t\tfloat: left;\n\t\t\t\t\tmargin-top: 10px;\n\t\t\t\t\ttext-align: center;\n\t\t\t\t\twidth: 50%;\n\t\t\t\t}\n\t\t\t\t#gallery-2 img {\n\t\t\t\t\tborder: 2px solid #cfcfcf;\n\t\t\t\t}\n\t\t\t\t#gallery-2 .gallery-caption {\n\t\t\t\t\tmargin-left: 0;\n\t\t\t\t}\n\t\t\t\t\/* see gallery_shortcode() in wp-includes\/media.php *\/\n\t\t\t<\/style>\n\t\t<div id='gallery-2' class='dt-gallery-container gallery galleryid-347841 gallery-columns-2 gallery-size-medium'><dl class='gallery-item'>\n\t\t\t\t<dt class='gallery-icon landscape'>\n\t\t\t\t\t<a class=\"rollover rollover-zoom dt-pswp-item\" title=\"Tina Merlin 2\" data-dt-img-description=\"\" data-large_image_width=\"2560\" data-large_image_height=\"1920\"href='https:\/\/www.radiopiu.net\/wordpress\/wp-content\/uploads\/2023\/08\/Tina-Merlin-2-scaled.jpg'><img loading=\"lazy\" decoding=\"async\" width=\"300\" height=\"225\" src=\"https:\/\/www.radiopiu.net\/wordpress\/wp-content\/uploads\/2023\/08\/Tina-Merlin-2-300x225.jpg\" class=\"attachment-medium size-medium\" alt=\"\" srcset=\"https:\/\/www.radiopiu.net\/wordpress\/wp-content\/uploads\/2023\/08\/Tina-Merlin-2-300x225.jpg 300w, https:\/\/www.radiopiu.net\/wordpress\/wp-content\/uploads\/2023\/08\/Tina-Merlin-2-1024x768.jpg 1024w, https:\/\/www.radiopiu.net\/wordpress\/wp-content\/uploads\/2023\/08\/Tina-Merlin-2-768x576.jpg 768w, https:\/\/www.radiopiu.net\/wordpress\/wp-content\/uploads\/2023\/08\/Tina-Merlin-2-1536x1152.jpg 1536w, https:\/\/www.radiopiu.net\/wordpress\/wp-content\/uploads\/2023\/08\/Tina-Merlin-2-2048x1536.jpg 2048w\" sizes=\"auto, (max-width: 300px) 100vw, 300px\" \/><\/a>\n\t\t\t\t<\/dt><\/dl><dl class='gallery-item'>\n\t\t\t\t<dt class='gallery-icon landscape'>\n\t\t\t\t\t<a class=\"rollover rollover-zoom dt-pswp-item\" title=\"Tina Merlin 1\" data-dt-img-description=\"\" data-large_image_width=\"2560\" data-large_image_height=\"1920\"href='https:\/\/www.radiopiu.net\/wordpress\/wp-content\/uploads\/2023\/08\/Tina-Merlin-1-scaled.jpg'><img loading=\"lazy\" decoding=\"async\" width=\"300\" height=\"225\" src=\"https:\/\/www.radiopiu.net\/wordpress\/wp-content\/uploads\/2023\/08\/Tina-Merlin-1-300x225.jpg\" class=\"attachment-medium size-medium\" alt=\"\" srcset=\"https:\/\/www.radiopiu.net\/wordpress\/wp-content\/uploads\/2023\/08\/Tina-Merlin-1-300x225.jpg 300w, https:\/\/www.radiopiu.net\/wordpress\/wp-content\/uploads\/2023\/08\/Tina-Merlin-1-1024x768.jpg 1024w, https:\/\/www.radiopiu.net\/wordpress\/wp-content\/uploads\/2023\/08\/Tina-Merlin-1-768x576.jpg 768w, https:\/\/www.radiopiu.net\/wordpress\/wp-content\/uploads\/2023\/08\/Tina-Merlin-1-1536x1152.jpg 1536w, https:\/\/www.radiopiu.net\/wordpress\/wp-content\/uploads\/2023\/08\/Tina-Merlin-1-2048x1536.jpg 2048w\" sizes=\"auto, (max-width: 300px) 100vw, 300px\" \/><\/a>\n\t\t\t\t<\/dt><\/dl><br style=\"clear: both\" \/>\n\t\t\t<\/div>\n\n<p>&nbsp;<\/p>\n<hr \/>\n<p>&nbsp;<\/p>\n<blockquote>\n<h3>NUOVO PONTE DI CAUPO: LA PROGETTAZIONE E L&#8217;AVVIO DEL CANTIERE NEL 2024<\/h3>\n<\/blockquote>\n<p><strong>SEREN DEL GRAPPA<\/strong> Novit\u00e0 importanti in vista per il ponte di Caupo, ovvero il viadotto sullo Stizzon che collega l\u2019uscita dall\u2019omonima frazione al centro abitato di Seren e alla Valle: inserito nel piano provinciale delle opere pubbliche, il progetto vedr\u00e0 infatti la luce nel corso del 2024. Ad annunciarlo e a ricostruire la vicenda \u00e8 il sindaco di Seren del Grappa Dario Scopel<\/p>\n<div style=\"width: 848px;\" class=\"wp-video\"><video class=\"wp-video-shortcode\" id=\"video-347841-1\" width=\"848\" height=\"480\" preload=\"metadata\" controls=\"controls\"><source type=\"video\/mp4\" src=\"https:\/\/www.radiopiu.net\/wordpress\/wp-content\/uploads\/2023\/08\/WhatsApp-Video-2023-08-08-at-14.18.17.mp4?_=1\" \/><a href=\"https:\/\/www.radiopiu.net\/wordpress\/wp-content\/uploads\/2023\/08\/WhatsApp-Video-2023-08-08-at-14.18.17.mp4\">https:\/\/www.radiopiu.net\/wordpress\/wp-content\/uploads\/2023\/08\/WhatsApp-Video-2023-08-08-at-14.18.17.mp4<\/a><\/video><\/div>\n<p>&nbsp;<\/p>\n<hr \/>\n<p>&nbsp;<\/p>\n<p>IERI SERA, DAL TG DEL BELLUNESE SU ANTENNA 3 IN ONDA ALLE 19.30 E OGNI GIORNO ALLE 19 10 ALLA RADIO PIU&#8217; LE ANTICIPAZIONI DEL TG<\/p>\n<blockquote>\n<h3 class=\"_title post-title entry-title\">BELLUNO | -35% DI PERDITE IDRICHE ENTRO IL 2025. BIM GSP AGGIUDICA I LAVORI<\/h3>\n<\/blockquote>\n<p>Servizio di <a href=\"https:\/\/antennatre.medianordest.it\/redazione\/Stefano-Bozzi\/\">Stefano Bozzi<\/a><\/p>\n<p>OSPITE ATTILIO SOMMAVILLA PRESIDENTE BIM GSP<\/p>\n<p>&nbsp;<\/p>\n<p><iframe loading=\"lazy\" title=\"-35% DI PERDITE IDRICHE ENTRO IL 2025. BIM GSP AGGIUDICA I LAVORI | 08\/08\/2023\" width=\"1200\" height=\"675\" src=\"https:\/\/www.youtube.com\/embed\/z_0P_ovUzOc?feature=oembed\" frameborder=\"0\" allow=\"accelerometer; autoplay; clipboard-write; encrypted-media; gyroscope; picture-in-picture; web-share\" allowfullscreen><\/iframe><\/p>\n<p>&nbsp;<\/p>\n<hr \/>\n<blockquote>\n<h3><\/h3>\n<h3>REGIONE VENETO RIFINANZIA GLI EMPORI DELLA SOLIDARIETA\u2019 CON UN MILIONE<\/h3>\n<\/blockquote>\n<p><strong><a class=\"dt-pswp-item\" href=\"https:\/\/www.radiopiu.net\/wordpress\/wp-content\/uploads\/2021\/02\/LANZARIN.png\" data-dt-img-description=\"\" data-large_image_width=\"1092\" data-large_image_height=\"1014\"><img loading=\"lazy\" decoding=\"async\" class=\" wp-image-194081 alignleft\" src=\"https:\/\/www.radiopiu.net\/wordpress\/wp-content\/uploads\/2021\/02\/LANZARIN-300x279.png\" alt=\"\" width=\"123\" height=\"114\" srcset=\"https:\/\/www.radiopiu.net\/wordpress\/wp-content\/uploads\/2021\/02\/LANZARIN-300x279.png 300w, https:\/\/www.radiopiu.net\/wordpress\/wp-content\/uploads\/2021\/02\/LANZARIN-1024x951.png 1024w, https:\/\/www.radiopiu.net\/wordpress\/wp-content\/uploads\/2021\/02\/LANZARIN-768x713.png 768w, https:\/\/www.radiopiu.net\/wordpress\/wp-content\/uploads\/2021\/02\/LANZARIN.png 1092w\" sizes=\"auto, (max-width: 123px) 100vw, 123px\" \/><\/a>VENEZIA <\/strong>\u201cL\u2019assessore alla Sanit\u00e0 e Politiche Sociali Manuela Lanzarin annuncia una delibera, approvata dalla Giunta regionale su sua proposta, con la quale si stanzia un milione di euro come finanziamento all\u2019iniziativa e si approvano i criteri per la presentazione e selezione delle progettualit\u00e0. Lo scorso anno gli utenti aiutati dalla rete degli Empori della Solidariet\u00e0 \u00e8 stata di 150mila 583 utenti.<\/p>\n<p>&nbsp;<\/p>\n<p>&nbsp;<\/p>\n<hr \/>\n<p>&nbsp;<\/p>\n<p>&nbsp;<\/p>\n<blockquote>\n<h3>CARENZA MEDICI DI MEDICINA GENERALE: PARLA IL DIRETTORE REGIONALE ANNICCHIARICO<\/h3>\n<\/blockquote>\n<p><strong><a class=\"dt-pswp-item\" href=\"https:\/\/www.radiopiu.net\/wordpress\/wp-content\/uploads\/2023\/08\/Cambio_medico.jpg\" data-dt-img-description=\"\" data-large_image_width=\"1323\" data-large_image_height=\"954\"><img loading=\"lazy\" decoding=\"async\" class=\" wp-image-347008 alignleft\" src=\"https:\/\/www.radiopiu.net\/wordpress\/wp-content\/uploads\/2023\/08\/Cambio_medico-300x216.jpg\" alt=\"\" width=\"151\" height=\"109\" srcset=\"https:\/\/www.radiopiu.net\/wordpress\/wp-content\/uploads\/2023\/08\/Cambio_medico-300x216.jpg 300w, https:\/\/www.radiopiu.net\/wordpress\/wp-content\/uploads\/2023\/08\/Cambio_medico-1024x738.jpg 1024w, https:\/\/www.radiopiu.net\/wordpress\/wp-content\/uploads\/2023\/08\/Cambio_medico-768x554.jpg 768w, https:\/\/www.radiopiu.net\/wordpress\/wp-content\/uploads\/2023\/08\/Cambio_medico.jpg 1323w\" sizes=\"auto, (max-width: 151px) 100vw, 151px\" \/><\/a>VENEZIA <\/strong>\u00a0La Regione\u00a0 respinge ogni accusa di immobilismo,\u00a0 anzi rivendica il proprio concreto impegno: attualmente sono 792 i medici in formazione per diventare MMG. &#8220;<em>Tra coloro che attualmente frequentano il corso di formazione 309 hanno un incarico temporaneo o provvisorio di assistenza primaria e contribuiranno a dare una prima risposta gi\u00e0 oggi alle difficolt\u00e0 di copertura in alcuni territori\u201d.<\/em> Lo precisa il Segretaro Regionale della Sanit\u00e0 del Veneto Massimo Annicchiarico, in relazione alla situazione della medicina generale e alle polemiche che spesso ne conseguono.<\/p>\n<p>&nbsp;<\/p>\n<p>&nbsp;<\/p>\n<hr \/>\n<p>&nbsp;<\/p>\n<blockquote>\n<h3>DAL 2011 IL NUMERO DEGLI ANZIANI FRAGILI E&#8217; AUMENTATO<\/h3>\n<\/blockquote>\n<p><strong><a class=\"dt-pswp-item\" href=\"https:\/\/www.radiopiu.net\/wordpress\/wp-content\/uploads\/2023\/02\/SPI-CGIL.png\" data-dt-img-description=\"\" data-large_image_width=\"278\" data-large_image_height=\"244\"><img loading=\"lazy\" decoding=\"async\" class=\" wp-image-322694 alignleft\" src=\"https:\/\/www.radiopiu.net\/wordpress\/wp-content\/uploads\/2023\/02\/SPI-CGIL.png\" alt=\"\" width=\"132\" height=\"116\" \/><\/a>VENEZIA <\/strong>In Veneto, la popolazione anziana sta aumentando e con essa la fragilit\u00e0. Nonostante l&#8217;incremento dell&#8217;aspettativa di vita, crescono i problemi di salute e la non autosufficienza. Lo Spi Cgil del Veneto richiama l&#8217;attenzione su questa situazione, evidenziando che nonostante l&#8217;entrata in vigore della legge delega nazionale sugli anziani e sulla non autosufficienza, la questione \u00e8 stata trascurata.\u00a0 \u00a0Lo Spi Cgil del Veneto richiede un aumento degli interventi per prevenire e supportare la non autosufficienza, sottolineando l&#8217;importanza di una rete di assistenza integrata, gestita dal sistema socio-sanitario pubblico.<\/p>\n<p>&nbsp;<\/p>\n<p>&nbsp;<\/p>\n<hr \/>\n<p>&nbsp;<\/p>\n<blockquote>\n<h3>PATTI DI COLLABORAZIONE, \u201cVIA LIBERA\u201d AD ALTRE QUATTRO ADESIONI<\/h3>\n<\/blockquote>\n<p><strong><a class=\"dt-pswp-item\" href=\"https:\/\/www.radiopiu.net\/wordpress\/wp-content\/uploads\/2023\/07\/Feltre-Piazza-Maggiore.jpg\" data-dt-img-description=\"\" data-large_image_width=\"1595\" data-large_image_height=\"1054\"><img loading=\"lazy\" decoding=\"async\" class=\" wp-image-344857 alignleft\" src=\"https:\/\/www.radiopiu.net\/wordpress\/wp-content\/uploads\/2023\/07\/Feltre-Piazza-Maggiore-300x198.jpg\" alt=\"\" width=\"177\" height=\"117\" srcset=\"https:\/\/www.radiopiu.net\/wordpress\/wp-content\/uploads\/2023\/07\/Feltre-Piazza-Maggiore-300x198.jpg 300w, https:\/\/www.radiopiu.net\/wordpress\/wp-content\/uploads\/2023\/07\/Feltre-Piazza-Maggiore-1024x677.jpg 1024w, https:\/\/www.radiopiu.net\/wordpress\/wp-content\/uploads\/2023\/07\/Feltre-Piazza-Maggiore-768x508.jpg 768w, https:\/\/www.radiopiu.net\/wordpress\/wp-content\/uploads\/2023\/07\/Feltre-Piazza-Maggiore-1536x1015.jpg 1536w, https:\/\/www.radiopiu.net\/wordpress\/wp-content\/uploads\/2023\/07\/Feltre-Piazza-Maggiore.jpg 1595w\" sizes=\"auto, (max-width: 177px) 100vw, 177px\" \/><\/a>FELTRE <\/strong>Altre quattro adesioni allo strumento dei \u201cPatti di Collaborazione\u201d, a cui l\u2019Amministrazione ha dato formalmente vita con una delibera di giunta dello scorso mese di gennaio, con l\u2019obiettivo di valorizzare e coordinare l\u2019intervento di soggetti privati, associazioni di volontariato o soggetti pubblici che vogliano collaborare alla cura e alla manutenzione dei beni comuni della citt\u00e0 e delle sue frazioni. Dopo le prime otto adesioni dello scorso mese di maggio, nell\u2019ultima seduta di giunta ne sono state approvate altre quattro; tra esse il gruppo alpini di Tomo e il G.I.L.F., Gruppo Interaziendale Lavoratori Feltrini.\u00a0 Si sono proposti per la sottoscrizione di altrettanti patti di collaborazione anche due privati cittadini.<\/p>\n<p>&nbsp;<\/p>\n<p>&nbsp;<\/p>\n<hr \/>\n<p>&nbsp;<\/p>\n<blockquote>\n<h3>LA QUINTA EDIZIONE DEL BELLUNO KIDS FESTIVAL<\/h3>\n<\/blockquote>\n<p><strong><a class=\"dt-pswp-item\" href=\"https:\/\/www.radiopiu.net\/wordpress\/wp-content\/uploads\/2023\/08\/wonder_me_1.jpg\" data-dt-img-description=\"\" data-large_image_width=\"1920\" data-large_image_height=\"1277\"><img loading=\"lazy\" decoding=\"async\" class=\" wp-image-347888 alignleft\" src=\"https:\/\/www.radiopiu.net\/wordpress\/wp-content\/uploads\/2023\/08\/wonder_me_1-300x200.jpg\" alt=\"\" width=\"155\" height=\"103\" srcset=\"https:\/\/www.radiopiu.net\/wordpress\/wp-content\/uploads\/2023\/08\/wonder_me_1-300x200.jpg 300w, https:\/\/www.radiopiu.net\/wordpress\/wp-content\/uploads\/2023\/08\/wonder_me_1-1024x681.jpg 1024w, https:\/\/www.radiopiu.net\/wordpress\/wp-content\/uploads\/2023\/08\/wonder_me_1-768x511.jpg 768w, https:\/\/www.radiopiu.net\/wordpress\/wp-content\/uploads\/2023\/08\/wonder_me_1-1536x1022.jpg 1536w, https:\/\/www.radiopiu.net\/wordpress\/wp-content\/uploads\/2023\/08\/wonder_me_1.jpg 1920w\" sizes=\"auto, (max-width: 155px) 100vw, 155px\" \/><\/a>BELLUNO <\/strong>Il Belluno Kids Festival giunge alla sua quinta edizion con l&#8217;obiettivo di facilitare la fruizione artistica e culturale al pubblico delle nuove generazioni con proposte che abbracciano anche le fasce sociali pi\u00f9 fragili con eventi ad ingresso gratuito o a costo simbolico.\u00a0 Gli spettacoli sono per tutti a partire dai 18 mesi, con la sezione del Festival Belluno Kids Baby che vede al Festival progetti appositamente pensati e dedicati a questa specifica fascia d&#8217;et\u00e0.<\/p>\n<p>&nbsp;<\/p>\n<p>&nbsp;<\/p>\n<hr \/>\n<p>&nbsp;<\/p>\n<p>&nbsp;<\/p>\n<blockquote>\n<h3>RIPRENDE A LIMANA L\u2019ASSEGNAZIONE DELLA LEGNA AI CITTADINI<\/h3>\n<\/blockquote>\n<p><strong>LIMANA <\/strong>Fino al 15 settembre, i cittadini di Limana possono richiedere legname di propriet\u00e0 pubblica sui terreni comunali. L&#8217;assegnazione di legna da ardere e legname da opera \u00e8 possibile per quantit\u00e0 fino a 40 quintali e 20 metri cubi rispettivamente per nucleo familiare.\u00a0 Le richieste devono essere inviate entro il 15 settembre 2023.<\/p>\n<p>&nbsp;<\/p>\n<p>&nbsp;<\/p>\n<hr \/>\n<p>&nbsp;<\/p>\n<blockquote>\n<h3>COMUNE DI PONTE NELLE ALPI E BRETELLE LASCHE ASSIEME PER BENEFICENZA<\/h3>\n<\/blockquote>\n<p><strong><a class=\"dt-pswp-item\" href=\"https:\/\/www.radiopiu.net\/wordpress\/wp-content\/uploads\/2023\/08\/Piccolo_Teatro_Pierobon_di_Paiane.jpg\" data-dt-img-description=\"\" data-large_image_width=\"2040\" data-large_image_height=\"1148\"><img loading=\"lazy\" decoding=\"async\" class=\" wp-image-347857 alignleft\" src=\"https:\/\/www.radiopiu.net\/wordpress\/wp-content\/uploads\/2023\/08\/Piccolo_Teatro_Pierobon_di_Paiane-300x169.jpg\" alt=\"\" width=\"179\" height=\"101\" srcset=\"https:\/\/www.radiopiu.net\/wordpress\/wp-content\/uploads\/2023\/08\/Piccolo_Teatro_Pierobon_di_Paiane-300x169.jpg 300w, https:\/\/www.radiopiu.net\/wordpress\/wp-content\/uploads\/2023\/08\/Piccolo_Teatro_Pierobon_di_Paiane-1024x576.jpg 1024w, https:\/\/www.radiopiu.net\/wordpress\/wp-content\/uploads\/2023\/08\/Piccolo_Teatro_Pierobon_di_Paiane-768x432.jpg 768w, https:\/\/www.radiopiu.net\/wordpress\/wp-content\/uploads\/2023\/08\/Piccolo_Teatro_Pierobon_di_Paiane-1536x864.jpg 1536w, https:\/\/www.radiopiu.net\/wordpress\/wp-content\/uploads\/2023\/08\/Piccolo_Teatro_Pierobon_di_Paiane.jpg 2040w\" sizes=\"auto, (max-width: 179px) 100vw, 179px\" \/><\/a>PONTE NELLE ALPI <\/strong>Il Comune di Ponte nelle Alpi e la compagnia teatrale delle Bretelle Lasche, hanno raccolto un contributo di duemila euro e lo destineranno a due realt\u00e0: la met\u00e0 della somma (quindi mille euro) andr\u00e0 al Centro Caritas, impegnato da anni a sostegno di soggetti e nuclei familiari in difficolt\u00e0. E l\u2019altra met\u00e0 \u00e8 destinata ad alimentare l\u2019Archivio Eugenio Allegri.<span class=\"gmail-Apple-converted-space\">\u00a0<\/span><\/p>\n<p>&nbsp;<\/p>\n<p>&nbsp;<\/p>\n<hr \/>\n<p>&nbsp;<\/p>\n<blockquote>\n<h3>UN NUOVO CONCORSO LETTERARIO A SOSPIROLO<\/h3>\n<\/blockquote>\n<p><strong><a class=\"dt-pswp-item\" href=\"https:\/\/www.radiopiu.net\/wordpress\/wp-content\/uploads\/2023\/08\/VeciaPanera.jpg\" data-dt-img-description=\"\" data-large_image_width=\"1723\" data-large_image_height=\"1137\"><img loading=\"lazy\" decoding=\"async\" class=\" wp-image-347880 alignleft\" src=\"https:\/\/www.radiopiu.net\/wordpress\/wp-content\/uploads\/2023\/08\/VeciaPanera-300x198.jpg\" alt=\"\" width=\"200\" height=\"132\" srcset=\"https:\/\/www.radiopiu.net\/wordpress\/wp-content\/uploads\/2023\/08\/VeciaPanera-300x198.jpg 300w, https:\/\/www.radiopiu.net\/wordpress\/wp-content\/uploads\/2023\/08\/VeciaPanera-1024x676.jpg 1024w, https:\/\/www.radiopiu.net\/wordpress\/wp-content\/uploads\/2023\/08\/VeciaPanera-768x507.jpg 768w, https:\/\/www.radiopiu.net\/wordpress\/wp-content\/uploads\/2023\/08\/VeciaPanera-1536x1014.jpg 1536w, https:\/\/www.radiopiu.net\/wordpress\/wp-content\/uploads\/2023\/08\/VeciaPanera.jpg 1723w\" sizes=\"auto, (max-width: 200px) 100vw, 200px\" \/><\/a>SOSPIROLO <\/strong>Al fuoco, elemento primigenio e universale dalle molteplici manifestazioni, \u00e8 dedicato il concorso letterario per opere inedite \u201cSospirolo tra leggende e misteri\u201d indetto dalla Pro Loco \u201cMonti del Sole\u201d e dal Comune di Sospirolo. Giunto alla sua 14esima edizione, il concorso si prepara ad accogliere tanti nuovi e promettenti scrittori. Le opere dovranno pervenire via e-mail all\u2019indirizzo <a href=\"mailto:concorsisospirolo@gmail.com\">concorsisospirolo@gmail.com<\/a>, con oggetto \u201cConcorso letterario Sospirolo\u201d, entro e non oltre il 21 ottobre 2023.<\/p>\n<p>&nbsp;<\/p>\n<p>&nbsp;<\/p>\n<hr \/>\n<p>&nbsp;<\/p>\n<blockquote>\n<h3>MISURAZIONE DELLA PRESSIONE IN ALTA QUOTA<\/h3>\n<\/blockquote>\n<p><strong><a class=\"dt-pswp-item\" href=\"https:\/\/www.radiopiu.net\/wordpress\/wp-content\/uploads\/2021\/03\/ULSS-1.jpg\" data-dt-img-description=\"\" data-large_image_width=\"776\" data-large_image_height=\"408\"><img loading=\"lazy\" decoding=\"async\" class=\" wp-image-198838 alignleft\" src=\"https:\/\/www.radiopiu.net\/wordpress\/wp-content\/uploads\/2021\/03\/ULSS-1-300x158.jpg\" alt=\"\" width=\"154\" height=\"81\" srcset=\"https:\/\/www.radiopiu.net\/wordpress\/wp-content\/uploads\/2021\/03\/ULSS-1-300x158.jpg 300w, https:\/\/www.radiopiu.net\/wordpress\/wp-content\/uploads\/2021\/03\/ULSS-1-768x404.jpg 768w, https:\/\/www.radiopiu.net\/wordpress\/wp-content\/uploads\/2021\/03\/ULSS-1.jpg 776w\" sizes=\"auto, (max-width: 154px) 100vw, 154px\" \/><\/a>BELLUNO <\/strong>Considerato il successo delle precedenti giornate dell\u2019ipertensione nei rifugi, l\u2019iniziativa verr\u00e0 ripetuta domani\u00a0presso il Rifugio Croda Da Lago di Cortina. Gli operatori del Dipartimento di Prevenzione dell\u2019Ulss Dolomiti saranno a disposizione dalle 10.00 alle 14.00 per eseguire, su base volontaria, la misurazione della pressione arteriosa e della saturazione a favore degli escursionisti in arrivo, che potranno cos\u00ec verificare in modo semplice e rapido la propria situazione cardiovascolare e la propria reazione all\u2019esposizione alla quota. Chi lo desidera potr\u00e0, inoltre, rispondere in forma anonima a un breve questionario per la raccolta di dati sanitari utili per la ricerca scientifica sul comportamento della pressione arteriosa in montagna e sul profilo indiviuale di rischio cardiovascolare tra gli escursionisti.<\/p>\n<p>&nbsp;<\/p>\n<p>&nbsp;<\/p>\n<hr \/>\n<p>&nbsp;<\/p>\n<blockquote>\n<h3>AL VIA LE ADESIONI PER LA FESTA PROVINCIALE AUSER<\/h3>\n<\/blockquote>\n<p><strong>AGORDO<\/strong> Il circolo Auser &#8220;El Broi&#8221; invita tutti i soci che desiderano partecipare alla festa provinciale, prevista ad Agordo il prossimo 3 settembre, ad iscriversi entro e non oltre il 23 agosto 2023. Le iscrizioni con il versamento della quota si ricevono presso la sede. Per ulteriori informazioni contattare il circolo.<\/p>\n<p>&nbsp;<\/p>\n<p>&nbsp;<\/p>\n<hr \/>\n<p>&nbsp;<\/p>\n<p>&nbsp;<\/p>\n<div class=\"page-title-head hgroup\">\n<h1 class=\"entry-title\">Gattino investito a Cencenighe<\/h1>\n<\/div>\n<p class=\"photoswipe-wrapper\"><a class=\"dt-pswp-item pspw-wrap-ready\" href=\"https:\/\/www.radiopiu.net\/wordpress\/wp-content\/uploads\/2023\/08\/gatto-cence.jpg\" data-dt-img-description=\"\" data-large_image_width=\"1200\" data-large_image_height=\"630\"><img loading=\"lazy\" decoding=\"async\" class=\"size-medium wp-image-347903 alignleft\" src=\"https:\/\/www.radiopiu.net\/wordpress\/wp-content\/uploads\/2023\/08\/gatto-cence-300x158.jpg\" sizes=\"auto, (max-width: 300px) 100vw, 300px\" srcset=\"https:\/\/www.radiopiu.net\/wordpress\/wp-content\/uploads\/2023\/08\/gatto-cence-300x158.jpg 300w, https:\/\/www.radiopiu.net\/wordpress\/wp-content\/uploads\/2023\/08\/gatto-cence-1024x538.jpg 1024w, https:\/\/www.radiopiu.net\/wordpress\/wp-content\/uploads\/2023\/08\/gatto-cence-768x403.jpg 768w, https:\/\/www.radiopiu.net\/wordpress\/wp-content\/uploads\/2023\/08\/gatto-cence.jpg 1200w\" alt=\"\" width=\"300\" height=\"158\" \/><\/a>Questo gatto \u00e8 stato investito a Cencenighe, zona centrale, via XX Settembre pi\u00f9 o meno all\u2019altezza dell\u2019enoteca e ritrovato da quel lato della carreggiata, il gatto \u00e8 stato raccolto e portato immediatamente dal veterinario ma non c\u2019\u00e8 stato nulla da fare \u00e8 deceduto.<br \/>\nE\u2019 un maschio giovane non sterilizzato, se c\u2019\u00e8 un proprietario pu\u00f2 chiamarmi al 3388767470<\/p>\n<p><strong>Sono passate ben 3 auto prima della mia, e nessuno si \u00e8 fermato, voglio ricordate che raccogliere un animale ferito non solo \u00e8 un atto di civilt\u00e0 MA E\u2019 UN OBBLIGO DI LEGGE. NON SOLO PER CHI LO HA INVESTITO MA ANCHE PER CHI PASSA DOPO:<\/strong><\/p>\n<p>Chiunque investa un animale ha l\u2019obbligo di fermarsi e prestargli soccorso. Il Codice della Strada, grazie a una modifica introdotta con Legge n. 120\/2010 prevede, che l\u2019utente della strada, in caso di incidente comunque ricollegabile al suo comportamento, da cui derivi danno a un animale, ha l\u2019obbligo di fermarsi e di porre in atto ogni misura idonea ad assicurare un tempestivo intervento di soccorso. La norma non si applica solo a cani e gatti e agli animali domestici ma anche agli animali da reddito (mucche, pecore, capre ecc..) o protetti. Chiunque non si fermi e non presti soccorso \u00e8 punito con una sanzione amministrativa\u00a0pari al\u00a0pagamento di una somma da 422 a 1.694 euro.\u00a0 Occorre sottolineare come l\u2019obbligo di prestare soccorso non riguardi solo il conducente del mezzo a quattro o due ruote, comprese le biciclette, ma anche chi assista all\u2019incidente, in quanto coinvolto nell\u2019evento come i passeggeri a bordo del mezzo. In questo caso la sanzione prevista per chi non ottempera all\u2019obbligo di assicurare un tempestivo intervento di soccorso \u00e8 il pagamento la sanzione \u00e8 pi\u00f9 lieve, si tratta di somma compresa tra euro 83,00 ed euro 331,00.<br \/>\nSe si investe un animale o si \u00e8 coinvolti comunque nell\u2019evento \u00e8 dunque necessario accertarsi delle condizioni dell\u2019animale e attivare immediatamente l\u2019intervento di soccorso. In assenza di un numero dedicato al soccorso animali \u00e8 possibile contattare laPolizia\u00a0Locale\u00a0o il servizio veterinario ASL competente per territorio che ha l\u2019obbligo di reperibilit\u00e0 anche notturna e festiva. Si possono comunque contattare anche i Carabinieri e la Polizia di Stato.<br \/>\nIl Codice della Strada non \u00e8, tuttavia, l\u2019unica disposizione a punire l\u2019omissione di soccorso nei confronti di animali. Nell\u2019ipotesi in cui a seguito dell\u2019omissione di soccorso sopravvenga il decesso dell\u2019animale, potrebbe configurarsi il reato di cui all\u2019articolo 544 bis del Codice\u00a0Penale: \u201cUccisione di animali\u201d che prevede la pena della reclusione da quattro mesi a due anni\u201d.<\/p>\n<p>Iliana Comina<\/p>\n<p>&nbsp;<\/p>\n<hr \/>\n<p>&nbsp;<\/p>\n<h2><span style=\"color: #ff00ff;\">IERI ALLA RADIO<\/span><\/h2>\n<h2><span style=\"color: #008080;\">\u00a0&#8220;DINTORN E FORA VIA&#8221;\u00a0<\/span><span style=\"color: #008080;\"> IL PROGRAMMA\u00a0 <\/span><span style=\"color: #008080;\">A CURA DEL MUSLA\u00a0\u00a0<\/span><\/h2>\n<p><a class=\"dt-pswp-item\" href=\"https:\/\/www.radiopiu.net\/wordpress\/wp-content\/uploads\/2023\/08\/WhatsApp-Image-2023-08-07-at-15.52.32.jpeg\" data-dt-img-description=\"\" data-large_image_width=\"622\" data-large_image_height=\"340\"><img loading=\"lazy\" decoding=\"async\" class=\"size-medium wp-image-347822 alignleft\" src=\"https:\/\/www.radiopiu.net\/wordpress\/wp-content\/uploads\/2023\/08\/WhatsApp-Image-2023-08-07-at-15.52.32-300x164.jpeg\" alt=\"\" width=\"300\" height=\"164\" srcset=\"https:\/\/www.radiopiu.net\/wordpress\/wp-content\/uploads\/2023\/08\/WhatsApp-Image-2023-08-07-at-15.52.32-300x164.jpeg 300w, https:\/\/www.radiopiu.net\/wordpress\/wp-content\/uploads\/2023\/08\/WhatsApp-Image-2023-08-07-at-15.52.32.jpeg 622w\" sizes=\"auto, (max-width: 300px) 100vw, 300px\" \/><\/a><strong>PUNTATA DEL 08 AGOSTO BEATRICE COLCUC<\/strong><\/p>\n<audio class=\"wp-audio-shortcode\" id=\"audio-347841-4\" preload=\"none\" style=\"width: 100%;\" controls=\"controls\"><source type=\"audio\/mpeg\" src=\"https:\/\/www.radiopiu.net\/wordpress\/wp-content\/uploads\/2023\/08\/MUSLA-2.mp3?_=4\" \/><a href=\"https:\/\/www.radiopiu.net\/wordpress\/wp-content\/uploads\/2023\/08\/MUSLA-2.mp3\">https:\/\/www.radiopiu.net\/wordpress\/wp-content\/uploads\/2023\/08\/MUSLA-2.mp3<\/a><\/audio>\n<p>&nbsp;<\/p>\n<p><strong>LA RACCOLTA COMPLETA<\/strong><\/p>\n<blockquote class=\"wp-embedded-content\" data-secret=\"2E9kseNrkC\"><p><a href=\"https:\/\/www.radiopiu.net\/wordpress\/musla\/\">MUSLA<\/a><\/p><\/blockquote>\n<p><iframe loading=\"lazy\" class=\"wp-embedded-content\" sandbox=\"allow-scripts\" security=\"restricted\" style=\"position: absolute; clip: rect(1px, 1px, 1px, 1px);\" title=\"&#8220;MUSLA&#8221; &#8212; Radio Pi\u00f9\" src=\"https:\/\/www.radiopiu.net\/wordpress\/musla\/embed\/#?secret=xtvLUpay8w#?secret=2E9kseNrkC\" data-secret=\"2E9kseNrkC\" width=\"600\" height=\"338\" frameborder=\"0\" marginwidth=\"0\" marginheight=\"0\" scrolling=\"no\"><\/iframe><\/p>\n<p>&nbsp;<\/p>\n<p>&nbsp;<\/p>\n<hr \/>\n<p>&nbsp;<\/p>\n<p>&nbsp;<\/p>\n<h2><span style=\"color: #ff00ff;\">PROLOCO NELL&#8217;AGORDINO: EVENTI E VOLONTARI &#8211; PRO LOCO SELVA DI CADORE<\/span><\/h2>\n<blockquote><p><a class=\"dt-pswp-item\" href=\"https:\/\/www.radiopiu.net\/wordpress\/wp-content\/uploads\/2023\/07\/th-4-150x150-2.jpg\" data-dt-img-description=\"\" data-large_image_width=\"150\" data-large_image_height=\"150\"><img loading=\"lazy\" decoding=\"async\" class=\"size-full wp-image-346216 alignleft\" src=\"https:\/\/www.radiopiu.net\/wordpress\/wp-content\/uploads\/2023\/07\/th-4-150x150-2.jpg\" alt=\"\" width=\"150\" height=\"150\" \/><\/a>VENERDI ALLE 16.30, SABATO\u00a0 ALLE 13.10, DOMENICA\u00a0 ALLE 8.05, LO SPECIALE ESTIVO IN COLLABORAZIONE CON IL COMITATO PROLOCO DELL&#8217;AGORDINO. OGNI SETTIMANA GLI APPUNTAMENTI CON IL DIVERTIMENTO, LA CULTURA E LO SPORT. SEGUICI E SARAI SEMPRE INFORMATO&#8230; ANCHE AD AGOSTO<\/p>\n<blockquote><p><strong>AGORDINO, UN TERRITORIO UNICO le pro loco della vallata unite nella promozione della loro montagna. Incontro promosso dal Consorzio Proloco dell&#8217;Agordino SEGUI LE INIZIATIVE DELLE PROLOCO LOCALI SUI CANALI SOCIAL E SCARICA L&#8217;APPLICAZIONE. VISITA IL SITO DI DOLOMITINEWS iniziativa realizzata con il contributo della Regione del Veneto, spesa sostenuta con i fondi di cui alla legge regionale 34 del 2014 D.G.R. 458 del 18\/04\/2023\u00a0\u00a0<\/strong><\/p>\n<p>&nbsp;<\/p><\/blockquote>\n<\/blockquote>\n<p><strong><a class=\"dt-pswp-item\" href=\"https:\/\/www.radiopiu.net\/wordpress\/wp-content\/uploads\/2023\/08\/bd782ec1-1220-4788-8394-4c3555cb89f2.jpg\" data-dt-img-description=\"\" data-large_image_width=\"2048\" data-large_image_height=\"1152\"><img loading=\"lazy\" decoding=\"async\" class=\" wp-image-347817 alignleft\" src=\"https:\/\/www.radiopiu.net\/wordpress\/wp-content\/uploads\/2023\/08\/bd782ec1-1220-4788-8394-4c3555cb89f2-300x169.jpg\" alt=\"\" width=\"215\" height=\"121\" srcset=\"https:\/\/www.radiopiu.net\/wordpress\/wp-content\/uploads\/2023\/08\/bd782ec1-1220-4788-8394-4c3555cb89f2-300x169.jpg 300w, https:\/\/www.radiopiu.net\/wordpress\/wp-content\/uploads\/2023\/08\/bd782ec1-1220-4788-8394-4c3555cb89f2-1024x576.jpg 1024w, https:\/\/www.radiopiu.net\/wordpress\/wp-content\/uploads\/2023\/08\/bd782ec1-1220-4788-8394-4c3555cb89f2-768x432.jpg 768w, https:\/\/www.radiopiu.net\/wordpress\/wp-content\/uploads\/2023\/08\/bd782ec1-1220-4788-8394-4c3555cb89f2-1536x864.jpg 1536w, https:\/\/www.radiopiu.net\/wordpress\/wp-content\/uploads\/2023\/08\/bd782ec1-1220-4788-8394-4c3555cb89f2.jpg 2048w\" sizes=\"auto, (max-width: 215px) 100vw, 215px\" \/><\/a>PUNTATA 08 AGOSTO 2023 Alice Dall&#8217;Acqua, Pro Loco Selva di Cadore<\/strong><\/p>\n<audio class=\"wp-audio-shortcode\" id=\"audio-347841-5\" preload=\"none\" style=\"width: 100%;\" controls=\"controls\"><source type=\"audio\/mpeg\" src=\"https:\/\/www.radiopiu.net\/wordpress\/wp-content\/uploads\/2023\/08\/PROLOCO-ALICE-DALLACQUA.mp3?_=5\" \/><a href=\"https:\/\/www.radiopiu.net\/wordpress\/wp-content\/uploads\/2023\/08\/PROLOCO-ALICE-DALLACQUA.mp3\">https:\/\/www.radiopiu.net\/wordpress\/wp-content\/uploads\/2023\/08\/PROLOCO-ALICE-DALLACQUA.mp3<\/a><\/audio>\n<p>&nbsp;<\/p>\n<p><strong>LA RACCOLTA COMPLETA<\/strong><\/p>\n<blockquote class=\"wp-embedded-content\" data-secret=\"Oi1bucwIUC\"><p><a href=\"https:\/\/www.radiopiu.net\/wordpress\/proloco-nellagordino-eventi-e-volontari\/\">PROLOCO NELL&#8217;AGORDINO: EVENTI E VOLONTARI<\/a><\/p><\/blockquote>\n<p><iframe loading=\"lazy\" class=\"wp-embedded-content\" sandbox=\"allow-scripts\" security=\"restricted\" style=\"position: absolute; clip: rect(1px, 1px, 1px, 1px);\" title=\"&#8220;PROLOCO NELL&#8217;AGORDINO: EVENTI E VOLONTARI&#8221; &#8212; Radio Pi\u00f9\" src=\"https:\/\/www.radiopiu.net\/wordpress\/proloco-nellagordino-eventi-e-volontari\/embed\/#?secret=oUl5B0tq5v#?secret=Oi1bucwIUC\" data-secret=\"Oi1bucwIUC\" width=\"600\" height=\"338\" frameborder=\"0\" marginwidth=\"0\" marginheight=\"0\" scrolling=\"no\"><\/iframe><\/p>\n<p>&nbsp;<\/p>\n<p>&nbsp;<\/p>\n<hr \/>\n<p>&nbsp;<\/p>\n<p>&nbsp;<\/p>\n<h2><strong><a class=\"dt-pswp-item\" href=\"https:\/\/www.radiopiu.net\/wordpress\/wp-content\/uploads\/2023\/08\/SOCCOL-SERACH-CAMPEDEL.jpg\" data-dt-img-description=\"\" data-large_image_width=\"443\" data-large_image_height=\"332\"><img loading=\"lazy\" decoding=\"async\" class=\" wp-image-347846 alignleft\" src=\"https:\/\/www.radiopiu.net\/wordpress\/wp-content\/uploads\/2023\/08\/SOCCOL-SERACH-CAMPEDEL-300x225.jpg\" alt=\"\" width=\"184\" height=\"138\" srcset=\"https:\/\/www.radiopiu.net\/wordpress\/wp-content\/uploads\/2023\/08\/SOCCOL-SERACH-CAMPEDEL-300x225.jpg 300w, https:\/\/www.radiopiu.net\/wordpress\/wp-content\/uploads\/2023\/08\/SOCCOL-SERACH-CAMPEDEL.jpg 443w\" sizes=\"auto, (max-width: 184px) 100vw, 184px\" \/><\/a><\/strong><span style=\"color: #339966;\">IL GIRO DELLE FRAZIONI CON I CASTELANI DI TAIBON<\/span><\/h2>\n<p><strong>di Marco Gaz<\/strong><\/p>\n<p>OSPITI: Attilio Campedel e Sandro Moretti<\/p>\n<audio class=\"wp-audio-shortcode\" id=\"audio-347841-6\" preload=\"none\" style=\"width: 100%;\" controls=\"controls\"><source type=\"audio\/mpeg\" src=\"https:\/\/www.radiopiu.net\/wordpress\/wp-content\/uploads\/2023\/08\/CASTELLANI-GIRO-FRAZIONI-12-AGOSTO.mp3?_=6\" \/><a href=\"https:\/\/www.radiopiu.net\/wordpress\/wp-content\/uploads\/2023\/08\/CASTELLANI-GIRO-FRAZIONI-12-AGOSTO.mp3\">https:\/\/www.radiopiu.net\/wordpress\/wp-content\/uploads\/2023\/08\/CASTELLANI-GIRO-FRAZIONI-12-AGOSTO.mp3<\/a><\/audio>\n<p>&nbsp;<\/p>\n<p>&nbsp;<\/p>\n<hr \/>\n<p>&nbsp;<\/p>\n<blockquote>\n<h3>AL RIFUGIO SCARPA IL FESTIVAL DI AGOSTO ALLE PENDICI DELL&#8217;AGNER<\/h3>\n<\/blockquote>\n<p><strong>VOLTAGO<\/strong> Sono cinque gli appuntamenti da non perdere al Rifugio Scarpa Gurekian. Inizia nelle prossime ore il Festival di Agosto alle pendici dell&#8217;Agner.<\/p>\n<p><strong>DAL RIFUGIO SCARPA IL GESTORE MARCO BERGAMO<\/strong><\/p>\n<audio class=\"wp-audio-shortcode\" id=\"audio-347841-7\" preload=\"none\" style=\"width: 100%;\" controls=\"controls\"><source type=\"audio\/mpeg\" src=\"https:\/\/www.radiopiu.net\/wordpress\/wp-content\/uploads\/2023\/08\/MARCO-BERGAMO.mp3?_=7\" \/><a href=\"https:\/\/www.radiopiu.net\/wordpress\/wp-content\/uploads\/2023\/08\/MARCO-BERGAMO.mp3\">https:\/\/www.radiopiu.net\/wordpress\/wp-content\/uploads\/2023\/08\/MARCO-BERGAMO.mp3<\/a><\/audio>\n<p>&nbsp;<\/p>\n<h2 style=\"text-align: center;\"><strong><span style=\"color: #ff0000;\">GLI APPUNTAMENTI<\/span><\/strong><\/h2>\n<p><a class=\"dt-pswp-item\" href=\"https:\/\/www.radiopiu.net\/wordpress\/wp-content\/uploads\/2023\/08\/bfc3b52a-1585-422c-9d55-b388f0c81a77.jpg\" data-dt-img-description=\"\" data-large_image_width=\"1131\" data-large_image_height=\"1600\"><img loading=\"lazy\" decoding=\"async\" class=\"wp-image-347389 aligncenter\" src=\"https:\/\/www.radiopiu.net\/wordpress\/wp-content\/uploads\/2023\/08\/bfc3b52a-1585-422c-9d55-b388f0c81a77-724x1024.jpg\" alt=\"\" width=\"280\" height=\"396\" srcset=\"https:\/\/www.radiopiu.net\/wordpress\/wp-content\/uploads\/2023\/08\/bfc3b52a-1585-422c-9d55-b388f0c81a77-724x1024.jpg 724w, https:\/\/www.radiopiu.net\/wordpress\/wp-content\/uploads\/2023\/08\/bfc3b52a-1585-422c-9d55-b388f0c81a77-212x300.jpg 212w, https:\/\/www.radiopiu.net\/wordpress\/wp-content\/uploads\/2023\/08\/bfc3b52a-1585-422c-9d55-b388f0c81a77-768x1086.jpg 768w, https:\/\/www.radiopiu.net\/wordpress\/wp-content\/uploads\/2023\/08\/bfc3b52a-1585-422c-9d55-b388f0c81a77-1086x1536.jpg 1086w, https:\/\/www.radiopiu.net\/wordpress\/wp-content\/uploads\/2023\/08\/bfc3b52a-1585-422c-9d55-b388f0c81a77.jpg 1131w\" sizes=\"auto, (max-width: 280px) 100vw, 280px\" \/><\/a><\/p>\n<p>&nbsp;<\/p>\n<hr \/>\n<p>&nbsp;<\/p>\n<blockquote>\n<h3>I NOS CROT, TRE ESCURSIONI CON IL GAMP<\/h3>\n<p><strong>di Gianni Santomaso<\/strong><\/p>\n<audio class=\"wp-audio-shortcode\" id=\"audio-347841-8\" preload=\"none\" style=\"width: 100%;\" controls=\"controls\"><source type=\"audio\/mpeg\" src=\"https:\/\/www.radiopiu.net\/wordpress\/wp-content\/uploads\/2023\/08\/GIANNI-I-NOS-CROT.mp3?_=8\" \/><a href=\"https:\/\/www.radiopiu.net\/wordpress\/wp-content\/uploads\/2023\/08\/GIANNI-I-NOS-CROT.mp3\">https:\/\/www.radiopiu.net\/wordpress\/wp-content\/uploads\/2023\/08\/GIANNI-I-NOS-CROT.mp3<\/a><\/audio>\n<p>&nbsp;<\/p><\/blockquote>\n<p><strong><a class=\"dt-pswp-item\" href=\"https:\/\/www.radiopiu.net\/wordpress\/wp-content\/uploads\/2023\/08\/e575260a-6e85-47fc-a32d-9226877f8944.jpg\" data-dt-img-description=\"\" data-large_image_width=\"1200\" data-large_image_height=\"1600\"><img loading=\"lazy\" decoding=\"async\" class=\" wp-image-347058 alignleft\" src=\"https:\/\/www.radiopiu.net\/wordpress\/wp-content\/uploads\/2023\/08\/e575260a-6e85-47fc-a32d-9226877f8944-225x300.jpg\" alt=\"\" width=\"99\" height=\"132\" srcset=\"https:\/\/www.radiopiu.net\/wordpress\/wp-content\/uploads\/2023\/08\/e575260a-6e85-47fc-a32d-9226877f8944-225x300.jpg 225w, https:\/\/www.radiopiu.net\/wordpress\/wp-content\/uploads\/2023\/08\/e575260a-6e85-47fc-a32d-9226877f8944-768x1024.jpg 768w, https:\/\/www.radiopiu.net\/wordpress\/wp-content\/uploads\/2023\/08\/e575260a-6e85-47fc-a32d-9226877f8944-1152x1536.jpg 1152w, https:\/\/www.radiopiu.net\/wordpress\/wp-content\/uploads\/2023\/08\/e575260a-6e85-47fc-a32d-9226877f8944.jpg 1200w\" sizes=\"auto, (max-width: 99px) 100vw, 99px\" \/><\/a>AGORDO<\/strong> Anche quest&#8217;anno il Gruppo Agordino Mineralogico Paleontologico organizza &#8220;I Nos Crot&#8221;, tre escursioni nel mese di agosto. Si inizia il oggi con il Passo Giau e Lago Delle Baste, il 16 Agosto in Valle Imperina e il 19 agosto con Passo Fedaia e Rifugio Padon. Per partecipare alle escursioni in programma si richiede l&#8217;iscrizione al GAMP con un costo di 15 euro per gli adulti e 10 euro per i giovani fino a 18 anni. Le iscrizioni all&#8217;Ufficio Turistico di Agordo (0437 62105) oppure telefonando al 388 4955756 o 340 0890160.<\/p>\n<p><strong>DAVIDE CONEDERA<\/strong><\/p>\n<audio class=\"wp-audio-shortcode\" id=\"audio-347841-9\" preload=\"none\" style=\"width: 100%;\" controls=\"controls\"><source type=\"audio\/mpeg\" src=\"https:\/\/www.radiopiu.net\/wordpress\/wp-content\/uploads\/2023\/08\/DAVIDE-CONEDERA-I-NOS-CROT.mp3?_=9\" \/><a href=\"https:\/\/www.radiopiu.net\/wordpress\/wp-content\/uploads\/2023\/08\/DAVIDE-CONEDERA-I-NOS-CROT.mp3\">https:\/\/www.radiopiu.net\/wordpress\/wp-content\/uploads\/2023\/08\/DAVIDE-CONEDERA-I-NOS-CROT.mp3<\/a><\/audio>\n<p>&nbsp;<\/p>\n<hr \/>\n<p>&nbsp;<\/p>\n<blockquote>\n<h3>A VOLTAGO LA MOSTRA FOTOGRAFICA &#8220;NATURA O ARTE?&#8221;<\/h3>\n<\/blockquote>\n<p><strong>VOLTAGO<\/strong><\/p>\n<p>di Gianni Santomaso<\/p>\n<audio class=\"wp-audio-shortcode\" id=\"audio-347841-10\" preload=\"none\" style=\"width: 100%;\" controls=\"controls\"><source type=\"audio\/mpeg\" src=\"https:\/\/www.radiopiu.net\/wordpress\/wp-content\/uploads\/2023\/08\/GIANNI-LA-MOSTRA-FOTOGRAFICA-NATURA-O-ARTE.mp3?_=10\" \/><a href=\"https:\/\/www.radiopiu.net\/wordpress\/wp-content\/uploads\/2023\/08\/GIANNI-LA-MOSTRA-FOTOGRAFICA-NATURA-O-ARTE.mp3\">https:\/\/www.radiopiu.net\/wordpress\/wp-content\/uploads\/2023\/08\/GIANNI-LA-MOSTRA-FOTOGRAFICA-NATURA-O-ARTE.mp3<\/a><\/audio>\n<p>&nbsp;<\/p>\n<hr \/>\n<p>&nbsp;<\/p>\n<h2><span style=\"color: #ff0000;\">GLI APPUNTAMENTI DELLA SETTIMANA\u00a0\u00a0<\/span><\/h2>\n<blockquote>\n<h3>L&#8217;INAUGURAZIONE DELL&#8217;ALTA VIA DELL&#8217;ORSO<\/h3>\n<\/blockquote>\n<p><strong>LIVINALLONGO<\/strong> Verr\u00e0 inaugurata oggi la seconda Alta Via dell&#8217;Orso. L&#8217;evento consiste in un trekking culturale ispirato al romanzo &#8220;La Pelle dell&#8217;Orso&#8221; di Matteo Righetto con partenza dal rifugio Fedare (Passo Giau) e arrivo in centro storico a Colle Santa Lucia della lunghezza di ca. 12 km (tempo di percorrenza 4-5 ore).<\/p>\n<p>&nbsp;<\/p>\n<p>&nbsp;<\/p>\n<blockquote>\n<h3>LA LUCCIOLATA 2023 VENERDI&#8217; 11 AGOSTO A CANALE D&#8217;AGORDO<\/h3>\n<\/blockquote>\n<p><strong><a class=\"dt-pswp-item\" href=\"https:\/\/www.radiopiu.net\/wordpress\/wp-content\/uploads\/2023\/08\/Lucciolata-2023.jpg\" data-dt-img-description=\"\" data-large_image_width=\"453\" data-large_image_height=\"960\"><img loading=\"lazy\" decoding=\"async\" class=\" wp-image-347033 alignleft\" src=\"https:\/\/www.radiopiu.net\/wordpress\/wp-content\/uploads\/2023\/08\/Lucciolata-2023-142x300.jpg\" alt=\"\" width=\"71\" height=\"150\" srcset=\"https:\/\/www.radiopiu.net\/wordpress\/wp-content\/uploads\/2023\/08\/Lucciolata-2023-142x300.jpg 142w, https:\/\/www.radiopiu.net\/wordpress\/wp-content\/uploads\/2023\/08\/Lucciolata-2023.jpg 453w\" sizes=\"auto, (max-width: 71px) 100vw, 71px\" \/><\/a>CANALE D&#8217;AGORDO <\/strong>Si svolger\u00e0 venerd\u00ec 11 agosto La Lucciolata, una camminata facile a scopo benefico in favore della Via di Natale Onlus Centro Tumori di Aviano, con partenza dai vari capoluoghi della Valle del Biois con a seguire arrivo in Piazza Papa Luciani e premiazione delle personalit\u00e0 che si sono distinte nel campo del volontariato. Di seguito gli orari di partenza dai vari capoluoghi della vallata: CENCENIGHE AGORDINO (Piazza municipio) ore 19.00, VALLADA AGORDINA (Piazza municipio) ore 20.00, CANALE D&#8217;AGORDO (Piazza Papa Luciani) ore 19.30, FALCADE (Piazza municipio) ore 19.45. ARRIVO: Canale d&#8217;Agordo, Piazza Papa Luciani, ore 20.30. Si consiglia di munirsi di ombrello e fonte luminosa. In caso di maltempo la camminata sar\u00e0 ANNULLATA, mentre le premiazioni avverranno presso la sala consiliare del municipio.<\/p>\n<p>&nbsp;<\/p>\n<blockquote>\n<h3>SCAVANDO NELLA STORIA AL MUSEO VITTORINO CAZZETTA<\/h3>\n<\/blockquote>\n<p><strong>SELVA DI CADORE<\/strong> Prosegue il ciclo di conferenze che prendono spunto dai filoni di studio avviati nel territorio e approfondiscono alcune importanti tematiche, affiancando la mostra \u201cEvolution. Storie di cambiamento\u201d, dedicata all\u2019evoluzione di vertebrati e non solo visitabile al Museo Vittorino Cazzetta e nell\u2019area esterna di Santa Fosca fino al 22 ottobre. \u201cScavando nella storia. Dialoghi tra terra, roccia e ghiaccio\u201d continua con il terzo e ultimo appuntamento, venerd\u00ec 11 agosto alle 18.00 al Museo Vittorino Cazzetta, intitolato \u201cRipensare Spinosaurus. Il gigante perduto del Cretacico\u201d.<\/p>\n<p>&nbsp;<\/p>\n<blockquote>\n<h3>IL CONCERTO DEL CORO COMELICO<\/h3>\n<\/blockquote>\n<p><strong>COMELICO SUPERIORE <\/strong>Venerd\u00ec allo Sport Hotel di Comelico Superiore il Coro Comelico sar\u00e0 protagonista di un concerto per dare il benvenuto ai turisti della vallata e per salutare i residenti. Inizio alle 21:15.<\/p>\n<p>&nbsp;<\/p>\n<blockquote>\n<h3>SETE D&#8217;AFRICA CON ROBERTO SORAMAE&#8217;<\/h3>\n<\/blockquote>\n<p><strong>CANALE D&#8217;AGORDO<\/strong> Domenica 13 agosto alle 21 in Sala Emigranti a Canale D&#8217;Agordo viene organizzata una serata con Roberto Sorama\u00e8 per parlare dei suoi numerosi viaggi in Africa.<\/p>\n<p>&nbsp;<\/p>\n<audio class=\"wp-audio-shortcode\" id=\"audio-347841-11\" preload=\"none\" style=\"width: 100%;\" controls=\"controls\"><source type=\"audio\/mpeg\" src=\"https:\/\/www.radiopiu.net\/wordpress\/wp-content\/uploads\/2023\/08\/GIANNI-SETE-DAFRICA-A-CANALE.mp3?_=11\" \/><a href=\"https:\/\/www.radiopiu.net\/wordpress\/wp-content\/uploads\/2023\/08\/GIANNI-SETE-DAFRICA-A-CANALE.mp3\">https:\/\/www.radiopiu.net\/wordpress\/wp-content\/uploads\/2023\/08\/GIANNI-SETE-DAFRICA-A-CANALE.mp3<\/a><\/audio>\n<p>&nbsp;<\/p>\n<hr \/>\n<p>&nbsp;<\/p>\n<p>&nbsp;<\/p>\n<blockquote>\n<h3>LA RASSEGNA DI MINERALI E FOSSILI<\/h3>\n<\/blockquote>\n<p><strong>AGORDO<\/strong> Domenica 13 agosto il GAMP organizza la 32\u00b0 rassegna di minerali e fossili al Palazzetto dello sport di Via Lungorova. Ingresso libero, apertura dalle 8 alle 18.<\/p>\n<p>&nbsp;<\/p>\n<blockquote>\n<h2><a class=\"dt-pswp-item\" href=\"https:\/\/www.radiopiu.net\/wordpress\/wp-content\/uploads\/2023\/08\/Senza-nome.png\" data-dt-img-description=\"\" data-large_image_width=\"605\" data-large_image_height=\"188\"><img loading=\"lazy\" decoding=\"async\" class=\"size-medium wp-image-346825 alignleft\" src=\"https:\/\/www.radiopiu.net\/wordpress\/wp-content\/uploads\/2023\/08\/Senza-nome-300x93.png\" alt=\"\" width=\"300\" height=\"93\" srcset=\"https:\/\/www.radiopiu.net\/wordpress\/wp-content\/uploads\/2023\/08\/Senza-nome-300x93.png 300w, https:\/\/www.radiopiu.net\/wordpress\/wp-content\/uploads\/2023\/08\/Senza-nome.png 605w\" sizes=\"auto, (max-width: 300px) 100vw, 300px\" \/><\/a>\u201cCINEMA IN CONTRADA\u201d AD AGORDO<\/h2>\n<\/blockquote>\n<p><strong>AGORDO<\/strong> Tre serate di proiezioni sotto le stelle delle Dolomiti Ad agosto 2023, torna ad Agordo il cinema all\u2019aperto. Gli appuntamenti della rassegna:\u00a0 \u25cf Sabato 12 Agosto: Bohemian Rhapsody, di Bryan Singer\u00a0 \u00a0Luned\u00ec 14 Agosto: Parasite, di Bong Joon-hoo \u25cf Mercoled\u00ec 16 Agosto: Indiana Jones e i predatori dell\u2019arca perduta, di Steven Spielberg. Tutte le proiezioni inizieranno alle ore 21 e saranno ad ingresso gratuito, previa prenotazione raccomandata fino ad esaurimento posti. Le prenotazioni si possono effettuare attraverso il sito http:\/\/agordo.eventbrite.com oppure rivolgendosi all\u2019Ufficio Turistico di Agordo<\/p>\n<p><strong>DI GIANNI SANTOMASO<\/strong><\/p>\n<audio class=\"wp-audio-shortcode\" id=\"audio-347841-12\" preload=\"none\" style=\"width: 100%;\" controls=\"controls\"><source type=\"audio\/mpeg\" src=\"https:\/\/www.radiopiu.net\/wordpress\/wp-content\/uploads\/2023\/08\/GIANNI-CINEMA-IN-CONTRADA.mp3?_=12\" \/><a href=\"https:\/\/www.radiopiu.net\/wordpress\/wp-content\/uploads\/2023\/08\/GIANNI-CINEMA-IN-CONTRADA.mp3\">https:\/\/www.radiopiu.net\/wordpress\/wp-content\/uploads\/2023\/08\/GIANNI-CINEMA-IN-CONTRADA.mp3<\/a><\/audio>\n<p>&nbsp;<\/p>\n<blockquote>\n<h3>CON IL CAI DI AGORDO<\/h3>\n<\/blockquote>\n<p><b>AGORDO <\/b>Sabato escursione al Sasso Bianco, gruppo della Marmolada, iscrizioni al 380 6983040<\/p>\n<p>&nbsp;<\/p>\n<blockquote>\n<h3>L&#8217;APERIMALGA A MALGA PIAN DE VACIA<\/h3>\n<\/blockquote>\n<blockquote>\n<h3><a class=\"dt-pswp-item\" href=\"https:\/\/www.radiopiu.net\/wordpress\/wp-content\/uploads\/2023\/08\/c92c2625-6166-49cf-894c-cb297341c626.jpg\" data-dt-img-description=\"\" data-large_image_width=\"1277\" data-large_image_height=\"1600\"><img loading=\"lazy\" decoding=\"async\" class=\"size-medium wp-image-346844 alignleft\" src=\"https:\/\/www.radiopiu.net\/wordpress\/wp-content\/uploads\/2023\/08\/c92c2625-6166-49cf-894c-cb297341c626-239x300.jpg\" alt=\"\" width=\"239\" height=\"300\" srcset=\"https:\/\/www.radiopiu.net\/wordpress\/wp-content\/uploads\/2023\/08\/c92c2625-6166-49cf-894c-cb297341c626-239x300.jpg 239w, https:\/\/www.radiopiu.net\/wordpress\/wp-content\/uploads\/2023\/08\/c92c2625-6166-49cf-894c-cb297341c626-817x1024.jpg 817w, https:\/\/www.radiopiu.net\/wordpress\/wp-content\/uploads\/2023\/08\/c92c2625-6166-49cf-894c-cb297341c626-768x962.jpg 768w, https:\/\/www.radiopiu.net\/wordpress\/wp-content\/uploads\/2023\/08\/c92c2625-6166-49cf-894c-cb297341c626-1226x1536.jpg 1226w, https:\/\/www.radiopiu.net\/wordpress\/wp-content\/uploads\/2023\/08\/c92c2625-6166-49cf-894c-cb297341c626.jpg 1277w\" sizes=\"auto, (max-width: 239px) 100vw, 239px\" \/><\/a><\/h3>\n<h3><\/h3>\n<h3><\/h3>\n<h3><strong style=\"font-size: 14px;\">SELVA DI CADORE<\/strong><span style=\"font-size: 14px; font-weight: normal;\"> Venerd\u00ec 11 agosto alla Malga Pian de Vacia di Selva di Cadore \u00e8 in programma l&#8217;aperimalga. Alle 18 un convegno sulla sostenibilit\u00e0 ambientale, alle 19 degustazione di vino<\/span><\/h3>\n<\/blockquote>\n<p>&nbsp;<\/p>\n<p>&nbsp;<\/p>\n<p>&nbsp;<\/p>\n<p>&nbsp;<\/p>\n<p>&nbsp;<\/p>\n<p>&nbsp;<\/p>\n<blockquote>\n<h3><\/h3>\n<h3><\/h3>\n<h3>MAGNA AN BOCON SU PAR L&#8217;ANDRIA<\/h3>\n<\/blockquote>\n<p><strong><a class=\"dt-pswp-item\" href=\"https:\/\/www.radiopiu.net\/wordpress\/wp-content\/uploads\/2023\/08\/363380069_744946250973383_1218265656161784847_n.jpg\" data-dt-img-description=\"\" data-large_image_width=\"526\" data-large_image_height=\"274\"><img loading=\"lazy\" decoding=\"async\" class=\"size-medium wp-image-346867 alignleft\" src=\"https:\/\/www.radiopiu.net\/wordpress\/wp-content\/uploads\/2023\/08\/363380069_744946250973383_1218265656161784847_n-300x156.jpg\" alt=\"\" width=\"300\" height=\"156\" srcset=\"https:\/\/www.radiopiu.net\/wordpress\/wp-content\/uploads\/2023\/08\/363380069_744946250973383_1218265656161784847_n-300x156.jpg 300w, https:\/\/www.radiopiu.net\/wordpress\/wp-content\/uploads\/2023\/08\/363380069_744946250973383_1218265656161784847_n.jpg 526w\" sizes=\"auto, (max-width: 300px) 100vw, 300px\" \/><\/a>SELVA DI CADORE <\/strong>Il gruppo Folk di Selva di Cadore vi aspetta domenica 13 agosto per la quinta edizione di \u201cMagn\u00e0 an Bocon su par l\u2019Andria\u201d l\u2019evento gastronomico fra i borghi della Val Fiorentina a Selva di Cadore. Assaporerete Deliziosi piatti tipici e prodotti locali ad ogni tappa, attorniati da stupendi scorci panoramici, antichi fienili e case di una volta. Durante il percorso potrete visitare l\u2019eccezionale Molin dei Padre con l\u2019antica falegnameria ad acqua e il museo dei vigili del fuoco volontari di Selva. Al termine del percorso fortaie e musica coi Die D\u00fcrstigen. Numero massimo 100 partecipanti, opportunamente divisi in piccoli gruppi guidati. Prevendite disponibili presso l\u2019ufficio turistico di Selva di Cadore. Novit\u00e0 di quest anno: potrete scegliere l\u2019orario di partenza! Partenza primo gruppo domenica 13 agosto ore 11 presso il campetto Sciovie Santa Fosca. Vendita ultimi ticket dalle ore 10<\/p>\n<p>&nbsp;<\/p>\n<blockquote>\n<h3>LA FESTA DEL CACCIATORE A CANALE D&#8217;AGORDO<\/h3>\n<\/blockquote>\n<p><strong>CANALE D&#8217;AGORDO<\/strong> SABATO E DOMENICA A CANALE D&#8217;AGORDO FESTA DEL CACCIATORE: SABATO MESSA CON I SUONATORI DI CORNO, GARA DI BRISCOLA, CUCINA TIPICA, LA PIZZA ANCHE DA ASPORTO E MUSICA CON OSCAR E I FOLCLORISTICI, DI SEGUITO DJ SET CON MORGAN E BATTAGLIA. DOMENICA DIMOSTRAZIONE CANI, CUCINA APERTA DALLE 12, ESTRAZIONE LOTTERIA E MUSICA DAL VIVO CON I SIVER MUSICH. SABATO E DOMENICA, LA FESTA DEL CACCIATORE A CANALE D&#8217;AGORDO CON LA LOCALE RISERVA ALPINA, PATROCINIO DEL COMUNE<\/p>\n<p>&nbsp;<\/p>\n<blockquote>\n<h3>L&#8217;ESTATE CON L&#8217;ASSOCIAZIONE BORGO DI SOTTOGUDA<\/h3>\n<\/blockquote>\n<p><a class=\"dt-pswp-item\" href=\"https:\/\/www.radiopiu.net\/wordpress\/wp-content\/uploads\/2023\/08\/358091417_794248625823528_1699457655493429797_n.jpg\" data-dt-img-description=\"\" data-large_image_width=\"526\" data-large_image_height=\"526\"><img loading=\"lazy\" decoding=\"async\" class=\" wp-image-346870 alignleft\" src=\"https:\/\/www.radiopiu.net\/wordpress\/wp-content\/uploads\/2023\/08\/358091417_794248625823528_1699457655493429797_n-300x300.jpg\" alt=\"\" width=\"244\" height=\"244\" srcset=\"https:\/\/www.radiopiu.net\/wordpress\/wp-content\/uploads\/2023\/08\/358091417_794248625823528_1699457655493429797_n-300x300.jpg 300w, https:\/\/www.radiopiu.net\/wordpress\/wp-content\/uploads\/2023\/08\/358091417_794248625823528_1699457655493429797_n-150x150.jpg 150w, https:\/\/www.radiopiu.net\/wordpress\/wp-content\/uploads\/2023\/08\/358091417_794248625823528_1699457655493429797_n.jpg 526w\" sizes=\"auto, (max-width: 244px) 100vw, 244px\" \/><\/a>APPUNTAMENTI D&#8217;ESTATE CON L&#8217;ASSOCIAZIONE BORGO SOTTOGUDA. GODITI LA NOTTE DI SAN LORENZO IL 10 AGOSTO DALLE 21.30 I DESIDERI S&#8217;ILLUMINANO TRA LE LANTERNE. TRA I MAGICI FIENILI VENERDI 11 CHIACCHIERATA CON ALESSIO SALATA, AUTORE DEL LIBRO &#8220;MORTE A VENEZIA&#8221;. CON VENETO A TAVOLA SABATO 12 AGOSTO IL MERCATO BONTA&#8217; E BENESSERE, DALLE 21 IN PIAZZETTA A SOTTOGUDA IL TRIBUTO A LUCIO BATTISTI INTERPRETATO DA ERA BATTISTI. IL 14 AGOSTO, VIGILIA DI FERRAGOSTO DALLE 21 GLI ARCHI DEL FRIULI E DEL VENETO con il &#8220;SOGNO DI UNA NOTTE DI MEZZ&#8217;ESTATE PARTECIPA LA PIANISTA SILVIA TESSARI. IL MERCATO CONTADINO &#8220;SABEDA ITE VILA&#8221;, SABATO 5 E SABATO 19 AGOSTO CON L&#8217;ASSOCIAZIONE BORGO SOTTOGUDA, IL MERCATO DELLA DELIZIA CONTADINA, DEI LAVORI DI UNA VOLTA. AL SABATO DEL VILLAGGIO IL LABORATORIO COSMETICO E CURATIVO DI ESTER ANDRICH APPASSIONATA DI ERBE SPONTANEE E LORO UTILIZZO, E SOTTO AL TENDONE MEZZOGIORNO E SERA TUTTO PER SOLLETICARE IL PALATO SUL POSTO O PER ASPORTO. Ma voi sapete fare i canederli? TRANQUILLI&#8230; CI PENSA THOMAS A SOTTOGUDA DI ROCCA PIETORE Alle 21 sar\u00e0 ospite Luigi Fontana, figlio di Jmmi Fontana con un viaggio negli anni 60 e &#8217;70 tra grandi canzoni e aneddoti<\/p>\n<p>&nbsp;<\/p>\n<p>&nbsp;<\/p>\n<h2><span style=\"color: #ff0000;\">PROSSIMAMENTE&#8230;\u00a0<\/span><\/h2>\n<p>&nbsp;<\/p>\n<blockquote>\n<h3>INCONTRI D&#8217;AUTORE CON ARABBA FODOM TURISMO E COMUNE DI LIVINALLONGO<\/h3>\n<\/blockquote>\n<p>DI LORENZO SORATROI<\/p>\n<audio class=\"wp-audio-shortcode\" id=\"audio-347841-13\" preload=\"none\" style=\"width: 100%;\" controls=\"controls\"><source type=\"audio\/mpeg\" src=\"https:\/\/www.radiopiu.net\/wordpress\/wp-content\/uploads\/2023\/08\/LORENZO-16-AGOSTO-.mp3?_=13\" \/><a href=\"https:\/\/www.radiopiu.net\/wordpress\/wp-content\/uploads\/2023\/08\/LORENZO-16-AGOSTO-.mp3\">https:\/\/www.radiopiu.net\/wordpress\/wp-content\/uploads\/2023\/08\/LORENZO-16-AGOSTO-.mp3<\/a><\/audio>\n<h3><a class=\"dt-pswp-item\" href=\"https:\/\/www.radiopiu.net\/wordpress\/wp-content\/uploads\/2023\/08\/365110509_695435009289200_6383895512488748246_n.jpg\" data-dt-img-description=\"\" data-large_image_width=\"320\" data-large_image_height=\"453\"><img loading=\"lazy\" decoding=\"async\" class=\"wp-image-347179 alignleft\" src=\"https:\/\/www.radiopiu.net\/wordpress\/wp-content\/uploads\/2023\/08\/365110509_695435009289200_6383895512488748246_n-212x300.jpg\" alt=\"\" width=\"97\" height=\"137\" srcset=\"https:\/\/www.radiopiu.net\/wordpress\/wp-content\/uploads\/2023\/08\/365110509_695435009289200_6383895512488748246_n-212x300.jpg 212w, https:\/\/www.radiopiu.net\/wordpress\/wp-content\/uploads\/2023\/08\/365110509_695435009289200_6383895512488748246_n.jpg 320w\" sizes=\"auto, (max-width: 97px) 100vw, 97px\" \/><\/a><\/h3>\n<p>Dal 7 al 22 agosto, ad Arabba, IN SALA CONGRESSI CON INIZIO ALLE 20.45 \u201cIncontri d\u2019Autore\u201d, rassegna dedicata alla montagna. Chiacchierate con gli scrittori e momenti di approfondimento PER TUTTI. Partecipazione libera e gratuita. 16 agosto Mauro Corona PRESENTA &#8220;Le cinque porte &#8211; due nipoti e un nonno sui sentieri dei boschi&#8221;; 18 agosto Francesco Moser e la sua ultima pubblicazione &#8220;Franceso Moser Un uomo, Una Bicicletta&#8221;, serata allietata dai canti di montagna del Coro Fodom. 22 agosto Michil Costa con li libro &#8220;Futurismo&#8221; incontri d&#8217;autore, organizzazione ARABBA FODOM TURISMO E COMUNE DI LIVINALLONGO DEL COL DI LANA.<\/p>\n<p>&nbsp;<\/p>\n<p>&nbsp;<\/p>\n<p>&nbsp;<\/p>\n<hr \/>\n<p>&nbsp;<\/p>\n<p>&nbsp;<\/p>\n<div class=\"message spoilers-container\" dir=\"auto\">\n<div class=\"column\">\n<div class=\"message spoilers-container\" dir=\"auto\">\n<div class=\"column\">\n<p><a class=\"dt-pswp-item\" href=\"https:\/\/www.radiopiu.net\/wordpress\/wp-content\/uploads\/2023\/08\/362295170_695459682620066_1277742230332936989_n.jpg\" data-dt-img-description=\"\" data-large_image_width=\"960\" data-large_image_height=\"662\"><img loading=\"lazy\" decoding=\"async\" class=\"wp-image-347178 alignleft\" src=\"https:\/\/www.radiopiu.net\/wordpress\/wp-content\/uploads\/2023\/08\/362295170_695459682620066_1277742230332936989_n-300x207.jpg\" alt=\"\" width=\"199\" height=\"137\" srcset=\"https:\/\/www.radiopiu.net\/wordpress\/wp-content\/uploads\/2023\/08\/362295170_695459682620066_1277742230332936989_n-300x207.jpg 300w, https:\/\/www.radiopiu.net\/wordpress\/wp-content\/uploads\/2023\/08\/362295170_695459682620066_1277742230332936989_n-768x530.jpg 768w, https:\/\/www.radiopiu.net\/wordpress\/wp-content\/uploads\/2023\/08\/362295170_695459682620066_1277742230332936989_n.jpg 960w\" sizes=\"auto, (max-width: 199px) 100vw, 199px\" \/><\/a>GIOVEDI 17 AGOSTO ALLE 17.30 AL PARCO GIOCHI NEI PRESSI DELLE CHISA. evento gratuito. ORGANIZZA ARABBA FODOM TURISMO E COMUNE DI LIVINALLONGO. Paolo Zanarella porta il pianoforte a mezza coda fuori dai contesti abituali di spettacolo: \u201cIl pianista fuori posto\u201d Ad Arabba suoner\u00e0 dall&#8217;alto&#8230; sospeso. in caso di maltempo l&#8217;esibizione si svolger\u00e0 in sala congressi di Arabba.<\/p>\n<\/div>\n<\/div>\n<\/div>\n<\/div>\n<p>&nbsp;<\/p>\n<p>&nbsp;<\/p>\n<p>&nbsp;<\/p>\n<p>&nbsp;<\/p>\n<blockquote>\n<h3>COL IN FESTA!<\/h3>\n<\/blockquote>\n<p>SABATO 19 AGOSTO: ARTIGIANATO, ASSOCIAZIONI, GASTRONOMIA LOCALE, GIOCHI, MUSICA, MINI MANEGGIO AL PARCO GIOCHI. DAL MATTINO AL POMERIGGIO VISITE GUIDATE ALLA CESA DE JAN, PROVA DI MUNGITURA, TRA LE STORIE&#8230;DEL CANTASTORIE.<\/p>\n<p>ALLE 19 IL CONCERTO DEL CORO MUSICOL SULLA STRADA PER LA CHIESA<\/p>\n<p>COL IN FESTA, SABATO 19 AGOSTO, A COLLE SANTA LUCIA: ALLE 14,30 L CIANTON CULTURAL, DIBATTITO SU TEMI DI ATTUALITA&#8217;: LADINO, OLIMPIADI, TURISMO, I &#8220;Presso i magazzini comunali visite al distaccamento e al museo dei pompieri di Colle&#8221;<\/p>\n<p>&nbsp;<\/p>\n<p>&nbsp;<\/p>\n<blockquote>\n<h3>CONCERTI IN ALTA QUOTA CON &#8220;MELODIE NEL BOSCO, SUSSURRI TRA LE DOLOMITI&#8221;.<\/h3>\n<\/blockquote>\n<p><strong><a class=\"dt-pswp-item\" href=\"https:\/\/www.radiopiu.net\/wordpress\/wp-content\/uploads\/2018\/07\/Pota-l_Orso_Bosco-degli-Artisti.png\" data-dt-img-description=\"\" data-large_image_width=\"750\" data-large_image_height=\"534\"><img loading=\"lazy\" decoding=\"async\" class=\" wp-image-55065 alignleft\" src=\"https:\/\/www.radiopiu.net\/wordpress\/wp-content\/uploads\/2018\/07\/Pota-l_Orso_Bosco-degli-Artisti-300x214.png\" alt=\"\" width=\"199\" height=\"142\" srcset=\"https:\/\/www.radiopiu.net\/wordpress\/wp-content\/uploads\/2018\/07\/Pota-l_Orso_Bosco-degli-Artisti-300x214.png 300w, https:\/\/www.radiopiu.net\/wordpress\/wp-content\/uploads\/2018\/07\/Pota-l_Orso_Bosco-degli-Artisti.png 750w\" sizes=\"auto, (max-width: 199px) 100vw, 199px\" \/><\/a>FALCADE<\/strong>\u00a0 &#8220;Melodie nel Bosco, sussurri tra le Dolomiti&#8221;. Si chiama cos\u00ec il festival che porter\u00e0 quattro concerti a 2.000 metri di altitudine per far incontrare musica e natura al cospetto di vette come Mulaz e Focobon.\u00a0 A fare da teatro sar\u00e0 il Bosco degli Artisti di Falcade, galleria d\u2019arte a cielo aperto che sorge in localit\u00e0 Le Buse, nella Ski Area San Pellegrino. Concerti in programma alle 10:30.<\/p>\n<p>Sabato 26 agosto toccher\u00e0 a Emanuele Bastanzetti, da Bach a Kreisler &#8211; sinfonie di violino.<\/p>\n<p>&nbsp;<\/p>\n<p>&nbsp;<\/p>\n<p>&nbsp;<\/p>\n<blockquote>\n<h3>LA MOSTRA SU ALBINO LUCIANI<\/h3>\n<\/blockquote>\n<p><strong>CANALE D&#8217;AGORDO<\/strong> Dal 21 agosto al 1 settembre nella Chiesa Arcipretale di Canale D&#8217;Agordo sar\u00e0 visitabile la mostra &#8220;Albino Luciani &#8211; Il Papa Nostro&#8221;. Immaginette, stampe devozionali e foto da una collezione e ricerca in friuli a cura di Silvano Gianduzzo e Sebastiano Coadiutore<\/p>\n<p>&nbsp;<\/p>\n<p>&nbsp;<\/p>\n<hr \/>\n<p>&nbsp;<\/p>\n<blockquote>\n<h3>APERITIVO ? MA MAI SENZA MUSICA<\/h3>\n<\/blockquote>\n<p><a class=\"dt-pswp-item\" href=\"https:\/\/www.radiopiu.net\/wordpress\/wp-content\/uploads\/2023\/07\/d86dbc06-7161-49d4-b544-90770e85269f.jpg\" data-dt-img-description=\"\" data-large_image_width=\"1448\" data-large_image_height=\"2048\"><img loading=\"lazy\" decoding=\"async\" class=\" wp-image-342766 alignleft\" src=\"https:\/\/www.radiopiu.net\/wordpress\/wp-content\/uploads\/2023\/07\/d86dbc06-7161-49d4-b544-90770e85269f-212x300.jpg\" alt=\"\" width=\"133\" height=\"189\" srcset=\"https:\/\/www.radiopiu.net\/wordpress\/wp-content\/uploads\/2023\/07\/d86dbc06-7161-49d4-b544-90770e85269f-212x300.jpg 212w, https:\/\/www.radiopiu.net\/wordpress\/wp-content\/uploads\/2023\/07\/d86dbc06-7161-49d4-b544-90770e85269f-724x1024.jpg 724w, https:\/\/www.radiopiu.net\/wordpress\/wp-content\/uploads\/2023\/07\/d86dbc06-7161-49d4-b544-90770e85269f-768x1086.jpg 768w, https:\/\/www.radiopiu.net\/wordpress\/wp-content\/uploads\/2023\/07\/d86dbc06-7161-49d4-b544-90770e85269f-1086x1536.jpg 1086w, https:\/\/www.radiopiu.net\/wordpress\/wp-content\/uploads\/2023\/07\/d86dbc06-7161-49d4-b544-90770e85269f.jpg 1448w\" sizes=\"auto, (max-width: 133px) 100vw, 133px\" \/><\/a>Dimentica la routine, concediti un momento di relax e divertimento con amici e familiari. L&#8217;aperitivo in musica all&#8217;Hotel Stella Alpina in piazza a Falcade \u00e8 l&#8217;occasione perfetta per socializzare e creare ricordi preziosi.Ogni venerd\u00ec di luglio ed agosto, l&#8217;Hotel Stella Alpina vi accoglie per una serata di puro divertimento, dalle 18 alle 21. I\u00a0venerdi di luglio ed agosto allo Stella alpina, appuntamento con la buona musica e le specialit\u00e0 che sapranno deliziarvi il palato. INFO 0437 599046. <a class=\"moz-txt-link-abbreviated\" href=\"http:\/\/WWW.HOTEL\">WWW.HOTEL<\/a> STELLA ALPINA . COM<\/p>\n<p><b>VENERDI<\/b> MIORO IRISH BAND IN CONCERTO E CENA A BASE DI TAGLIATA DI MANZO BIO IRLANDESE<\/p>\n<p>&nbsp;<\/p>\n<p>&nbsp;<\/p>\n<p>&nbsp;<\/p>\n<p>&nbsp;<\/p>\n<hr \/>\n<p>&nbsp;<\/p>\n<blockquote>\n<h3><a class=\"dt-pswp-item\" href=\"https:\/\/www.radiopiu.net\/wordpress\/wp-content\/uploads\/2023\/08\/3a200dcf-986c-4cc8-9dd2-568798301511.jpg\" data-dt-img-description=\"\" data-large_image_width=\"1131\" data-large_image_height=\"1600\"><img loading=\"lazy\" decoding=\"async\" class=\" wp-image-347204 alignleft\" src=\"https:\/\/www.radiopiu.net\/wordpress\/wp-content\/uploads\/2023\/08\/3a200dcf-986c-4cc8-9dd2-568798301511-212x300.jpg\" alt=\"\" width=\"116\" height=\"164\" srcset=\"https:\/\/www.radiopiu.net\/wordpress\/wp-content\/uploads\/2023\/08\/3a200dcf-986c-4cc8-9dd2-568798301511-212x300.jpg 212w, https:\/\/www.radiopiu.net\/wordpress\/wp-content\/uploads\/2023\/08\/3a200dcf-986c-4cc8-9dd2-568798301511-724x1024.jpg 724w, https:\/\/www.radiopiu.net\/wordpress\/wp-content\/uploads\/2023\/08\/3a200dcf-986c-4cc8-9dd2-568798301511-768x1086.jpg 768w, https:\/\/www.radiopiu.net\/wordpress\/wp-content\/uploads\/2023\/08\/3a200dcf-986c-4cc8-9dd2-568798301511-1086x1536.jpg 1086w, https:\/\/www.radiopiu.net\/wordpress\/wp-content\/uploads\/2023\/08\/3a200dcf-986c-4cc8-9dd2-568798301511.jpg 1131w\" sizes=\"auto, (max-width: 116px) 100vw, 116px\" \/><\/a>LA 39ESIMA EDIZIONE DEL PALIO DEI CENTO<\/h3>\n<\/blockquote>\n<p><strong>AGORDO<\/strong> Sabato 19 e domenica 20 agosto il Broi di Agordo si animer\u00e0 con il Palio Dei Cento. Sabato mercatini artigianali, dalle 17 apertura del tendone e aperitivo con Morgan e Battaglia. Alle 18:30 la prima prova del palio con la corsa a staffetta e cena con lo spiedo di Livio. Domenica apertura del tendone alle 9 e a seguire la 28esima edizione del MiniPalio. Alle 12 pranzo con il paticcio di Mario e nel pomeriggio il via al Palio dei Cento. Alle 14:30 la parata delle squadre e le altre prove. Alle 19 cena con la porchetta di Firpo, musica con i Voyager e alle 22:30 il gran finale con i fuochi d&#8217;artificio.<\/p>\n<p>&nbsp;<\/p>\n<p>&nbsp;<\/p>\n<hr \/>\n<p>&nbsp;<\/p>\n<p>&nbsp;<\/p>\n<p>&nbsp;<\/p>\n<p><strong><a class=\"dt-pswp-item\" href=\"https:\/\/www.radiopiu.net\/wordpress\/wp-content\/uploads\/2023\/07\/362238350_780080964121139_3528425822730363745_n.jpg\" data-dt-img-description=\"\" data-large_image_width=\"960\" data-large_image_height=\"540\"><img loading=\"lazy\" decoding=\"async\" class=\"wp-image-346272 alignleft\" src=\"https:\/\/www.radiopiu.net\/wordpress\/wp-content\/uploads\/2023\/07\/362238350_780080964121139_3528425822730363745_n.jpg\" alt=\"\" width=\"295\" height=\"166\" srcset=\"https:\/\/www.radiopiu.net\/wordpress\/wp-content\/uploads\/2023\/07\/362238350_780080964121139_3528425822730363745_n.jpg 960w, https:\/\/www.radiopiu.net\/wordpress\/wp-content\/uploads\/2023\/07\/362238350_780080964121139_3528425822730363745_n-300x169.jpg 300w, https:\/\/www.radiopiu.net\/wordpress\/wp-content\/uploads\/2023\/07\/362238350_780080964121139_3528425822730363745_n-768x432.jpg 768w\" sizes=\"auto, (max-width: 295px) 100vw, 295px\" \/><\/a>ALLA RADIO <\/strong>15 AGOSTO&#8230; A MASARE&#8217; DI ALLEGHE SOTTO AL TENDONE IL FERRAGOSTO BIANCOROSSO edizione anniversario. ALLEGHE HOCKEY, 90 ANNI DOPO, CON LO STESSO ENTUSIASMO E LE STESSE EMOZIONI DI ALLORA. LA FESTA DI FERRAGOSTO DALLE 9.30 DEL MATTINO A NOTTE INOLTRATA.\u00a0 buon cibo con possibilit\u00e0 di asporto, giro del lago, giochi per grandi e piccini, magia ,Happy hour con frittura di calamari e alle 21:30 SUL PALCO IL NUOVO FRONTE DEL VASCO&#8230;.IL GRUPPO COVER DI VASCO ROSSI!!!!! IMPREDIBILE ALLEGHE HOCKEY: tutti insieme con e per le civette<\/p>\n<p>&nbsp;<\/p>\n<p>&nbsp;<\/p>\n<div class=\"message spoilers-container\" dir=\"auto\">\n<div class=\"column\">\n<div class=\"message spoilers-container\" dir=\"auto\">\n<div class=\"column\">\n<p><strong>Evento ecosostenibile e pet friendly<\/strong><\/p>\n<audio class=\"wp-audio-shortcode\" id=\"audio-347841-14\" preload=\"none\" style=\"width: 100%;\" controls=\"controls\"><source type=\"audio\/mpeg\" src=\"https:\/\/www.radiopiu.net\/wordpress\/wp-content\/uploads\/2023\/07\/alleghe-hockey-c.mp3?_=14\" \/><a href=\"https:\/\/www.radiopiu.net\/wordpress\/wp-content\/uploads\/2023\/07\/alleghe-hockey-c.mp3\">https:\/\/www.radiopiu.net\/wordpress\/wp-content\/uploads\/2023\/07\/alleghe-hockey-c.mp3<\/a><\/audio>\n<p>&nbsp;<\/p>\n<p><strong>L&#8217;INTERVISTA DI LUGLIO CON IL PRESIDENTE ADRIANO LEVIS, VICE PRESIDENTE MATHIAS LEVIS, EX GIOCATORE E COLLABORATORE DANIELE VEGGIATO,\u00a0 \u00a0FABIO COMINATO LOMBARDO INNAMORATO DELL&#8217;HOCKEY\u00a0 ED ERRO RAUSSE\u00a0<\/strong><\/p>\n<audio class=\"wp-audio-shortcode\" id=\"audio-347841-15\" preload=\"none\" style=\"width: 100%;\" controls=\"controls\"><source type=\"audio\/mpeg\" src=\"https:\/\/www.radiopiu.net\/wordpress\/wp-content\/uploads\/2023\/08\/ALLEGHE-HOCKEY-luglio.mp3?_=15\" \/><a href=\"https:\/\/www.radiopiu.net\/wordpress\/wp-content\/uploads\/2023\/08\/ALLEGHE-HOCKEY-luglio.mp3\">https:\/\/www.radiopiu.net\/wordpress\/wp-content\/uploads\/2023\/08\/ALLEGHE-HOCKEY-luglio.mp3<\/a><\/audio>\n<p>&nbsp;<\/p>\n<hr \/>\n<p>&nbsp;<\/p>\n<h2><strong><a class=\"dt-pswp-item\" href=\"https:\/\/www.radiopiu.net\/wordpress\/wp-content\/uploads\/2020\/04\/DON-FABIANO.jpg\" data-dt-img-description=\"\" data-large_image_width=\"231\" data-large_image_height=\"130\"><img loading=\"lazy\" decoding=\"async\" class=\" wp-image-127650 alignleft\" src=\"https:\/\/www.radiopiu.net\/wordpress\/wp-content\/uploads\/2020\/04\/DON-FABIANO.jpg\" alt=\"\" width=\"203\" height=\"114\" \/><\/a><\/strong><span style=\"color: #339966;\">LA RASSEGNA STAMPA DA L&#8217;AMICO DEL POPOLO<\/span><\/h2>\n<p><strong>DI GIANNI SANTOMASO<\/strong><\/p>\n<p>OSPITE: Don Fabiano Del Favero<\/p>\n<audio class=\"wp-audio-shortcode\" id=\"audio-347841-16\" preload=\"none\" style=\"width: 100%;\" controls=\"controls\"><source type=\"audio\/mpeg\" src=\"https:\/\/www.radiopiu.net\/wordpress\/wp-content\/uploads\/2023\/08\/RASSEGNA-GIANNI.mp3?_=16\" \/><a href=\"https:\/\/www.radiopiu.net\/wordpress\/wp-content\/uploads\/2023\/08\/RASSEGNA-GIANNI.mp3\">https:\/\/www.radiopiu.net\/wordpress\/wp-content\/uploads\/2023\/08\/RASSEGNA-GIANNI.mp3<\/a><\/audio>\n<p>&nbsp;<\/p>\n<p>&nbsp;<\/p>\n<hr \/>\n<p>&nbsp;<\/p>\n<p><img loading=\"lazy\" decoding=\"async\" class=\"aligncenter wp-image-61954 size-full\" src=\"https:\/\/www.radiopiu.net\/wordpress\/wp-content\/uploads\/2018\/09\/viabilita.jpeg\" sizes=\"auto, (max-width: 800px) 100vw, 800px\" srcset=\"https:\/\/www.radiopiu.net\/wordpress\/wp-content\/uploads\/2018\/09\/viabilita.jpeg 800w, https:\/\/www.radiopiu.net\/wordpress\/wp-content\/uploads\/2018\/09\/viabilita-300x38.jpeg 300w, https:\/\/www.radiopiu.net\/wordpress\/wp-content\/uploads\/2018\/09\/viabilita-768x96.jpeg 768w\" alt=\"\" width=\"800\" height=\"100\" \/><\/p>\n<\/div>\n<\/div>\n<div class=\"message spoilers-container\" dir=\"auto\">\n<div class=\"column\">\n<p>&nbsp;<\/p>\n<\/div>\n<\/div>\n<\/div>\n<\/div>\n<blockquote class=\"wp-embedded-content\" data-secret=\"nTBo1RMoXH\"><p><a href=\"https:\/\/www.radiopiu.net\/wordpress\/viabilita\/\">viabilita<\/a><\/p><\/blockquote>\n<p><iframe loading=\"lazy\" class=\"wp-embedded-content\" sandbox=\"allow-scripts\" security=\"restricted\" style=\"position: absolute; clip: rect(1px, 1px, 1px, 1px);\" title=\"&#8220;viabilita&#8221; &#8212; Radio Pi\u00f9\" src=\"https:\/\/www.radiopiu.net\/wordpress\/viabilita\/embed\/#?secret=5zSCPrxAU8#?secret=nTBo1RMoXH\" data-secret=\"nTBo1RMoXH\" width=\"600\" height=\"338\" frameborder=\"0\" marginwidth=\"0\" marginheight=\"0\" scrolling=\"no\"><\/iframe><\/p>\n<div class=\"message spoilers-container\" dir=\"auto\">\n<div class=\"column\">\n<div class=\"message spoilers-container\" dir=\"auto\">\n<div class=\"column\">\n<div>\n<div dir=\"ltr\">\n<div class=\"gmail_quote\">\n<div dir=\"ltr\">\n<div><\/div>\n<div><\/div>\n<div><\/div>\n<\/div>\n<\/div>\n<\/div>\n<\/div>\n<hr \/>\n<p>&nbsp;<\/p>\n<p><a class=\"dt-pswp-item\" href=\"https:\/\/www.radiopiu.net\/wordpress\/wp-content\/uploads\/2018\/09\/WhatsApp-Image-2018-09-20-at-16.04.06.jpeg\" data-dt-img-description=\"\" data-large_image_width=\"800\" data-large_image_height=\"100\"><img loading=\"lazy\" decoding=\"async\" class=\"wp-image-61378 size-full aligncenter\" src=\"https:\/\/www.radiopiu.net\/wordpress\/wp-content\/uploads\/2018\/09\/WhatsApp-Image-2018-09-20-at-16.04.06.jpeg\" alt=\"\" width=\"800\" height=\"100\" srcset=\"https:\/\/www.radiopiu.net\/wordpress\/wp-content\/uploads\/2018\/09\/WhatsApp-Image-2018-09-20-at-16.04.06.jpeg 800w, https:\/\/www.radiopiu.net\/wordpress\/wp-content\/uploads\/2018\/09\/WhatsApp-Image-2018-09-20-at-16.04.06-300x38.jpeg 300w, https:\/\/www.radiopiu.net\/wordpress\/wp-content\/uploads\/2018\/09\/WhatsApp-Image-2018-09-20-at-16.04.06-768x96.jpeg 768w\" sizes=\"auto, (max-width: 800px) 100vw, 800px\" \/><\/a><\/p>\n<\/div>\n<\/div>\n<div class=\"message spoilers-container\" dir=\"auto\">\n<p>&nbsp;<\/p>\n<p style=\"text-align: center;\"><strong>OGGI <\/strong><\/p>\n<p>Al mattino parzialmente soleggiato e stabile con cielo in genere poco o parzialmente nuvoloso per presenza di nuvolosit\u00e0 medio-alta; nel pomeriggio addensamenti nuvolosi pi\u00f9 consistenti, eventualmente associati a qualche fenomeno.<\/p>\n<p><strong>Precipitazioni: <\/strong>Al mattino assenti (0%); dalle ore centrali non \u00e8 del tutto escluso qualche piovasco o rovescio o temporale (20-30%).<br \/>\n<strong>Temperature: <\/strong>In aumento, specie le minime su valori prossimi alla norma con clima diurno un po&#8217; pi\u00f9 mite rispetto a marted\u00ec.<\/p>\n<p style=\"text-align: center;\"><strong>DOMANI <\/strong><\/p>\n<p>Tempo stabile e soleggiato specie al mattino con cielo generalmente sereno o poco nuvoloso; nel pomeriggio modesti annuvolamenti irregolari a carattere cumuliforme con fenomeni pressoch\u00e8 assenti.<\/p>\n<p><strong>Precipitazioni: <\/strong>Assenti (0%).<br \/>\n<strong>Temperature: <\/strong>In ulteriore aumento e superiori alla norma di qualche grado. Clima estivo.<\/p>\n<p style=\"text-align: center;\"><strong>VENERDI <\/strong><\/p>\n<p>Tempo ancora stabile e soleggiato e senza fenomeni, salvo temporanei e innocui addensamenti cumuliformi a ridosso dei rilievi nelle ore calde. Temperature in ulteriore lieve aumento. Venti in alta montagna deboli o moderati dai quadranti settentrionali. Clima estivo.<\/p>\n<p style=\"text-align: center;\"><strong>SABATO <\/strong><\/p>\n<p>Al mattino stabile e abbastanza soleggiato; dalle ore centrali pi\u00f9 variabile a tratti instabile per moderata attivit\u00e0 cumuliforme con possibili brevi fenomeni sparsi anche a carattere di rovescio o di temporale. Temperature senza notevoli variazioni<\/p>\n<p>&nbsp;<\/p>\n<\/div>\n<div class=\"message spoilers-container\" dir=\"auto\">\n<hr \/>\n<p>&nbsp;<\/p>\n<p><img loading=\"lazy\" decoding=\"async\" class=\"wp-image-60761 size-full aligncenter\" src=\"https:\/\/www.radiopiu.net\/wordpress\/wp-content\/uploads\/2018\/09\/sport.jpg\" alt=\"\" width=\"800\" height=\"100\" srcset=\"https:\/\/www.radiopiu.net\/wordpress\/wp-content\/uploads\/2018\/09\/sport.jpg 800w, https:\/\/www.radiopiu.net\/wordpress\/wp-content\/uploads\/2018\/09\/sport-300x38.jpg 300w, https:\/\/www.radiopiu.net\/wordpress\/wp-content\/uploads\/2018\/09\/sport-768x96.jpg 768w\" sizes=\"auto, (max-width: 800px) 100vw, 800px\" \/><\/p>\n<p>&nbsp;<\/p>\n<\/div>\n\n\t\t\t<style type='text\/css'>\n\t\t\t\t#gallery-3 {\n\t\t\t\t\tmargin: auto;\n\t\t\t\t}\n\t\t\t\t#gallery-3 .gallery-item {\n\t\t\t\t\tfloat: left;\n\t\t\t\t\tmargin-top: 10px;\n\t\t\t\t\ttext-align: center;\n\t\t\t\t\twidth: 50%;\n\t\t\t\t}\n\t\t\t\t#gallery-3 img {\n\t\t\t\t\tborder: 2px solid #cfcfcf;\n\t\t\t\t}\n\t\t\t\t#gallery-3 .gallery-caption {\n\t\t\t\t\tmargin-left: 0;\n\t\t\t\t}\n\t\t\t\t\/* see gallery_shortcode() in wp-includes\/media.php *\/\n\t\t\t<\/style>\n\t\t<div id='gallery-3' class='dt-gallery-container gallery galleryid-347841 gallery-columns-2 gallery-size-thumbnail'><dl class='gallery-item'>\n\t\t\t\t<dt class='gallery-icon portrait'>\n\t\t\t\t\t<a class=\"rollover rollover-zoom dt-pswp-item\" title=\"cb3e84c7-6b7b-4086-b96b-e2b820cc0e41\" data-dt-img-description=\"\" data-large_image_width=\"1132\" data-large_image_height=\"1600\"href='https:\/\/www.radiopiu.net\/wordpress\/wp-content\/uploads\/2023\/07\/cb3e84c7-6b7b-4086-b96b-e2b820cc0e41.jpg'><img loading=\"lazy\" decoding=\"async\" width=\"150\" height=\"150\" src=\"https:\/\/www.radiopiu.net\/wordpress\/wp-content\/uploads\/2023\/07\/cb3e84c7-6b7b-4086-b96b-e2b820cc0e41-150x150.jpg\" class=\"attachment-thumbnail size-thumbnail\" alt=\"\" aria-describedby=\"gallery-3-345600\" \/><\/a>\n\t\t\t\t<\/dt>\n\t\t\t\t\t<dd class='wp-caption-text gallery-caption' id='gallery-3-345600'>\n\t\t\t\t\tVOLTAGO\n\t\t\t\t\t<\/dd><\/dl><dl class='gallery-item'>\n\t\t\t\t<dt class='gallery-icon portrait'>\n\t\t\t\t\t<a class=\"rollover rollover-zoom dt-pswp-item\" title=\"8d8ef44f-5625-4f28-9787-81bf41c07ccb\" data-dt-img-description=\"\" data-large_image_width=\"726\" data-large_image_height=\"1024\"href='https:\/\/www.radiopiu.net\/wordpress\/wp-content\/uploads\/2023\/08\/8d8ef44f-5625-4f28-9787-81bf41c07ccb.jpg'><img loading=\"lazy\" decoding=\"async\" width=\"150\" height=\"150\" src=\"https:\/\/www.radiopiu.net\/wordpress\/wp-content\/uploads\/2023\/08\/8d8ef44f-5625-4f28-9787-81bf41c07ccb-150x150.jpg\" class=\"attachment-thumbnail size-thumbnail\" alt=\"\" aria-describedby=\"gallery-3-347009\" \/><\/a>\n\t\t\t\t<\/dt>\n\t\t\t\t\t<dd class='wp-caption-text gallery-caption' id='gallery-3-347009'>\n\t\t\t\t\tFALCADE\n\t\t\t\t\t<\/dd><\/dl><br style=\"clear: both\" \/>\n\t\t\t<\/div>\n\n<p>&nbsp;<\/p>\n<p><span style=\"color: #0000ff;\"><strong>HOCKEY SU GHIACCIO<\/strong><\/span><\/p>\n<blockquote>\n<h3>NUOVO COLPO DI MERCATO PER L&#8217;ALLEGHE HOCKEY. ARRIVA RENE&#8217; VALLAZZA DAL CORTINA<\/h3>\n<\/blockquote>\n<p><strong><a class=\"dt-pswp-item\" href=\"https:\/\/www.radiopiu.net\/wordpress\/wp-content\/uploads\/2023\/08\/168bf2e2-9024-4d0b-8b12-fee57df25e06.jpg\" data-dt-img-description=\"\" data-large_image_width=\"822\" data-large_image_height=\"798\"><img loading=\"lazy\" decoding=\"async\" class=\" wp-image-347865 alignleft\" src=\"https:\/\/www.radiopiu.net\/wordpress\/wp-content\/uploads\/2023\/08\/168bf2e2-9024-4d0b-8b12-fee57df25e06-300x291.jpg\" alt=\"\" width=\"164\" height=\"159\" srcset=\"https:\/\/www.radiopiu.net\/wordpress\/wp-content\/uploads\/2023\/08\/168bf2e2-9024-4d0b-8b12-fee57df25e06-300x291.jpg 300w, https:\/\/www.radiopiu.net\/wordpress\/wp-content\/uploads\/2023\/08\/168bf2e2-9024-4d0b-8b12-fee57df25e06-768x746.jpg 768w, https:\/\/www.radiopiu.net\/wordpress\/wp-content\/uploads\/2023\/08\/168bf2e2-9024-4d0b-8b12-fee57df25e06.jpg 822w\" sizes=\"auto, (max-width: 164px) 100vw, 164px\" \/><\/a>di Roberto Miana, portavoce dell&#8217;Alleghe Hockey<\/strong><\/p>\n<p><strong>ALLEGHE <\/strong>La societ\u00e0 Alleghe Hockey piazza un altro colpo di mercato, assicurandosi le prestazioni sportive di REN\u00c8 VALLAZZA. Vallazza, difensore classe 1994 di Cortina d\u2019Ampezzo, 173 cm per 75 kg, proviene dal Cortina dove \u00e8 cresciuto hockeisticamente ed ha sempre giocato tra giovanili, serie A e AlpsHL, fatta eccezione per la parentesi di due stagioni a Como in IHL dal 2016 al 2018. In totale per lui 321 gare disputate, con all\u2019attivo anche 13 gol e 33 assist. Queste le sue prime parole in biancorosso: \u201cHo deciso di venire a giocare ad Alleghe per diversi motivi. Sicuramente per il fatto che Scapinello sar\u00e0 alla guida della squadra. Il coach mi ha allenato per alcuni anni quando ero nelle giovanili del Cortina ed ho un ottimo rapporto con lui. Un altro fattore che ha influenzato la mia scelta \u00e8 l\u2019aver notato la grande voglia, da parte della societ\u00e0 alleghese, di costruire una squadra competitiva. Di fatto mi pare che stia lavorando molto bene sul mercato. Per quanto mi riguarda, devo dire che c\u2019\u00e8 stato fin da subito un ottimo rapporto con la dirigenza e spero che questo possa accadere anche con i miei futuri compagni di squadra. Parlando dell\u2019annata passata dei biancorossi penso che ogni squadra possa avere dei momenti no e quindi mi auguro che questa nuova stagionale possa essere un\u2019opportunit\u00e0 per tutti di rialzarsi e dimostrare il proprio valore, sia per me come giocatore, per il team e allo stesso tempo per la societ\u00e0 stessa, perch\u00e9, come detto, sto notando il loro grande impegno nell\u2019allestire un buon roster. Negli anni passati ho avuto modo di fare conoscenza ed avere molti amici dell\u2019hockey Alleghe, in particolare Patrik Meneghetti, con cui ho anche condiviso due mesi in Canada. Concludo dicendo a tutti i tifosi che spero di essere ben accettato in squadra e di non deludere le loro aspettative\u201d Benvenuto ad Alleghe Ren\u00e8<\/p>\n<p>(foto Carola Fabrizia Semino)<\/p>\n<p>&nbsp;<\/p>\n<p><span style=\"color: #0000ff;\"><strong>PALLAVOLO<\/strong><\/span><\/p>\n<blockquote>\n<h3>JOHS DE SALVADOR GUIDERA&#8217; LA SB VOLLEY<\/h3>\n<\/blockquote>\n<p><strong><a class=\"dt-pswp-item\" href=\"https:\/\/www.radiopiu.net\/wordpress\/wp-content\/uploads\/2023\/08\/Josh_De_Salvador_guida_tecnica.jpg\" data-dt-img-description=\"\" data-large_image_width=\"965\" data-large_image_height=\"522\"><img loading=\"lazy\" decoding=\"async\" class=\" wp-image-347876 alignleft\" src=\"https:\/\/www.radiopiu.net\/wordpress\/wp-content\/uploads\/2023\/08\/Josh_De_Salvador_guida_tecnica-300x162.jpg\" alt=\"\" width=\"185\" height=\"100\" srcset=\"https:\/\/www.radiopiu.net\/wordpress\/wp-content\/uploads\/2023\/08\/Josh_De_Salvador_guida_tecnica-300x162.jpg 300w, https:\/\/www.radiopiu.net\/wordpress\/wp-content\/uploads\/2023\/08\/Josh_De_Salvador_guida_tecnica-768x415.jpg 768w, https:\/\/www.radiopiu.net\/wordpress\/wp-content\/uploads\/2023\/08\/Josh_De_Salvador_guida_tecnica.jpg 965w\" sizes=\"auto, (max-width: 185px) 100vw, 185px\" \/><\/a>BELLUNO <\/strong><span style=\"font-family: 'Helvetica',sans-serif; color: black;\">\u00c8 tempo di primi annunci per la Homeclick SB Volley: la realt\u00e0 pallavolistica, nata dalla collaborazione tra Sedico e Belluno, affida a Giorgio De Salvador la guida tecnica della squadra femminile di serie C. Coach Josh non ha bisogno di troppe presentazioni: \u00e8 una garanzia. Oltre a vantare un ampio bagaglio di conoscenze e di esperienze, De Salvador ha la capacit\u00e0 di entrare in sintonia con il gruppo, di infondere sicurezza alle atlete, di leggere le partite come dei libri aperti. In pi\u00f9, vale la pena rimarcarlo, \u00e8 l\u2019ultimo allenatore ad aver vinto un campionato di respiro nazionale (la B2) al timone di una compagine bellunese: l\u2019allora Executive, in ambito maschile.<span class=\"gmail-apple-converted-space\">\u00a0<\/span><\/span><\/p>\n<p>&nbsp;<\/p>\n<p><span style=\"color: #0000ff;\"><strong>CORSA CAMPESTRE<\/strong><\/span><\/p>\n<blockquote>\n<h3>LUNEDI&#8217; 14 AGOSTO LA 43ESIMA EDIZONE DEL GIRO DEL LAGO DI ALLEGHE<\/h3>\n<\/blockquote>\n<p><strong><a class=\"dt-pswp-item\" href=\"https:\/\/www.radiopiu.net\/wordpress\/wp-content\/uploads\/2023\/08\/partenza.jpg\" data-dt-img-description=\"\" data-large_image_width=\"2244\" data-large_image_height=\"1535\"><img loading=\"lazy\" decoding=\"async\" class=\" wp-image-347907 alignleft\" src=\"https:\/\/www.radiopiu.net\/wordpress\/wp-content\/uploads\/2023\/08\/partenza-300x205.jpg\" alt=\"\" width=\"184\" height=\"126\" srcset=\"https:\/\/www.radiopiu.net\/wordpress\/wp-content\/uploads\/2023\/08\/partenza-300x205.jpg 300w, https:\/\/www.radiopiu.net\/wordpress\/wp-content\/uploads\/2023\/08\/partenza-1024x700.jpg 1024w, https:\/\/www.radiopiu.net\/wordpress\/wp-content\/uploads\/2023\/08\/partenza-768x525.jpg 768w, https:\/\/www.radiopiu.net\/wordpress\/wp-content\/uploads\/2023\/08\/partenza-1536x1051.jpg 1536w, https:\/\/www.radiopiu.net\/wordpress\/wp-content\/uploads\/2023\/08\/partenza-2048x1401.jpg 2048w\" sizes=\"auto, (max-width: 184px) 100vw, 184px\" \/><\/a>ALLEGHE<\/strong> Ritorna, anche quest&#8217;anno &#8220;Il Giro del Lago di Alleghe in notturna&#8221;, la manifestazione podistica, giunta alla 43^ Edizione, ormai appuntamento fisso del Ferragosto Alleghese, anche perch\u00e9 caratterizzato dall&#8217; ambientazione serale particolarmente originale della gara, sempre molto gradita da locali e tanti ospiti presenti nelle varie strutture ricettive turistiche della zona, come del resto alla precedente edizione 2022, partecipata da un migliaio di concorrenti. E&#8217; una non competitiva aperta a tutti adulti e bambini, animali compresi che si svolge sul suggestivo tracciato di 5,300 chilometri che abbraccia li caratteristico laghetto alpino di Alleghe, scenario tra ipi\u00f9 famosi delle Dolomiti. II Giro Podistico del Lago di Alleghe si svolger\u00e0 luned\u00ec 14 agosto con le seguenti modalit\u00e0: partenza alle ore 21,00 dal piazzale di Masar\u00e8 antistante la sede del Gruppo Alpini di Alleghe e presso li tendone nel quale si svolgeranno le premiazioni e sar\u00e0 possibile degustare li tipico Rancio Alpino, li tutto allietato da musica, canti e folclore locale. Le iscrizioni saranno possibili nei giorni precedenti e fino alle ore 18,00 del giorno della gara, presso li gazebo del Gruppo Alpini allestito in Piazza Kennedy ad Alleghe e successivamente fino alle ore 20,45 le iscrizioni saranno possibili presso la sede degli Alpini a Masare. Maggiori informazioni su quote di iscrizioni ed orari presso l&#8217;Ufficio Turistico di Alleghe tel. 0437\/523333 &#8211; mail consorzio@alleghe.info.<\/p>\n<p>&nbsp;<\/p>\n<\/div>\n<\/div>\n","protected":false},"excerpt":{"rendered":"<p>40esimo di RADIOPIU\u2026. LA VOCE DELL\u2019EMOZIONE ISCRIVITI AL NOSTRO CANALE\u00a0\u00a0YOUTUBE PER SEGUIRE IN DIRETTA I PRINCIPALI PROGRAMMI DI RADIO PIU\u2019 E LE FUTURE DIRETTE IN ESTERNA. PER ISCRIVERTI\u00a0CLICCA QUI\u00a0E PREMI\u00a0 \u201cIscriviti\u201d \u00a0 IERI.. OGGI E DOMANI DI SERA ALLA RADIO&#8230; IERI SIRO, MORENO E JESSICA HANNO PRESENTATO LA SERATA DEDICATA AI LED ZEPPELIN, QUESTA SERA&hellip;<\/p>\n","protected":false},"author":4,"featured_media":347915,"comment_status":"closed","ping_status":"closed","sticky":false,"template":"","format":"standard","meta":{"_monsterinsights_skip_tracking":false,"_monsterinsights_sitenote_active":false,"_monsterinsights_sitenote_note":"","_monsterinsights_sitenote_category":0,"footnotes":""},"categories":[51,86,49],"tags":[],"class_list":["post-347841","post","type-post","status-publish","format-standard","has-post-thumbnail","hentry","category-evidenza-top","category-gr","category-news-18","category-51","category-86","category-49","description-off"],"img_url":"https:\/\/www.radiopiu.net\/wordpress\/wp-content\/uploads\/2023\/08\/Watermark_20230808_190221_532.jpg","_links":{"self":[{"href":"https:\/\/www.radiopiu.net\/wordpress\/wp-json\/wp\/v2\/posts\/347841","targetHints":{"allow":["GET"]}}],"collection":[{"href":"https:\/\/www.radiopiu.net\/wordpress\/wp-json\/wp\/v2\/posts"}],"about":[{"href":"https:\/\/www.radiopiu.net\/wordpress\/wp-json\/wp\/v2\/types\/post"}],"author":[{"embeddable":true,"href":"https:\/\/www.radiopiu.net\/wordpress\/wp-json\/wp\/v2\/users\/4"}],"replies":[{"embeddable":true,"href":"https:\/\/www.radiopiu.net\/wordpress\/wp-json\/wp\/v2\/comments?post=347841"}],"version-history":[{"count":0,"href":"https:\/\/www.radiopiu.net\/wordpress\/wp-json\/wp\/v2\/posts\/347841\/revisions"}],"wp:featuredmedia":[{"embeddable":true,"href":"https:\/\/www.radiopiu.net\/wordpress\/wp-json\/wp\/v2\/media\/347915"}],"wp:attachment":[{"href":"https:\/\/www.radiopiu.net\/wordpress\/wp-json\/wp\/v2\/media?parent=347841"}],"wp:term":[{"taxonomy":"category","embeddable":true,"href":"https:\/\/www.radiopiu.net\/wordpress\/wp-json\/wp\/v2\/categories?post=347841"},{"taxonomy":"post_tag","embeddable":true,"href":"https:\/\/www.radiopiu.net\/wordpress\/wp-json\/wp\/v2\/tags?post=347841"}],"curies":[{"name":"wp","href":"https:\/\/api.w.org\/{rel}","templated":true}]}}