{"id":347871,"date":"2023-08-09T05:19:55","date_gmt":"2023-08-09T03:19:55","guid":{"rendered":"https:\/\/www.radiopiu.net\/wordpress\/?p=347871"},"modified":"2023-08-09T05:35:37","modified_gmt":"2023-08-09T03:35:37","slug":"mobilitazione-per-il-centro-antiviolenza-i-comuni-bellunesi-partecipano-alliniziativa-della-consigliera-di-parita","status":"publish","type":"post","link":"https:\/\/www.radiopiu.net\/wordpress\/mobilitazione-per-il-centro-antiviolenza-i-comuni-bellunesi-partecipano-alliniziativa-della-consigliera-di-parita\/","title":{"rendered":"MOBILITAZIONE PER IL CENTRO ANTIVIOLENZA, I COMUNI BELLUNESI PARTECIPANO ALL\u2019INIZIATIVA DELLA CONSIGLIERA DI PARITA\u2019"},"content":{"rendered":"<p><strong><a class=\"dt-pswp-item\" href=\"https:\/\/www.radiopiu.net\/wordpress\/wp-content\/uploads\/2020\/11\/VIOLENZA-DONNE.jpg\" data-dt-img-description=\"\" data-large_image_width=\"1920\" data-large_image_height=\"1565\"><img loading=\"lazy\" decoding=\"async\" class=\" wp-image-174279 alignleft\" src=\"https:\/\/www.radiopiu.net\/wordpress\/wp-content\/uploads\/2020\/11\/VIOLENZA-DONNE-300x245.jpg\" alt=\"\" width=\"168\" height=\"137\" srcset=\"https:\/\/www.radiopiu.net\/wordpress\/wp-content\/uploads\/2020\/11\/VIOLENZA-DONNE-300x245.jpg 300w, https:\/\/www.radiopiu.net\/wordpress\/wp-content\/uploads\/2020\/11\/VIOLENZA-DONNE-1024x835.jpg 1024w, https:\/\/www.radiopiu.net\/wordpress\/wp-content\/uploads\/2020\/11\/VIOLENZA-DONNE-768x626.jpg 768w, https:\/\/www.radiopiu.net\/wordpress\/wp-content\/uploads\/2020\/11\/VIOLENZA-DONNE-1536x1252.jpg 1536w, https:\/\/www.radiopiu.net\/wordpress\/wp-content\/uploads\/2020\/11\/VIOLENZA-DONNE.jpg 1920w\" sizes=\"auto, (max-width: 168px) 100vw, 168px\" \/><\/a>BELLUNO<\/strong> La Consigliera di Parit\u00e0 della Provincia di Belluno ha inviato venerd\u00ec scorso una lettera alla Regione del Veneto con un messaggio a sostegno del Centro antiviolenza. In particolare, con la richiesta di una deroga per le aree montane. Una lettera che in calce riporta la firma di quasi tutti i sindaci bellunesi. Il problema sollevato dalla Consigliera di Parit\u00e0 e sottoposto a tutti i Comuni bellunesi \u00e8 l\u2019entrata in vigore dell\u2019intesa Stato-Regioni approvata in conferenza unificata il 14 settembre 2022 (GU 25\/11\/2022), cos\u00ec come recepita dalla Regione del Veneto con Dgr 400 del 7 aprile 2023, che ha dettato i nuovi requisiti minimi di un Centro antiviolenza per accedere ai fondi stanziati e al riconoscimento regionale. Requisiti minimi che mettono fortemente in difficolt\u00e0 l\u2019unico Centro antiviolenza bellunese, gestito dall\u2019associazione Onlus Belluno Donna. Il problema maggiore \u00e8 rappresentato dalla richiesta della reperibilit\u00e0 H24, insormontabile per una realt\u00e0 basata sul volontariato. Partendo da questi elementi, la Consigliera di Parit\u00e0, insieme alla Provincia di Belluno, ha convocato le amministrazioni di Feltre e Belluno, per analizzare la questione. Poi ha incontrato l\u2019assessora regionale al sociale, Manuela Lanzarin, per valutare la possibilit\u00e0 di una deroga alla montagna. Infine, ha scritto a tutti i sindaci, per sensibilizzarli sul tema e per chiedere la collaborazione nella richiesta di deroga alla Regione.<\/p>\n<p><strong>LA CONSIGLIERA DI PARITA&#8217; FLAVIA MONEGO<\/strong><\/p>\n<audio class=\"wp-audio-shortcode\" id=\"audio-347871-1\" preload=\"none\" style=\"width: 100%;\" controls=\"controls\"><source type=\"audio\/mpeg\" src=\"https:\/\/www.radiopiu.net\/wordpress\/wp-content\/uploads\/2023\/08\/MONEGO-VIOLENZA.mp3?_=1\" \/><a href=\"https:\/\/www.radiopiu.net\/wordpress\/wp-content\/uploads\/2023\/08\/MONEGO-VIOLENZA.mp3\">https:\/\/www.radiopiu.net\/wordpress\/wp-content\/uploads\/2023\/08\/MONEGO-VIOLENZA.mp3<\/a><\/audio>\n<p>&nbsp;<\/p>\n<p>&nbsp;<\/p>\n<p>******<\/p>\n","protected":false},"excerpt":{"rendered":"<p>BELLUNO La Consigliera di Parit\u00e0 della Provincia di Belluno ha inviato venerd\u00ec scorso una lettera alla Regione del Veneto con un messaggio a sostegno del Centro antiviolenza. In particolare, con la richiesta di una deroga per le aree montane. Una lettera che in calce riporta la firma di quasi tutti i sindaci bellunesi. Il problema&hellip;<\/p>\n","protected":false},"author":4,"featured_media":174279,"comment_status":"closed","ping_status":"closed","sticky":false,"template":"","format":"standard","meta":{"_monsterinsights_skip_tracking":false,"_monsterinsights_sitenote_active":false,"_monsterinsights_sitenote_note":"","_monsterinsights_sitenote_category":0,"footnotes":""},"categories":[51,49],"tags":[],"class_list":["post-347871","post","type-post","status-publish","format-standard","has-post-thumbnail","hentry","category-evidenza-top","category-news-18","category-51","category-49","description-off"],"img_url":"https:\/\/www.radiopiu.net\/wordpress\/wp-content\/uploads\/2020\/11\/VIOLENZA-DONNE.jpg","_links":{"self":[{"href":"https:\/\/www.radiopiu.net\/wordpress\/wp-json\/wp\/v2\/posts\/347871","targetHints":{"allow":["GET"]}}],"collection":[{"href":"https:\/\/www.radiopiu.net\/wordpress\/wp-json\/wp\/v2\/posts"}],"about":[{"href":"https:\/\/www.radiopiu.net\/wordpress\/wp-json\/wp\/v2\/types\/post"}],"author":[{"embeddable":true,"href":"https:\/\/www.radiopiu.net\/wordpress\/wp-json\/wp\/v2\/users\/4"}],"replies":[{"embeddable":true,"href":"https:\/\/www.radiopiu.net\/wordpress\/wp-json\/wp\/v2\/comments?post=347871"}],"version-history":[{"count":0,"href":"https:\/\/www.radiopiu.net\/wordpress\/wp-json\/wp\/v2\/posts\/347871\/revisions"}],"wp:featuredmedia":[{"embeddable":true,"href":"https:\/\/www.radiopiu.net\/wordpress\/wp-json\/wp\/v2\/media\/174279"}],"wp:attachment":[{"href":"https:\/\/www.radiopiu.net\/wordpress\/wp-json\/wp\/v2\/media?parent=347871"}],"wp:term":[{"taxonomy":"category","embeddable":true,"href":"https:\/\/www.radiopiu.net\/wordpress\/wp-json\/wp\/v2\/categories?post=347871"},{"taxonomy":"post_tag","embeddable":true,"href":"https:\/\/www.radiopiu.net\/wordpress\/wp-json\/wp\/v2\/tags?post=347871"}],"curies":[{"name":"wp","href":"https:\/\/api.w.org\/{rel}","templated":true}]}}