{"id":347893,"date":"2023-08-10T05:26:26","date_gmt":"2023-08-10T03:26:26","guid":{"rendered":"https:\/\/www.radiopiu.net\/wordpress\/?p=347893"},"modified":"2023-08-10T05:57:04","modified_gmt":"2023-08-10T03:57:04","slug":"domenica-il-giro-podistico-di-falcade","status":"publish","type":"post","link":"https:\/\/www.radiopiu.net\/wordpress\/domenica-il-giro-podistico-di-falcade\/","title":{"rendered":"DOMENICA IL GIRO PODISTICO DI FALCADE"},"content":{"rendered":"<p><strong><a class=\"dt-pswp-item\" href=\"https:\/\/www.radiopiu.net\/wordpress\/wp-content\/uploads\/2022\/08\/\u00a9EchidiAlessandroSogne-23-LA-PARTENZA-DEL-GIRO-PODISTICO.jpg\" data-dt-img-description=\"\" data-large_image_width=\"1300\" data-large_image_height=\"866\"><img loading=\"lazy\" decoding=\"async\" class=\" wp-image-292757 alignleft\" src=\"https:\/\/www.radiopiu.net\/wordpress\/wp-content\/uploads\/2022\/08\/\u00a9EchidiAlessandroSogne-23-LA-PARTENZA-DEL-GIRO-PODISTICO-300x200.jpg\" alt=\"\" width=\"165\" height=\"110\" srcset=\"https:\/\/www.radiopiu.net\/wordpress\/wp-content\/uploads\/2022\/08\/\u00a9EchidiAlessandroSogne-23-LA-PARTENZA-DEL-GIRO-PODISTICO-300x200.jpg 300w, https:\/\/www.radiopiu.net\/wordpress\/wp-content\/uploads\/2022\/08\/\u00a9EchidiAlessandroSogne-23-LA-PARTENZA-DEL-GIRO-PODISTICO-1024x682.jpg 1024w, https:\/\/www.radiopiu.net\/wordpress\/wp-content\/uploads\/2022\/08\/\u00a9EchidiAlessandroSogne-23-LA-PARTENZA-DEL-GIRO-PODISTICO-768x512.jpg 768w, https:\/\/www.radiopiu.net\/wordpress\/wp-content\/uploads\/2022\/08\/\u00a9EchidiAlessandroSogne-23-LA-PARTENZA-DEL-GIRO-PODISTICO.jpg 1300w\" sizes=\"auto, (max-width: 165px) 100vw, 165px\" \/><\/a>di Mirko Mezzacasa<\/strong><\/p>\n<p>OSPITE: Matteo Cagnati, presidente dello Sci Club Val Biois<\/p>\n<audio class=\"wp-audio-shortcode\" id=\"audio-347893-1\" preload=\"none\" style=\"width: 100%;\" controls=\"controls\"><source type=\"audio\/mpeg\" src=\"https:\/\/www.radiopiu.net\/wordpress\/wp-content\/uploads\/2023\/08\/MATTEO-CAGNATI-DOMENICA.mp3?_=1\" \/><a href=\"https:\/\/www.radiopiu.net\/wordpress\/wp-content\/uploads\/2023\/08\/MATTEO-CAGNATI-DOMENICA.mp3\">https:\/\/www.radiopiu.net\/wordpress\/wp-content\/uploads\/2023\/08\/MATTEO-CAGNATI-DOMENICA.mp3<\/a><\/audio>\n<p>&nbsp;<\/p>\n<p>Si rinnova domenica, 13 agosto, la tradizione del\u00a0Giro podistico di Falcade, evento proposto dallo Sci club Val Biois. La manifestazione, giunta all\u2019edizione numero 29, si svolger\u00e0 in abbinata con il Mini Giro podistico, corsa dedicata ai pi\u00f9 piccoli e giunta alla\u00a0<a href=\"http:\/\/20.ma\/\">20.ma<\/a> edizione. La partenza del Giro podistico verr\u00e0 data alle 18.50. Il percorso, di circa 6 chilometri, si snoder\u00e0 attraverso le vie del fondo valle di Falcade toccando le seguenti localit\u00e0: parcheggio Parco Giochi di Falcade , piazza Municipio, via degli Emigranti, , via Agostino Murer, cinema Dolomiti, corso Roma, via Maredane, laghetto l\u2019Aivaz, Parco Giochi Falcade, via Focobon, Camping Eden, piazzale al Molino, via Fontanelle, piazza Molino, via Fol, via Garibaldi, transito Col de Rif, via Caruo, passaggio albergo San Giusto, pista ciclabile, ed arrivo al Parco Giochi di Falcade. I primi 200 iscritti riceveranno una maglietta tecnica. Ad essere premiati saranno i primi dieci assoluti e le prime dieci assolute. Saranno inoltre premiati tutti gli atleti over 70 sia dell\u2019ambito maschile che di quello femminile. Le iscrizioni sono possibili sul sito\u00a0<a href=\"http:\/\/www.sportdolomiti.it\/\">www.sportdolomiti.it<\/a> oppure rivolgendosi all&#8217;ufficio turistico di Falcade. Saranno comunque possibili in loco il giorno della gara.\u00a0 Per quanto riguarda il\u00a0Mini Giro, la manifestazione \u00e8 riservata agli under 14 e si svolger\u00e0 a partire dalle 16 su un tracciato interamente pianeggiante ricavato sulla piana di Falcade, con distanze diverse a seconda della categoria di appartenenza. In palio ci sono una\u00a0 maglietta tecnica per i primi 300 iscritti, una medaglia per tutti i partecipanti e un ulteriore premio per i primi tre di ogni categoria. Anche in questo caso le iscrizioni sono possibili sul sito\u00a0<a href=\"http:\/\/www.sportdolomiti.it\/\">www.sportdolomiti.it<\/a>\u00a0oppure rivolgendosi all&#8217;ufficio turistico di Falcade o, ancora, in loco il giorno della gara.<\/p>\n<p>&nbsp;<\/p>\n<p>&nbsp;<\/p>\n<p>*******<\/p>\n","protected":false},"excerpt":{"rendered":"<p>di Mirko Mezzacasa OSPITE: Matteo Cagnati, presidente dello Sci Club Val Biois &nbsp; Si rinnova domenica, 13 agosto, la tradizione del\u00a0Giro podistico di Falcade, evento proposto dallo Sci club Val Biois. La manifestazione, giunta all\u2019edizione numero 29, si svolger\u00e0 in abbinata con il Mini Giro podistico, corsa dedicata ai pi\u00f9 piccoli e giunta alla\u00a020.ma edizione.&hellip;<\/p>\n","protected":false},"author":4,"featured_media":292757,"comment_status":"closed","ping_status":"closed","sticky":false,"template":"","format":"standard","meta":{"_monsterinsights_skip_tracking":false,"_monsterinsights_sitenote_active":false,"_monsterinsights_sitenote_note":"","_monsterinsights_sitenote_category":0,"footnotes":""},"categories":[51,49],"tags":[],"class_list":["post-347893","post","type-post","status-publish","format-standard","has-post-thumbnail","hentry","category-evidenza-top","category-news-18","category-51","category-49","description-off"],"img_url":"https:\/\/www.radiopiu.net\/wordpress\/wp-content\/uploads\/2022\/08\/\u00a9EchidiAlessandroSogne-23-LA-PARTENZA-DEL-GIRO-PODISTICO.jpg","_links":{"self":[{"href":"https:\/\/www.radiopiu.net\/wordpress\/wp-json\/wp\/v2\/posts\/347893","targetHints":{"allow":["GET"]}}],"collection":[{"href":"https:\/\/www.radiopiu.net\/wordpress\/wp-json\/wp\/v2\/posts"}],"about":[{"href":"https:\/\/www.radiopiu.net\/wordpress\/wp-json\/wp\/v2\/types\/post"}],"author":[{"embeddable":true,"href":"https:\/\/www.radiopiu.net\/wordpress\/wp-json\/wp\/v2\/users\/4"}],"replies":[{"embeddable":true,"href":"https:\/\/www.radiopiu.net\/wordpress\/wp-json\/wp\/v2\/comments?post=347893"}],"version-history":[{"count":0,"href":"https:\/\/www.radiopiu.net\/wordpress\/wp-json\/wp\/v2\/posts\/347893\/revisions"}],"wp:featuredmedia":[{"embeddable":true,"href":"https:\/\/www.radiopiu.net\/wordpress\/wp-json\/wp\/v2\/media\/292757"}],"wp:attachment":[{"href":"https:\/\/www.radiopiu.net\/wordpress\/wp-json\/wp\/v2\/media?parent=347893"}],"wp:term":[{"taxonomy":"category","embeddable":true,"href":"https:\/\/www.radiopiu.net\/wordpress\/wp-json\/wp\/v2\/categories?post=347893"},{"taxonomy":"post_tag","embeddable":true,"href":"https:\/\/www.radiopiu.net\/wordpress\/wp-json\/wp\/v2\/tags?post=347893"}],"curies":[{"name":"wp","href":"https:\/\/api.w.org\/{rel}","templated":true}]}}