{"id":347906,"date":"2023-08-08T16:46:19","date_gmt":"2023-08-08T14:46:19","guid":{"rendered":"https:\/\/www.radiopiu.net\/wordpress\/?p=347906"},"modified":"2023-08-09T05:37:26","modified_gmt":"2023-08-09T03:37:26","slug":"lunedi-14-agosto-la-43esima-edizone-del-giro-del-lago-di-alleghe","status":"publish","type":"post","link":"https:\/\/www.radiopiu.net\/wordpress\/lunedi-14-agosto-la-43esima-edizone-del-giro-del-lago-di-alleghe\/","title":{"rendered":"LUNEDI&#8217; 14 AGOSTO LA 43ESIMA EDIZONE DEL GIRO DEL LAGO DI ALLEGHE"},"content":{"rendered":"<p><strong><a class=\"dt-pswp-item\" href=\"https:\/\/www.radiopiu.net\/wordpress\/wp-content\/uploads\/2023\/08\/partenza.jpg\" data-dt-img-description=\"\" data-large_image_width=\"2244\" data-large_image_height=\"1535\"><img loading=\"lazy\" decoding=\"async\" class=\" wp-image-347907 alignleft\" src=\"https:\/\/www.radiopiu.net\/wordpress\/wp-content\/uploads\/2023\/08\/partenza-300x205.jpg\" alt=\"\" width=\"184\" height=\"126\" srcset=\"https:\/\/www.radiopiu.net\/wordpress\/wp-content\/uploads\/2023\/08\/partenza-300x205.jpg 300w, https:\/\/www.radiopiu.net\/wordpress\/wp-content\/uploads\/2023\/08\/partenza-1024x700.jpg 1024w, https:\/\/www.radiopiu.net\/wordpress\/wp-content\/uploads\/2023\/08\/partenza-768x525.jpg 768w, https:\/\/www.radiopiu.net\/wordpress\/wp-content\/uploads\/2023\/08\/partenza-1536x1051.jpg 1536w, https:\/\/www.radiopiu.net\/wordpress\/wp-content\/uploads\/2023\/08\/partenza-2048x1401.jpg 2048w\" sizes=\"auto, (max-width: 184px) 100vw, 184px\" \/><\/a>ALLEGHE<\/strong> Ritorna, anche quest&#8217;anno &#8220;Il Giro del Lago di Alleghe in notturna&#8221;, la manifestazione podistica, giunta alla 43^ Edizione, ormai appuntamento fisso del Ferragosto Alleghese, anche perch\u00e9 caratterizzato dall&#8217; ambientazione serale particolarmente originale della gara, sempre molto gradita da locali e tanti ospiti presenti nelle varie strutture ricettive turistiche della zona, come del resto alla precedente edizione 2022, partecipata da un migliaio di concorrenti. E&#8217; una non competitiva aperta a tutti adulti e bambini, animali compresi che si svolge sul suggestivo tracciato di 5,300 chilometri che abbraccia li caratteristico laghetto alpino di Alleghe, scenario tra ipi\u00f9 famosi delle Dolomiti. II Giro Podistico del Lago di Alleghe si svolger\u00e0 luned\u00ec 14 agosto con le seguenti modalit\u00e0: partenza alle ore 21,00 dal piazzale di Masar\u00e8 antistante la sede del Gruppo Alpini di Alleghe e presso li tendone nel quale si svolgeranno le premiazioni e sar\u00e0 possibile degustare li tipico Rancio Alpino, li tutto allietato da musica, canti e folclore locale. Le iscrizioni saranno possibili nei giorni precedenti e fino alle ore 18,00 del giorno della gara, presso li gazebo del Gruppo Alpini allestito in Piazza Kennedy ad Alleghe e successivamente fino alle ore 20,45 le iscrizioni saranno possibili presso la sede degli Alpini a Masare. Maggiori informazioni su quote di iscrizioni ed orari presso l&#8217;Ufficio Turistico di Alleghe tel. 0437\/523333 &#8211; mail consorzio@alleghe.info.<\/p>\n<p>&nbsp;<\/p>\n<p>&nbsp;<\/p>\n<p>******<\/p>\n","protected":false},"excerpt":{"rendered":"<p>ALLEGHE Ritorna, anche quest&#8217;anno &#8220;Il Giro del Lago di Alleghe in notturna&#8221;, la manifestazione podistica, giunta alla 43^ Edizione, ormai appuntamento fisso del Ferragosto Alleghese, anche perch\u00e9 caratterizzato dall&#8217; ambientazione serale particolarmente originale della gara, sempre molto gradita da locali e tanti ospiti presenti nelle varie strutture ricettive turistiche della zona, come del resto alla&hellip;<\/p>\n","protected":false},"author":4,"featured_media":347907,"comment_status":"closed","ping_status":"closed","sticky":false,"template":"","format":"standard","meta":{"_monsterinsights_skip_tracking":false,"_monsterinsights_sitenote_active":false,"_monsterinsights_sitenote_note":"","_monsterinsights_sitenote_category":0,"footnotes":""},"categories":[104,49],"tags":[],"class_list":["post-347906","post","type-post","status-publish","format-standard","has-post-thumbnail","hentry","category-evidenza_3","category-news-18","category-104","category-49","description-off"],"img_url":"https:\/\/www.radiopiu.net\/wordpress\/wp-content\/uploads\/2023\/08\/partenza.jpg","_links":{"self":[{"href":"https:\/\/www.radiopiu.net\/wordpress\/wp-json\/wp\/v2\/posts\/347906","targetHints":{"allow":["GET"]}}],"collection":[{"href":"https:\/\/www.radiopiu.net\/wordpress\/wp-json\/wp\/v2\/posts"}],"about":[{"href":"https:\/\/www.radiopiu.net\/wordpress\/wp-json\/wp\/v2\/types\/post"}],"author":[{"embeddable":true,"href":"https:\/\/www.radiopiu.net\/wordpress\/wp-json\/wp\/v2\/users\/4"}],"replies":[{"embeddable":true,"href":"https:\/\/www.radiopiu.net\/wordpress\/wp-json\/wp\/v2\/comments?post=347906"}],"version-history":[{"count":0,"href":"https:\/\/www.radiopiu.net\/wordpress\/wp-json\/wp\/v2\/posts\/347906\/revisions"}],"wp:featuredmedia":[{"embeddable":true,"href":"https:\/\/www.radiopiu.net\/wordpress\/wp-json\/wp\/v2\/media\/347907"}],"wp:attachment":[{"href":"https:\/\/www.radiopiu.net\/wordpress\/wp-json\/wp\/v2\/media?parent=347906"}],"wp:term":[{"taxonomy":"category","embeddable":true,"href":"https:\/\/www.radiopiu.net\/wordpress\/wp-json\/wp\/v2\/categories?post=347906"},{"taxonomy":"post_tag","embeddable":true,"href":"https:\/\/www.radiopiu.net\/wordpress\/wp-json\/wp\/v2\/tags?post=347906"}],"curies":[{"name":"wp","href":"https:\/\/api.w.org\/{rel}","templated":true}]}}