{"id":347926,"date":"2023-08-10T05:36:51","date_gmt":"2023-08-10T03:36:51","guid":{"rendered":"https:\/\/www.radiopiu.net\/wordpress\/?p=347926"},"modified":"2023-08-10T07:00:41","modified_gmt":"2023-08-10T05:00:41","slug":"giornale-radiopiu-10-agosto-2023-direttore-mirko-mezzacasada-40-anni-25-giugno-1983-25-giugno-2023","status":"publish","type":"post","link":"https:\/\/www.radiopiu.net\/wordpress\/giornale-radiopiu-10-agosto-2023-direttore-mirko-mezzacasada-40-anni-25-giugno-1983-25-giugno-2023\/","title":{"rendered":"GIORNALE RADIOPIU 10 AGOSTO 2023 DIRETTORE MIRKO MEZZACASA\u2026DA 40 ANNI 25 GIUGNO 1983-25 GIUGNO 2023"},"content":{"rendered":"<h2 style=\"text-align: left;\"><span style=\"color: #ff0000;\"><span style=\"vertical-align: inherit;\"><a class=\"dt-pswp-item\" href=\"https:\/\/www.radiopiu.net\/wordpress\/wp-content\/uploads\/2023\/04\/e0aad41d-951e-47b9-9fae-1a879a9bcb7e-1.jpg\" data-dt-img-description=\"\" data-large_image_width=\"1200\" data-large_image_height=\"1200\"><img loading=\"lazy\" decoding=\"async\" class=\"wp-image-333205 alignleft\" src=\"https:\/\/www.radiopiu.net\/wordpress\/wp-content\/uploads\/2023\/04\/e0aad41d-951e-47b9-9fae-1a879a9bcb7e-1-300x300.jpg\" alt=\"\" width=\"110\" height=\"110\" srcset=\"https:\/\/www.radiopiu.net\/wordpress\/wp-content\/uploads\/2023\/04\/e0aad41d-951e-47b9-9fae-1a879a9bcb7e-1-300x300.jpg 300w, https:\/\/www.radiopiu.net\/wordpress\/wp-content\/uploads\/2023\/04\/e0aad41d-951e-47b9-9fae-1a879a9bcb7e-1-1024x1024.jpg 1024w, https:\/\/www.radiopiu.net\/wordpress\/wp-content\/uploads\/2023\/04\/e0aad41d-951e-47b9-9fae-1a879a9bcb7e-1-150x150.jpg 150w, https:\/\/www.radiopiu.net\/wordpress\/wp-content\/uploads\/2023\/04\/e0aad41d-951e-47b9-9fae-1a879a9bcb7e-1-768x768.jpg 768w, https:\/\/www.radiopiu.net\/wordpress\/wp-content\/uploads\/2023\/04\/e0aad41d-951e-47b9-9fae-1a879a9bcb7e-1.jpg 1200w\" sizes=\"auto, (max-width: 110px) 100vw, 110px\" \/><\/a><\/span><\/span><\/h2>\n<h1 class=\"entry-title\">40esimo di RADIOPIU\u2026. LA VOCE DELL\u2019EMOZIONE<\/h1>\n<h2><span style=\"color: #ff0000;\">ISCRIVITI AL NOSTRO CANALE\u00a0\u00a0YOUTUBE PER SEGUIRE IN DIRETTA I PRINCIPALI PROGRAMMI DI RADIO PIU\u2019 E LE FUTURE DIRETTE IN ESTERNA. PER ISCRIVERTI\u00a0<a style=\"color: #ff0000;\" href=\"https:\/\/youtube.com\/@radiopiu1527\">CLICCA QUI\u00a0<\/a>E PREMI\u00a0 \u201cIscriviti\u201d<\/span><\/h2>\n<p><span style=\"color: #0000ff;\"><strong>\u00a0<\/strong><\/span><\/p>\n<blockquote>\n<blockquote>\n<h3><img loading=\"lazy\" decoding=\"async\" class=\"alignleft\" src=\"https:\/\/www.radiopiu.net\/wordpress\/wp-content\/uploads\/2023\/07\/SOTTOGUDA-MARMOLADA-PADON-6.jpg\" width=\"240\" height=\"135\" \/><span style=\"color: #0000ff;\">L&#8217;ESTATE CON L&#8217;ASSOCIAZIONE BORGO DI SOTTOGUDA<\/span><\/h3>\n<\/blockquote>\n<p><em><strong>APPUNTAMENTI D&#8217;ESTATE CON L&#8217;ASSOCIAZIONE BORGO SOTTOGUDA. GODITI LA NOTTE DI SAN LORENZO OGGI DALLE 21.30 I DESIDERI S&#8217;ILLUMINANO TRA LE LANTERNE.<\/strong><\/em><\/p><\/blockquote>\n<p>&nbsp;<\/p>\n<p>&nbsp;<\/p>\n<hr \/>\n<p>&nbsp;<\/p>\n<blockquote>\n<h3>ACQUA INQUINATA A LA VALLE E CENCENIGHE<\/h3>\n<\/blockquote>\n<p><strong>LA VALLE<\/strong> Gestione Servizi Pubblici informa che a LA VALLE AGORDINA nelle localit\u00e0 MUDA EST E AGRE l&#8217;acqua erogata dall&#8217;acquedotto non \u00e8 potabile e pu\u00f2 essere usata per scopi alimentari SOLO PREVIA bollitura. GSP ha, comunque, gi\u00e0 adottato le necessarie misure per la disinfezione dell&#8217;acqua presente nei serbatoi e nella rete idrica con l&#8217;aggiunta di cloro.<\/p>\n<p><strong>CENCENIGHE<\/strong> Anche a PRA&#8217; DI MEZZO a CENCENIGHE l&#8217;acqua erogata dall&#8217;acquedotto non \u00e8 potabile e pu\u00f2 essere usata per scopi alimentari SOLO PREVIA bollitura.<\/p>\n<p><strong>LIVINALLONGO <\/strong>Acqua inquinata anche nelle localit\u00e0 BRENTA e VARDA.<\/p>\n<p>&nbsp;<\/p>\n<p>&nbsp;<\/p>\n<hr \/>\n<p>&nbsp;<\/p>\n<blockquote>\n<h3 class=\"entry-title\">RECUPERATO ALPINISTA SULLA TORRE VENEZIA<\/h3>\n<\/blockquote>\n<p><a class=\"dt-pswp-item pspw-wrap-ready\" href=\"https:\/\/www.radiopiu.net\/wordpress\/wp-content\/uploads\/2023\/08\/Watermark_20230809_144101_145.jpg\" data-dt-img-description=\"\" data-large_image_width=\"1773\" data-large_image_height=\"2364\"><img loading=\"lazy\" decoding=\"async\" class=\"wp-image-347996 alignleft\" src=\"https:\/\/www.radiopiu.net\/wordpress\/wp-content\/uploads\/2023\/08\/Watermark_20230809_144101_145-225x300.jpg\" sizes=\"auto, (max-width: 115px) 100vw, 115px\" srcset=\"https:\/\/www.radiopiu.net\/wordpress\/wp-content\/uploads\/2023\/08\/Watermark_20230809_144101_145-225x300.jpg 225w, https:\/\/www.radiopiu.net\/wordpress\/wp-content\/uploads\/2023\/08\/Watermark_20230809_144101_145-768x1024.jpg 768w, https:\/\/www.radiopiu.net\/wordpress\/wp-content\/uploads\/2023\/08\/Watermark_20230809_144101_145-1152x1536.jpg 1152w, https:\/\/www.radiopiu.net\/wordpress\/wp-content\/uploads\/2023\/08\/Watermark_20230809_144101_145-1536x2048.jpg 1536w, https:\/\/www.radiopiu.net\/wordpress\/wp-content\/uploads\/2023\/08\/Watermark_20230809_144101_145.jpg 1773w\" alt=\"\" width=\"115\" height=\"153\" \/><\/a><strong>TAIBON <\/strong>Ieri mattina verso le 10.30 \u00e8 scattato l\u2019allarme per un alpinista volato, primo di cordata, a circa met\u00e0 della via normale che sale alla Torre Venezia. Il 45enne di Galliera Veneta (PD), che era con un amico e aveva riportato la sospetta lussazione di una spalla, si trovava per\u00f2 in un punto di difficile avvicinamento a quota 2.200 metri. L\u2019elicottero del Suem di Pieve di Cadore ha tentato il recupero calando il tecnico di elisoccorso con un verricello di 90 metri, che non sono stati sufficienti a raggiungere l\u2019infortunato, data la vicinanza di una cengia. \u00c8 quindi intervenuto l\u2019Aiut Alpin Dolomites di Bolzano, che \u00e8 riuscito a far arrivare il soccorritore dall\u2019uomo con un gancio baricentrico di 120 metri. L\u2019alpinista \u00e8 poi stato trasferito su Falco, che lo ha portato all\u2019ospedale di Agordo. Recuperato anche il compagno.<\/p>\n<p>&nbsp;<\/p>\n<p>&nbsp;<\/p>\n<hr \/>\n<p>&nbsp;<\/p>\n<blockquote>\n<h3>CAMPAGNA VACANZE SICURE DELLA GUARDIA DI FINANZA. SEQUESTRATI 12 GRAMMI DI HASHISH E SCOPERTI LAVORATORI IN NERO<\/h3>\n<\/blockquote>\n<p><strong><a class=\"dt-pswp-item\" href=\"https:\/\/www.radiopiu.net\/wordpress\/wp-content\/uploads\/2021\/04\/IMG_0211-scaled.jpg\" data-dt-img-description=\"\" data-large_image_width=\"2560\" data-large_image_height=\"1707\"><img loading=\"lazy\" decoding=\"async\" class=\" wp-image-203244 alignleft\" src=\"https:\/\/www.radiopiu.net\/wordpress\/wp-content\/uploads\/2021\/04\/IMG_0211-300x200.jpg\" alt=\"\" width=\"179\" height=\"119\" srcset=\"https:\/\/www.radiopiu.net\/wordpress\/wp-content\/uploads\/2021\/04\/IMG_0211-300x200.jpg 300w, https:\/\/www.radiopiu.net\/wordpress\/wp-content\/uploads\/2021\/04\/IMG_0211-1024x683.jpg 1024w, https:\/\/www.radiopiu.net\/wordpress\/wp-content\/uploads\/2021\/04\/IMG_0211-768x512.jpg 768w, https:\/\/www.radiopiu.net\/wordpress\/wp-content\/uploads\/2021\/04\/IMG_0211-1536x1024.jpg 1536w, https:\/\/www.radiopiu.net\/wordpress\/wp-content\/uploads\/2021\/04\/IMG_0211-2048x1365.jpg 2048w\" sizes=\"auto, (max-width: 179px) 100vw, 179px\" \/><\/a>BELLUNO <\/strong>I militari del Comando Provinciale della Guardia di Finanza di Belluno hanno avviato la campagna &#8220;Vacanze sicure&#8221; per contrastare attivit\u00e0 illecite durante la stagione estiva. In collaborazione con unit\u00e0 cinofile antidroga, sono stati sequestrati 12 grammi di hashish e segnalati 2 soggetti per uso personale di stupefacenti. Grazie all&#8217;impiego dei cani antidroga, sono state individuate sostanze stupefacenti presso la Stazione Ferroviaria di Belluno e in altre aree. Inoltre, \u00e8 stata focalizzata l&#8217;attenzione sul contrasto al lavoro sommerso e irregolare. Sono stati scoperti 9 lavoratori non dichiarati e 6 datori di lavoro sono stati sanzionati per il loro illecito impiego. Sono state condotte verifiche sulla commercializzazione di prodotti a rischio, con il 33% dei casi risultando irregolare. Sono stati sequestrati 36 paia di occhiali non sicuri, privi dell&#8217;etichettatura CE. L&#8217;azione conferma l&#8217;impegno della Guardia di Finanza nel contrasto dei fenomeni illeciti, attraverso controlli ordinari e l&#8217;uso di unit\u00e0 cinofile antidroga, al fine di tutelare la sicurezza della collettivit\u00e0 e il mercato, preservando cittadini e imprese oneste.<\/p>\n<p>&nbsp;<\/p>\n<p><span style=\"color: #0000ff;\">DAL TG BELLUNESE DI ANTENNA 3, IN ONDA OGNI SERA ALLE 19.30 SUL CANALE 10 DEL DIGITALE TERRESTRE, SU RADIO PIU&#8217; ALLE 19.10 LE ANTICIPAZIONI.<\/span><\/p>\n<p><strong>Intervista a DARIO GUARINO,\u00a0 COMANDANTE PROVINCIALE GUARDIA DI FINANZA\u00a0<\/strong><\/p>\n<p>di <a href=\"https:\/\/antennatre.medianordest.it\/redazione\/Tiziana-Bolognani\/\">Tiziana Bolognani<\/a>)<\/p>\n<p><iframe loading=\"lazy\" title=\"&#039;VACANZE SICURE&#039; CONTROLLI DELLE FIAMME GIALLE NELLE LOCALITA&#039; TURISTICHE | 09\/08\/2023\" width=\"1200\" height=\"675\" src=\"https:\/\/www.youtube.com\/embed\/iL-TcGzJ8f8?start=1&#038;feature=oembed\" frameborder=\"0\" allow=\"accelerometer; autoplay; clipboard-write; encrypted-media; gyroscope; picture-in-picture; web-share\" allowfullscreen><\/iframe><\/p>\n<p>&nbsp;<\/p>\n<p>&nbsp;<\/p>\n<hr \/>\n<p>&nbsp;<\/p>\n<blockquote>\n<h3>L&#8217;ABM RICORDA LA TRAGEDIA DI MARCINELLE<\/h3>\n<\/blockquote>\n<p><strong><a class=\"dt-pswp-item\" href=\"https:\/\/www.radiopiu.net\/wordpress\/wp-content\/uploads\/2023\/08\/WhatsApp-Image-2023-08-08-at-20.40.001.jpeg\" data-dt-img-description=\"\" data-large_image_width=\"1600\" data-large_image_height=\"900\"><img loading=\"lazy\" decoding=\"async\" class=\" wp-image-348017 alignleft\" src=\"https:\/\/www.radiopiu.net\/wordpress\/wp-content\/uploads\/2023\/08\/WhatsApp-Image-2023-08-08-at-20.40.001-300x169.jpeg\" alt=\"\" width=\"208\" height=\"117\" srcset=\"https:\/\/www.radiopiu.net\/wordpress\/wp-content\/uploads\/2023\/08\/WhatsApp-Image-2023-08-08-at-20.40.001-300x169.jpeg 300w, https:\/\/www.radiopiu.net\/wordpress\/wp-content\/uploads\/2023\/08\/WhatsApp-Image-2023-08-08-at-20.40.001-1024x576.jpeg 1024w, https:\/\/www.radiopiu.net\/wordpress\/wp-content\/uploads\/2023\/08\/WhatsApp-Image-2023-08-08-at-20.40.001-768x432.jpeg 768w, https:\/\/www.radiopiu.net\/wordpress\/wp-content\/uploads\/2023\/08\/WhatsApp-Image-2023-08-08-at-20.40.001-1536x864.jpeg 1536w, https:\/\/www.radiopiu.net\/wordpress\/wp-content\/uploads\/2023\/08\/WhatsApp-Image-2023-08-08-at-20.40.001.jpeg 1600w\" sizes=\"auto, (max-width: 208px) 100vw, 208px\" \/><\/a>BELLUNO<\/strong> Commemorazione della tragedia di Marcinelle e della Giornata del sacrificio del lavoro degli italiani all&#8217;estero, organizzata dall&#8217;Associazione Bellunesi nel Mondo davanti alla propria sede. Autorit\u00e0 locali e cittadini si sono riunite per ricordare le vittime, tra cui il bellunese Dino Dalla Vecchia. L&#8217;evento sottolinea l&#8217;importanza della memoria e della sicurezza sul lavoro, con discorsi di esponenti politici e autorit\u00e0. Il presidente dell&#8217;Associazione Oscar De Bona ha letto il messaggio del Ministro degli Esteri, rafforzando il concetto di sacrificio. La cerimonia si \u00e8 conclusa con una benedizione e una riflessione sulle persone emigrate e gli immigrati.<\/p>\n<p>&nbsp;<\/p>\n<p>&nbsp;<\/p>\n<hr \/>\n<p>&nbsp;<\/p>\n<blockquote>\n<h3>GRANDI LAVORI NELLE SCUOLE, ARRIVANO I MODULI PREFABBRICATI PER LO SPOSTAMENTO DELLE CLASSI<\/h3>\n<\/blockquote>\n<p><strong>BELLUNO<\/strong> Sono arrivati nei giorni scorsi i primi moduli prefabbricati che serviranno a gestire lo spostamento delle classi nelle scuole impegnate dai grandi lavori Pnrr dei prossimi mesi. Altri arriveranno a breve e saranno installati negli spazi esterni dell\u2019istituto Brustolon, pronti per l\u2019avvio del nuovo anno scolastico. I lavori di predisposizione degli spazi e il cantiere di montaggio sono gi\u00e0 stati avviati. \u00abI moduli consentiranno di avere 15 aule e saranno a disposizione delle scuole che finiranno sotto i ferri nei prossimi mesi, all\u2019interno della vasta operazione del Pnrr sugli istituti superiori di propriet\u00e0 della Provincia\u00bb spiega Lucia Da Rold, consigliera provinciale delegata all\u2019edilizia scolastica. \u00abSi tratta di prefabbricati nuovi di zecca, appena usciti dalla fabbrica, comprensivi anche di un blocco servizi\u00bb. L\u2019investimento complessivo disposto dalla Provincia per l\u2019acquisto dei moduli \u00e8 di circa 1,4 milioni di euro. Nelle prossime settimane saranno realizzati gli allacci ai sottoservizi, poi potr\u00e0 avvenire l\u2019installazione vera e propria.<\/p>\n\n\t\t\t<style type='text\/css'>\n\t\t\t\t#gallery-1 {\n\t\t\t\t\tmargin: auto;\n\t\t\t\t}\n\t\t\t\t#gallery-1 .gallery-item {\n\t\t\t\t\tfloat: left;\n\t\t\t\t\tmargin-top: 10px;\n\t\t\t\t\ttext-align: center;\n\t\t\t\t\twidth: 50%;\n\t\t\t\t}\n\t\t\t\t#gallery-1 img {\n\t\t\t\t\tborder: 2px solid #cfcfcf;\n\t\t\t\t}\n\t\t\t\t#gallery-1 .gallery-caption {\n\t\t\t\t\tmargin-left: 0;\n\t\t\t\t}\n\t\t\t\t\/* see gallery_shortcode() in wp-includes\/media.php *\/\n\t\t\t<\/style>\n\t\t<div id='gallery-1' class='dt-gallery-container gallery galleryid-347926 gallery-columns-2 gallery-size-medium'><dl class='gallery-item'>\n\t\t\t\t<dt class='gallery-icon landscape'>\n\t\t\t\t\t<a class=\"rollover rollover-zoom dt-pswp-item\" title=\"dav\" data-dt-img-description=\"\" data-large_image_width=\"2560\" data-large_image_height=\"1920\"href='https:\/\/www.radiopiu.net\/wordpress\/wp-content\/uploads\/2023\/08\/container-2-scaled.jpg'><img loading=\"lazy\" decoding=\"async\" width=\"300\" height=\"225\" src=\"https:\/\/www.radiopiu.net\/wordpress\/wp-content\/uploads\/2023\/08\/container-2-300x225.jpg\" class=\"attachment-medium size-medium\" alt=\"\" srcset=\"https:\/\/www.radiopiu.net\/wordpress\/wp-content\/uploads\/2023\/08\/container-2-300x225.jpg 300w, https:\/\/www.radiopiu.net\/wordpress\/wp-content\/uploads\/2023\/08\/container-2-1024x768.jpg 1024w, https:\/\/www.radiopiu.net\/wordpress\/wp-content\/uploads\/2023\/08\/container-2-768x576.jpg 768w, https:\/\/www.radiopiu.net\/wordpress\/wp-content\/uploads\/2023\/08\/container-2-1536x1152.jpg 1536w, https:\/\/www.radiopiu.net\/wordpress\/wp-content\/uploads\/2023\/08\/container-2-2048x1536.jpg 2048w\" sizes=\"auto, (max-width: 300px) 100vw, 300px\" \/><\/a>\n\t\t\t\t<\/dt><\/dl><dl class='gallery-item'>\n\t\t\t\t<dt class='gallery-icon landscape'>\n\t\t\t\t\t<a class=\"rollover rollover-zoom dt-pswp-item\" title=\"dav\" data-dt-img-description=\"\" data-large_image_width=\"2560\" data-large_image_height=\"1920\"href='https:\/\/www.radiopiu.net\/wordpress\/wp-content\/uploads\/2023\/08\/Container-1-scaled.jpg'><img loading=\"lazy\" decoding=\"async\" width=\"300\" height=\"225\" src=\"https:\/\/www.radiopiu.net\/wordpress\/wp-content\/uploads\/2023\/08\/Container-1-300x225.jpg\" class=\"attachment-medium size-medium\" alt=\"\" srcset=\"https:\/\/www.radiopiu.net\/wordpress\/wp-content\/uploads\/2023\/08\/Container-1-300x225.jpg 300w, https:\/\/www.radiopiu.net\/wordpress\/wp-content\/uploads\/2023\/08\/Container-1-1024x768.jpg 1024w, https:\/\/www.radiopiu.net\/wordpress\/wp-content\/uploads\/2023\/08\/Container-1-768x576.jpg 768w, https:\/\/www.radiopiu.net\/wordpress\/wp-content\/uploads\/2023\/08\/Container-1-1536x1152.jpg 1536w, https:\/\/www.radiopiu.net\/wordpress\/wp-content\/uploads\/2023\/08\/Container-1-2048x1536.jpg 2048w\" sizes=\"auto, (max-width: 300px) 100vw, 300px\" \/><\/a>\n\t\t\t\t<\/dt><\/dl><br style=\"clear: both\" \/>\n\t\t\t<\/div>\n\n<p>&nbsp;<\/p>\n<p>&nbsp;<\/p>\n<hr \/>\n<p>&nbsp;<\/p>\n<blockquote>\n<h3>IL COMMISSARIO DAL BEN INCONTRA IL COORDINAMENTO AGORDINO E ZOLDANO VOLONTARI AMBULANZE<\/h3>\n<\/blockquote>\n<p><strong>BELLUNO<\/strong> Dopo la visita alla Croce Bianca Livinallongo Arabba, marted\u00ec il Commissario Dal Ben, accolto dal Sindaco di Alleghe Danilo De Toni, ha incontrato il presidente del Coordinamento Agordino e Zoldano Volontari Ambulanze, Felice Gaiardo, con alcuni rappresentanti delle Associazioni. Il Coordinamento comprende 7 associazioni attive sul territorio &#8211; Croce Verde di Alleghe, Croce Verde di Zoldo Alto, Croce Verde Val Bios, Croce Bianca di Colle Santa Lucia, Croce Bianca Val Fiorentina di Selva di Cadore, Associazione Volontari Ambulanza di Rocca Pietore, Donatori Sangue Forno di Zoldo \u2013 con circa 250 volontari, 5 dipendenti e 15 ambulanze. L\u2019incontro \u00e8 stato occasione per un confronto costruttivo sul ruolo del volontariato, importante per garantire un efficace ed efficiente servizio di trasporto in ambulanza sul territorio.<\/p>\n\n\t\t\t<style type='text\/css'>\n\t\t\t\t#gallery-2 {\n\t\t\t\t\tmargin: auto;\n\t\t\t\t}\n\t\t\t\t#gallery-2 .gallery-item {\n\t\t\t\t\tfloat: left;\n\t\t\t\t\tmargin-top: 10px;\n\t\t\t\t\ttext-align: center;\n\t\t\t\t\twidth: 50%;\n\t\t\t\t}\n\t\t\t\t#gallery-2 img {\n\t\t\t\t\tborder: 2px solid #cfcfcf;\n\t\t\t\t}\n\t\t\t\t#gallery-2 .gallery-caption {\n\t\t\t\t\tmargin-left: 0;\n\t\t\t\t}\n\t\t\t\t\/* see gallery_shortcode() in wp-includes\/media.php *\/\n\t\t\t<\/style>\n\t\t<div id='gallery-2' class='dt-gallery-container gallery galleryid-347926 gallery-columns-2 gallery-size-medium'><dl class='gallery-item'>\n\t\t\t\t<dt class='gallery-icon landscape'>\n\t\t\t\t\t<a class=\"rollover rollover-zoom dt-pswp-item\" title=\"WhatsApp Image 2023-08-09 at 07.35.07\" data-dt-img-description=\"\" data-large_image_width=\"1024\" data-large_image_height=\"768\"href='https:\/\/www.radiopiu.net\/wordpress\/wp-content\/uploads\/2023\/08\/WhatsApp-Image-2023-08-09-at-07.35.07.jpeg'><img loading=\"lazy\" decoding=\"async\" width=\"300\" height=\"225\" src=\"https:\/\/www.radiopiu.net\/wordpress\/wp-content\/uploads\/2023\/08\/WhatsApp-Image-2023-08-09-at-07.35.07-300x225.jpeg\" class=\"attachment-medium size-medium\" alt=\"\" srcset=\"https:\/\/www.radiopiu.net\/wordpress\/wp-content\/uploads\/2023\/08\/WhatsApp-Image-2023-08-09-at-07.35.07-300x225.jpeg 300w, https:\/\/www.radiopiu.net\/wordpress\/wp-content\/uploads\/2023\/08\/WhatsApp-Image-2023-08-09-at-07.35.07-768x576.jpeg 768w, https:\/\/www.radiopiu.net\/wordpress\/wp-content\/uploads\/2023\/08\/WhatsApp-Image-2023-08-09-at-07.35.07.jpeg 1024w\" sizes=\"auto, (max-width: 300px) 100vw, 300px\" \/><\/a>\n\t\t\t\t<\/dt><\/dl><dl class='gallery-item'>\n\t\t\t\t<dt class='gallery-icon landscape'>\n\t\t\t\t\t<a class=\"rollover rollover-zoom dt-pswp-item\" title=\"WhatsApp Image 2023-08-08 at 21.59.28\" data-dt-img-description=\"\" data-large_image_width=\"1024\" data-large_image_height=\"768\"href='https:\/\/www.radiopiu.net\/wordpress\/wp-content\/uploads\/2023\/08\/WhatsApp-Image-2023-08-08-at-21.59.28.jpeg'><img loading=\"lazy\" decoding=\"async\" width=\"300\" height=\"225\" src=\"https:\/\/www.radiopiu.net\/wordpress\/wp-content\/uploads\/2023\/08\/WhatsApp-Image-2023-08-08-at-21.59.28-300x225.jpeg\" class=\"attachment-medium size-medium\" alt=\"\" srcset=\"https:\/\/www.radiopiu.net\/wordpress\/wp-content\/uploads\/2023\/08\/WhatsApp-Image-2023-08-08-at-21.59.28-300x225.jpeg 300w, https:\/\/www.radiopiu.net\/wordpress\/wp-content\/uploads\/2023\/08\/WhatsApp-Image-2023-08-08-at-21.59.28-768x576.jpeg 768w, https:\/\/www.radiopiu.net\/wordpress\/wp-content\/uploads\/2023\/08\/WhatsApp-Image-2023-08-08-at-21.59.28.jpeg 1024w\" sizes=\"auto, (max-width: 300px) 100vw, 300px\" \/><\/a>\n\t\t\t\t<\/dt><\/dl><br style=\"clear: both\" \/>\n\t\t\t<\/div>\n\n<p>&nbsp;<\/p>\n<hr \/>\n<p>&nbsp;<\/p>\n<blockquote>\n<h3>BOLLETTINO SOCIO ECONOMICO REGIONALE MAGGIO-LUGLIO 2023<\/h3>\n<\/blockquote>\n<p><strong><a class=\"dt-pswp-item\" href=\"https:\/\/www.radiopiu.net\/wordpress\/wp-content\/uploads\/2021\/10\/consulenza-formazione-sicurezza-sul-lavoro-4.jpg\" data-dt-img-description=\"\" data-large_image_width=\"600\" data-large_image_height=\"450\"><img loading=\"lazy\" decoding=\"async\" class=\" wp-image-237753 alignleft\" src=\"https:\/\/www.radiopiu.net\/wordpress\/wp-content\/uploads\/2021\/10\/consulenza-formazione-sicurezza-sul-lavoro-4-300x225.jpg\" alt=\"\" width=\"151\" height=\"113\" srcset=\"https:\/\/www.radiopiu.net\/wordpress\/wp-content\/uploads\/2021\/10\/consulenza-formazione-sicurezza-sul-lavoro-4-300x225.jpg 300w, https:\/\/www.radiopiu.net\/wordpress\/wp-content\/uploads\/2021\/10\/consulenza-formazione-sicurezza-sul-lavoro-4.jpg 600w\" sizes=\"auto, (max-width: 151px) 100vw, 151px\" \/><\/a>VENEZIA<\/strong> \u201cSono state riviste al rialzo le stime del PIL veneto del 2022 che indicano una crescita del +4,3% rispetto al 2021, pi\u00f9 elevata rispetto all\u2019aumento medio nazionale del +3,7%. Anche per il 2023 l\u2019incremento \u00e8 stato rivisto al rialzo: +1,2% in Veneto (+ 1,1% in Italia). Sono numeri in parte confortanti, nonostante i segnali non del tutto rasserenanti che arrivano dal mondo economico. L\u2019aumento di inflazione e tassi di interesse incidono sui livelli di crescita a livello globale, andando ad indebolire il ciclo manifatturiero. Ma ci sono elementi, quali i dati dell\u2019export e quelli sull\u2019occupazione, che ci fanno ben sperare per un rilancio dell\u2019economia a partire dall\u2019autunno. Molto ancora puntiamo sul turismo\u201d. Cos\u00ec il Presidente della Regione Luca Zaia commenta i dati pubblicati sul Bollettino socio-economico del Veneto di luglio 2023, redatto a cura dell\u2019Ufficio di Statistica della Regione del Veneto. I dati di aggiornamento riportano una situazione favorevole dell\u2019andamento economico regionale nei primi mesi dell\u2019anno. \u201cI dati positivi derivano soprattutto dal turismo che da gennaio a maggio ha registrato cifre record, oltre quelle del 2019 \u2013 indica il Presidente -. Nel periodo il numero di pernottamenti di turisti \u00e8 nettamente superiore a quello dello stesso del 2022 (+ 27,8%) e del 2019 (+3,3%). La stagione estiva \u00e8 in pieno svolgimento, il maltempo ha complicato alcune giornate, ma a settembre potremo tirare le somme\u201d.<\/p>\n<p>&nbsp;<\/p>\n<p>&nbsp;<\/p>\n<hr \/>\n<p>&nbsp;<\/p>\n<blockquote>\n<h3>UN NUOVO LABORATORIO GRATUITO NELL&#8217;AMBITO DEL PROGETTO \u201cFACCIAMO CENTRO!\u201d<\/h3>\n<\/blockquote>\n<p><strong><a class=\"dt-pswp-item\" href=\"https:\/\/www.radiopiu.net\/wordpress\/wp-content\/uploads\/2022\/04\/FELTRE.jpg\" data-dt-img-description=\"\" data-large_image_width=\"1920\" data-large_image_height=\"1080\"><img loading=\"lazy\" decoding=\"async\" class=\" wp-image-269866 alignleft\" src=\"https:\/\/www.radiopiu.net\/wordpress\/wp-content\/uploads\/2022\/04\/FELTRE-300x169.jpg\" alt=\"\" width=\"165\" height=\"93\" srcset=\"https:\/\/www.radiopiu.net\/wordpress\/wp-content\/uploads\/2022\/04\/FELTRE-300x169.jpg 300w, https:\/\/www.radiopiu.net\/wordpress\/wp-content\/uploads\/2022\/04\/FELTRE-1024x576.jpg 1024w, https:\/\/www.radiopiu.net\/wordpress\/wp-content\/uploads\/2022\/04\/FELTRE-768x432.jpg 768w, https:\/\/www.radiopiu.net\/wordpress\/wp-content\/uploads\/2022\/04\/FELTRE-1536x864.jpg 1536w, https:\/\/www.radiopiu.net\/wordpress\/wp-content\/uploads\/2022\/04\/FELTRE.jpg 1920w\" sizes=\"auto, (max-width: 165px) 100vw, 165px\" \/><\/a>FELTRE <\/strong>E&#8217; ai nastri di partenza un&#8217;altra attivit\u00e0 del progetto &#8220;Facciamo centro!&#8221;, che rientra nei Piani di Intervento in materia di Politiche giovanili \u201cGiovani in Loco \u2013 GiL\u201d, finanziato dalla Regione del Veneto e co-finanziato dal Comune di Feltre. Le attivit\u00e0 progettuali gi\u00e0 proposte (un laboratorio di comunicazione efficace per parlare in pubblico, dei laboratori di educazione digitale in due istituti scolastici, due laboratori estivi di comunicazione digitale) hanno riscosso sinora grande interesse e partecipazione.Nell&#8217;ambito dello stesso progetto, il Comune di Feltre propone ora un nuovo laboratorio dal titolo: \u201cTra monti, mari e web. Impara come raccontare viaggi ed esperienze outdoor con foto, social e blog\u201d. Si tratta di un laboratorio gratuito per ragazzi e ragazze dai 14 ai 24 anni, che si terr\u00e0 il 23, 25 e 30 agosto dalle 15 alle 18 e il 9 settembre dalle 9 alle 12 presso il Polo Bibliotecario Feltrino. Possono partecipare al laboratorio, gratuitamente, ragazze e ragazzi dai 14 ai 24 anni, previa iscrizione al n. 340 4795019, oppure alla mail info@dolomitidasogno.it<\/p>\n<p>&nbsp;<\/p>\n<p>&nbsp;<\/p>\n<hr \/>\n<p>&nbsp;<\/p>\n<blockquote>\n<h3>AL VIA IL RILIEVO DELLE RETI IDRICHE A PIEVE DI CADORE<\/h3>\n<\/blockquote>\n<p><strong>BELLUNO <\/strong>Sono partiti in questi giorni i lavori di rilievo dell\u2019acquedotto a servizio del Comune di Pieve di Cadore. Bim Gsp, coadiuvata dalle imprese Idrostudi di Trieste ed ETS di Nogaredo (TN), provveder\u00e0 a mappare circa 60 km di condotte e i principali serbatoi di accumulo a servizio del territorio, con l\u2019obiettivo di creare, nel corso dei prossimi mesi, un modello digitale in grado di replicare l\u2019esatto funzionamento idraulico della rete. L\u2019intervento rientra nel maxi-progetto di Bim Gsp da 25,6 milioni di euro, finanziato con fondi PNRR, che prevede il rilievo, la modellazione idraulica e la distrettualizzazione di circa 1600 km di rete idrica, con lo sfidante obiettivo di ridurre del 35%, entro fine 2025, le perdite idriche dagli acquedotti bellunesi. 36, in totale, i sistemi idrici interessati dal progetto, distribuiti in 16 Comuni, per un totale di oltre 100mila abitanti serviti. Ne fanno parte, oltre a Pieve di Cadore e Cortina d\u2019Ampezzo, anche Agordo, Alpago, Belluno, Borgo Valbelluna, Cesiomaggiore, Feltre, Limana, Pedavena, Ponte nelle Alpi, San Gregorio nelle Alpi, Santa Giustina, Sedico, Seren del Grappa e Sospirolo.<\/p>\n\n\t\t\t<style type='text\/css'>\n\t\t\t\t#gallery-3 {\n\t\t\t\t\tmargin: auto;\n\t\t\t\t}\n\t\t\t\t#gallery-3 .gallery-item {\n\t\t\t\t\tfloat: left;\n\t\t\t\t\tmargin-top: 10px;\n\t\t\t\t\ttext-align: center;\n\t\t\t\t\twidth: 25%;\n\t\t\t\t}\n\t\t\t\t#gallery-3 img {\n\t\t\t\t\tborder: 2px solid #cfcfcf;\n\t\t\t\t}\n\t\t\t\t#gallery-3 .gallery-caption {\n\t\t\t\t\tmargin-left: 0;\n\t\t\t\t}\n\t\t\t\t\/* see gallery_shortcode() in wp-includes\/media.php *\/\n\t\t\t<\/style>\n\t\t<div id='gallery-3' class='dt-gallery-container gallery galleryid-347926 gallery-columns-4 gallery-size-thumbnail'><dl class='gallery-item'>\n\t\t\t\t<dt class='gallery-icon portrait'>\n\t\t\t\t\t<a class=\"rollover rollover-zoom dt-pswp-item\" title=\"1_rilievo con antenna GPS\" data-dt-img-description=\"\" data-large_image_width=\"984\" data-large_image_height=\"1270\"href='https:\/\/www.radiopiu.net\/wordpress\/wp-content\/uploads\/2023\/08\/1_rilievo-con-antenna-GPS.jpg'><img loading=\"lazy\" decoding=\"async\" width=\"150\" height=\"150\" src=\"https:\/\/www.radiopiu.net\/wordpress\/wp-content\/uploads\/2023\/08\/1_rilievo-con-antenna-GPS-150x150.jpg\" class=\"attachment-thumbnail size-thumbnail\" alt=\"\" \/><\/a>\n\t\t\t\t<\/dt><\/dl><dl class='gallery-item'>\n\t\t\t\t<dt class='gallery-icon portrait'>\n\t\t\t\t\t<a class=\"rollover rollover-zoom dt-pswp-item\" title=\"2_strumento digitale di ricerca condotte\" data-dt-img-description=\"\" data-large_image_width=\"1181\" data-large_image_height=\"1575\"href='https:\/\/www.radiopiu.net\/wordpress\/wp-content\/uploads\/2023\/08\/2_strumento-digitale-di-ricerca-condotte.jpg'><img loading=\"lazy\" decoding=\"async\" width=\"150\" height=\"150\" src=\"https:\/\/www.radiopiu.net\/wordpress\/wp-content\/uploads\/2023\/08\/2_strumento-digitale-di-ricerca-condotte-150x150.jpg\" class=\"attachment-thumbnail size-thumbnail\" alt=\"\" \/><\/a>\n\t\t\t\t<\/dt><\/dl><dl class='gallery-item'>\n\t\t\t\t<dt class='gallery-icon portrait'>\n\t\t\t\t\t<a class=\"rollover rollover-zoom dt-pswp-item\" title=\"3_laser scanner per rilievo tridimensionale di serbatoi e manufatti\" data-dt-img-description=\"\" data-large_image_width=\"1181\" data-large_image_height=\"1575\"href='https:\/\/www.radiopiu.net\/wordpress\/wp-content\/uploads\/2023\/08\/3_laser-scanner-per-rilievo-tridimensionale-di-serbatoi-e-manufatti.jpg'><img loading=\"lazy\" decoding=\"async\" width=\"150\" height=\"150\" src=\"https:\/\/www.radiopiu.net\/wordpress\/wp-content\/uploads\/2023\/08\/3_laser-scanner-per-rilievo-tridimensionale-di-serbatoi-e-manufatti-150x150.jpg\" class=\"attachment-thumbnail size-thumbnail\" alt=\"\" \/><\/a>\n\t\t\t\t<\/dt><\/dl><dl class='gallery-item'>\n\t\t\t\t<dt class='gallery-icon landscape'>\n\t\t\t\t\t<a class=\"rollover rollover-zoom dt-pswp-item\" title=\"4_rilievo con antenna GPS alla camera di manovra dell&#039;acquedotto\" data-dt-img-description=\"\" data-large_image_width=\"1181\" data-large_image_height=\"886\"href='https:\/\/www.radiopiu.net\/wordpress\/wp-content\/uploads\/2023\/08\/4_rilievo-con-antenna-GPS-alla-camera-di-manovra-dellacquedotto.jpg'><img loading=\"lazy\" decoding=\"async\" width=\"150\" height=\"150\" src=\"https:\/\/www.radiopiu.net\/wordpress\/wp-content\/uploads\/2023\/08\/4_rilievo-con-antenna-GPS-alla-camera-di-manovra-dellacquedotto-150x150.jpg\" class=\"attachment-thumbnail size-thumbnail\" alt=\"\" \/><\/a>\n\t\t\t\t<\/dt><\/dl><br style=\"clear: both\" \/>\n\t\t\t<\/div>\n\n<p>&nbsp;<\/p>\n<hr \/>\n<p>&nbsp;<\/p>\n<blockquote>\n<h3>AIUTI A FONDO PERDUTO ALLE MICRO IMPRESE<\/h3>\n<\/blockquote>\n<p><strong>di Gianni Santomaso<\/strong><br \/>\n<strong>FALCADE<\/strong> Aiuti alle piccole e micro imprese, c&#8217;\u00e8 il bando del Comune di Falcade per la concessione di un contributo a fondo perduto grazie agli stanziamenti post Covid. Il bando, sottolinea il Comune, punta \u00aba sostenere le piccole e micro imprese artigianali e commerciali, con sede operativa nel territorio del Comune di Falcade, al fine di consolidare e rafforzare lo sviluppo economico delle imprese del comparto commercio, turismo, artigiano e servizi che insistono sul territorio\u00bb. Le domande di partecipazione al bando, valido per l&#8217;annualit\u00e0 2022, scadono il 15 settembre a mezzogiorno. Sul sito del Comune \u00e8 disponibile la documentazione completa con il modulo per presentare domanda.<\/p>\n<p>&nbsp;<\/p>\n<p>&nbsp;<\/p>\n<hr \/>\n<p>&nbsp;<\/p>\n<blockquote>\n<h3>OGGI SUL CORRIERE DEL VENETO<\/h3>\n<\/blockquote>\n<div class=\"flex-1 overflow-hidden\">\n<div class=\"react-scroll-to-bottom--css-uvffx-79elbk h-full dark:bg-gray-800\">\n<div class=\"react-scroll-to-bottom--css-uvffx-1n7m0yu\">\n<div class=\"flex flex-col text-sm dark:bg-gray-800\">\n<div class=\"group w-full text-token-text-primary border-b border-black\/10 dark:border-gray-900\/50 bg-gray-50 dark:bg-[#444654]\">\n<div class=\"flex p-4 gap-4 text-base md:gap-6 md:max-w-2xl lg:max-w-[38rem] xl:max-w-3xl md:py-6 lg:px-0 m-auto\">\n<div class=\"relative flex w-[calc(100%-50px)] flex-col gap-1 md:gap-3 lg:w-[calc(100%-115px)]\">\n<div class=\"flex flex-grow flex-col gap-3\">\n<div class=\"min-h-[20px] flex flex-col items-start gap-3 overflow-x-auto whitespace-pre-wrap break-words\">\n<div class=\"markdown prose w-full break-words dark:prose-invert light\">\n<p><strong>REDAZIONE<\/strong> L&#8217;articolo di Ugo Cennamo,\u00a0 descrive la sfida di gestire oltre duemila chilometri di sentieri nelle condizioni meteorologiche attuali, sottolineando la complessit\u00e0 di garantire la sicurezza data la frequenza dei necessari interventi. Il presidente del Cai di Belluno, Paolo Barp, spiega che, nonostante i continui sforzi dei pi\u00f9 di 1700 volontari della sezione, alcune sezioni del percorso rimangono inagibili, soprattutto nelle zone meno popolate del parco. Attualmente, ci sono 92 sentieri non praticabili su un totale di 613, principalmente a causa delle incertezze delle previsioni meteorologiche e dei fenomeni atmosferici straordinari. Nonostante ci\u00f2, molti escursionisti affrontano ancora i sentieri, preoccupando il Soccorso alpino e speleologico Veneto che deve impegnarsi al massimo. Un evento particolarmente allarmante \u00e8 avvenuto sul monte Rite a Cibiana, dove una frana ha generato una nuvola di polvere e detriti, sollevando preoccupazioni per la sicurezza. Il Cai di Belluno monitora costantemente la situazione grazie al lavoro dei volontari che segnalano le criticit\u00e0 e aggiornano lo stato dei percorsi su siti web dedicati. In un periodo di forte affluenza turistica, \u00e8 cruciale verificare la disponibilit\u00e0 dei sentieri e tenere conto delle previsioni meteorologiche mutevoli.<\/p>\n<\/div>\n<\/div>\n<\/div>\n<div class=\"flex justify-between lg:block\"><\/div>\n<\/div>\n<\/div>\n<\/div>\n<\/div>\n<\/div>\n<\/div>\n<\/div>\n<div class=\"absolute bottom-0 left-0 w-full border-t md:border-t-0 dark:border-white\/20 md:border-transparent md:dark:border-transparent md:bg-vert-light-gradient bg-white dark:bg-gray-800 md:!bg-transparent dark:md:bg-vert-dark-gradient pt-2 md:pl-2 md:w-[calc(100%-.5rem)]\">\n<form class=\"stretch mx-2 flex flex-row gap-3 last:mb-2 md:mx-4 md:last:mb-6 lg:mx-auto lg:max-w-2xl xl:max-w-3xl\">\n<div class=\"relative flex h-full flex-1 items-stretch md:flex-col\" role=\"presentation\">\n<div>\n<div class=\"h-full flex ml-1 md:w-full md:m-auto md:mb-4 gap-0 md:gap-2 justify-center\">\n<div class=\"flex items-center md:items-end\">\n<div data-projection-id=\"38\">\n<div class=\"flex w-full gap-2 items-center justify-center\"><\/div>\n<\/div>\n<\/div>\n<\/div>\n<\/div>\n<\/div>\n<\/form>\n<\/div>\n<p><a class=\"dt-pswp-item\" href=\"https:\/\/www.radiopiu.net\/wordpress\/wp-content\/uploads\/2023\/08\/COPER4.png\" data-dt-img-description=\"\" data-large_image_width=\"767\" data-large_image_height=\"566\"><img loading=\"lazy\" decoding=\"async\" class=\"alignnone wp-image-348025 size-full\" src=\"https:\/\/www.radiopiu.net\/wordpress\/wp-content\/uploads\/2023\/08\/COPER4.png\" alt=\"\" width=\"767\" height=\"566\" srcset=\"https:\/\/www.radiopiu.net\/wordpress\/wp-content\/uploads\/2023\/08\/COPER4.png 767w, https:\/\/www.radiopiu.net\/wordpress\/wp-content\/uploads\/2023\/08\/COPER4-300x221.png 300w\" sizes=\"auto, (max-width: 767px) 100vw, 767px\" \/><\/a><\/p>\n<p>&nbsp;<\/p>\n<hr \/>\n<p>&nbsp;<\/p>\n<p>&nbsp;<\/p>\n<blockquote>\n<h3>DILLO A RADIO PIU&#8217;&#8230;MA L&#8217;ACQUA DELLE FONTANE NON E&#8217; UNO SPRECO?<\/h3>\n<\/blockquote>\n<p><strong><a class=\"dt-pswp-item\" href=\"https:\/\/www.radiopiu.net\/wordpress\/wp-content\/uploads\/2023\/04\/drop-545377__340.jpg\" data-dt-img-description=\"\" data-large_image_width=\"560\" data-large_image_height=\"340\"><img loading=\"lazy\" decoding=\"async\" class=\" wp-image-331135 alignleft\" src=\"https:\/\/www.radiopiu.net\/wordpress\/wp-content\/uploads\/2023\/04\/drop-545377__340-300x182.jpg\" alt=\"\" width=\"190\" height=\"115\" srcset=\"https:\/\/www.radiopiu.net\/wordpress\/wp-content\/uploads\/2023\/04\/drop-545377__340-300x182.jpg 300w, https:\/\/www.radiopiu.net\/wordpress\/wp-content\/uploads\/2023\/04\/drop-545377__340.jpg 560w\" sizes=\"auto, (max-width: 190px) 100vw, 190px\" \/><\/a>REDAZIONE <\/strong>Riceviamo e pubblichiamo alcune considerazioni arrivate da Rodolfo Pellegrinon di Falcade riguardante l&#8217;acqua delle fontane.<\/p>\n<blockquote><p><em>Girovagando per il Comune di Falcade e Frazioni ho notato la presenza di parecchie fontane pubbliche che erogano continuamente una non indifferente quantit\u00e0 di acqua. Pensavo a quando mi arrivano le bollette dal BIM che mi addebitano i consumi del mio contatore. Considerato questo mi chiedo: Perch\u00e9\u00a0 il BIM o chi per esso non provvede a dotare queste fontane di un rubinetto da aprire soltanto all\u2019occorrenza ? Ci sarebbe un risparmio non indifferente di acqua che attualmente viene sprecata. E questo solo nel Comune di Falcade.<\/em><\/p>\n<p><em>Pellegrinon Rodolfo<\/em><\/p><\/blockquote>\n<p>&nbsp;<\/p>\n<p>&nbsp;<\/p>\n<p>&nbsp;<\/p>\n<hr \/>\n<p>&nbsp;<\/p>\n<p>&nbsp;<\/p>\n<h2><strong><a class=\"dt-pswp-item\" href=\"https:\/\/www.radiopiu.net\/wordpress\/wp-content\/uploads\/2023\/08\/SOCCOL-SERACH-CAMPEDEL.jpg\" data-dt-img-description=\"\" data-large_image_width=\"443\" data-large_image_height=\"332\"><img loading=\"lazy\" decoding=\"async\" class=\" wp-image-347846 alignleft\" src=\"https:\/\/www.radiopiu.net\/wordpress\/wp-content\/uploads\/2023\/08\/SOCCOL-SERACH-CAMPEDEL-300x225.jpg\" alt=\"\" width=\"184\" height=\"138\" srcset=\"https:\/\/www.radiopiu.net\/wordpress\/wp-content\/uploads\/2023\/08\/SOCCOL-SERACH-CAMPEDEL-300x225.jpg 300w, https:\/\/www.radiopiu.net\/wordpress\/wp-content\/uploads\/2023\/08\/SOCCOL-SERACH-CAMPEDEL.jpg 443w\" sizes=\"auto, (max-width: 184px) 100vw, 184px\" \/><\/a><\/strong><span style=\"color: #339966;\">IL GIRO DELLE FRAZIONI CON I CASTELANI DI TAIBON<\/span><\/h2>\n<p><strong>di Marco Gaz<\/strong><\/p>\n<p>OSPITI: Attilio Campedel e Sandro Moretti<\/p>\n<audio class=\"wp-audio-shortcode\" id=\"audio-347926-1\" preload=\"none\" style=\"width: 100%;\" controls=\"controls\"><source type=\"audio\/mpeg\" src=\"https:\/\/www.radiopiu.net\/wordpress\/wp-content\/uploads\/2023\/08\/CASTELLANI-GIRO-FRAZIONI-12-AGOSTO.mp3?_=1\" \/><a href=\"https:\/\/www.radiopiu.net\/wordpress\/wp-content\/uploads\/2023\/08\/CASTELLANI-GIRO-FRAZIONI-12-AGOSTO.mp3\">https:\/\/www.radiopiu.net\/wordpress\/wp-content\/uploads\/2023\/08\/CASTELLANI-GIRO-FRAZIONI-12-AGOSTO.mp3<\/a><\/audio>\n<p>&nbsp;<\/p>\n<p>&nbsp;<\/p>\n<hr \/>\n<p>&nbsp;<\/p>\n<p>&nbsp;<\/p>\n<blockquote>\n<blockquote>\n<h3><a class=\"dt-pswp-item\" href=\"https:\/\/www.radiopiu.net\/wordpress\/wp-content\/uploads\/2023\/08\/Senza-nome-27.png\" data-dt-img-description=\"\" data-large_image_width=\"258\" data-large_image_height=\"206\"><img loading=\"lazy\" decoding=\"async\" class=\"wp-image-348026 alignleft\" src=\"https:\/\/www.radiopiu.net\/wordpress\/wp-content\/uploads\/2023\/08\/Senza-nome-27.png\" alt=\"\" width=\"157\" height=\"125\" \/><\/a>ASSEMBLEA ORDINARIA dell&#8217; A.P.I.M. Associazione Periti Industriali Minerari.<\/h3>\n<\/blockquote>\n<p><strong>AGORDO<\/strong> L\u2019Assemblea si terr\u00e0 presso la sala Don Tamis dell\u2019Unione Montana in Via 27 Aprile sabato alle 15. Ordine del giorno: Saluto del Presidente \u2022 Saluto delle autorit\u00e0 presenti \u2022 Relazione del Presidente sulle attivit\u00e0 2022\/2023 \u2022 Rendiconto economico consuntivo 2022 \u2022 Bilancio di previsione 2024 \u2022 Approvazione rendiconto economico consuntivo 2022 e bilancio di previsione 2024 \u2022 Varie ed eventuali<\/p>\n<h3 class=\"title\"><a class=\"dt-pswp-item\" href=\"https:\/\/www.radiopiu.net\/wordpress\/wp-content\/uploads\/2023\/08\/diario-di-viaggio-Nicolo-Tome-209x300-1.jpg\" data-dt-img-description=\"\" data-large_image_width=\"209\" data-large_image_height=\"300\"><img loading=\"lazy\" decoding=\"async\" class=\" wp-image-348028 alignleft\" src=\"https:\/\/www.radiopiu.net\/wordpress\/wp-content\/uploads\/2023\/08\/diario-di-viaggio-Nicolo-Tome-209x300-1.jpg\" alt=\"\" width=\"151\" height=\"217\" \/><\/a>L\u2019Associazione p<strong>residente:\u00a0<\/strong><a title=\"Luca Luchetta\" href=\"http:\/\/www.peritiminerari.it\/site\/?p=459\">Luca Luchetta<\/a> \u00a0<strong>Vicepresidente:\u00a0<\/strong>Albino Romanel <strong>Segretario:\u00a0<\/strong><a href=\"http:\/\/www.peritiminerari.it\/site\/?p=477\">Franco Benvegnu\u2019<\/a> \u00a0<strong>Tesoriere:<\/strong>\u00a0<a href=\"http:\/\/www.peritiminerari.it\/site\/?p=485\">Denis Della Giacoma<\/a> <strong>Consigliere lavoro:\u00a0<\/strong><a href=\"http:\/\/www.peritiminerari.it\/site\/?p=2049\">Gianni Gatta<\/a> <strong>Consigliere formazione:<\/strong>\u00a0<a href=\"http:\/\/www.peritiminerari.it\/site\/?p=346\">Flavio Lucchini<\/a> <strong>Consigliere archivio:\u00a0<\/strong>Daniele Scola<\/h3>\n<p>Sabato\u00a0 sar\u00e0 presentata la nuova pubblicazione dell\u2019A.P.I.M. \u201d\u00a0<em>Diario del viaggio in Bolivia di Nicol\u00f2 Tom\u00e8<\/em>\u201d scritto dal perito minerario di Agordo nel 1902 e riscoperto da Marzio Govoni e Moreno De Zaiacomo che hanno messo a disposizione e trascritto gratuitamente l\u2019opera.<\/p><\/blockquote>\n<p>&nbsp;<\/p>\n<p>&nbsp;<\/p>\n<p>&nbsp;<\/p>\n<hr \/>\n<p>&nbsp;<\/p>\n<blockquote>\n<h3>AGORDO: SECONDO APPUNTAMENTO CON IL MERCATINO DELL\u2019ANTIQUARIATO<\/h3>\n<\/blockquote>\n<p><strong><a class=\"dt-pswp-item\" href=\"https:\/\/www.radiopiu.net\/wordpress\/wp-content\/uploads\/2023\/08\/Volantino-rotated.jpg\" data-dt-img-description=\"\" data-large_image_width=\"608\" data-large_image_height=\"863\"><img loading=\"lazy\" decoding=\"async\" class=\" wp-image-347948 alignleft\" src=\"https:\/\/www.radiopiu.net\/wordpress\/wp-content\/uploads\/2023\/08\/Volantino-211x300.jpg\" alt=\"\" width=\"142\" height=\"202\" srcset=\"https:\/\/www.radiopiu.net\/wordpress\/wp-content\/uploads\/2023\/08\/Volantino-211x300.jpg 211w, https:\/\/www.radiopiu.net\/wordpress\/wp-content\/uploads\/2023\/08\/Volantino-rotated.jpg 608w\" sizes=\"auto, (max-width: 142px) 100vw, 142px\" \/><\/a>di Giorgio Fontanive<\/strong><\/p>\n<p><strong>AGORDO<\/strong> Il primo appuntamento del Gruppo degli Amici dell\u2019Antiquariato nel capoluogo di vallata con una cinquantina di stalli occupati, ha confermato le previsioni degli organizzatori con un afflusso dei visitatori che ha ben superato le 1500 unit\u00e0; uno scenario attorno al Br\u00f3i favorito dalla meteo che ha espresso un cielo sereno per tutta giornata, addirittura senza alcun segnale di temporali in arrivo. Tali condizioni si auspicano nei prossimi mercatini di sabato 12 e sabato 26 agosto in cui si prevede anche un aumento della partecipazione di hobbisti e commercianti, perch\u00e9 l\u2019attrazione di Agordo ormai fa parte degli appuntamenti apprezzati, sostenuti da un\u2019accurata pubblicit\u00e0 via etere e cartellonistica stradale che altri eventi non prevedono. La presenza dei visitatori \u00e8 stata discontinua, come solitamente privilegiando la mattinata e il tardo pomeriggio per soddisfare la curiosit\u00e0 tra i banchi di oggettistica, materiali d\u2019epoca e vintage, piccolo antiquariato, modernariato, mobili, arte e collezionismo cartaceo, cartoline, dischi, libri, ceramiche e reperti vari che fanno la felicit\u00e0 dei collezionisti. Il tutto senza creare attriti con l\u2019apparato commerciale locale come segnalato da alcuni cittadini perch\u00e9 i mercatini dell\u2019antiquariato intendono promuovere la cultura dell\u2019oggetto antico e del riuso non sempre capito; sono esclusi inoltre gli articoli legati ai consueti mercati settimanali. Per i\u00a0 potenziali visitatori sar\u00e0 utile consultare anche il sito <a href=\"http:\/\/www.mercatinidelledolomiti.it\">www.mercatinidelledolomiti.it<\/a>.<\/p>\n<p>&nbsp;<\/p>\n<div><\/div>\n<div><\/div>\n<hr \/>\n<p>&nbsp;<\/p>\n<blockquote>\n<h3>IL PICCOLO DI CERVO CHE IMITA IL GRANDE<\/h3>\n<\/blockquote>\n<p><strong>REDAZIONE<\/strong> Come sempre Mario De Marco sa cogliere gli attimi migliori della natura e anche questa volta ha saputo sorprenderci. &#8220;Un Bamby di cervo che emula un maschio nel rotolarsi nel fango. Magica natura che ci regala questi momenti&#8221;. Il video \u00e8 stato fatto sulle nostre dolomiti e ringraziamo Mario che ha voluto condividerlo con noi.<\/p>\n<div style=\"width: 848px;\" class=\"wp-video\"><video class=\"wp-video-shortcode\" id=\"video-347926-1\" width=\"848\" height=\"480\" preload=\"metadata\" controls=\"controls\"><source type=\"video\/mp4\" src=\"https:\/\/www.radiopiu.net\/wordpress\/wp-content\/uploads\/2023\/08\/WhatsApp-Video-2023-08-09-at-09.06.57.mp4?_=1\" \/><a href=\"https:\/\/www.radiopiu.net\/wordpress\/wp-content\/uploads\/2023\/08\/WhatsApp-Video-2023-08-09-at-09.06.57.mp4\">https:\/\/www.radiopiu.net\/wordpress\/wp-content\/uploads\/2023\/08\/WhatsApp-Video-2023-08-09-at-09.06.57.mp4<\/a><\/video><\/div>\n<p>&nbsp;<\/p>\n<hr \/>\n<p>&nbsp;<\/p>\n<p>&nbsp;<\/p>\n<blockquote class=\"wp-embedded-content\" data-secret=\"iC5i2pkPZO\"><p><a href=\"https:\/\/www.radiopiu.net\/wordpress\/walking-around-the-music-il-programma-di-siro-lena-e-moreno-tocchetto\/\">WALKING AROUND THE MUSIC, IL PROGRAMMA DI SIRO LENA E MORENO TOCCHETTO<\/a><\/p><\/blockquote>\n<p><iframe loading=\"lazy\" class=\"wp-embedded-content\" sandbox=\"allow-scripts\" security=\"restricted\" style=\"position: absolute; clip: rect(1px, 1px, 1px, 1px);\" title=\"&#8220;WALKING AROUND THE MUSIC, IL PROGRAMMA DI SIRO LENA E MORENO TOCCHETTO&#8221; &#8212; Radio Pi\u00f9\" src=\"https:\/\/www.radiopiu.net\/wordpress\/walking-around-the-music-il-programma-di-siro-lena-e-moreno-tocchetto\/embed\/#?secret=S0qhxYHdsr#?secret=iC5i2pkPZO\" data-secret=\"iC5i2pkPZO\" width=\"600\" height=\"338\" frameborder=\"0\" marginwidth=\"0\" marginheight=\"0\" scrolling=\"no\"><\/iframe><\/p>\n<p>&nbsp;<\/p>\n<p>&nbsp;<\/p>\n<hr \/>\n<p>&nbsp;<\/p>\n<h2><span style=\"color: #ff6600;\">IERI ALLA RADIO<\/span><\/h2>\n<h2><a class=\"dt-pswp-item\" href=\"https:\/\/www.radiopiu.net\/wordpress\/wp-content\/uploads\/2023\/08\/SCR-20230809-mstb.jpeg\" data-dt-img-description=\"\" data-large_image_width=\"1530\" data-large_image_height=\"932\"><img loading=\"lazy\" decoding=\"async\" class=\" wp-image-347988 alignleft\" src=\"https:\/\/www.radiopiu.net\/wordpress\/wp-content\/uploads\/2023\/08\/SCR-20230809-mstb-300x183.jpeg\" alt=\"\" width=\"233\" height=\"142\" srcset=\"https:\/\/www.radiopiu.net\/wordpress\/wp-content\/uploads\/2023\/08\/SCR-20230809-mstb-300x183.jpeg 300w, https:\/\/www.radiopiu.net\/wordpress\/wp-content\/uploads\/2023\/08\/SCR-20230809-mstb-1024x624.jpeg 1024w, https:\/\/www.radiopiu.net\/wordpress\/wp-content\/uploads\/2023\/08\/SCR-20230809-mstb-768x468.jpeg 768w, https:\/\/www.radiopiu.net\/wordpress\/wp-content\/uploads\/2023\/08\/SCR-20230809-mstb.jpeg 1530w\" sizes=\"auto, (max-width: 233px) 100vw, 233px\" \/><\/a><span style=\"color: #ff00ff;\">ALLA MALGA PIAN DE VACIA APPUNTAMENTO CON L&#8217;APERIMALGA<\/span><\/h2>\n<p><strong>di Mirko Mezzacasa<\/strong><\/p>\n<p>OSPITI: Remo Casanova, Nicola Biasi, Ren\u00e8 Spada<\/p>\n<audio class=\"wp-audio-shortcode\" id=\"audio-347926-2\" preload=\"none\" style=\"width: 100%;\" controls=\"controls\"><source type=\"audio\/mpeg\" src=\"https:\/\/www.radiopiu.net\/wordpress\/wp-content\/uploads\/2023\/08\/MALGA-PIAN-DE-VACIA-11-AGOSTO.mp3?_=2\" \/><a href=\"https:\/\/www.radiopiu.net\/wordpress\/wp-content\/uploads\/2023\/08\/MALGA-PIAN-DE-VACIA-11-AGOSTO.mp3\">https:\/\/www.radiopiu.net\/wordpress\/wp-content\/uploads\/2023\/08\/MALGA-PIAN-DE-VACIA-11-AGOSTO.mp3<\/a><\/audio>\n<p>&nbsp;<\/p>\n<p>&nbsp;<\/p>\n<h2><span style=\"color: #ff0000;\"><strong><a class=\"dt-pswp-item\" href=\"https:\/\/www.radiopiu.net\/wordpress\/wp-content\/uploads\/2023\/08\/WhatsApp-Image-2023-08-08-at-09.40.34.jpeg\" data-dt-img-description=\"\" data-large_image_width=\"2048\" data-large_image_height=\"1152\"><img loading=\"lazy\" decoding=\"async\" class=\" wp-image-347940 alignleft\" src=\"https:\/\/www.radiopiu.net\/wordpress\/wp-content\/uploads\/2023\/08\/WhatsApp-Image-2023-08-08-at-09.40.34-300x169.jpeg\" alt=\"\" width=\"179\" height=\"101\" srcset=\"https:\/\/www.radiopiu.net\/wordpress\/wp-content\/uploads\/2023\/08\/WhatsApp-Image-2023-08-08-at-09.40.34-300x169.jpeg 300w, https:\/\/www.radiopiu.net\/wordpress\/wp-content\/uploads\/2023\/08\/WhatsApp-Image-2023-08-08-at-09.40.34-1024x576.jpeg 1024w, https:\/\/www.radiopiu.net\/wordpress\/wp-content\/uploads\/2023\/08\/WhatsApp-Image-2023-08-08-at-09.40.34-768x432.jpeg 768w, https:\/\/www.radiopiu.net\/wordpress\/wp-content\/uploads\/2023\/08\/WhatsApp-Image-2023-08-08-at-09.40.34-1536x864.jpeg 1536w, https:\/\/www.radiopiu.net\/wordpress\/wp-content\/uploads\/2023\/08\/WhatsApp-Image-2023-08-08-at-09.40.34.jpeg 2048w\" sizes=\"auto, (max-width: 179px) 100vw, 179px\" \/><\/a><span style=\"color: #99cc00;\">LA REFA &#8211; IL PROGRAMMA ALLA RADIO<\/span><\/strong><\/span><\/h2>\n<p><span style=\"color: #ff0000;\"><strong>PUNTATA 08 09 AGOSTO<\/strong><\/span><\/p>\n<audio class=\"wp-audio-shortcode\" id=\"audio-347926-3\" preload=\"none\" style=\"width: 100%;\" controls=\"controls\"><source type=\"audio\/mpeg\" src=\"https:\/\/www.radiopiu.net\/wordpress\/wp-content\/uploads\/2023\/08\/la-refa-8.mp3?_=3\" \/><a href=\"https:\/\/www.radiopiu.net\/wordpress\/wp-content\/uploads\/2023\/08\/la-refa-8.mp3\">https:\/\/www.radiopiu.net\/wordpress\/wp-content\/uploads\/2023\/08\/la-refa-8.mp3<\/a><\/audio>\n<p><strong>\u00a0<\/strong><\/p>\n<p><strong>LA RACCOLTA COMPLETA<\/strong><\/p>\n<blockquote class=\"wp-embedded-content\" data-secret=\"n24jq5UlNa\"><p><a href=\"https:\/\/www.radiopiu.net\/wordpress\/refa-speciale\/\">LA REFA &#8211; IL PROGRAMMA ALLA RADIO. ESCURSIONI IN MONTAGNA ED ALTRO CON LUCA GANZ<\/a><\/p><\/blockquote>\n<p><iframe loading=\"lazy\" class=\"wp-embedded-content\" sandbox=\"allow-scripts\" security=\"restricted\" style=\"position: absolute; clip: rect(1px, 1px, 1px, 1px);\" title=\"&#8220;LA REFA &#8211; IL PROGRAMMA ALLA RADIO. ESCURSIONI IN MONTAGNA ED ALTRO CON LUCA GANZ&#8221; &#8212; Radio Pi\u00f9\" src=\"https:\/\/www.radiopiu.net\/wordpress\/refa-speciale\/embed\/#?secret=8uK4eqcRH8#?secret=n24jq5UlNa\" data-secret=\"n24jq5UlNa\" width=\"600\" height=\"338\" frameborder=\"0\" marginwidth=\"0\" marginheight=\"0\" scrolling=\"no\"><\/iframe><\/p>\n<p>&nbsp;<\/p>\n<hr \/>\n<p>&nbsp;<\/p>\n<blockquote>\n<h3><a class=\"dt-pswp-item\" href=\"https:\/\/www.radiopiu.net\/wordpress\/wp-content\/uploads\/2023\/08\/SCR-20230809-kckg.png\" data-dt-img-description=\"\" data-large_image_width=\"606\" data-large_image_height=\"496\"><img loading=\"lazy\" decoding=\"async\" class=\" wp-image-347969 alignleft\" src=\"https:\/\/www.radiopiu.net\/wordpress\/wp-content\/uploads\/2023\/08\/SCR-20230809-kckg-300x246.png\" alt=\"\" width=\"133\" height=\"109\" srcset=\"https:\/\/www.radiopiu.net\/wordpress\/wp-content\/uploads\/2023\/08\/SCR-20230809-kckg-300x246.png 300w, https:\/\/www.radiopiu.net\/wordpress\/wp-content\/uploads\/2023\/08\/SCR-20230809-kckg.png 606w\" sizes=\"auto, (max-width: 133px) 100vw, 133px\" \/><\/a>WEEK 4 KIDS SUMMER A FALCADE<\/h3>\n<\/blockquote>\n<p><strong>FALCADE<\/strong> La Scuola sci Equipe di Falcade organizza una settimana dedicata ai bambini per scoprire le bellezze e il divertimento nella Valle del Biois. Dal 20 al 26 agosto \u00e8 in programma la Week 4 Kids Summer. Ogni giorno un&#8217;attivit\u00e0 diversa. Per info ed iscrizioni 0437 599616 o 348 5355474<\/p>\n<p>&nbsp;<\/p>\n<p>&nbsp;<\/p>\n<hr \/>\n<p>&nbsp;<\/p>\n<blockquote>\n<h3>IL CONCERTO D&#8217;ORGANO NELLA CHIESA DI CANALE D&#8217;AGORDO<\/h3>\n<\/blockquote>\n<p><strong>CANALE D&#8217;AGORDO <\/strong>Nuovo appuntamento musicale organizzato dal Musal \u2013 Museo Albino Luciani in collaborazione con Agordo Musica, Asolo Musica e la parrocchia di San Giovanni Battista. Oggi alle 21.00, presso la chiesa arcipretale di Canale d&#8217;Agordo (Belluno) si terr\u00e0 il concerto per soprano e organo, con protagonisti la soprano Sara Cecchin e l\u2019organista Manolo Da Rold. \u201cLa Voce e l\u2019Organo\u201d, il duo Cecchin \u2013 Da Rold, \u00e8 un progetto repertoriale di Sara Cecchin e Manolo Da Rold nato in funzione della presenza di numerosi strumenti di notevole rilevanza storica distribuiti nell\u2019area bellunese e trevigiana. In particolar modo organi di Scuola Veneta di celebri maestri organari come Gaetano Callido e i suoi figli; Giovanni Battista De Lorenzi; Girolamo Zavarise; Giuseppe Fedeli, Pietro Nacchini e molti altri. Il duo propone un programma storico in cui, tra i brani cantati, si inseriscono interventi solistici dell\u2019organo, il tutto scelto aprioristicamente a seconda dello strumento antico preso in considerazione.<\/p>\n\n\t\t\t<style type='text\/css'>\n\t\t\t\t#gallery-4 {\n\t\t\t\t\tmargin: auto;\n\t\t\t\t}\n\t\t\t\t#gallery-4 .gallery-item {\n\t\t\t\t\tfloat: left;\n\t\t\t\t\tmargin-top: 10px;\n\t\t\t\t\ttext-align: center;\n\t\t\t\t\twidth: 33%;\n\t\t\t\t}\n\t\t\t\t#gallery-4 img {\n\t\t\t\t\tborder: 2px solid #cfcfcf;\n\t\t\t\t}\n\t\t\t\t#gallery-4 .gallery-caption {\n\t\t\t\t\tmargin-left: 0;\n\t\t\t\t}\n\t\t\t\t\/* see gallery_shortcode() in wp-includes\/media.php *\/\n\t\t\t<\/style>\n\t\t<div id='gallery-4' class='dt-gallery-container gallery galleryid-347926 gallery-columns-3 gallery-size-thumbnail'><dl class='gallery-item'>\n\t\t\t\t<dt class='gallery-icon portrait'>\n\t\t\t\t\t<a class=\"rollover rollover-zoom dt-pswp-item\" title=\"Duo organo soprano\" data-dt-img-description=\"\" data-large_image_width=\"590\" data-large_image_height=\"960\"href='https:\/\/www.radiopiu.net\/wordpress\/wp-content\/uploads\/2023\/08\/Duo-organo-soprano.jpg'><img loading=\"lazy\" decoding=\"async\" width=\"150\" height=\"150\" src=\"https:\/\/www.radiopiu.net\/wordpress\/wp-content\/uploads\/2023\/08\/Duo-organo-soprano-150x150.jpg\" class=\"attachment-thumbnail size-thumbnail\" alt=\"\" \/><\/a>\n\t\t\t\t<\/dt><\/dl><dl class='gallery-item'>\n\t\t\t\t<dt class='gallery-icon landscape'>\n\t\t\t\t\t<a class=\"rollover rollover-zoom dt-pswp-item\" title=\"Manolo Da Rold\" data-dt-img-description=\"\" data-large_image_width=\"1492\" data-large_image_height=\"1491\"href='https:\/\/www.radiopiu.net\/wordpress\/wp-content\/uploads\/2023\/08\/Manolo-Da-Rold.jpg'><img loading=\"lazy\" decoding=\"async\" width=\"150\" height=\"150\" src=\"https:\/\/www.radiopiu.net\/wordpress\/wp-content\/uploads\/2023\/08\/Manolo-Da-Rold-150x150.jpg\" class=\"attachment-thumbnail size-thumbnail\" alt=\"\" srcset=\"https:\/\/www.radiopiu.net\/wordpress\/wp-content\/uploads\/2023\/08\/Manolo-Da-Rold-150x150.jpg 150w, https:\/\/www.radiopiu.net\/wordpress\/wp-content\/uploads\/2023\/08\/Manolo-Da-Rold-300x300.jpg 300w, https:\/\/www.radiopiu.net\/wordpress\/wp-content\/uploads\/2023\/08\/Manolo-Da-Rold-1024x1024.jpg 1024w, https:\/\/www.radiopiu.net\/wordpress\/wp-content\/uploads\/2023\/08\/Manolo-Da-Rold-768x767.jpg 768w, https:\/\/www.radiopiu.net\/wordpress\/wp-content\/uploads\/2023\/08\/Manolo-Da-Rold.jpg 1492w\" sizes=\"auto, (max-width: 150px) 100vw, 150px\" \/><\/a>\n\t\t\t\t<\/dt><\/dl><dl class='gallery-item'>\n\t\t\t\t<dt class='gallery-icon portrait'>\n\t\t\t\t\t<a class=\"rollover rollover-zoom dt-pswp-item\" title=\"Sara Cecchin\" data-dt-img-description=\"\" data-large_image_width=\"900\" data-large_image_height=\"1600\"href='https:\/\/www.radiopiu.net\/wordpress\/wp-content\/uploads\/2023\/08\/Sara-Cecchin.jpeg'><img loading=\"lazy\" decoding=\"async\" width=\"150\" height=\"150\" src=\"https:\/\/www.radiopiu.net\/wordpress\/wp-content\/uploads\/2023\/08\/Sara-Cecchin-150x150.jpeg\" class=\"attachment-thumbnail size-thumbnail\" alt=\"\" \/><\/a>\n\t\t\t\t<\/dt><\/dl><br style=\"clear: both\" \/>\n\t\t\t<\/div>\n\n<p>&nbsp;<\/p>\n<hr \/>\n<p>&nbsp;<\/p>\n<blockquote>\n<h3>AL RIFUGIO SCARPA IL FESTIVAL DI AGOSTO ALLE PENDICI DELL&#8217;AGNER<\/h3>\n<\/blockquote>\n<p><strong>VOLTAGO<\/strong> Sono cinque gli appuntamenti da non perdere al Rifugio Scarpa Gurekian. Inizia nelle prossime ore il Festival di Agosto alle pendici dell&#8217;Agner.<\/p>\n<p><strong>DAL RIFUGIO SCARPA IL GESTORE MARCO BERGAMO<\/strong><\/p>\n<audio class=\"wp-audio-shortcode\" id=\"audio-347926-4\" preload=\"none\" style=\"width: 100%;\" controls=\"controls\"><source type=\"audio\/mpeg\" src=\"https:\/\/www.radiopiu.net\/wordpress\/wp-content\/uploads\/2023\/08\/MARCO-BERGAMO.mp3?_=4\" \/><a href=\"https:\/\/www.radiopiu.net\/wordpress\/wp-content\/uploads\/2023\/08\/MARCO-BERGAMO.mp3\">https:\/\/www.radiopiu.net\/wordpress\/wp-content\/uploads\/2023\/08\/MARCO-BERGAMO.mp3<\/a><\/audio>\n<p>&nbsp;<\/p>\n<h2 style=\"text-align: center;\"><strong><span style=\"color: #ff0000;\">GLI APPUNTAMENTI<\/span><\/strong><\/h2>\n<p><a class=\"dt-pswp-item\" href=\"https:\/\/www.radiopiu.net\/wordpress\/wp-content\/uploads\/2023\/08\/bfc3b52a-1585-422c-9d55-b388f0c81a77.jpg\" data-dt-img-description=\"\" data-large_image_width=\"1131\" data-large_image_height=\"1600\"><img loading=\"lazy\" decoding=\"async\" class=\"wp-image-347389 aligncenter\" src=\"https:\/\/www.radiopiu.net\/wordpress\/wp-content\/uploads\/2023\/08\/bfc3b52a-1585-422c-9d55-b388f0c81a77-724x1024.jpg\" alt=\"\" width=\"280\" height=\"396\" srcset=\"https:\/\/www.radiopiu.net\/wordpress\/wp-content\/uploads\/2023\/08\/bfc3b52a-1585-422c-9d55-b388f0c81a77-724x1024.jpg 724w, https:\/\/www.radiopiu.net\/wordpress\/wp-content\/uploads\/2023\/08\/bfc3b52a-1585-422c-9d55-b388f0c81a77-212x300.jpg 212w, https:\/\/www.radiopiu.net\/wordpress\/wp-content\/uploads\/2023\/08\/bfc3b52a-1585-422c-9d55-b388f0c81a77-768x1086.jpg 768w, https:\/\/www.radiopiu.net\/wordpress\/wp-content\/uploads\/2023\/08\/bfc3b52a-1585-422c-9d55-b388f0c81a77-1086x1536.jpg 1086w, https:\/\/www.radiopiu.net\/wordpress\/wp-content\/uploads\/2023\/08\/bfc3b52a-1585-422c-9d55-b388f0c81a77.jpg 1131w\" sizes=\"auto, (max-width: 280px) 100vw, 280px\" \/><\/a><\/p>\n<p>&nbsp;<\/p>\n<hr \/>\n<p>&nbsp;<\/p>\n<blockquote>\n<h3>I NOS CROT, TRE ESCURSIONI CON IL GAMP<\/h3>\n<p><strong>di Gianni Santomaso<\/strong><\/p>\n<audio class=\"wp-audio-shortcode\" id=\"audio-347926-5\" preload=\"none\" style=\"width: 100%;\" controls=\"controls\"><source type=\"audio\/mpeg\" src=\"https:\/\/www.radiopiu.net\/wordpress\/wp-content\/uploads\/2023\/08\/GIANNI-I-NOS-CROT.mp3?_=5\" \/><a href=\"https:\/\/www.radiopiu.net\/wordpress\/wp-content\/uploads\/2023\/08\/GIANNI-I-NOS-CROT.mp3\">https:\/\/www.radiopiu.net\/wordpress\/wp-content\/uploads\/2023\/08\/GIANNI-I-NOS-CROT.mp3<\/a><\/audio>\n<p>&nbsp;<\/p><\/blockquote>\n<p><strong><a class=\"dt-pswp-item\" href=\"https:\/\/www.radiopiu.net\/wordpress\/wp-content\/uploads\/2023\/08\/e575260a-6e85-47fc-a32d-9226877f8944.jpg\" data-dt-img-description=\"\" data-large_image_width=\"1200\" data-large_image_height=\"1600\"><img loading=\"lazy\" decoding=\"async\" class=\" wp-image-347058 alignleft\" src=\"https:\/\/www.radiopiu.net\/wordpress\/wp-content\/uploads\/2023\/08\/e575260a-6e85-47fc-a32d-9226877f8944-225x300.jpg\" alt=\"\" width=\"99\" height=\"132\" srcset=\"https:\/\/www.radiopiu.net\/wordpress\/wp-content\/uploads\/2023\/08\/e575260a-6e85-47fc-a32d-9226877f8944-225x300.jpg 225w, https:\/\/www.radiopiu.net\/wordpress\/wp-content\/uploads\/2023\/08\/e575260a-6e85-47fc-a32d-9226877f8944-768x1024.jpg 768w, https:\/\/www.radiopiu.net\/wordpress\/wp-content\/uploads\/2023\/08\/e575260a-6e85-47fc-a32d-9226877f8944-1152x1536.jpg 1152w, https:\/\/www.radiopiu.net\/wordpress\/wp-content\/uploads\/2023\/08\/e575260a-6e85-47fc-a32d-9226877f8944.jpg 1200w\" sizes=\"auto, (max-width: 99px) 100vw, 99px\" \/><\/a>AGORDO<\/strong> Anche quest&#8217;anno il Gruppo Agordino Mineralogico Paleontologico organizza &#8220;I Nos Crot&#8221;, tre escursioni nel mese di agosto. Il 16 Agosto in Valle Imperina e il 19 agosto con Passo Fedaia e Rifugio Padon. Per partecipare alle escursioni in programma si richiede l&#8217;iscrizione al GAMP con un costo di 15 euro per gli adulti e 10 euro per i giovani fino a 18 anni. Le iscrizioni all&#8217;Ufficio Turistico di Agordo (0437 62105) oppure telefonando al 388 4955756 o 340 0890160.<\/p>\n<p><strong>DAVIDE CONEDERA<\/strong><\/p>\n<audio class=\"wp-audio-shortcode\" id=\"audio-347926-6\" preload=\"none\" style=\"width: 100%;\" controls=\"controls\"><source type=\"audio\/mpeg\" src=\"https:\/\/www.radiopiu.net\/wordpress\/wp-content\/uploads\/2023\/08\/DAVIDE-CONEDERA-I-NOS-CROT.mp3?_=6\" \/><a href=\"https:\/\/www.radiopiu.net\/wordpress\/wp-content\/uploads\/2023\/08\/DAVIDE-CONEDERA-I-NOS-CROT.mp3\">https:\/\/www.radiopiu.net\/wordpress\/wp-content\/uploads\/2023\/08\/DAVIDE-CONEDERA-I-NOS-CROT.mp3<\/a><\/audio>\n<p>&nbsp;<\/p>\n<hr \/>\n<p>&nbsp;<\/p>\n<blockquote>\n<h3>A VOLTAGO LA MOSTRA FOTOGRAFICA &#8220;NATURA O ARTE?&#8221;<\/h3>\n<\/blockquote>\n<p><strong>VOLTAGO<\/strong><\/p>\n<p>di Gianni Santomaso<\/p>\n<audio class=\"wp-audio-shortcode\" id=\"audio-347926-7\" preload=\"none\" style=\"width: 100%;\" controls=\"controls\"><source type=\"audio\/mpeg\" src=\"https:\/\/www.radiopiu.net\/wordpress\/wp-content\/uploads\/2023\/08\/GIANNI-LA-MOSTRA-FOTOGRAFICA-NATURA-O-ARTE.mp3?_=7\" \/><a href=\"https:\/\/www.radiopiu.net\/wordpress\/wp-content\/uploads\/2023\/08\/GIANNI-LA-MOSTRA-FOTOGRAFICA-NATURA-O-ARTE.mp3\">https:\/\/www.radiopiu.net\/wordpress\/wp-content\/uploads\/2023\/08\/GIANNI-LA-MOSTRA-FOTOGRAFICA-NATURA-O-ARTE.mp3<\/a><\/audio>\n<p>&nbsp;<\/p>\n<hr \/>\n<p>&nbsp;<\/p>\n<h2><span style=\"color: #ff0000;\">GLI APPUNTAMENTI DELLA SETTIMANA\u00a0\u00a0<\/span><\/h2>\n<p>&nbsp;<\/p>\n<blockquote>\n<h3>LA LUCCIOLATA 2023 VENERDI&#8217; 11 AGOSTO A CANALE D&#8217;AGORDO<\/h3>\n<\/blockquote>\n<p><strong><a class=\"dt-pswp-item\" href=\"https:\/\/www.radiopiu.net\/wordpress\/wp-content\/uploads\/2023\/08\/Lucciolata-2023.jpg\" data-dt-img-description=\"\" data-large_image_width=\"453\" data-large_image_height=\"960\"><img loading=\"lazy\" decoding=\"async\" class=\" wp-image-347033 alignleft\" src=\"https:\/\/www.radiopiu.net\/wordpress\/wp-content\/uploads\/2023\/08\/Lucciolata-2023-142x300.jpg\" alt=\"\" width=\"71\" height=\"150\" srcset=\"https:\/\/www.radiopiu.net\/wordpress\/wp-content\/uploads\/2023\/08\/Lucciolata-2023-142x300.jpg 142w, https:\/\/www.radiopiu.net\/wordpress\/wp-content\/uploads\/2023\/08\/Lucciolata-2023.jpg 453w\" sizes=\"auto, (max-width: 71px) 100vw, 71px\" \/><\/a>CANALE D&#8217;AGORDO <\/strong>Si svolger\u00e0 domani La Lucciolata, una camminata facile a scopo benefico in favore della Via di Natale Onlus Centro Tumori di Aviano, con partenza dai vari capoluoghi della Valle del Biois con a seguire arrivo in Piazza Papa Luciani e premiazione delle personalit\u00e0 che si sono distinte nel campo del volontariato. Di seguito gli orari di partenza dai vari capoluoghi della vallata: CENCENIGHE AGORDINO (Piazza municipio) ore 19.00, VALLADA AGORDINA (Piazza municipio) ore 20.00, CANALE D&#8217;AGORDO (Piazza Papa Luciani) ore 19.30, FALCADE (Piazza municipio) ore 19.45. ARRIVO: Canale d&#8217;Agordo, Piazza Papa Luciani, ore 20.30. Si consiglia di munirsi di ombrello e fonte luminosa. In caso di maltempo la camminata sar\u00e0 ANNULLATA, mentre le premiazioni avverranno presso la sala consiliare del municipio.<\/p>\n<p>&nbsp;<\/p>\n<blockquote>\n<h3>L&#8217;APERIMALGA A MALGA PIAN DE VACIA<\/h3>\n<\/blockquote>\n<blockquote>\n<h3><a class=\"dt-pswp-item\" href=\"https:\/\/www.radiopiu.net\/wordpress\/wp-content\/uploads\/2023\/08\/c92c2625-6166-49cf-894c-cb297341c626.jpg\" data-dt-img-description=\"\" data-large_image_width=\"1277\" data-large_image_height=\"1600\"><img loading=\"lazy\" decoding=\"async\" class=\"size-medium wp-image-346844 alignleft\" src=\"https:\/\/www.radiopiu.net\/wordpress\/wp-content\/uploads\/2023\/08\/c92c2625-6166-49cf-894c-cb297341c626-239x300.jpg\" alt=\"\" width=\"239\" height=\"300\" srcset=\"https:\/\/www.radiopiu.net\/wordpress\/wp-content\/uploads\/2023\/08\/c92c2625-6166-49cf-894c-cb297341c626-239x300.jpg 239w, https:\/\/www.radiopiu.net\/wordpress\/wp-content\/uploads\/2023\/08\/c92c2625-6166-49cf-894c-cb297341c626-817x1024.jpg 817w, https:\/\/www.radiopiu.net\/wordpress\/wp-content\/uploads\/2023\/08\/c92c2625-6166-49cf-894c-cb297341c626-768x962.jpg 768w, https:\/\/www.radiopiu.net\/wordpress\/wp-content\/uploads\/2023\/08\/c92c2625-6166-49cf-894c-cb297341c626-1226x1536.jpg 1226w, https:\/\/www.radiopiu.net\/wordpress\/wp-content\/uploads\/2023\/08\/c92c2625-6166-49cf-894c-cb297341c626.jpg 1277w\" sizes=\"auto, (max-width: 239px) 100vw, 239px\" \/><\/a><\/h3>\n<h3><\/h3>\n<h3><\/h3>\n<h3><strong style=\"font-size: 14px;\">SELVA DI CADORE<\/strong><span style=\"font-size: 14px; font-weight: normal;\"> Domani alla Malga Pian de Vacia di Selva di Cadore \u00e8 in programma l&#8217;aperimalga. Alle 18 un convegno sulla sostenibilit\u00e0 ambientale, alle 19 degustazione di vino<\/span><\/h3>\n<\/blockquote>\n<p>&nbsp;<\/p>\n<p>&nbsp;<\/p>\n<p>&nbsp;<\/p>\n<p>&nbsp;<\/p>\n<p>&nbsp;<\/p>\n<p>&nbsp;<\/p>\n<blockquote>\n<h3><\/h3>\n<\/blockquote>\n<blockquote>\n<h3>SCAVANDO NELLA STORIA AL MUSEO VITTORINO CAZZETTA<\/h3>\n<\/blockquote>\n<p><strong>SELVA DI CADORE<\/strong> Prosegue il ciclo di conferenze che prendono spunto dai filoni di studio avviati nel territorio e approfondiscono alcune importanti tematiche, affiancando la mostra \u201cEvolution. Storie di cambiamento\u201d, dedicata all\u2019evoluzione di vertebrati e non solo visitabile al Museo Vittorino Cazzetta e nell\u2019area esterna di Santa Fosca fino al 22 ottobre. \u201cScavando nella storia. Dialoghi tra terra, roccia e ghiaccio\u201d continua con il terzo e ultimo appuntamento, domani alle 18.00 al Museo Vittorino Cazzetta, intitolato \u201cRipensare Spinosaurus. Il gigante perduto del Cretacico\u201d.<\/p>\n<p>&nbsp;<\/p>\n<blockquote>\n<h3>IL CONCERTO DEL CORO COMELICO<\/h3>\n<\/blockquote>\n<p><strong>COMELICO SUPERIORE <\/strong>Domani allo Sport Hotel di Comelico Superiore il Coro Comelico sar\u00e0 protagonista di un concerto per dare il benvenuto ai turisti della vallata e per salutare i residenti. Inizio alle 21:15.<\/p>\n<p>&nbsp;<\/p>\n<blockquote>\n<h3>SETE D&#8217;AFRICA CON ROBERTO SORAMAE&#8217;<\/h3>\n<\/blockquote>\n<p><strong>CANALE D&#8217;AGORDO<\/strong> Domenica 13 agosto alle 21 in Sala Emigranti a Canale D&#8217;Agordo viene organizzata una serata con Roberto Sorama\u00e8 per parlare dei suoi numerosi viaggi in Africa.<\/p>\n<p>&nbsp;<\/p>\n<p>&nbsp;<\/p>\n<hr \/>\n<p>&nbsp;<\/p>\n<p>&nbsp;<\/p>\n<blockquote>\n<h3>LA RASSEGNA DI MINERALI E FOSSILI<\/h3>\n<\/blockquote>\n<p><strong>AGORDO<\/strong> Domenica 13 agosto il GAMP organizza la 32\u00b0 rassegna di minerali e fossili al Palazzetto dello sport di Via Lungorova. Ingresso libero, apertura dalle 8 alle 18.<\/p>\n<p>&nbsp;<\/p>\n<blockquote>\n<h2><a class=\"dt-pswp-item\" href=\"https:\/\/www.radiopiu.net\/wordpress\/wp-content\/uploads\/2023\/08\/Senza-nome.png\" data-dt-img-description=\"\" data-large_image_width=\"605\" data-large_image_height=\"188\"><img loading=\"lazy\" decoding=\"async\" class=\"size-medium wp-image-346825 alignleft\" src=\"https:\/\/www.radiopiu.net\/wordpress\/wp-content\/uploads\/2023\/08\/Senza-nome-300x93.png\" alt=\"\" width=\"300\" height=\"93\" srcset=\"https:\/\/www.radiopiu.net\/wordpress\/wp-content\/uploads\/2023\/08\/Senza-nome-300x93.png 300w, https:\/\/www.radiopiu.net\/wordpress\/wp-content\/uploads\/2023\/08\/Senza-nome.png 605w\" sizes=\"auto, (max-width: 300px) 100vw, 300px\" \/><\/a>\u201cCINEMA IN CONTRADA\u201d AD AGORDO<\/h2>\n<\/blockquote>\n<p><strong>AGORDO<\/strong> Tre serate di proiezioni sotto le stelle delle Dolomiti Ad agosto 2023, torna ad Agordo il cinema all\u2019aperto. Gli appuntamenti della rassegna:\u00a0 \u25cf Sabato 12 Agosto: Bohemian Rhapsody, di Bryan Singer\u00a0 \u00a0Luned\u00ec 14 Agosto: Parasite, di Bong Joon-hoo \u25cf Mercoled\u00ec 16 Agosto: Indiana Jones e i predatori dell\u2019arca perduta, di Steven Spielberg. Tutte le proiezioni inizieranno alle ore 21 e saranno ad ingresso gratuito, previa prenotazione raccomandata fino ad esaurimento posti. Le prenotazioni si possono effettuare attraverso il sito http:\/\/agordo.eventbrite.com oppure rivolgendosi all\u2019Ufficio Turistico di Agordo<\/p>\n<p><strong>DI GIANNI SANTOMASO<\/strong><\/p>\n<audio class=\"wp-audio-shortcode\" id=\"audio-347926-8\" preload=\"none\" style=\"width: 100%;\" controls=\"controls\"><source type=\"audio\/mpeg\" src=\"https:\/\/www.radiopiu.net\/wordpress\/wp-content\/uploads\/2023\/08\/GIANNI-CINEMA-IN-CONTRADA.mp3?_=8\" \/><a href=\"https:\/\/www.radiopiu.net\/wordpress\/wp-content\/uploads\/2023\/08\/GIANNI-CINEMA-IN-CONTRADA.mp3\">https:\/\/www.radiopiu.net\/wordpress\/wp-content\/uploads\/2023\/08\/GIANNI-CINEMA-IN-CONTRADA.mp3<\/a><\/audio>\n<p>&nbsp;<\/p>\n<blockquote>\n<h3>CON IL CAI DI AGORDO<\/h3>\n<\/blockquote>\n<p><b>AGORDO <\/b>Sabato escursione al Sasso Bianco, gruppo della Marmolada, iscrizioni al 380 6983040<\/p>\n<h3><\/h3>\n<blockquote>\n<h3>SGUARDI SUL LAGO, LA MOSTRA<\/h3>\n<\/blockquote>\n<p><strong>PIEVE D&#8217;ALPAGO<\/strong> Viene inaugurata sabato alle 16:30 al Municipio di Pieve D&#8217;Alpago la mostra con le foto di Alessandro Sogne e Daniele Dalvit dal titolo &#8220;Sguardi Sul Lago&#8221; in occasione del 29\u00b0 Giro del Lago di Santa Croce.<\/p>\n<p>&nbsp;<\/p>\n<h3>MAGNA AN BOCON SU PAR L&#8217;ANDRIA<\/h3>\n<p><strong><a class=\"dt-pswp-item\" href=\"https:\/\/www.radiopiu.net\/wordpress\/wp-content\/uploads\/2023\/08\/363380069_744946250973383_1218265656161784847_n.jpg\" data-dt-img-description=\"\" data-large_image_width=\"526\" data-large_image_height=\"274\"><img loading=\"lazy\" decoding=\"async\" class=\"size-medium wp-image-346867 alignleft\" src=\"https:\/\/www.radiopiu.net\/wordpress\/wp-content\/uploads\/2023\/08\/363380069_744946250973383_1218265656161784847_n-300x156.jpg\" alt=\"\" width=\"300\" height=\"156\" srcset=\"https:\/\/www.radiopiu.net\/wordpress\/wp-content\/uploads\/2023\/08\/363380069_744946250973383_1218265656161784847_n-300x156.jpg 300w, https:\/\/www.radiopiu.net\/wordpress\/wp-content\/uploads\/2023\/08\/363380069_744946250973383_1218265656161784847_n.jpg 526w\" sizes=\"auto, (max-width: 300px) 100vw, 300px\" \/><\/a>SELVA DI CADORE <\/strong>Il gruppo Folk di Selva di Cadore vi aspetta domenica 13 agosto per la quinta edizione di \u201cMagn\u00e0 an Bocon su par l\u2019Andria\u201d l\u2019evento gastronomico fra i borghi della Val Fiorentina a Selva di Cadore. Assaporerete Deliziosi piatti tipici e prodotti locali ad ogni tappa, attorniati da stupendi scorci panoramici, antichi fienili e case di una volta. Durante il percorso potrete visitare l\u2019eccezionale Molin dei Padre con l\u2019antica falegnameria ad acqua e il museo dei vigili del fuoco volontari di Selva. Al termine del percorso fortaie e musica coi Die D\u00fcrstigen. Numero massimo 100 partecipanti, opportunamente divisi in piccoli gruppi guidati. Prevendite disponibili presso l\u2019ufficio turistico di Selva di Cadore. Novit\u00e0 di quest anno: potrete scegliere l\u2019orario di partenza! Partenza primo gruppo domenica 13 agosto ore 11 presso il campetto Sciovie Santa Fosca. Vendita ultimi ticket dalle ore 10<\/p>\n<p>&nbsp;<\/p>\n<blockquote>\n<h3>LA FESTA DEL CACCIATORE A CANALE D&#8217;AGORDO<\/h3>\n<\/blockquote>\n<p><strong>CANALE D&#8217;AGORDO<\/strong> SABATO E DOMENICA A CANALE D&#8217;AGORDO FESTA DEL CACCIATORE: SABATO MESSA CON I SUONATORI DI CORNO, GARA DI BRISCOLA, CUCINA TIPICA, LA PIZZA ANCHE DA ASPORTO E MUSICA CON OSCAR E I FOLCLORISTICI, DI SEGUITO DJ SET CON MORGAN E BATTAGLIA. DOMENICA DIMOSTRAZIONE CANI, CUCINA APERTA DALLE 12, ESTRAZIONE LOTTERIA E MUSICA DAL VIVO CON I SIVER MUSICH. SABATO E DOMENICA, LA FESTA DEL CACCIATORE A CANALE D&#8217;AGORDO CON LA LOCALE RISERVA ALPINA, PATROCINIO DEL COMUNE<\/p>\n<p>&nbsp;<\/p>\n<blockquote>\n<h3>L&#8217;ESTATE CON L&#8217;ASSOCIAZIONE BORGO DI SOTTOGUDA<\/h3>\n<\/blockquote>\n<p><a class=\"dt-pswp-item\" href=\"https:\/\/www.radiopiu.net\/wordpress\/wp-content\/uploads\/2023\/08\/358091417_794248625823528_1699457655493429797_n.jpg\" data-dt-img-description=\"\" data-large_image_width=\"526\" data-large_image_height=\"526\"><img loading=\"lazy\" decoding=\"async\" class=\" wp-image-346870 alignleft\" src=\"https:\/\/www.radiopiu.net\/wordpress\/wp-content\/uploads\/2023\/08\/358091417_794248625823528_1699457655493429797_n-300x300.jpg\" alt=\"\" width=\"244\" height=\"244\" srcset=\"https:\/\/www.radiopiu.net\/wordpress\/wp-content\/uploads\/2023\/08\/358091417_794248625823528_1699457655493429797_n-300x300.jpg 300w, https:\/\/www.radiopiu.net\/wordpress\/wp-content\/uploads\/2023\/08\/358091417_794248625823528_1699457655493429797_n-150x150.jpg 150w, https:\/\/www.radiopiu.net\/wordpress\/wp-content\/uploads\/2023\/08\/358091417_794248625823528_1699457655493429797_n.jpg 526w\" sizes=\"auto, (max-width: 244px) 100vw, 244px\" \/><\/a>APPUNTAMENTI D&#8217;ESTATE CON L&#8217;ASSOCIAZIONE BORGO SOTTOGUDA. GODITI LA NOTTE DI SAN LORENZO OGGI DALLE 21.30 I DESIDERI S&#8217;ILLUMINANO TRA LE LANTERNE. TRA I MAGICI FIENILI VENERDI 11 CHIACCHIERATA CON ALESSIO SALATA, AUTORE DEL LIBRO &#8220;MORTE A VENEZIA&#8221;. CON VENETO A TAVOLA SABATO 12 AGOSTO IL MERCATO BONTA&#8217; E BENESSERE, DALLE 21 IN PIAZZETTA A SOTTOGUDA IL TRIBUTO A LUCIO BATTISTI INTERPRETATO DA ERA BATTISTI. IL 14 AGOSTO, VIGILIA DI FERRAGOSTO DALLE 21 GLI ARCHI DEL FRIULI E DEL VENETO con il &#8220;SOGNO DI UNA NOTTE DI MEZZ&#8217;ESTATE PARTECIPA LA PIANISTA SILVIA TESSARI. IL MERCATO CONTADINO &#8220;SABEDA ITE VILA&#8221;, SABATO 5 E SABATO 19 AGOSTO CON L&#8217;ASSOCIAZIONE BORGO SOTTOGUDA, IL MERCATO DELLA DELIZIA CONTADINA, DEI LAVORI DI UNA VOLTA. AL SABATO DEL VILLAGGIO IL LABORATORIO COSMETICO E CURATIVO DI ESTER ANDRICH APPASSIONATA DI ERBE SPONTANEE E LORO UTILIZZO, E SOTTO AL TENDONE MEZZOGIORNO E SERA TUTTO PER SOLLETICARE IL PALATO SUL POSTO O PER ASPORTO. Ma voi sapete fare i canederli? TRANQUILLI&#8230; CI PENSA THOMAS A SOTTOGUDA DI ROCCA PIETORE Alle 21 sar\u00e0 ospite Luigi Fontana, figlio di Jmmi Fontana con un viaggio negli anni 60 e &#8217;70 tra grandi canzoni e aneddoti<\/p>\n<p>&nbsp;<\/p>\n<p>&nbsp;<\/p>\n<h2><span style=\"color: #ff0000;\">PROSSIMAMENTE&#8230;\u00a0<\/span><\/h2>\n<p>&nbsp;<\/p>\n<blockquote>\n<h3>INCONTRI D&#8217;AUTORE CON ARABBA FODOM TURISMO E COMUNE DI LIVINALLONGO<\/h3>\n<\/blockquote>\n<p>DI LORENZO SORATROI<\/p>\n<audio class=\"wp-audio-shortcode\" id=\"audio-347926-9\" preload=\"none\" style=\"width: 100%;\" controls=\"controls\"><source type=\"audio\/mpeg\" src=\"https:\/\/www.radiopiu.net\/wordpress\/wp-content\/uploads\/2023\/08\/LORENZO-16-AGOSTO-.mp3?_=9\" \/><a href=\"https:\/\/www.radiopiu.net\/wordpress\/wp-content\/uploads\/2023\/08\/LORENZO-16-AGOSTO-.mp3\">https:\/\/www.radiopiu.net\/wordpress\/wp-content\/uploads\/2023\/08\/LORENZO-16-AGOSTO-.mp3<\/a><\/audio>\n<h3><a class=\"dt-pswp-item\" href=\"https:\/\/www.radiopiu.net\/wordpress\/wp-content\/uploads\/2023\/08\/365110509_695435009289200_6383895512488748246_n.jpg\" data-dt-img-description=\"\" data-large_image_width=\"320\" data-large_image_height=\"453\"><img loading=\"lazy\" decoding=\"async\" class=\"wp-image-347179 alignleft\" src=\"https:\/\/www.radiopiu.net\/wordpress\/wp-content\/uploads\/2023\/08\/365110509_695435009289200_6383895512488748246_n-212x300.jpg\" alt=\"\" width=\"97\" height=\"137\" srcset=\"https:\/\/www.radiopiu.net\/wordpress\/wp-content\/uploads\/2023\/08\/365110509_695435009289200_6383895512488748246_n-212x300.jpg 212w, https:\/\/www.radiopiu.net\/wordpress\/wp-content\/uploads\/2023\/08\/365110509_695435009289200_6383895512488748246_n.jpg 320w\" sizes=\"auto, (max-width: 97px) 100vw, 97px\" \/><\/a><\/h3>\n<p>Dal 7 al 22 agosto, ad Arabba, IN SALA CONGRESSI CON INIZIO ALLE 20.45 \u201cIncontri d\u2019Autore\u201d, rassegna dedicata alla montagna. Chiacchierate con gli scrittori e momenti di approfondimento PER TUTTI. Partecipazione libera e gratuita. 16 agosto Mauro Corona PRESENTA &#8220;Le cinque porte &#8211; due nipoti e un nonno sui sentieri dei boschi&#8221;; 18 agosto Francesco Moser e la sua ultima pubblicazione &#8220;Franceso Moser Un uomo, Una Bicicletta&#8221;, serata allietata dai canti di montagna del Coro Fodom. 22 agosto Michil Costa con li libro &#8220;Futurismo&#8221; incontri d&#8217;autore, organizzazione ARABBA FODOM TURISMO E COMUNE DI LIVINALLONGO DEL COL DI LANA.<\/p>\n<p>&nbsp;<\/p>\n<p>&nbsp;<\/p>\n<p>&nbsp;<\/p>\n<hr \/>\n<p>&nbsp;<\/p>\n<p>&nbsp;<\/p>\n<div class=\"message spoilers-container\" dir=\"auto\">\n<div class=\"column\">\n<div class=\"message spoilers-container\" dir=\"auto\">\n<div class=\"column\">\n<p><a class=\"dt-pswp-item\" href=\"https:\/\/www.radiopiu.net\/wordpress\/wp-content\/uploads\/2023\/08\/362295170_695459682620066_1277742230332936989_n.jpg\" data-dt-img-description=\"\" data-large_image_width=\"960\" data-large_image_height=\"662\"><img loading=\"lazy\" decoding=\"async\" class=\"wp-image-347178 alignleft\" src=\"https:\/\/www.radiopiu.net\/wordpress\/wp-content\/uploads\/2023\/08\/362295170_695459682620066_1277742230332936989_n-300x207.jpg\" alt=\"\" width=\"199\" height=\"137\" srcset=\"https:\/\/www.radiopiu.net\/wordpress\/wp-content\/uploads\/2023\/08\/362295170_695459682620066_1277742230332936989_n-300x207.jpg 300w, https:\/\/www.radiopiu.net\/wordpress\/wp-content\/uploads\/2023\/08\/362295170_695459682620066_1277742230332936989_n-768x530.jpg 768w, https:\/\/www.radiopiu.net\/wordpress\/wp-content\/uploads\/2023\/08\/362295170_695459682620066_1277742230332936989_n.jpg 960w\" sizes=\"auto, (max-width: 199px) 100vw, 199px\" \/><\/a>GIOVEDI 17 AGOSTO ALLE 17.30 AL PARCO GIOCHI NEI PRESSI DELLE CHISA. evento gratuito. ORGANIZZA ARABBA FODOM TURISMO E COMUNE DI LIVINALLONGO. Paolo Zanarella porta il pianoforte a mezza coda fuori dai contesti abituali di spettacolo: \u201cIl pianista fuori posto\u201d Ad Arabba suoner\u00e0 dall&#8217;alto&#8230; sospeso. in caso di maltempo l&#8217;esibizione si svolger\u00e0 in sala congressi di Arabba.<\/p>\n<\/div>\n<\/div>\n<\/div>\n<\/div>\n<p>&nbsp;<\/p>\n<p>&nbsp;<\/p>\n<p>&nbsp;<\/p>\n<blockquote>\n<h3>OPERETTA A LORENZAGO<\/h3>\n<\/blockquote>\n<p><strong>LORENZAGO DI CADORE<\/strong> Sabato 19 agosto al Teatro Oratorio di Lorenzago andr\u00e0 in scena la commedia teatrale dal titolo &#8220;Operetta&#8221; con la compagnia teatrale Lavori In Corso. Ingresso libero con offerta.<\/p>\n<p>&nbsp;<\/p>\n<blockquote>\n<h3>COL IN FESTA!<\/h3>\n<\/blockquote>\n<p>SABATO 19 AGOSTO: ARTIGIANATO, ASSOCIAZIONI, GASTRONOMIA LOCALE, GIOCHI, MUSICA, MINI MANEGGIO AL PARCO GIOCHI. DAL MATTINO AL POMERIGGIO VISITE GUIDATE ALLA CESA DE JAN, PROVA DI MUNGITURA, TRA LE STORIE&#8230;DEL CANTASTORIE.<\/p>\n<p>ALLE 19 IL CONCERTO DEL CORO MUSICOL SULLA STRADA PER LA CHIESA<\/p>\n<p>COL IN FESTA, SABATO 19 AGOSTO, A COLLE SANTA LUCIA: ALLE 14,30 L CIANTON CULTURAL, DIBATTITO SU TEMI DI ATTUALITA&#8217;: LADINO, OLIMPIADI, TURISMO, I &#8220;Presso i magazzini comunali visite al distaccamento e al museo dei pompieri di Colle&#8221;<\/p>\n<p>&nbsp;<\/p>\n<p>&nbsp;<\/p>\n<blockquote>\n<h3>CONCERTI IN ALTA QUOTA CON &#8220;MELODIE NEL BOSCO, SUSSURRI TRA LE DOLOMITI&#8221;.<\/h3>\n<\/blockquote>\n<p><strong><a class=\"dt-pswp-item\" href=\"https:\/\/www.radiopiu.net\/wordpress\/wp-content\/uploads\/2018\/07\/Pota-l_Orso_Bosco-degli-Artisti.png\" data-dt-img-description=\"\" data-large_image_width=\"750\" data-large_image_height=\"534\"><img loading=\"lazy\" decoding=\"async\" class=\" wp-image-55065 alignleft\" src=\"https:\/\/www.radiopiu.net\/wordpress\/wp-content\/uploads\/2018\/07\/Pota-l_Orso_Bosco-degli-Artisti-300x214.png\" alt=\"\" width=\"199\" height=\"142\" srcset=\"https:\/\/www.radiopiu.net\/wordpress\/wp-content\/uploads\/2018\/07\/Pota-l_Orso_Bosco-degli-Artisti-300x214.png 300w, https:\/\/www.radiopiu.net\/wordpress\/wp-content\/uploads\/2018\/07\/Pota-l_Orso_Bosco-degli-Artisti.png 750w\" sizes=\"auto, (max-width: 199px) 100vw, 199px\" \/><\/a>FALCADE<\/strong>\u00a0 &#8220;Melodie nel Bosco, sussurri tra le Dolomiti&#8221;. Si chiama cos\u00ec il festival che porter\u00e0 quattro concerti a 2.000 metri di altitudine per far incontrare musica e natura al cospetto di vette come Mulaz e Focobon.\u00a0 A fare da teatro sar\u00e0 il Bosco degli Artisti di Falcade, galleria d\u2019arte a cielo aperto che sorge in localit\u00e0 Le Buse, nella Ski Area San Pellegrino. Concerti in programma alle 10:30.<\/p>\n<p>Sabato 26 agosto toccher\u00e0 a Emanuele Bastanzetti, da Bach a Kreisler &#8211; sinfonie di violino.<\/p>\n<p>&nbsp;<\/p>\n<p>&nbsp;<\/p>\n<p>&nbsp;<\/p>\n<blockquote>\n<h3>LA MOSTRA SU ALBINO LUCIANI<\/h3>\n<\/blockquote>\n<p><strong>CANALE D&#8217;AGORDO<\/strong> Dal 21 agosto al 1 settembre nella Chiesa Arcipretale di Canale D&#8217;Agordo sar\u00e0 visitabile la mostra &#8220;Albino Luciani &#8211; Il Papa Nostro&#8221;. Immaginette, stampe devozionali e foto da una collezione e ricerca in friuli a cura di Silvano Gianduzzo e Sebastiano Coadiutore<\/p>\n<p>&nbsp;<\/p>\n<blockquote>\n<h3>ESPERIENZA CULINARIA AL RIFUGIO AVERAU<\/h3>\n<\/blockquote>\n<p><strong>CORTINA<\/strong> Marted\u00ec 12 settembre, evento straordinario al Rifugio Averau. Gli chef di casa, Matteo e Stefano, della trattoria alla Cima di Valdobbiadene uniscono genio e bravura per un&#8217;esperienza unica &#8220;dalla laguna alle dolomiti&#8221;. Un percorso enogastronomico dal mare ai fiumi, dalle colline ai boschi del veneziano, trevigiano e bellunese fino alle cime di Cortina. Sar\u00e0 predisposto su prenotazione un servizio di trasporto in jeep dal rifugio Cinque Torri, raggiungibile in macchina dalla strada del passo Falzarego Per info e prenotazioni: 0436 4660<br \/>\nDALLA LAGUNA ALLE DOLOMITI, 12 SETTEMBRE AL RIFUGIO AVERAU<\/p>\n<p>&nbsp;<\/p>\n<hr \/>\n<p>&nbsp;<\/p>\n<blockquote>\n<h3>APERITIVO ? MA MAI SENZA MUSICA<\/h3>\n<\/blockquote>\n<p><a class=\"dt-pswp-item\" href=\"https:\/\/www.radiopiu.net\/wordpress\/wp-content\/uploads\/2023\/07\/d86dbc06-7161-49d4-b544-90770e85269f.jpg\" data-dt-img-description=\"\" data-large_image_width=\"1448\" data-large_image_height=\"2048\"><img loading=\"lazy\" decoding=\"async\" class=\" wp-image-342766 alignleft\" src=\"https:\/\/www.radiopiu.net\/wordpress\/wp-content\/uploads\/2023\/07\/d86dbc06-7161-49d4-b544-90770e85269f-212x300.jpg\" alt=\"\" width=\"133\" height=\"189\" srcset=\"https:\/\/www.radiopiu.net\/wordpress\/wp-content\/uploads\/2023\/07\/d86dbc06-7161-49d4-b544-90770e85269f-212x300.jpg 212w, https:\/\/www.radiopiu.net\/wordpress\/wp-content\/uploads\/2023\/07\/d86dbc06-7161-49d4-b544-90770e85269f-724x1024.jpg 724w, https:\/\/www.radiopiu.net\/wordpress\/wp-content\/uploads\/2023\/07\/d86dbc06-7161-49d4-b544-90770e85269f-768x1086.jpg 768w, https:\/\/www.radiopiu.net\/wordpress\/wp-content\/uploads\/2023\/07\/d86dbc06-7161-49d4-b544-90770e85269f-1086x1536.jpg 1086w, https:\/\/www.radiopiu.net\/wordpress\/wp-content\/uploads\/2023\/07\/d86dbc06-7161-49d4-b544-90770e85269f.jpg 1448w\" sizes=\"auto, (max-width: 133px) 100vw, 133px\" \/><\/a>Dimentica la routine, concediti un momento di relax e divertimento con amici e familiari. L&#8217;aperitivo in musica all&#8217;Hotel Stella Alpina in piazza a Falcade \u00e8 l&#8217;occasione perfetta per socializzare e creare ricordi preziosi.Ogni venerd\u00ec di luglio ed agosto, l&#8217;Hotel Stella Alpina vi accoglie per una serata di puro divertimento, dalle 18 alle 21. I\u00a0venerdi di luglio ed agosto allo Stella alpina, appuntamento con la buona musica e le specialit\u00e0 che sapranno deliziarvi il palato. INFO 0437 599046. <a class=\"moz-txt-link-abbreviated\" href=\"http:\/\/WWW.HOTEL\">WWW.HOTEL<\/a> STELLA ALPINA . COM<\/p>\n<p><b>DOMANI<\/b> MIORO IRISH BAND IN CONCERTO E CENA A BASE DI TAGLIATA DI MANZO BIO IRLANDESE<\/p>\n<p>&nbsp;<\/p>\n<p>&nbsp;<\/p>\n<p>&nbsp;<\/p>\n<p>&nbsp;<\/p>\n<hr \/>\n<p>&nbsp;<\/p>\n<blockquote>\n<h3><a class=\"dt-pswp-item\" href=\"https:\/\/www.radiopiu.net\/wordpress\/wp-content\/uploads\/2023\/08\/3a200dcf-986c-4cc8-9dd2-568798301511.jpg\" data-dt-img-description=\"\" data-large_image_width=\"1131\" data-large_image_height=\"1600\"><img loading=\"lazy\" decoding=\"async\" class=\" wp-image-347204 alignleft\" src=\"https:\/\/www.radiopiu.net\/wordpress\/wp-content\/uploads\/2023\/08\/3a200dcf-986c-4cc8-9dd2-568798301511-212x300.jpg\" alt=\"\" width=\"116\" height=\"164\" srcset=\"https:\/\/www.radiopiu.net\/wordpress\/wp-content\/uploads\/2023\/08\/3a200dcf-986c-4cc8-9dd2-568798301511-212x300.jpg 212w, https:\/\/www.radiopiu.net\/wordpress\/wp-content\/uploads\/2023\/08\/3a200dcf-986c-4cc8-9dd2-568798301511-724x1024.jpg 724w, https:\/\/www.radiopiu.net\/wordpress\/wp-content\/uploads\/2023\/08\/3a200dcf-986c-4cc8-9dd2-568798301511-768x1086.jpg 768w, https:\/\/www.radiopiu.net\/wordpress\/wp-content\/uploads\/2023\/08\/3a200dcf-986c-4cc8-9dd2-568798301511-1086x1536.jpg 1086w, https:\/\/www.radiopiu.net\/wordpress\/wp-content\/uploads\/2023\/08\/3a200dcf-986c-4cc8-9dd2-568798301511.jpg 1131w\" sizes=\"auto, (max-width: 116px) 100vw, 116px\" \/><\/a>LA 39ESIMA EDIZIONE DEL PALIO DEI CENTO<\/h3>\n<\/blockquote>\n<p><strong>AGORDO<\/strong> Sabato 19 e domenica 20 agosto il Broi di Agordo si animer\u00e0 con il Palio Dei Cento. Sabato mercatini artigianali, dalle 17 apertura del tendone e aperitivo con Morgan e Battaglia. Alle 18:30 la prima prova del palio con la corsa a staffetta e cena con lo spiedo di Livio. Domenica apertura del tendone alle 9 e a seguire la 28esima edizione del MiniPalio. Alle 12 pranzo con il paticcio di Mario e nel pomeriggio il via al Palio dei Cento. Alle 14:30 la parata delle squadre e le altre prove. Alle 19 cena con la porchetta di Firpo, musica con i Voyager e alle 22:30 il gran finale con i fuochi d&#8217;artificio.<\/p>\n<p>&nbsp;<\/p>\n<p>&nbsp;<\/p>\n<hr \/>\n<p>&nbsp;<\/p>\n<p>&nbsp;<\/p>\n<p>&nbsp;<\/p>\n<p><strong><a class=\"dt-pswp-item\" href=\"https:\/\/www.radiopiu.net\/wordpress\/wp-content\/uploads\/2023\/07\/362238350_780080964121139_3528425822730363745_n.jpg\" data-dt-img-description=\"\" data-large_image_width=\"960\" data-large_image_height=\"540\"><img loading=\"lazy\" decoding=\"async\" class=\"wp-image-346272 alignleft\" src=\"https:\/\/www.radiopiu.net\/wordpress\/wp-content\/uploads\/2023\/07\/362238350_780080964121139_3528425822730363745_n.jpg\" alt=\"\" width=\"295\" height=\"166\" srcset=\"https:\/\/www.radiopiu.net\/wordpress\/wp-content\/uploads\/2023\/07\/362238350_780080964121139_3528425822730363745_n.jpg 960w, https:\/\/www.radiopiu.net\/wordpress\/wp-content\/uploads\/2023\/07\/362238350_780080964121139_3528425822730363745_n-300x169.jpg 300w, https:\/\/www.radiopiu.net\/wordpress\/wp-content\/uploads\/2023\/07\/362238350_780080964121139_3528425822730363745_n-768x432.jpg 768w\" sizes=\"auto, (max-width: 295px) 100vw, 295px\" \/><\/a>ALLA RADIO <\/strong>15 AGOSTO&#8230; A MASARE&#8217; DI ALLEGHE SOTTO AL TENDONE IL FERRAGOSTO BIANCOROSSO edizione anniversario. ALLEGHE HOCKEY, 90 ANNI DOPO, CON LO STESSO ENTUSIASMO E LE STESSE EMOZIONI DI ALLORA. LA FESTA DI FERRAGOSTO DALLE 9.30 DEL MATTINO A NOTTE INOLTRATA.\u00a0 buon cibo con possibilit\u00e0 di asporto, giro del lago, giochi per grandi e piccini, magia ,Happy hour con frittura di calamari e alle 21:30 SUL PALCO IL NUOVO FRONTE DEL VASCO&#8230;.IL GRUPPO COVER DI VASCO ROSSI!!!!! IMPREDIBILE ALLEGHE HOCKEY: tutti insieme con e per le civette<\/p>\n<p>&nbsp;<\/p>\n<p>&nbsp;<\/p>\n<div class=\"message spoilers-container\" dir=\"auto\">\n<div class=\"column\">\n<div class=\"message spoilers-container\" dir=\"auto\">\n<div class=\"column\">\n<p><strong>Evento ecosostenibile e pet friendly<\/strong><\/p>\n<audio class=\"wp-audio-shortcode\" id=\"audio-347926-10\" preload=\"none\" style=\"width: 100%;\" controls=\"controls\"><source type=\"audio\/mpeg\" src=\"https:\/\/www.radiopiu.net\/wordpress\/wp-content\/uploads\/2023\/07\/alleghe-hockey-c.mp3?_=10\" \/><a href=\"https:\/\/www.radiopiu.net\/wordpress\/wp-content\/uploads\/2023\/07\/alleghe-hockey-c.mp3\">https:\/\/www.radiopiu.net\/wordpress\/wp-content\/uploads\/2023\/07\/alleghe-hockey-c.mp3<\/a><\/audio>\n<p>&nbsp;<\/p>\n<p><strong>L&#8217;INTERVISTA DI LUGLIO CON IL PRESIDENTE ADRIANO LEVIS, VICE PRESIDENTE MATHIAS LEVIS, EX GIOCATORE E COLLABORATORE DANIELE VEGGIATO,\u00a0 \u00a0FABIO COMINATO LOMBARDO INNAMORATO DELL&#8217;HOCKEY\u00a0 ED ERRO RAUSSE\u00a0<\/strong><\/p>\n<audio class=\"wp-audio-shortcode\" id=\"audio-347926-11\" preload=\"none\" style=\"width: 100%;\" controls=\"controls\"><source type=\"audio\/mpeg\" src=\"https:\/\/www.radiopiu.net\/wordpress\/wp-content\/uploads\/2023\/08\/ALLEGHE-HOCKEY-luglio.mp3?_=11\" \/><a href=\"https:\/\/www.radiopiu.net\/wordpress\/wp-content\/uploads\/2023\/08\/ALLEGHE-HOCKEY-luglio.mp3\">https:\/\/www.radiopiu.net\/wordpress\/wp-content\/uploads\/2023\/08\/ALLEGHE-HOCKEY-luglio.mp3<\/a><\/audio>\n<p>&nbsp;<\/p>\n<hr \/>\n<p>&nbsp;<\/p>\n<p><iframe loading=\"lazy\" title=\"LA SERA CON ALEX\" width=\"1200\" height=\"675\" src=\"https:\/\/www.youtube.com\/embed\/oXdQWnEGa30?feature=oembed\" frameborder=\"0\" allow=\"accelerometer; autoplay; clipboard-write; encrypted-media; gyroscope; picture-in-picture; web-share\" allowfullscreen><\/iframe><\/p>\n<hr \/>\n<p>&nbsp;<\/p>\n<p><img loading=\"lazy\" decoding=\"async\" class=\"aligncenter wp-image-61954 size-full\" src=\"https:\/\/www.radiopiu.net\/wordpress\/wp-content\/uploads\/2018\/09\/viabilita.jpeg\" sizes=\"auto, (max-width: 800px) 100vw, 800px\" srcset=\"https:\/\/www.radiopiu.net\/wordpress\/wp-content\/uploads\/2018\/09\/viabilita.jpeg 800w, https:\/\/www.radiopiu.net\/wordpress\/wp-content\/uploads\/2018\/09\/viabilita-300x38.jpeg 300w, https:\/\/www.radiopiu.net\/wordpress\/wp-content\/uploads\/2018\/09\/viabilita-768x96.jpeg 768w\" alt=\"\" width=\"800\" height=\"100\" \/><\/p>\n<\/div>\n<\/div>\n<div class=\"message spoilers-container\" dir=\"auto\">\n<div class=\"column\">\n<p>&nbsp;<\/p>\n<\/div>\n<\/div>\n<\/div>\n<\/div>\n<blockquote class=\"wp-embedded-content\" data-secret=\"kfNMUbSIcp\"><p><a href=\"https:\/\/www.radiopiu.net\/wordpress\/viabilita\/\">viabilita<\/a><\/p><\/blockquote>\n<p><iframe loading=\"lazy\" class=\"wp-embedded-content\" sandbox=\"allow-scripts\" security=\"restricted\" style=\"position: absolute; clip: rect(1px, 1px, 1px, 1px);\" title=\"&#8220;viabilita&#8221; &#8212; Radio Pi\u00f9\" src=\"https:\/\/www.radiopiu.net\/wordpress\/viabilita\/embed\/#?secret=svz5vglyBa#?secret=kfNMUbSIcp\" data-secret=\"kfNMUbSIcp\" width=\"600\" height=\"338\" frameborder=\"0\" marginwidth=\"0\" marginheight=\"0\" scrolling=\"no\"><\/iframe><\/p>\n<div class=\"message spoilers-container\" dir=\"auto\">\n<div class=\"column\">\n<div class=\"message spoilers-container\" dir=\"auto\">\n<div class=\"column\">\n<div>\n<div dir=\"ltr\">\n<div class=\"gmail_quote\">\n<div dir=\"ltr\">\n<div><\/div>\n<div><\/div>\n<div><\/div>\n<\/div>\n<\/div>\n<\/div>\n<\/div>\n<hr \/>\n<p>&nbsp;<\/p>\n<p><a class=\"dt-pswp-item\" href=\"https:\/\/www.radiopiu.net\/wordpress\/wp-content\/uploads\/2018\/09\/WhatsApp-Image-2018-09-20-at-16.04.06.jpeg\" data-dt-img-description=\"\" data-large_image_width=\"800\" data-large_image_height=\"100\"><img loading=\"lazy\" decoding=\"async\" class=\"wp-image-61378 size-full aligncenter\" src=\"https:\/\/www.radiopiu.net\/wordpress\/wp-content\/uploads\/2018\/09\/WhatsApp-Image-2018-09-20-at-16.04.06.jpeg\" alt=\"\" width=\"800\" height=\"100\" srcset=\"https:\/\/www.radiopiu.net\/wordpress\/wp-content\/uploads\/2018\/09\/WhatsApp-Image-2018-09-20-at-16.04.06.jpeg 800w, https:\/\/www.radiopiu.net\/wordpress\/wp-content\/uploads\/2018\/09\/WhatsApp-Image-2018-09-20-at-16.04.06-300x38.jpeg 300w, https:\/\/www.radiopiu.net\/wordpress\/wp-content\/uploads\/2018\/09\/WhatsApp-Image-2018-09-20-at-16.04.06-768x96.jpeg 768w\" sizes=\"auto, (max-width: 800px) 100vw, 800px\" \/><\/a><\/p>\n<\/div>\n<\/div>\n<div class=\"message spoilers-container\" dir=\"auto\">\n<p>&nbsp;<\/p>\n<p><center><b>OGGI<\/b><\/center>Tempo stabile e soleggiato specie al mattino con cielo generalmente sereno o poco nuvoloso, salvo risultare ancora parzialmente nuvoloso nelle ore fredde in alcune valli, specie nelle prime ore; nel pomeriggio modesti annuvolamenti irregolari a carattere cumuliforme con fenomeni pressoch\u00e8 assenti.<br \/>\n<b>Precipitazioni: <\/b>Generalmente assenti (0%), salvo qualche residuo piovasco nelle prime ore.<br \/>\n<b>Temperature: <\/b>In aumento soprattutto le massime, su valori normali o superiori di qualche grado.<\/p>\n<hr \/>\n<p><center><b>DOMANI<\/b><\/center>Tempo ancora stabile e soleggiato e senza fenomeni, salvo temporanei e innocui addensamenti cumuliformi a ridosso dei rilievi nelle ore calde.<br \/>\n<b>Precipitazioni: <\/b>Assenti<br \/>\n<b>Temperature: <\/b>In ulteriore lieve aumento con valori superiori alla norma di 2-4\u00b0C. Clima estivo.<\/p>\n<hr \/>\n<p><center><b>SABATO<\/b><\/center>Al mattino stabile e abbastanza soleggiato con graduale aumento della nuvolosit\u00e0 a carattere cumuliforme, tendente a divenire consistente dalle ore centrali e ad essere associata a qualche breve fenomeno sparso anche a carattere di rovescio o di temporale. Temperature senza notevoli variazioni o in lieve aumento le massime.<\/p>\n<hr \/>\n<p><center><b>DOMENICA<\/b><\/center>Al mattino tempo soleggiato, con graduale aumento della nuvolosit\u00e0 nel corso della giornata per una moderata attivit\u00e0 cumuliforme, associata ad addensamenti nuvolosi anche consistenti e a possibili fenomeni sparsi nel corso del pomeriggio\/sera, specie sulle Dolomiti. Temperature senza notevoli variazioni e superiori alla norma<\/p>\n<p>&nbsp;<\/p>\n<\/div>\n<div class=\"message spoilers-container\" dir=\"auto\">\n<hr \/>\n<p>&nbsp;<\/p>\n<p><img loading=\"lazy\" decoding=\"async\" class=\"wp-image-60761 size-full aligncenter\" src=\"https:\/\/www.radiopiu.net\/wordpress\/wp-content\/uploads\/2018\/09\/sport.jpg\" alt=\"\" width=\"800\" height=\"100\" srcset=\"https:\/\/www.radiopiu.net\/wordpress\/wp-content\/uploads\/2018\/09\/sport.jpg 800w, https:\/\/www.radiopiu.net\/wordpress\/wp-content\/uploads\/2018\/09\/sport-300x38.jpg 300w, https:\/\/www.radiopiu.net\/wordpress\/wp-content\/uploads\/2018\/09\/sport-768x96.jpg 768w\" sizes=\"auto, (max-width: 800px) 100vw, 800px\" \/><\/p>\n<p>&nbsp;<\/p>\n<\/div>\n\n\t\t\t<style type='text\/css'>\n\t\t\t\t#gallery-5 {\n\t\t\t\t\tmargin: auto;\n\t\t\t\t}\n\t\t\t\t#gallery-5 .gallery-item {\n\t\t\t\t\tfloat: left;\n\t\t\t\t\tmargin-top: 10px;\n\t\t\t\t\ttext-align: center;\n\t\t\t\t\twidth: 50%;\n\t\t\t\t}\n\t\t\t\t#gallery-5 img {\n\t\t\t\t\tborder: 2px solid #cfcfcf;\n\t\t\t\t}\n\t\t\t\t#gallery-5 .gallery-caption {\n\t\t\t\t\tmargin-left: 0;\n\t\t\t\t}\n\t\t\t\t\/* see gallery_shortcode() in wp-includes\/media.php *\/\n\t\t\t<\/style>\n\t\t<div id='gallery-5' class='dt-gallery-container gallery galleryid-347926 gallery-columns-2 gallery-size-thumbnail'><dl class='gallery-item'>\n\t\t\t\t<dt class='gallery-icon portrait'>\n\t\t\t\t\t<a class=\"rollover rollover-zoom dt-pswp-item\" title=\"cb3e84c7-6b7b-4086-b96b-e2b820cc0e41\" data-dt-img-description=\"\" data-large_image_width=\"1132\" data-large_image_height=\"1600\"href='https:\/\/www.radiopiu.net\/wordpress\/wp-content\/uploads\/2023\/07\/cb3e84c7-6b7b-4086-b96b-e2b820cc0e41.jpg'><img loading=\"lazy\" decoding=\"async\" width=\"150\" height=\"150\" src=\"https:\/\/www.radiopiu.net\/wordpress\/wp-content\/uploads\/2023\/07\/cb3e84c7-6b7b-4086-b96b-e2b820cc0e41-150x150.jpg\" class=\"attachment-thumbnail size-thumbnail\" alt=\"\" aria-describedby=\"gallery-5-345600\" \/><\/a>\n\t\t\t\t<\/dt>\n\t\t\t\t\t<dd class='wp-caption-text gallery-caption' id='gallery-5-345600'>\n\t\t\t\t\tVOLTAGO\n\t\t\t\t\t<\/dd><\/dl><dl class='gallery-item'>\n\t\t\t\t<dt class='gallery-icon portrait'>\n\t\t\t\t\t<a class=\"rollover rollover-zoom dt-pswp-item\" title=\"8d8ef44f-5625-4f28-9787-81bf41c07ccb\" data-dt-img-description=\"\" data-large_image_width=\"726\" data-large_image_height=\"1024\"href='https:\/\/www.radiopiu.net\/wordpress\/wp-content\/uploads\/2023\/08\/8d8ef44f-5625-4f28-9787-81bf41c07ccb.jpg'><img loading=\"lazy\" decoding=\"async\" width=\"150\" height=\"150\" src=\"https:\/\/www.radiopiu.net\/wordpress\/wp-content\/uploads\/2023\/08\/8d8ef44f-5625-4f28-9787-81bf41c07ccb-150x150.jpg\" class=\"attachment-thumbnail size-thumbnail\" alt=\"\" aria-describedby=\"gallery-5-347009\" \/><\/a>\n\t\t\t\t<\/dt>\n\t\t\t\t\t<dd class='wp-caption-text gallery-caption' id='gallery-5-347009'>\n\t\t\t\t\tFALCADE\n\t\t\t\t\t<\/dd><\/dl><br style=\"clear: both\" \/>\n\t\t\t<\/div>\n\n<p>&nbsp;<\/p>\n<p><span style=\"color: #0000ff;\"><strong>PALLAVOLO<\/strong><\/span><\/p>\n<blockquote>\n<h3>IL BELLUNO VOLLEY COMPLETA IL ROSTER CON L&#8217;ARRIVO DI ANTONACI<\/h3>\n<\/blockquote>\n<p><strong><a class=\"dt-pswp-item\" href=\"https:\/\/www.radiopiu.net\/wordpress\/wp-content\/uploads\/2023\/08\/98fb9f18-91eb-48cb-a1e9-9b8071ce3633.jpg\" data-dt-img-description=\"\" data-large_image_width=\"1365\" data-large_image_height=\"2048\"><img loading=\"lazy\" decoding=\"async\" class=\" wp-image-348005 alignleft\" src=\"https:\/\/www.radiopiu.net\/wordpress\/wp-content\/uploads\/2023\/08\/98fb9f18-91eb-48cb-a1e9-9b8071ce3633-200x300.jpg\" alt=\"\" width=\"108\" height=\"162\" srcset=\"https:\/\/www.radiopiu.net\/wordpress\/wp-content\/uploads\/2023\/08\/98fb9f18-91eb-48cb-a1e9-9b8071ce3633-200x300.jpg 200w, https:\/\/www.radiopiu.net\/wordpress\/wp-content\/uploads\/2023\/08\/98fb9f18-91eb-48cb-a1e9-9b8071ce3633-683x1024.jpg 683w, https:\/\/www.radiopiu.net\/wordpress\/wp-content\/uploads\/2023\/08\/98fb9f18-91eb-48cb-a1e9-9b8071ce3633-768x1152.jpg 768w, https:\/\/www.radiopiu.net\/wordpress\/wp-content\/uploads\/2023\/08\/98fb9f18-91eb-48cb-a1e9-9b8071ce3633-1024x1536.jpg 1024w, https:\/\/www.radiopiu.net\/wordpress\/wp-content\/uploads\/2023\/08\/98fb9f18-91eb-48cb-a1e9-9b8071ce3633.jpg 1365w\" sizes=\"auto, (max-width: 108px) 100vw, 108px\" \/><\/a>BELLUNO<\/strong> Il Belluno Volley chiude il suo roster per la prossima stagione con Piergiorgio Antonaci, centrale di 28 anni che arriva da San Giustino con grandi ambizioni.<\/p>\n<p><strong>di Daniele Dalvit<\/strong><\/p>\n<audio class=\"wp-audio-shortcode\" id=\"audio-347926-12\" preload=\"none\" style=\"width: 100%;\" controls=\"controls\"><source type=\"audio\/mpeg\" src=\"https:\/\/www.radiopiu.net\/wordpress\/wp-content\/uploads\/2023\/08\/DALVIT-Presentazione-centrale-Belluno-Volley-Antonaci.mp3?_=12\" \/><a href=\"https:\/\/www.radiopiu.net\/wordpress\/wp-content\/uploads\/2023\/08\/DALVIT-Presentazione-centrale-Belluno-Volley-Antonaci.mp3\">https:\/\/www.radiopiu.net\/wordpress\/wp-content\/uploads\/2023\/08\/DALVIT-Presentazione-centrale-Belluno-Volley-Antonaci.mp3<\/a><\/audio>\n<p>&nbsp;<\/p>\n<blockquote>\n<h2>DOMENICA IL GIRO PODISTICO DI FALCADE<\/h2>\n<\/blockquote>\n<p><strong><a class=\"dt-pswp-item\" href=\"https:\/\/www.radiopiu.net\/wordpress\/wp-content\/uploads\/2022\/08\/\u00a9EchidiAlessandroSogne-23-LA-PARTENZA-DEL-GIRO-PODISTICO.jpg\" data-dt-img-description=\"\" data-large_image_width=\"1300\" data-large_image_height=\"866\"><img loading=\"lazy\" decoding=\"async\" class=\" wp-image-292757 alignleft\" src=\"https:\/\/www.radiopiu.net\/wordpress\/wp-content\/uploads\/2022\/08\/\u00a9EchidiAlessandroSogne-23-LA-PARTENZA-DEL-GIRO-PODISTICO-300x200.jpg\" alt=\"\" width=\"165\" height=\"110\" srcset=\"https:\/\/www.radiopiu.net\/wordpress\/wp-content\/uploads\/2022\/08\/\u00a9EchidiAlessandroSogne-23-LA-PARTENZA-DEL-GIRO-PODISTICO-300x200.jpg 300w, https:\/\/www.radiopiu.net\/wordpress\/wp-content\/uploads\/2022\/08\/\u00a9EchidiAlessandroSogne-23-LA-PARTENZA-DEL-GIRO-PODISTICO-1024x682.jpg 1024w, https:\/\/www.radiopiu.net\/wordpress\/wp-content\/uploads\/2022\/08\/\u00a9EchidiAlessandroSogne-23-LA-PARTENZA-DEL-GIRO-PODISTICO-768x512.jpg 768w, https:\/\/www.radiopiu.net\/wordpress\/wp-content\/uploads\/2022\/08\/\u00a9EchidiAlessandroSogne-23-LA-PARTENZA-DEL-GIRO-PODISTICO.jpg 1300w\" sizes=\"auto, (max-width: 165px) 100vw, 165px\" \/><\/a>di Mirko Mezzacasa<\/strong><\/p>\n<p>OSPITE: Matteo Cagnati, presidente dello Sci Club Val Biois<\/p>\n<audio class=\"wp-audio-shortcode\" id=\"audio-347926-13\" preload=\"none\" style=\"width: 100%;\" controls=\"controls\"><source type=\"audio\/mpeg\" src=\"https:\/\/www.radiopiu.net\/wordpress\/wp-content\/uploads\/2023\/08\/MATTEO-CAGNATI-DOMENICA.mp3?_=13\" \/><a href=\"https:\/\/www.radiopiu.net\/wordpress\/wp-content\/uploads\/2023\/08\/MATTEO-CAGNATI-DOMENICA.mp3\">https:\/\/www.radiopiu.net\/wordpress\/wp-content\/uploads\/2023\/08\/MATTEO-CAGNATI-DOMENICA.mp3<\/a><\/audio>\n<p>&nbsp;<\/p>\n<p>Si rinnova domenica, 13 agosto, la tradizione del\u00a0Giro podistico di Falcade, evento proposto dallo Sci club Val Biois. La manifestazione, giunta all\u2019edizione numero 29, si svolger\u00e0 in abbinata con il Mini Giro podistico, corsa dedicata ai pi\u00f9 piccoli e giunta alla\u00a0<a href=\"http:\/\/20.ma\/\">20.ma<\/a> edizione. La partenza del Giro podistico verr\u00e0 data alle 18.50. Il percorso, di circa 6 chilometri, si snoder\u00e0 attraverso le vie del fondo valle di Falcade toccando le seguenti localit\u00e0: parcheggio Parco Giochi di Falcade , piazza Municipio, via degli Emigranti, , via Agostino Murer, cinema Dolomiti, corso Roma, via Maredane, laghetto l\u2019Aivaz, Parco Giochi Falcade, via Focobon, Camping Eden, piazzale al Molino, via Fontanelle, piazza Molino, via Fol, via Garibaldi, transito Col de Rif, via Caruo, passaggio albergo San Giusto, pista ciclabile, ed arrivo al Parco Giochi di Falcade. I primi 200 iscritti riceveranno una maglietta tecnica. Ad essere premiati saranno i primi dieci assoluti e le prime dieci assolute. Saranno inoltre premiati tutti gli atleti over 70 sia dell\u2019ambito maschile che di quello femminile. Le iscrizioni sono possibili sul sito\u00a0<a href=\"http:\/\/www.sportdolomiti.it\/\">www.sportdolomiti.it<\/a> oppure rivolgendosi all&#8217;ufficio turistico di Falcade. Saranno comunque possibili in loco il giorno della gara.\u00a0 Per quanto riguarda il\u00a0Mini Giro, la manifestazione \u00e8 riservata agli under 14 e si svolger\u00e0 a partire dalle 16 su un tracciato interamente pianeggiante ricavato sulla piana di Falcade, con distanze diverse a seconda della categoria di appartenenza. In palio ci sono una\u00a0 maglietta tecnica per i primi 300 iscritti, una medaglia per tutti i partecipanti e un ulteriore premio per i primi tre di ogni categoria. Anche in questo caso le iscrizioni sono possibili sul sito\u00a0<a href=\"http:\/\/www.sportdolomiti.it\/\">www.sportdolomiti.it<\/a>\u00a0oppure rivolgendosi all&#8217;ufficio turistico di Falcade o, ancora, in loco il giorno della gara.<\/p>\n<p>&nbsp;<\/p>\n<\/div>\n<\/div>\n","protected":false},"excerpt":{"rendered":"<p>40esimo di RADIOPIU\u2026. LA VOCE DELL\u2019EMOZIONE ISCRIVITI AL NOSTRO CANALE\u00a0\u00a0YOUTUBE PER SEGUIRE IN DIRETTA I PRINCIPALI PROGRAMMI DI RADIO PIU\u2019 E LE FUTURE DIRETTE IN ESTERNA. PER ISCRIVERTI\u00a0CLICCA QUI\u00a0E PREMI\u00a0 \u201cIscriviti\u201d \u00a0 L&#8217;ESTATE CON L&#8217;ASSOCIAZIONE BORGO DI SOTTOGUDA APPUNTAMENTI D&#8217;ESTATE CON L&#8217;ASSOCIAZIONE BORGO SOTTOGUDA. GODITI LA NOTTE DI SAN LORENZO OGGI DALLE 21.30 I DESIDERI&hellip;<\/p>\n","protected":false},"author":4,"featured_media":348017,"comment_status":"closed","ping_status":"closed","sticky":false,"template":"","format":"standard","meta":{"_monsterinsights_skip_tracking":false,"_monsterinsights_sitenote_active":false,"_monsterinsights_sitenote_note":"","_monsterinsights_sitenote_category":0,"footnotes":""},"categories":[51,86,49],"tags":[],"class_list":["post-347926","post","type-post","status-publish","format-standard","has-post-thumbnail","hentry","category-evidenza-top","category-gr","category-news-18","category-51","category-86","category-49","description-off"],"img_url":"https:\/\/www.radiopiu.net\/wordpress\/wp-content\/uploads\/2023\/08\/WhatsApp-Image-2023-08-08-at-20.40.001.jpeg","_links":{"self":[{"href":"https:\/\/www.radiopiu.net\/wordpress\/wp-json\/wp\/v2\/posts\/347926","targetHints":{"allow":["GET"]}}],"collection":[{"href":"https:\/\/www.radiopiu.net\/wordpress\/wp-json\/wp\/v2\/posts"}],"about":[{"href":"https:\/\/www.radiopiu.net\/wordpress\/wp-json\/wp\/v2\/types\/post"}],"author":[{"embeddable":true,"href":"https:\/\/www.radiopiu.net\/wordpress\/wp-json\/wp\/v2\/users\/4"}],"replies":[{"embeddable":true,"href":"https:\/\/www.radiopiu.net\/wordpress\/wp-json\/wp\/v2\/comments?post=347926"}],"version-history":[{"count":0,"href":"https:\/\/www.radiopiu.net\/wordpress\/wp-json\/wp\/v2\/posts\/347926\/revisions"}],"wp:featuredmedia":[{"embeddable":true,"href":"https:\/\/www.radiopiu.net\/wordpress\/wp-json\/wp\/v2\/media\/348017"}],"wp:attachment":[{"href":"https:\/\/www.radiopiu.net\/wordpress\/wp-json\/wp\/v2\/media?parent=347926"}],"wp:term":[{"taxonomy":"category","embeddable":true,"href":"https:\/\/www.radiopiu.net\/wordpress\/wp-json\/wp\/v2\/categories?post=347926"},{"taxonomy":"post_tag","embeddable":true,"href":"https:\/\/www.radiopiu.net\/wordpress\/wp-json\/wp\/v2\/tags?post=347926"}],"curies":[{"name":"wp","href":"https:\/\/api.w.org\/{rel}","templated":true}]}}