{"id":347947,"date":"2023-08-10T05:24:25","date_gmt":"2023-08-10T03:24:25","guid":{"rendered":"https:\/\/www.radiopiu.net\/wordpress\/?p=347947"},"modified":"2023-08-10T05:57:25","modified_gmt":"2023-08-10T03:57:25","slug":"agordo-secondo-appuntamento-con-il-mercatino-dell-antiquariato","status":"publish","type":"post","link":"https:\/\/www.radiopiu.net\/wordpress\/agordo-secondo-appuntamento-con-il-mercatino-dell-antiquariato\/","title":{"rendered":"AGORDO: SECONDO APPUNTAMENTO CON  IL MERCATINO DELL\u2019 ANTIQUARIATO"},"content":{"rendered":"<p><strong><a class=\"dt-pswp-item\" href=\"https:\/\/www.radiopiu.net\/wordpress\/wp-content\/uploads\/2023\/08\/Volantino-rotated.jpg\" data-dt-img-description=\"\" data-large_image_width=\"608\" data-large_image_height=\"863\"><img loading=\"lazy\" decoding=\"async\" class=\" wp-image-347948 alignleft\" src=\"https:\/\/www.radiopiu.net\/wordpress\/wp-content\/uploads\/2023\/08\/Volantino-211x300.jpg\" alt=\"\" width=\"142\" height=\"202\" srcset=\"https:\/\/www.radiopiu.net\/wordpress\/wp-content\/uploads\/2023\/08\/Volantino-211x300.jpg 211w, https:\/\/www.radiopiu.net\/wordpress\/wp-content\/uploads\/2023\/08\/Volantino-rotated.jpg 608w\" sizes=\"auto, (max-width: 142px) 100vw, 142px\" \/><\/a>di Giorgio Fontanive<\/strong><\/p>\n<p><strong>AGORDO<\/strong> Il primo appuntamento del Gruppo degli Amici dell\u2019Antiquariato nel capoluogo di vallata con una cinquantina di stalli occupati, ha confermato le previsioni degli organizzatori con un afflusso dei visitatori che ha ben superato le 1500 unit\u00e0; uno scenario attorno al Br\u00f3i favorito dalla meteo che ha espresso un cielo sereno per tutta giornata, addirittura senza alcun segnale di temporali in arrivo. Tali condizioni si auspicano nei prossimi mercatini di sabato 12 e sabato 26 agosto in cui si prevede anche un aumento della partecipazione di hobbisti e commercianti, perch\u00e9 l\u2019attrazione di Agordo ormai fa parte degli appuntamenti apprezzati, sostenuti da un\u2019accurata pubblicit\u00e0 via etere e cartellonistica stradale che altri eventi non prevedono. La presenza dei visitatori \u00e8 stata discontinua, come solitamente privilegiando la mattinata e il tardo pomeriggio per soddisfare la curiosit\u00e0 tra i banchi di oggettistica, materiali d\u2019epoca e vintage, piccolo antiquariato, modernariato, mobili, arte e collezionismo cartaceo, cartoline, dischi, libri, ceramiche e reperti vari che fanno la felicit\u00e0 dei collezionisti. Il tutto senza creare attriti con l\u2019apparato commerciale locale come segnalato da alcuni cittadini perch\u00e9 i mercatini dell\u2019antiquariato intendono promuovere la cultura dell\u2019oggetto antico e del riuso non sempre capito; sono esclusi inoltre gli articoli legati ai consueti mercati settimanali. Per i\u00a0 potenziali visitatori sar\u00e0 utile consultare anche il sito <a href=\"http:\/\/www.mercatinidelledolomiti.it\">www.mercatinidelledolomiti.it<\/a>.<\/p>\n<p>&nbsp;<\/p>\n<p>&nbsp;<\/p>\n<p>*******<\/p>\n","protected":false},"excerpt":{"rendered":"<p>di Giorgio Fontanive AGORDO Il primo appuntamento del Gruppo degli Amici dell\u2019Antiquariato nel capoluogo di vallata con una cinquantina di stalli occupati, ha confermato le previsioni degli organizzatori con un afflusso dei visitatori che ha ben superato le 1500 unit\u00e0; uno scenario attorno al Br\u00f3i favorito dalla meteo che ha espresso un cielo sereno per&hellip;<\/p>\n","protected":false},"author":4,"featured_media":347949,"comment_status":"closed","ping_status":"closed","sticky":false,"template":"","format":"standard","meta":{"_monsterinsights_skip_tracking":false,"_monsterinsights_sitenote_active":false,"_monsterinsights_sitenote_note":"","_monsterinsights_sitenote_category":0,"footnotes":""},"categories":[51,49],"tags":[],"class_list":["post-347947","post","type-post","status-publish","format-standard","has-post-thumbnail","hentry","category-evidenza-top","category-news-18","category-51","category-49","description-off"],"img_url":"https:\/\/www.radiopiu.net\/wordpress\/wp-content\/uploads\/2023\/08\/MERCATO-AGORDO-23.7.23-1.jpg","_links":{"self":[{"href":"https:\/\/www.radiopiu.net\/wordpress\/wp-json\/wp\/v2\/posts\/347947","targetHints":{"allow":["GET"]}}],"collection":[{"href":"https:\/\/www.radiopiu.net\/wordpress\/wp-json\/wp\/v2\/posts"}],"about":[{"href":"https:\/\/www.radiopiu.net\/wordpress\/wp-json\/wp\/v2\/types\/post"}],"author":[{"embeddable":true,"href":"https:\/\/www.radiopiu.net\/wordpress\/wp-json\/wp\/v2\/users\/4"}],"replies":[{"embeddable":true,"href":"https:\/\/www.radiopiu.net\/wordpress\/wp-json\/wp\/v2\/comments?post=347947"}],"version-history":[{"count":0,"href":"https:\/\/www.radiopiu.net\/wordpress\/wp-json\/wp\/v2\/posts\/347947\/revisions"}],"wp:featuredmedia":[{"embeddable":true,"href":"https:\/\/www.radiopiu.net\/wordpress\/wp-json\/wp\/v2\/media\/347949"}],"wp:attachment":[{"href":"https:\/\/www.radiopiu.net\/wordpress\/wp-json\/wp\/v2\/media?parent=347947"}],"wp:term":[{"taxonomy":"category","embeddable":true,"href":"https:\/\/www.radiopiu.net\/wordpress\/wp-json\/wp\/v2\/categories?post=347947"},{"taxonomy":"post_tag","embeddable":true,"href":"https:\/\/www.radiopiu.net\/wordpress\/wp-json\/wp\/v2\/tags?post=347947"}],"curies":[{"name":"wp","href":"https:\/\/api.w.org\/{rel}","templated":true}]}}