{"id":348053,"date":"2023-08-10T14:00:39","date_gmt":"2023-08-10T12:00:39","guid":{"rendered":"https:\/\/www.radiopiu.net\/wordpress\/?p=348053"},"modified":"2023-08-10T09:58:27","modified_gmt":"2023-08-10T07:58:27","slug":"riccardo-dellosbel-confermato-nel-roster-delle-civette","status":"publish","type":"post","link":"https:\/\/www.radiopiu.net\/wordpress\/riccardo-dellosbel-confermato-nel-roster-delle-civette\/","title":{"rendered":"RICCARDO DELL&#8217;OSBEL CONFERMATO NEL ROSTER DELLE CIVETTE"},"content":{"rendered":"<p><strong><a class=\"dt-pswp-item\" href=\"https:\/\/www.radiopiu.net\/wordpress\/wp-content\/uploads\/2023\/08\/3e1c9500-2ae4-4020-936f-014a1e5431b3.jpg\" data-dt-img-description=\"\" data-large_image_width=\"1024\" data-large_image_height=\"681\"><img loading=\"lazy\" decoding=\"async\" class=\" wp-image-348054 alignleft\" src=\"https:\/\/www.radiopiu.net\/wordpress\/wp-content\/uploads\/2023\/08\/3e1c9500-2ae4-4020-936f-014a1e5431b3-300x200.jpg\" alt=\"\" width=\"207\" height=\"138\" srcset=\"https:\/\/www.radiopiu.net\/wordpress\/wp-content\/uploads\/2023\/08\/3e1c9500-2ae4-4020-936f-014a1e5431b3-300x200.jpg 300w, https:\/\/www.radiopiu.net\/wordpress\/wp-content\/uploads\/2023\/08\/3e1c9500-2ae4-4020-936f-014a1e5431b3-768x511.jpg 768w, https:\/\/www.radiopiu.net\/wordpress\/wp-content\/uploads\/2023\/08\/3e1c9500-2ae4-4020-936f-014a1e5431b3.jpg 1024w\" sizes=\"auto, (max-width: 207px) 100vw, 207px\" \/><\/a>di Roberto Miana, Portavoce dell&#8217;Alleghe Hockey<\/strong><\/p>\n<p>Dagli uffici dell\u2019Alleghe Hockey arriva la conferma anche di RICCARDO DELL\u2019OSBEL. Riccardo, attaccante classe 2000 di La Valle Agordina, cresciuto nelle giovanili biancorosse, ha esordito in IHL nella stagione 2017\/2018 totalizzando in prima squadra 144 presenze. Purtroppo, a causa di un problema fisico alla spalla, palesatosi gi\u00e0 nella passata stagione, non potr\u00e0 dare il suo contributo alla causa biancorossa nella prima parte del campionato, ma, nonostante questo, non far\u00e0 mancare la sua disponibilit\u00e0. Questo quanto ci ha raccontato Riccardo: \u201cL\u2019anno scorso, gi\u00e0 da novembre, ho avuto dei problemi alla spalla, ho provato comunque a giocare ma ad inizio gennaio mi sono dovuto fermare, perch\u00e9 continuava ad uscirmi e a farmi male. La diagnosi dallo specialista purtroppo \u00e8 stata impietosa: legamento della spalla lesionato e quindi da operare. Per\u00f2, tra i tempi di attesa del dottore e il mio lavoro, sar\u00f2 operato solo ai primi di ottobre ed il decorso post-operatorio con la riabilitazione sar\u00e0 di almeno 2\/3 mesi. Al momento non so ancora esattamente quando potr\u00f2 tornare sul ghiaccio, ma far\u00f2 del mio meglio per tornare il prima possibile ad aiutare i miei compagni. La Societ\u00e0 sta facendo un grande lavoro per allestire la squadra e mi dispiacerebbe molto non far parte di questo progetto\u201d<\/p>\n<p>(foto: Annalisa Dal Mas)<\/p>\n<p>&nbsp;<\/p>\n<p>&nbsp;<\/p>\n<p>******<\/p>\n","protected":false},"excerpt":{"rendered":"<p>di Roberto Miana, Portavoce dell&#8217;Alleghe Hockey Dagli uffici dell\u2019Alleghe Hockey arriva la conferma anche di RICCARDO DELL\u2019OSBEL. Riccardo, attaccante classe 2000 di La Valle Agordina, cresciuto nelle giovanili biancorosse, ha esordito in IHL nella stagione 2017\/2018 totalizzando in prima squadra 144 presenze. Purtroppo, a causa di un problema fisico alla spalla, palesatosi gi\u00e0 nella passata&hellip;<\/p>\n","protected":false},"author":4,"featured_media":348054,"comment_status":"closed","ping_status":"closed","sticky":false,"template":"","format":"standard","meta":{"_monsterinsights_skip_tracking":false,"_monsterinsights_sitenote_active":false,"_monsterinsights_sitenote_note":"","_monsterinsights_sitenote_category":0,"footnotes":""},"categories":[49],"tags":[],"class_list":["post-348053","post","type-post","status-publish","format-standard","has-post-thumbnail","hentry","category-news-18","category-49","description-off"],"img_url":"https:\/\/www.radiopiu.net\/wordpress\/wp-content\/uploads\/2023\/08\/3e1c9500-2ae4-4020-936f-014a1e5431b3.jpg","_links":{"self":[{"href":"https:\/\/www.radiopiu.net\/wordpress\/wp-json\/wp\/v2\/posts\/348053","targetHints":{"allow":["GET"]}}],"collection":[{"href":"https:\/\/www.radiopiu.net\/wordpress\/wp-json\/wp\/v2\/posts"}],"about":[{"href":"https:\/\/www.radiopiu.net\/wordpress\/wp-json\/wp\/v2\/types\/post"}],"author":[{"embeddable":true,"href":"https:\/\/www.radiopiu.net\/wordpress\/wp-json\/wp\/v2\/users\/4"}],"replies":[{"embeddable":true,"href":"https:\/\/www.radiopiu.net\/wordpress\/wp-json\/wp\/v2\/comments?post=348053"}],"version-history":[{"count":0,"href":"https:\/\/www.radiopiu.net\/wordpress\/wp-json\/wp\/v2\/posts\/348053\/revisions"}],"wp:featuredmedia":[{"embeddable":true,"href":"https:\/\/www.radiopiu.net\/wordpress\/wp-json\/wp\/v2\/media\/348054"}],"wp:attachment":[{"href":"https:\/\/www.radiopiu.net\/wordpress\/wp-json\/wp\/v2\/media?parent=348053"}],"wp:term":[{"taxonomy":"category","embeddable":true,"href":"https:\/\/www.radiopiu.net\/wordpress\/wp-json\/wp\/v2\/categories?post=348053"},{"taxonomy":"post_tag","embeddable":true,"href":"https:\/\/www.radiopiu.net\/wordpress\/wp-json\/wp\/v2\/tags?post=348053"}],"curies":[{"name":"wp","href":"https:\/\/api.w.org\/{rel}","templated":true}]}}