{"id":348081,"date":"2023-08-10T11:12:40","date_gmt":"2023-08-10T09:12:40","guid":{"rendered":"https:\/\/www.radiopiu.net\/wordpress\/?p=348081"},"modified":"2023-08-10T11:12:40","modified_gmt":"2023-08-10T09:12:40","slug":"benvenuto-riccardo-tanti-auguri-a-papa-gianni-e-mamma-sara","status":"publish","type":"post","link":"https:\/\/www.radiopiu.net\/wordpress\/benvenuto-riccardo-tanti-auguri-a-papa-gianni-e-mamma-sara\/","title":{"rendered":"BENVENUTO RICCARDO! TANTI AUGURI A PAPA&#8217; GIANNI E MAMMA SARA"},"content":{"rendered":"<p><strong><a class=\"dt-pswp-item\" href=\"https:\/\/www.radiopiu.net\/wordpress\/wp-content\/uploads\/2023\/08\/nascita.jpeg\" data-dt-img-description=\"\" data-large_image_width=\"1008\" data-large_image_height=\"648\"><img loading=\"lazy\" decoding=\"async\" class=\" wp-image-348092 alignleft\" src=\"https:\/\/www.radiopiu.net\/wordpress\/wp-content\/uploads\/2023\/08\/nascita-300x193.jpeg\" alt=\"\" width=\"241\" height=\"155\" srcset=\"https:\/\/www.radiopiu.net\/wordpress\/wp-content\/uploads\/2023\/08\/nascita-300x193.jpeg 300w, https:\/\/www.radiopiu.net\/wordpress\/wp-content\/uploads\/2023\/08\/nascita-768x494.jpeg 768w, https:\/\/www.radiopiu.net\/wordpress\/wp-content\/uploads\/2023\/08\/nascita.jpeg 1008w\" sizes=\"auto, (max-width: 241px) 100vw, 241px\" \/><\/a> <\/strong><\/p>\n<p><strong>\u00a0<\/strong><\/p>\n<p><strong>REDAZIONE<\/strong> Questa mattina poco prima delle nove \u00e8 nato Riccardo. A comunicarcelo \u00e8 stato il pap\u00e0 Gianni Santomaso, collaboratore di Radio Pi\u00f9 e del Corriere Delle Alpi. A Vallada quindi c&#8217;\u00e8 un nuovo bambino. Complimenti a Gianni e soprattutto a Sara per l&#8217;arrivo di Riccardo. Tanti auguri per questa nuova vita tra voi&#8230;da tutta la redazione di Radio Piu&#8217;.<\/p>\n<p>&nbsp;<\/p>\n<p>&nbsp;<\/p>\n<p>&nbsp;<\/p>\n<p>********<\/p>\n","protected":false},"excerpt":{"rendered":"<p>\u00a0 REDAZIONE Questa mattina poco prima delle nove \u00e8 nato Riccardo. A comunicarcelo \u00e8 stato il pap\u00e0 Gianni Santomaso, collaboratore di Radio Pi\u00f9 e del Corriere Delle Alpi. A Vallada quindi c&#8217;\u00e8 un nuovo bambino. Complimenti a Gianni e soprattutto a Sara per l&#8217;arrivo di Riccardo. Tanti auguri per questa nuova vita tra voi&#8230;da tutta&hellip;<\/p>\n","protected":false},"author":4,"featured_media":348092,"comment_status":"closed","ping_status":"closed","sticky":false,"template":"","format":"standard","meta":{"_monsterinsights_skip_tracking":false,"_monsterinsights_sitenote_active":false,"_monsterinsights_sitenote_note":"","_monsterinsights_sitenote_category":0,"footnotes":""},"categories":[49],"tags":[],"class_list":["post-348081","post","type-post","status-publish","format-standard","has-post-thumbnail","hentry","category-news-18","category-49","description-off"],"img_url":"https:\/\/www.radiopiu.net\/wordpress\/wp-content\/uploads\/2023\/08\/nascita.jpeg","_links":{"self":[{"href":"https:\/\/www.radiopiu.net\/wordpress\/wp-json\/wp\/v2\/posts\/348081","targetHints":{"allow":["GET"]}}],"collection":[{"href":"https:\/\/www.radiopiu.net\/wordpress\/wp-json\/wp\/v2\/posts"}],"about":[{"href":"https:\/\/www.radiopiu.net\/wordpress\/wp-json\/wp\/v2\/types\/post"}],"author":[{"embeddable":true,"href":"https:\/\/www.radiopiu.net\/wordpress\/wp-json\/wp\/v2\/users\/4"}],"replies":[{"embeddable":true,"href":"https:\/\/www.radiopiu.net\/wordpress\/wp-json\/wp\/v2\/comments?post=348081"}],"version-history":[{"count":0,"href":"https:\/\/www.radiopiu.net\/wordpress\/wp-json\/wp\/v2\/posts\/348081\/revisions"}],"wp:featuredmedia":[{"embeddable":true,"href":"https:\/\/www.radiopiu.net\/wordpress\/wp-json\/wp\/v2\/media\/348092"}],"wp:attachment":[{"href":"https:\/\/www.radiopiu.net\/wordpress\/wp-json\/wp\/v2\/media?parent=348081"}],"wp:term":[{"taxonomy":"category","embeddable":true,"href":"https:\/\/www.radiopiu.net\/wordpress\/wp-json\/wp\/v2\/categories?post=348081"},{"taxonomy":"post_tag","embeddable":true,"href":"https:\/\/www.radiopiu.net\/wordpress\/wp-json\/wp\/v2\/tags?post=348081"}],"curies":[{"name":"wp","href":"https:\/\/api.w.org\/{rel}","templated":true}]}}