{"id":348095,"date":"2023-08-10T11:47:59","date_gmt":"2023-08-10T09:47:59","guid":{"rendered":"https:\/\/www.radiopiu.net\/wordpress\/?p=348095"},"modified":"2023-08-11T06:01:15","modified_gmt":"2023-08-11T04:01:15","slug":"i-runners-di-corrinsieme-colorano-le-strade-di-agordo-e-taibon","status":"publish","type":"post","link":"https:\/\/www.radiopiu.net\/wordpress\/i-runners-di-corrinsieme-colorano-le-strade-di-agordo-e-taibon\/","title":{"rendered":"I RUNNERS DI CORRINSIEME COLORANO LE STRADE DI AGORDO E TAIBON"},"content":{"rendered":"<p><strong>AGORDO <\/strong>Nella serata di mercoled\u00ec le strade da Agordo a Taibon sono state colorate dai runners del gruppo Corrinsieme, che hanno percorso le vie del centro cittadino e della ciclabile che collega i due paesi. Quello di ieri \u00e8 stato il terzo appuntamento del gruppo con l\u2019agordino: il primo si \u00e8 svolto nell\u2019agosto del 2021 e successivamente riproposto, visto il successo, anche a luglio 2022. Al termine della corsa l\u2019area pic-nic a fianco dei campi da tennis \u00e8 stata splendido teatro naturale del terzo tempo, abitudine consolidata del gruppo, ricalcata dal mondo del rugby che rappresenta il tradizionale incontro post attivit\u00e0 fisica dedicato alla socializzazione ed alla condivisione (al buon mangiare e bere). Corrinsieme \u00e8 una community di runners bellunesi, nata nel 2016 per condividere la passione della corsa attraverso ritrovi settimanali itineranti dalla primavera all\u2019autunno in tutta la provincia. Non \u00e8 una squadra, ma un gruppo di amici che condividono una passione. I ritrovi non sono allenamenti, il cronometro si lascia a casa e si corre per un\u2019oretta in compagnia al ritmo del pi\u00f9 lento. Due gruppi, bradipi e tartarughe, due ritmi. Un unico cuore. Tutti sono ben accetti. Prossimi appuntamenti: gioved\u00ec 17 a Bes, marted\u00ec 22 a Zoldo e marted\u00ec 29 in Neveg\u00e0l. Per conoscere il calendario delle attivit\u00e0 e partecipare \u00e8 sufficiente seguire la pagina Facebook della community \u201cCorrinsieme Belluno\u201d.<\/p>\n\n\t\t\t<style type='text\/css'>\n\t\t\t\t#gallery-1 {\n\t\t\t\t\tmargin: auto;\n\t\t\t\t}\n\t\t\t\t#gallery-1 .gallery-item {\n\t\t\t\t\tfloat: left;\n\t\t\t\t\tmargin-top: 10px;\n\t\t\t\t\ttext-align: center;\n\t\t\t\t\twidth: 33%;\n\t\t\t\t}\n\t\t\t\t#gallery-1 img {\n\t\t\t\t\tborder: 2px solid #cfcfcf;\n\t\t\t\t}\n\t\t\t\t#gallery-1 .gallery-caption {\n\t\t\t\t\tmargin-left: 0;\n\t\t\t\t}\n\t\t\t\t\/* see gallery_shortcode() in wp-includes\/media.php *\/\n\t\t\t<\/style>\n\t\t<div id='gallery-1' class='dt-gallery-container gallery galleryid-348095 gallery-columns-3 gallery-size-thumbnail'><dl class='gallery-item'>\n\t\t\t\t<dt class='gallery-icon landscape'>\n\t\t\t\t\t<a class=\"rollover rollover-zoom dt-pswp-item\" title=\"abc7178b-0536-4da4-8b58-0f2c4cf914d9\" data-dt-img-description=\"\" data-large_image_width=\"1024\" data-large_image_height=\"768\"href='https:\/\/www.radiopiu.net\/wordpress\/wp-content\/uploads\/2023\/08\/abc7178b-0536-4da4-8b58-0f2c4cf914d9.jpg'><img loading=\"lazy\" decoding=\"async\" width=\"150\" height=\"150\" src=\"https:\/\/www.radiopiu.net\/wordpress\/wp-content\/uploads\/2023\/08\/abc7178b-0536-4da4-8b58-0f2c4cf914d9-150x150.jpg\" class=\"attachment-thumbnail size-thumbnail\" alt=\"\" \/><\/a>\n\t\t\t\t<\/dt><\/dl><dl class='gallery-item'>\n\t\t\t\t<dt class='gallery-icon landscape'>\n\t\t\t\t\t<a class=\"rollover rollover-zoom dt-pswp-item\" title=\"c5d6cfdb-33c6-4c19-8944-44537b4fdee6\" data-dt-img-description=\"\" data-large_image_width=\"1024\" data-large_image_height=\"768\"href='https:\/\/www.radiopiu.net\/wordpress\/wp-content\/uploads\/2023\/08\/c5d6cfdb-33c6-4c19-8944-44537b4fdee6.jpg'><img loading=\"lazy\" decoding=\"async\" width=\"150\" height=\"150\" src=\"https:\/\/www.radiopiu.net\/wordpress\/wp-content\/uploads\/2023\/08\/c5d6cfdb-33c6-4c19-8944-44537b4fdee6-150x150.jpg\" class=\"attachment-thumbnail size-thumbnail\" alt=\"\" \/><\/a>\n\t\t\t\t<\/dt><\/dl><dl class='gallery-item'>\n\t\t\t\t<dt class='gallery-icon landscape'>\n\t\t\t\t\t<a class=\"rollover rollover-zoom dt-pswp-item\" title=\"e58c086e-1e54-4f7b-95ef-37cbec653ed0\" data-dt-img-description=\"\" data-large_image_width=\"1024\" data-large_image_height=\"768\"href='https:\/\/www.radiopiu.net\/wordpress\/wp-content\/uploads\/2023\/08\/e58c086e-1e54-4f7b-95ef-37cbec653ed0.jpg'><img loading=\"lazy\" decoding=\"async\" width=\"150\" height=\"150\" src=\"https:\/\/www.radiopiu.net\/wordpress\/wp-content\/uploads\/2023\/08\/e58c086e-1e54-4f7b-95ef-37cbec653ed0-150x150.jpg\" class=\"attachment-thumbnail size-thumbnail\" alt=\"\" \/><\/a>\n\t\t\t\t<\/dt><\/dl><br style=\"clear: both\" \/>\n\t\t\t<\/div>\n\n<p>&nbsp;<\/p>\n<p>&nbsp;<\/p>\n<p>*******<\/p>\n","protected":false},"excerpt":{"rendered":"<p>AGORDO Nella serata di mercoled\u00ec le strade da Agordo a Taibon sono state colorate dai runners del gruppo Corrinsieme, che hanno percorso le vie del centro cittadino e della ciclabile che collega i due paesi. Quello di ieri \u00e8 stato il terzo appuntamento del gruppo con l\u2019agordino: il primo si \u00e8 svolto nell\u2019agosto del 2021&hellip;<\/p>\n","protected":false},"author":4,"featured_media":348096,"comment_status":"closed","ping_status":"closed","sticky":false,"template":"","format":"standard","meta":{"_monsterinsights_skip_tracking":false,"_monsterinsights_sitenote_active":false,"_monsterinsights_sitenote_note":"","_monsterinsights_sitenote_category":0,"footnotes":""},"categories":[104,49],"tags":[],"class_list":["post-348095","post","type-post","status-publish","format-standard","has-post-thumbnail","hentry","category-evidenza_3","category-news-18","category-104","category-49","description-off"],"img_url":"https:\/\/www.radiopiu.net\/wordpress\/wp-content\/uploads\/2023\/08\/abc7178b-0536-4da4-8b58-0f2c4cf914d9.jpg","_links":{"self":[{"href":"https:\/\/www.radiopiu.net\/wordpress\/wp-json\/wp\/v2\/posts\/348095","targetHints":{"allow":["GET"]}}],"collection":[{"href":"https:\/\/www.radiopiu.net\/wordpress\/wp-json\/wp\/v2\/posts"}],"about":[{"href":"https:\/\/www.radiopiu.net\/wordpress\/wp-json\/wp\/v2\/types\/post"}],"author":[{"embeddable":true,"href":"https:\/\/www.radiopiu.net\/wordpress\/wp-json\/wp\/v2\/users\/4"}],"replies":[{"embeddable":true,"href":"https:\/\/www.radiopiu.net\/wordpress\/wp-json\/wp\/v2\/comments?post=348095"}],"version-history":[{"count":0,"href":"https:\/\/www.radiopiu.net\/wordpress\/wp-json\/wp\/v2\/posts\/348095\/revisions"}],"wp:featuredmedia":[{"embeddable":true,"href":"https:\/\/www.radiopiu.net\/wordpress\/wp-json\/wp\/v2\/media\/348096"}],"wp:attachment":[{"href":"https:\/\/www.radiopiu.net\/wordpress\/wp-json\/wp\/v2\/media?parent=348095"}],"wp:term":[{"taxonomy":"category","embeddable":true,"href":"https:\/\/www.radiopiu.net\/wordpress\/wp-json\/wp\/v2\/categories?post=348095"},{"taxonomy":"post_tag","embeddable":true,"href":"https:\/\/www.radiopiu.net\/wordpress\/wp-json\/wp\/v2\/tags?post=348095"}],"curies":[{"name":"wp","href":"https:\/\/api.w.org\/{rel}","templated":true}]}}