{"id":348147,"date":"2023-08-11T09:42:50","date_gmt":"2023-08-11T07:42:50","guid":{"rendered":"https:\/\/www.radiopiu.net\/wordpress\/?p=348147"},"modified":"2023-08-12T05:23:52","modified_gmt":"2023-08-12T03:23:52","slug":"confermato-thomas-angoletta-nelle-file-dellalleghe-hockey","status":"publish","type":"post","link":"https:\/\/www.radiopiu.net\/wordpress\/confermato-thomas-angoletta-nelle-file-dellalleghe-hockey\/","title":{"rendered":"CONFERMATO THOMAS ANGOLETTA NELLE FILE DELL\u2019ALLEGHE HOCKEY"},"content":{"rendered":"<p><strong><a class=\"dt-pswp-item\" href=\"https:\/\/www.radiopiu.net\/wordpress\/wp-content\/uploads\/2023\/08\/00250cc2-2c2b-443f-ad3a-d6abef63386f.jpg\" data-dt-img-description=\"\" data-large_image_width=\"1024\" data-large_image_height=\"682\"><img loading=\"lazy\" decoding=\"async\" class=\" wp-image-348175 alignleft\" src=\"https:\/\/www.radiopiu.net\/wordpress\/wp-content\/uploads\/2023\/08\/00250cc2-2c2b-443f-ad3a-d6abef63386f-300x200.jpg\" alt=\"\" width=\"182\" height=\"121\" srcset=\"https:\/\/www.radiopiu.net\/wordpress\/wp-content\/uploads\/2023\/08\/00250cc2-2c2b-443f-ad3a-d6abef63386f-300x200.jpg 300w, https:\/\/www.radiopiu.net\/wordpress\/wp-content\/uploads\/2023\/08\/00250cc2-2c2b-443f-ad3a-d6abef63386f-768x512.jpg 768w, https:\/\/www.radiopiu.net\/wordpress\/wp-content\/uploads\/2023\/08\/00250cc2-2c2b-443f-ad3a-d6abef63386f.jpg 1024w\" sizes=\"auto, (max-width: 182px) 100vw, 182px\" \/><\/a>di Roberto Miana, portavoce dell&#8217;Alleghe Hockey<\/strong><\/p>\n<p>Dalla sede di via Lungolago la Societ\u00e0 alleghese comunica la conferma nel proprio roster di THOMAS ANGOLETTA. Thomas, giovane difensore classe 2004 di Rivamonte, cresciuto nel vivaio agordino, fa parte della squadra senior biancorossa dalla stagione 2021\/2022, nella quale ha collezionato 45 presenze. Nato come attaccante si \u00e8 poi riscoperto difensore, con buone prestazioni evidenziate nella passata stagione. Cos\u00ec Thomas: &#8220;Vivendo a Rivamonte la distanza per allenarmi \u00e8 tanta, ma la voglia di tornare sul ghiaccio non mi manca di certo. Personalmente ero convinto di giocare anche quest&#8217;anno, ma fino a qualche settimana fa la stagione era in bilico e il nostro futuro incerto. Per questo ci tengo a dire che la Societ\u00e0 ha fatto un lavoro esemplare per permetterci di tornare e far vedere che l\u2019ALLEGHE HOCKEY non molla, anche dopo un campionato molto difficile come quello passato. Ho sempre giocato attaccante ma dallo scorso anno sono diventato difensore, in questo ruolo mi trovo pi\u00f9 a mio agio e sono riuscito ad inserirmi meglio nella squadra. Mi sento carico e pronto per affrontare la stagione e non vedo l&#8217;ora di potermi allenare con il nuovo gruppo. Ci stiamo preparando per poter arrivare ad inizio campionato nelle migliori condizioni e pronti per combattere ai piedi del Civetta\u201d<\/p>\n<p>(foto: Annalisa Dal Mas)<\/p>\n<p>&nbsp;<\/p>\n<p>&nbsp;<\/p>\n<p>********<\/p>\n","protected":false},"excerpt":{"rendered":"<p>di Roberto Miana, portavoce dell&#8217;Alleghe Hockey Dalla sede di via Lungolago la Societ\u00e0 alleghese comunica la conferma nel proprio roster di THOMAS ANGOLETTA. Thomas, giovane difensore classe 2004 di Rivamonte, cresciuto nel vivaio agordino, fa parte della squadra senior biancorossa dalla stagione 2021\/2022, nella quale ha collezionato 45 presenze. Nato come attaccante si \u00e8 poi&hellip;<\/p>\n","protected":false},"author":4,"featured_media":348175,"comment_status":"closed","ping_status":"closed","sticky":false,"template":"","format":"standard","meta":{"_monsterinsights_skip_tracking":false,"_monsterinsights_sitenote_active":false,"_monsterinsights_sitenote_note":"","_monsterinsights_sitenote_category":0,"footnotes":""},"categories":[104,49],"tags":[],"class_list":["post-348147","post","type-post","status-publish","format-standard","has-post-thumbnail","hentry","category-evidenza_3","category-news-18","category-104","category-49","description-off"],"img_url":"https:\/\/www.radiopiu.net\/wordpress\/wp-content\/uploads\/2023\/08\/00250cc2-2c2b-443f-ad3a-d6abef63386f.jpg","_links":{"self":[{"href":"https:\/\/www.radiopiu.net\/wordpress\/wp-json\/wp\/v2\/posts\/348147","targetHints":{"allow":["GET"]}}],"collection":[{"href":"https:\/\/www.radiopiu.net\/wordpress\/wp-json\/wp\/v2\/posts"}],"about":[{"href":"https:\/\/www.radiopiu.net\/wordpress\/wp-json\/wp\/v2\/types\/post"}],"author":[{"embeddable":true,"href":"https:\/\/www.radiopiu.net\/wordpress\/wp-json\/wp\/v2\/users\/4"}],"replies":[{"embeddable":true,"href":"https:\/\/www.radiopiu.net\/wordpress\/wp-json\/wp\/v2\/comments?post=348147"}],"version-history":[{"count":0,"href":"https:\/\/www.radiopiu.net\/wordpress\/wp-json\/wp\/v2\/posts\/348147\/revisions"}],"wp:featuredmedia":[{"embeddable":true,"href":"https:\/\/www.radiopiu.net\/wordpress\/wp-json\/wp\/v2\/media\/348175"}],"wp:attachment":[{"href":"https:\/\/www.radiopiu.net\/wordpress\/wp-json\/wp\/v2\/media?parent=348147"}],"wp:term":[{"taxonomy":"category","embeddable":true,"href":"https:\/\/www.radiopiu.net\/wordpress\/wp-json\/wp\/v2\/categories?post=348147"},{"taxonomy":"post_tag","embeddable":true,"href":"https:\/\/www.radiopiu.net\/wordpress\/wp-json\/wp\/v2\/tags?post=348147"}],"curies":[{"name":"wp","href":"https:\/\/api.w.org\/{rel}","templated":true}]}}