{"id":348155,"date":"2023-08-11T05:38:10","date_gmt":"2023-08-11T03:38:10","guid":{"rendered":"https:\/\/www.radiopiu.net\/wordpress\/?p=348155"},"modified":"2023-08-11T17:38:49","modified_gmt":"2023-08-11T15:38:49","slug":"incidente-mortale-sullautostrada-a27-giovane-di-26-anni-perde-la-vita","status":"publish","type":"post","link":"https:\/\/www.radiopiu.net\/wordpress\/incidente-mortale-sullautostrada-a27-giovane-di-26-anni-perde-la-vita\/","title":{"rendered":"Incidente Mortale sull&#8217;Autostrada A27: Giovane di 26 Anni Perde la Vita"},"content":{"rendered":"<blockquote>\n<h3><\/h3>\n<\/blockquote>\n<p><strong><a class=\"dt-pswp-item\" href=\"https:\/\/www.radiopiu.net\/wordpress\/wp-content\/uploads\/2023\/08\/Senza-nome-28.png\" data-dt-img-description=\"\" data-large_image_width=\"366\" data-large_image_height=\"231\"><img loading=\"lazy\" decoding=\"async\" class=\"size-medium wp-image-348154 alignleft\" src=\"https:\/\/www.radiopiu.net\/wordpress\/wp-content\/uploads\/2023\/08\/Senza-nome-28-300x189.png\" alt=\"\" width=\"300\" height=\"189\" srcset=\"https:\/\/www.radiopiu.net\/wordpress\/wp-content\/uploads\/2023\/08\/Senza-nome-28-300x189.png 300w, https:\/\/www.radiopiu.net\/wordpress\/wp-content\/uploads\/2023\/08\/Senza-nome-28.png 366w\" sizes=\"auto, (max-width: 300px) 100vw, 300px\" \/><\/a>VILLORBA<\/strong> &#8211; Una tragica serata ha segnato la notte di San Lorenzo\u00a0 lungo l&#8217;autostrada A27, all&#8217;altezza di Villorba, in direzione Belluno. Poco dopo le 21:30, una Renault Clio, con a bordo due giovani, \u00e8 stata coinvolta in un violento incidente che ha lasciato un giovane senza vita e un altro ferito. La vittima, identificata come G.L., un residente di 26 anni di Bassano del Grappa, viaggiava insieme a un amico sulla carreggiata in direzione Belluno. Improvvisamente, l&#8217;auto ha perso il controllo, sbandando violentemente e schiantandosi contro il guard rail di destra prima di ribaltarsi. Un altro automobilista che seguiva a distanza la Clio \u00e8 stato testimone dell&#8217;orribile incidente e ha prontamente lanciato l&#8217;allarme. Le squadre di soccorso di Treviso Emergenza sono state tempestivamente inviate sul luogo dell&#8217;incidente, con due ambulanze e un&#8217;unit\u00e0 medica. In soli quindici minuti, i soccorritori erano gi\u00e0 sul posto, presso il comune di Villorba. Nonostante gli sforzi dei soccorritori, il giovane G.L. \u00e8 stato dichiarato morto sulla scena. L&#8217;amico che lo accompagnava \u00e8 stato ferito nell&#8217;incidente e immediatamente trasportato in ospedale per ricevere cure mediche. Le autorit\u00e0 stanno attualmente indagando sulle cause dell&#8217;incidente per determinare cosa abbia portato alla perdita di controllo dell&#8217;auto.<\/p>\n<p><span style=\"color: #ff0000;\"><strong>foto\u00a0 CORRIERE DELLE ALPI<\/strong><\/span><\/p>\n<p>&nbsp;<\/p>\n<hr \/>\n<p>&nbsp;<\/p>\n","protected":false},"excerpt":{"rendered":"<p>VILLORBA &#8211; Una tragica serata ha segnato la notte di San Lorenzo\u00a0 lungo l&#8217;autostrada A27, all&#8217;altezza di Villorba, in direzione Belluno. Poco dopo le 21:30, una Renault Clio, con a bordo due giovani, \u00e8 stata coinvolta in un violento incidente che ha lasciato un giovane senza vita e un altro ferito. La vittima, identificata come&hellip;<\/p>\n","protected":false},"author":4,"featured_media":348154,"comment_status":"closed","ping_status":"closed","sticky":false,"template":"","format":"standard","meta":{"_monsterinsights_skip_tracking":false,"_monsterinsights_sitenote_active":false,"_monsterinsights_sitenote_note":"","_monsterinsights_sitenote_category":0,"footnotes":""},"categories":[51,49],"tags":[],"class_list":["post-348155","post","type-post","status-publish","format-standard","has-post-thumbnail","hentry","category-evidenza-top","category-news-18","category-51","category-49","description-off"],"img_url":"https:\/\/www.radiopiu.net\/wordpress\/wp-content\/uploads\/2023\/08\/Senza-nome-28.png","_links":{"self":[{"href":"https:\/\/www.radiopiu.net\/wordpress\/wp-json\/wp\/v2\/posts\/348155","targetHints":{"allow":["GET"]}}],"collection":[{"href":"https:\/\/www.radiopiu.net\/wordpress\/wp-json\/wp\/v2\/posts"}],"about":[{"href":"https:\/\/www.radiopiu.net\/wordpress\/wp-json\/wp\/v2\/types\/post"}],"author":[{"embeddable":true,"href":"https:\/\/www.radiopiu.net\/wordpress\/wp-json\/wp\/v2\/users\/4"}],"replies":[{"embeddable":true,"href":"https:\/\/www.radiopiu.net\/wordpress\/wp-json\/wp\/v2\/comments?post=348155"}],"version-history":[{"count":0,"href":"https:\/\/www.radiopiu.net\/wordpress\/wp-json\/wp\/v2\/posts\/348155\/revisions"}],"wp:featuredmedia":[{"embeddable":true,"href":"https:\/\/www.radiopiu.net\/wordpress\/wp-json\/wp\/v2\/media\/348154"}],"wp:attachment":[{"href":"https:\/\/www.radiopiu.net\/wordpress\/wp-json\/wp\/v2\/media?parent=348155"}],"wp:term":[{"taxonomy":"category","embeddable":true,"href":"https:\/\/www.radiopiu.net\/wordpress\/wp-json\/wp\/v2\/categories?post=348155"},{"taxonomy":"post_tag","embeddable":true,"href":"https:\/\/www.radiopiu.net\/wordpress\/wp-json\/wp\/v2\/tags?post=348155"}],"curies":[{"name":"wp","href":"https:\/\/api.w.org\/{rel}","templated":true}]}}