{"id":348177,"date":"2023-08-12T05:18:05","date_gmt":"2023-08-12T03:18:05","guid":{"rendered":"https:\/\/www.radiopiu.net\/wordpress\/?p=348177"},"modified":"2023-08-12T09:39:21","modified_gmt":"2023-08-12T07:39:21","slug":"giornale-radiopiu-12-agosto-2023-direttore-mirko-mezzacasada-40-anni-25-giugno-1983-25-giugno-2023","status":"publish","type":"post","link":"https:\/\/www.radiopiu.net\/wordpress\/giornale-radiopiu-12-agosto-2023-direttore-mirko-mezzacasada-40-anni-25-giugno-1983-25-giugno-2023\/","title":{"rendered":"GIORNALE RADIOPIU 12 AGOSTO 2023 DIRETTORE MIRKO MEZZACASA\u2026DA 40 ANNI 25 GIUGNO 1983-25 GIUGNO 2023"},"content":{"rendered":"<h2 style=\"text-align: left;\"><span style=\"color: #ff0000;\"><span style=\"vertical-align: inherit;\"><a class=\"dt-pswp-item\" href=\"https:\/\/www.radiopiu.net\/wordpress\/wp-content\/uploads\/2023\/04\/e0aad41d-951e-47b9-9fae-1a879a9bcb7e-1.jpg\" data-dt-img-description=\"\" data-large_image_width=\"1200\" data-large_image_height=\"1200\"><img loading=\"lazy\" decoding=\"async\" class=\"wp-image-333205 alignleft\" src=\"https:\/\/www.radiopiu.net\/wordpress\/wp-content\/uploads\/2023\/04\/e0aad41d-951e-47b9-9fae-1a879a9bcb7e-1-300x300.jpg\" alt=\"\" width=\"110\" height=\"110\" srcset=\"https:\/\/www.radiopiu.net\/wordpress\/wp-content\/uploads\/2023\/04\/e0aad41d-951e-47b9-9fae-1a879a9bcb7e-1-300x300.jpg 300w, https:\/\/www.radiopiu.net\/wordpress\/wp-content\/uploads\/2023\/04\/e0aad41d-951e-47b9-9fae-1a879a9bcb7e-1-1024x1024.jpg 1024w, https:\/\/www.radiopiu.net\/wordpress\/wp-content\/uploads\/2023\/04\/e0aad41d-951e-47b9-9fae-1a879a9bcb7e-1-150x150.jpg 150w, https:\/\/www.radiopiu.net\/wordpress\/wp-content\/uploads\/2023\/04\/e0aad41d-951e-47b9-9fae-1a879a9bcb7e-1-768x768.jpg 768w, https:\/\/www.radiopiu.net\/wordpress\/wp-content\/uploads\/2023\/04\/e0aad41d-951e-47b9-9fae-1a879a9bcb7e-1.jpg 1200w\" sizes=\"auto, (max-width: 110px) 100vw, 110px\" \/><\/a><\/span><\/span><\/h2>\n<h1 class=\"entry-title\">40esimo di RADIOPIU\u2026. LA VOCE DELL\u2019EMOZIONE<\/h1>\n<h2><span style=\"color: #ff0000;\">ISCRIVITI AL NOSTRO CANALE\u00a0\u00a0YOUTUBE PER SEGUIRE IN DIRETTA I PRINCIPALI PROGRAMMI DI RADIO PIU\u2019 E LE FUTURE DIRETTE IN ESTERNA. PER ISCRIVERTI\u00a0<a style=\"color: #ff0000;\" href=\"https:\/\/youtube.com\/@radiopiu1527\">CLICCA QUI\u00a0<\/a>E PREMI\u00a0 \u201cIscriviti\u201d<\/span><\/h2>\n<p>&nbsp;<\/p>\n<blockquote>\n<h3>UN SABATO DA BOLLINO NERO SULLE STRADE<\/h3>\n<\/blockquote>\n<p><a class=\"dt-pswp-item\" href=\"https:\/\/www.radiopiu.net\/wordpress\/wp-content\/uploads\/2020\/07\/Traffico_bassa.jpg\" data-dt-img-description=\"traffic jam or collapse with rows of cars and lorry at motorway autostrada road during rush hour\" data-large_image_width=\"630\" data-large_image_height=\"420\"><img loading=\"lazy\" decoding=\"async\" class=\"wp-image-148717 alignleft\" src=\"https:\/\/www.radiopiu.net\/wordpress\/wp-content\/uploads\/2020\/07\/Traffico_bassa-300x200.jpg\" alt=\"\" width=\"161\" height=\"107\" srcset=\"https:\/\/www.radiopiu.net\/wordpress\/wp-content\/uploads\/2020\/07\/Traffico_bassa-300x200.jpg 300w, https:\/\/www.radiopiu.net\/wordpress\/wp-content\/uploads\/2020\/07\/Traffico_bassa.jpg 630w\" sizes=\"auto, (max-width: 161px) 100vw, 161px\" \/><\/a>Secondo fine settimana di agosto con un sabato di bollino nero per le partenze del ponte di Ferragosto. In previsione dell\u2019aumento dei flussi veicolari nella mattinata di sabato 12 agosto Anas presidia la rete per mantenere fluida la circolazione: con il monitoraggio costante del personale, il pronto intervento in caso di criticit\u00e0 e la massima riduzione possibile del numero dei cantieri attivi lungo la rete stradale e autostradale di competenza. Oggi dalle 8 alle 22 e domani dalle 7.00 alle 22.00 \u00e8 in vigore il divieto di transito dei mezzi pesanti.<\/p>\n<p>&nbsp;<\/p>\n<p>&nbsp;<\/p>\n<blockquote><p><strong>\u00a0DAL TG DI ANTENNA 3, NOTIZIARIO BELLUNESE SUL CANALE 10 DEL DIGITALE TERRESTRE, IERI SERA EDIZIONE DELLE 19.30&#8242; DI FABIO FIORAVANZI. OGNI SERA ALLE 19.10 ASCOLTA LE ANTICIPAZIONI ALLA RADIO\u00a0<\/strong><\/p><\/blockquote>\n<p><iframe loading=\"lazy\" title=\"STRADE: SI PREANNUNCIA UN WEEKEND DA BOLLINO ROSSO | 11\/08\/2023\" width=\"1200\" height=\"675\" src=\"https:\/\/www.youtube.com\/embed\/Mga9QhFwXG4?start=1&#038;feature=oembed\" frameborder=\"0\" allow=\"accelerometer; autoplay; clipboard-write; encrypted-media; gyroscope; picture-in-picture; web-share\" allowfullscreen><\/iframe><\/p>\n<p>&nbsp;<\/p>\n<p>&nbsp;<\/p>\n<hr \/>\n<p>&nbsp;<\/p>\n<blockquote>\n<h3>ACQUA INQUINATA A LA VALLE E CENCENIGHE<\/h3>\n<\/blockquote>\n<p><strong>LA VALLE<\/strong> Gestione Servizi Pubblici informa che a LA VALLE AGORDINA nelle localit\u00e0 MUDA EST E AGRE l&#8217;acqua erogata dall&#8217;acquedotto non \u00e8 potabile e pu\u00f2 essere usata per scopi alimentari SOLO PREVIA bollitura. GSP ha, comunque, gi\u00e0 adottato le necessarie misure per la disinfezione dell&#8217;acqua presente nei serbatoi e nella rete idrica con l&#8217;aggiunta di cloro.<\/p>\n<p><strong>CENCENIGHE<\/strong> Anche a PRA&#8217; DI MEZZO a CENCENIGHE l&#8217;acqua erogata dall&#8217;acquedotto non \u00e8 potabile e pu\u00f2 essere usata per scopi alimentari SOLO PREVIA bollitura.<\/p>\n<p><strong>LIVINALLONGO <\/strong>Acqua inquinata anche nelle localit\u00e0 BRENTA e VARDA<\/p>\n<p>&nbsp;<\/p>\n<hr \/>\n<p>&nbsp;<\/p>\n<blockquote>\n<h3>QUATTRO INTERVENTI PER IL SUEM NELLA PRIMA PARTE DELLA GIORNATA<\/h3>\n<\/blockquote>\n<p><strong><a class=\"dt-pswp-item\" href=\"https:\/\/www.radiopiu.net\/wordpress\/wp-content\/uploads\/2023\/08\/suem.png\" data-dt-img-description=\"\" data-large_image_width=\"273\" data-large_image_height=\"127\"><img loading=\"lazy\" decoding=\"async\" class=\" wp-image-348238 alignleft\" src=\"https:\/\/www.radiopiu.net\/wordpress\/wp-content\/uploads\/2023\/08\/suem.png\" alt=\"\" width=\"187\" height=\"87\" \/><\/a>REDAZIONE<\/strong> Sono quattro gli interventi registrati nelle prime ore di ieri dal SUEM 118. In mattinata dopo le 9:30 la Croce Verde Val Biois \u00e8 intervenuta a Gares di Canale D&#8217;Agordo per soccorrere un ciclista che si era fatto male con la sua E-Bike. A mezzogiorno l&#8217;elicottero Falco \u00e8 stato inviato a Sappada per un&#8217;auto che aveva investito un pedone, elitrasportato all&#8217;Ospedale di Belluno un uomo di 82 anni. Falco 2 invece \u00e8 stato inviato sulla Marmolada dove un uomo di 43 anni di Roma ha chiesto aiuto per un trauma alla caviglia. Infine, sempre Falco 2 \u00e8 volato a Cortina per soccorrere quattro persone straniere che per fortuna sono state solo accompagnate al Rifugio Di Bona.<\/p>\n<p>&nbsp;<\/p>\n<p>&nbsp;<\/p>\n<hr \/>\n<p>&nbsp;<\/p>\n<blockquote>\n<h3>ELI-TAXY: VA IN MARMOLADA E SI INFORTUNA ALLA CAVIGLIA.<\/h3>\n<\/blockquote>\n<p><strong>CORTINA <\/strong>Ieri mattina verso le 8.30 una squadra del Soccorso alpino di Cortina ha raggiunto il Rifugio Son Forca per poi trasportare a valle un 64enne di Roma con un sospetto trauma al caviglia.<\/p>\n<p><strong>ROCCA PIETORE <\/strong>Attorno alle 12.40 Falco 2 \u00e8 volato in Marmolada, sul canale di avvicinamento alla Via Don Quixote, dove si trovava un alpinista infortunatosi alla caviglia in parete. Il 44enne di Roma era sull&#8217;8\u00b0 tiro della Via quando era volato facendosi male. Era quindi riuscito a calarsi fino alla base assieme alla compagna, corsa poi a chiedere aiuto poich\u00e9 l\u00ec non c&#8217;era copertura telefonica.<\/p>\n<p><strong>CORTINA <\/strong>Di seguito Falco 2 \u00e8 stato inviato sulla Ferrata di Punta Anna, in quanto una famiglia belga composta da nonno di 75 anni, figlio e due nipoti, non era pi\u00f9 in grado di proseguire per la stanchezza. Recuperati con il verricello, i 4 sono stati lasciati al Rifugio Dibona.<\/p>\n<p>&nbsp;<\/p>\n<p>&nbsp;<\/p>\n<hr \/>\n<p>&nbsp;<\/p>\n<blockquote>\n<h3>MULTE IN VENETO. I MENO MULTATI SONO I BELLUNESI<\/h3>\n<\/blockquote>\n<p><strong><a class=\"dt-pswp-item\" href=\"https:\/\/www.radiopiu.net\/wordpress\/wp-content\/uploads\/2023\/08\/Autovelox_c-Antonio-Nardelli_lr.jpg\" data-dt-img-description=\"\" data-large_image_width=\"500\" data-large_image_height=\"291\"><img loading=\"lazy\" decoding=\"async\" class=\" wp-image-348189 alignleft\" src=\"https:\/\/www.radiopiu.net\/wordpress\/wp-content\/uploads\/2023\/08\/Autovelox_c-Antonio-Nardelli_lr-300x175.jpg\" alt=\"\" width=\"163\" height=\"95\" srcset=\"https:\/\/www.radiopiu.net\/wordpress\/wp-content\/uploads\/2023\/08\/Autovelox_c-Antonio-Nardelli_lr-300x175.jpg 300w, https:\/\/www.radiopiu.net\/wordpress\/wp-content\/uploads\/2023\/08\/Autovelox_c-Antonio-Nardelli_lr.jpg 500w\" sizes=\"auto, (max-width: 163px) 100vw, 163px\" \/><\/a>MILANO <\/strong>Padovani e veronesi sono i guidatori pi\u00f9 multati del Veneto; il dato emerge dall\u2019analisi congiunta Facile.it realizzata esaminando i rendiconto dei proventi delle violazioni del Codice della Strada pubblicati dalle citt\u00e0 capoluogo di provincia venete*. Nel 2022 l\u2019importo complessivo raccolto nella regione supera i 51 milioni e mezzo di euro. Verona, con poco meno di 15 milioni e mezzo di euro, \u00e8 risultato essere il comune veneto che, nel 2022, ha incassato i maggiori proventi derivanti da sanzioni legate all&#8217;accertamento delle violazioni al Codice della Strada. Seguono nella graduatoria regionale Padova (quasi 13,8 milioni) e Venezia (9,2 milioni), mentre sul versante opposto della classifica troviamo Belluno, con 689mila euro, e \u2013 seppur a gran distanza \u2013 Rovigo (quasi 2,9 milioni).<\/p>\n<p>&nbsp;<\/p>\n<hr \/>\n<p>&nbsp;<\/p>\n<blockquote>\n<h2><strong>Inaugurato il Centro di Accoglienza a Lamon: Primi Cinque Richiedenti Asilo Accolti<\/strong><\/h2>\n<\/blockquote>\n<p>&nbsp;<\/p>\n<div class=\"flex-1 overflow-hidden\">\n<div class=\"react-scroll-to-bottom--css-gpnaz-79elbk h-full dark:bg-gray-800\">\n<div class=\"react-scroll-to-bottom--css-gpnaz-1n7m0yu\">\n<div class=\"flex flex-col text-sm dark:bg-gray-800\">\n<div class=\"group w-full text-token-text-primary border-b border-black\/10 dark:border-gray-900\/50 bg-gray-50 dark:bg-[#444654]\">\n<div class=\"flex p-4 gap-4 text-base md:gap-6 md:max-w-2xl lg:max-w-[38rem] xl:max-w-3xl md:py-6 lg:px-0 m-auto\">\n<div class=\"relative flex w-[calc(100%-50px)] flex-col gap-1 md:gap-3 lg:w-[calc(100%-115px)]\">\n<div class=\"flex flex-grow flex-col gap-3\">\n<div class=\"min-h-[20px] flex flex-col items-start gap-3 overflow-x-auto whitespace-pre-wrap break-words\">\n<div class=\"markdown prose w-full break-words dark:prose-invert light\">\n<p><strong><a class=\"dt-pswp-item\" href=\"https:\/\/www.radiopiu.net\/wordpress\/wp-content\/uploads\/2020\/04\/Lamon-4.jpg\" data-dt-img-description=\"\" data-large_image_width=\"1024\" data-large_image_height=\"768\"><img loading=\"lazy\" decoding=\"async\" class=\" wp-image-128216 alignleft\" src=\"https:\/\/www.radiopiu.net\/wordpress\/wp-content\/uploads\/2020\/04\/Lamon-4-300x225.jpg\" alt=\"\" width=\"224\" height=\"168\" srcset=\"https:\/\/www.radiopiu.net\/wordpress\/wp-content\/uploads\/2020\/04\/Lamon-4-300x225.jpg 300w, https:\/\/www.radiopiu.net\/wordpress\/wp-content\/uploads\/2020\/04\/Lamon-4-768x576.jpg 768w, https:\/\/www.radiopiu.net\/wordpress\/wp-content\/uploads\/2020\/04\/Lamon-4.jpg 1024w\" sizes=\"auto, (max-width: 224px) 100vw, 224px\" \/><\/a>LAMON<\/strong> Ieri \u00e8 stato inaugurato il nuovo centro di accoglienza per richiedenti asilo. Quattro giovani egiziani e un siriano, tutti con et\u00e0 comprese tra i 25 e i 30 anni, sono stati i primi ospiti a varcare la soglia di questa struttura, avviando cos\u00ec una nuova fase di integrazione e solidariet\u00e0. Il tardo pomeriggio di ieri ha visto l&#8217;arrivo dei cinque richiedenti asilo, che hanno immediatamente iniziato a prendere confidenza con i nuovi spazi che li ospiteranno durante il periodo di permanenza sull&#8217;altopiano. La comunit\u00e0 locale si \u00e8 mobilitata per accoglierli con calore, dimostrando un&#8217;apertura e una volont\u00e0 di aiutare che rispecchia i valori di accoglienza e umanit\u00e0. Il centro di accoglienza di Lamon rappresenta un passo importante nella gestione della crisi migratoria e nella promozione dell&#8217;integrazione. Il personale dedicato sar\u00e0 incaricato di fornire supporto ai nuovi arrivati, aiutandoli a superare le difficolt\u00e0 iniziali e a familiarizzare con la cultura e le consuetudini locali. L&#8217;obiettivo \u00e8 quello di creare un ambiente sicuro e accogliente, che possa favorire la costruzione di legami e relazioni positive tra la comunit\u00e0 ospitante e i richiedenti asilo.<\/p>\n<\/div>\n<\/div>\n<\/div>\n<div class=\"flex justify-between lg:block\">\n<div class=\"text-gray-400 flex self-end lg:self-center justify-center mt-2 gap-2 md:gap-3 lg:gap-1 lg:absolute lg:top-0 lg:translate-x-full lg:right-0 lg:mt-0 lg:pl-2 visible\"><\/div>\n<div><\/div>\n<\/div>\n<\/div>\n<\/div>\n<\/div>\n<p>&nbsp;<\/p>\n<\/div>\n<\/div>\n<\/div>\n<\/div>\n<hr \/>\n<p>&nbsp;<\/p>\n<blockquote>\n<h2>IMPRONTE DI DINOSAURI SCOPERTE SUL TAMER<\/h2>\n<\/blockquote>\n<div>\n<div class=\"articlePlainText\"><strong><a class=\"dt-pswp-item\" href=\"https:\/\/www.radiopiu.net\/wordpress\/wp-content\/uploads\/2023\/08\/Senza-nome-30.png\" data-dt-img-description=\"\" data-large_image_width=\"581\" data-large_image_height=\"364\"><img loading=\"lazy\" decoding=\"async\" class=\"size-medium wp-image-348262 alignleft\" src=\"https:\/\/www.radiopiu.net\/wordpress\/wp-content\/uploads\/2023\/08\/Senza-nome-30-300x188.png\" alt=\"\" width=\"300\" height=\"188\" srcset=\"https:\/\/www.radiopiu.net\/wordpress\/wp-content\/uploads\/2023\/08\/Senza-nome-30-300x188.png 300w, https:\/\/www.radiopiu.net\/wordpress\/wp-content\/uploads\/2023\/08\/Senza-nome-30.png 581w\" sizes=\"auto, (max-width: 300px) 100vw, 300px\" \/><\/a>DI GIANNI SANTOMASO<\/strong><\/div>\n<div class=\"articlePlainText\"><strong>LA VALLE<\/strong> Due nuove tracce della presenza dei dinosauri sulle Dolomiti agordine-zoldane? Se lo sono chiesto in questi giorni due geologi, che nel corso di un&#8217;escursione sul Monte Tamer (La Valle Agordina, catena del San Sebastiano), poco fuori dal sentiero che conduce in vetta (2550 metri) hanno individuato un masso di Dolomia Principale con due impronte, entrambe di circa 15-20 cm di lunghezza.<\/div>\n<div><\/div>\n<div>\n<audio class=\"wp-audio-shortcode\" id=\"audio-348177-1\" preload=\"none\" style=\"width: 100%;\" controls=\"controls\"><source type=\"audio\/mpeg\" src=\"https:\/\/www.radiopiu.net\/wordpress\/wp-content\/uploads\/2023\/08\/WhatsApp-Audio-2023-08-12-at-09.35.29.mp3?_=1\" \/><a href=\"https:\/\/www.radiopiu.net\/wordpress\/wp-content\/uploads\/2023\/08\/WhatsApp-Audio-2023-08-12-at-09.35.29.mp3\">https:\/\/www.radiopiu.net\/wordpress\/wp-content\/uploads\/2023\/08\/WhatsApp-Audio-2023-08-12-at-09.35.29.mp3<\/a><\/audio>\n<p>&nbsp;<\/p>\n<p>&nbsp;<\/p>\n<\/div>\n<\/div>\n<div><\/div>\n<p>&nbsp;<\/p>\n<hr \/>\n<p>&nbsp;<\/p>\n<blockquote>\n<h3>GRAZIE AL FOTOVOLTAICO UN RISPARMIO ANNUO POTENZIALE DI 220 MILIONI DI EURO PER LE IMPRESE BELLUNESI<\/h3>\n<\/blockquote>\n<p><strong><a class=\"dt-pswp-item\" href=\"https:\/\/www.radiopiu.net\/wordpress\/wp-content\/uploads\/2023\/02\/APPIA-CNA.png\" data-dt-img-description=\"\" data-large_image_width=\"502\" data-large_image_height=\"168\"><img loading=\"lazy\" decoding=\"async\" class=\" wp-image-322702 alignleft\" src=\"https:\/\/www.radiopiu.net\/wordpress\/wp-content\/uploads\/2023\/02\/APPIA-CNA-300x100.png\" alt=\"\" width=\"216\" height=\"72\" srcset=\"https:\/\/www.radiopiu.net\/wordpress\/wp-content\/uploads\/2023\/02\/APPIA-CNA-300x100.png 300w, https:\/\/www.radiopiu.net\/wordpress\/wp-content\/uploads\/2023\/02\/APPIA-CNA.png 502w\" sizes=\"auto, (max-width: 216px) 100vw, 216px\" \/><\/a>BELLUNO <\/strong>Un potenziale risparmio annuo per le imprese bellunesi di 220 milioni di euro in spese di gas ed energia elettrica, se le stesse montassero pannelli fotovoltaici sui tetti dei propri capannoni (\u201cpapabili\u201d sarebbero circa 9000 stabili). \u00c8 quanto stimato da Appia CNA Belluno che rende noto un importante risultato da poco raggiunto sul tema del risparmio energetico: il Governo ha, infatti, recepito la proposta avanzata oltre un anno fa da CNA nazionale sull\u2019autoproduzione energetica e la transizione green: questa \u00e8 stata inserita tra le modifiche apportate dal Governo al PNRR (\u00e8 stato previsto uno stanziamento di 6,3 miliardi di euro), che \u00e8 stato trasmesso alla Commissione Europea.<\/p>\n<p>&nbsp;<\/p>\n<p>&nbsp;<\/p>\n<hr \/>\n<p>&nbsp;<\/p>\n<blockquote>\n<h3>L\u2019INDUSTRIA MANIFATTURIERA DELLA TORREFAZIONE DELLE PROVINCE DI TREVISO E DI BELLUNO VALE OLTRE 170 MILIONI<\/h3>\n<\/blockquote>\n<p><strong><a class=\"dt-pswp-item\" href=\"https:\/\/www.radiopiu.net\/wordpress\/wp-content\/uploads\/2023\/08\/CAFFE.jpg\" data-dt-img-description=\"\" data-large_image_width=\"1280\" data-large_image_height=\"851\"><img loading=\"lazy\" decoding=\"async\" class=\" wp-image-348211 alignleft\" src=\"https:\/\/www.radiopiu.net\/wordpress\/wp-content\/uploads\/2023\/08\/CAFFE-300x199.jpg\" alt=\"\" width=\"194\" height=\"129\" srcset=\"https:\/\/www.radiopiu.net\/wordpress\/wp-content\/uploads\/2023\/08\/CAFFE-300x199.jpg 300w, https:\/\/www.radiopiu.net\/wordpress\/wp-content\/uploads\/2023\/08\/CAFFE-1024x681.jpg 1024w, https:\/\/www.radiopiu.net\/wordpress\/wp-content\/uploads\/2023\/08\/CAFFE-768x511.jpg 768w, https:\/\/www.radiopiu.net\/wordpress\/wp-content\/uploads\/2023\/08\/CAFFE.jpg 1280w\" sizes=\"auto, (max-width: 194px) 100vw, 194px\" \/><\/a>TREVISO <\/strong>&#8220;<em>La tazzina di caff\u00e8 \u00e8 un rito che accomuna molti di noi e ci accompagna in diversi momenti della giornata<\/em> \u2013 commenta il Presidente della Camera di Commercio di Treviso-Belluno|Dolomiti, Mario Pozza. <em>Per alcuni si associa al risveglio mattutino, alla pausa di met\u00e0 giornata o alla conclusione del pranzo, per altri ancora \u00e8 un\u2019occasione di incontro e socializzazione<\/em> . <em>Alla \u201ctazzina di caff\u00e8\u201d sono collegate attivit\u00e0, che, lo vedrete poi dai dati del report preparato dal nostro Ufficio Studi, toccano da vicino anche le nostre due province. Oltre ai tradizionali bar ed ai negozi specializzati nella vendita, a Treviso e a Belluno possiamo contare su diverse attivit\u00e0 manifatturiere dedicate alla torrefazione del caff\u00e8: sono oltre 40 le imprese e le filiali nelle province di Treviso e di Belluno. Dai dati di bilancio sappiamo inoltre che il valore della produzione (dato assimilabile al fatturato) per le attivit\u00e0 della torrefazione \u00e8 stato di oltre 170 milioni nel 2021 per le due province. Il valore della produzione veneto \u00e8 di oltre 360 milioni, pari al 7,7% del dato nazionale (4,8 miliardi). Sono attivit\u00e0 \u2013 <\/em>conclude il Presidente \u2013 <em>che fanno parte delle eccellenze produttive del nostro sistema agroalimentare territoriale.&#8221;<\/em><\/p>\n<p>&nbsp;<\/p>\n<p>&nbsp;<\/p>\n<hr \/>\n<p>&nbsp;<\/p>\n<blockquote>\n<h3>FIAT 500 IN FESTA PER SAN LORENZO<\/h3>\n<\/blockquote>\n<p><strong><a class=\"dt-pswp-item\" href=\"https:\/\/www.radiopiu.net\/wordpress\/wp-content\/uploads\/2023\/08\/e88b66e4-d6aa-41d1-aa1b-6f3f3ee114e5.jpg\" data-dt-img-description=\"\" data-large_image_width=\"1024\" data-large_image_height=\"768\"><img loading=\"lazy\" decoding=\"async\" class=\" wp-image-348249 alignleft\" src=\"https:\/\/www.radiopiu.net\/wordpress\/wp-content\/uploads\/2023\/08\/e88b66e4-d6aa-41d1-aa1b-6f3f3ee114e5-300x225.jpg\" alt=\"\" width=\"175\" height=\"131\" srcset=\"https:\/\/www.radiopiu.net\/wordpress\/wp-content\/uploads\/2023\/08\/e88b66e4-d6aa-41d1-aa1b-6f3f3ee114e5-300x225.jpg 300w, https:\/\/www.radiopiu.net\/wordpress\/wp-content\/uploads\/2023\/08\/e88b66e4-d6aa-41d1-aa1b-6f3f3ee114e5-768x576.jpg 768w, https:\/\/www.radiopiu.net\/wordpress\/wp-content\/uploads\/2023\/08\/e88b66e4-d6aa-41d1-aa1b-6f3f3ee114e5.jpg 1024w\" sizes=\"auto, (max-width: 175px) 100vw, 175px\" \/><\/a>BELLUNO<\/strong> Fiat 500 in festa a Villa Miari Fulcis a Modolo, ai piedi del Nevegal a Belluno. Per la Festa di San Lorenzo, le auto storiche in mostra tra test, musica, mostre e cicchetti.<\/p>\n<p><strong>di Daniele Dalvit<\/strong><\/p>\n<audio class=\"wp-audio-shortcode\" id=\"audio-348177-2\" preload=\"none\" style=\"width: 100%;\" controls=\"controls\"><source type=\"audio\/mpeg\" src=\"https:\/\/www.radiopiu.net\/wordpress\/wp-content\/uploads\/2023\/08\/Radio-Piu-Servizio-Festa-500-Modolo.mp3?_=2\" \/><a href=\"https:\/\/www.radiopiu.net\/wordpress\/wp-content\/uploads\/2023\/08\/Radio-Piu-Servizio-Festa-500-Modolo.mp3\">https:\/\/www.radiopiu.net\/wordpress\/wp-content\/uploads\/2023\/08\/Radio-Piu-Servizio-Festa-500-Modolo.mp3<\/a><\/audio>\n<p>&nbsp;<\/p>\n<hr \/>\n<p>&nbsp;<\/p>\n<blockquote>\n<h3>ILLUMINAZIONE PUBBLICA A LIMANA: AL VIA I LAVORI DI RIQUALIFICAZIONE<\/h3>\n<\/blockquote>\n<p><strong>LIMANA<\/strong> Hanno preso avvio in questi giorni i lavori condotti dalla ditta Eurogroup S.p.a. sulle reti di illuminazione pubblica a Limana. I cittadini stanno vedendo dalla scorsa settimana gli operatori impegnati a sostituire tutte le lampade di oltre 750 lampioni sparsi su tutto il territorio, operazione che dovrebbe concludersi entro meta\u0300 ottobre.<\/p>\n<p>&nbsp;<\/p>\n<p>&nbsp;<\/p>\n<hr \/>\n<p>&nbsp;<\/p>\n<blockquote>\n<h3>RIAPERTO IL BANDO \u201cRIATTIVIAMO RISORSE PER LA COMUNITA\u2019 LPU 2022\u201d<\/h3>\n<\/blockquote>\n<p><strong><a class=\"dt-pswp-item\" href=\"https:\/\/www.radiopiu.net\/wordpress\/wp-content\/uploads\/2022\/12\/PALAZZO-ROSSO.png\" data-dt-img-description=\"\" data-large_image_width=\"2076\" data-large_image_height=\"1328\"><img loading=\"lazy\" decoding=\"async\" class=\" wp-image-313801 alignleft\" src=\"https:\/\/www.radiopiu.net\/wordpress\/wp-content\/uploads\/2022\/12\/PALAZZO-ROSSO-300x192.png\" alt=\"\" width=\"169\" height=\"108\" srcset=\"https:\/\/www.radiopiu.net\/wordpress\/wp-content\/uploads\/2022\/12\/PALAZZO-ROSSO-300x192.png 300w, https:\/\/www.radiopiu.net\/wordpress\/wp-content\/uploads\/2022\/12\/PALAZZO-ROSSO-1024x655.png 1024w, https:\/\/www.radiopiu.net\/wordpress\/wp-content\/uploads\/2022\/12\/PALAZZO-ROSSO-768x491.png 768w, https:\/\/www.radiopiu.net\/wordpress\/wp-content\/uploads\/2022\/12\/PALAZZO-ROSSO-1536x983.png 1536w, https:\/\/www.radiopiu.net\/wordpress\/wp-content\/uploads\/2022\/12\/PALAZZO-ROSSO-2048x1310.png 2048w\" sizes=\"auto, (max-width: 169px) 100vw, 169px\" \/><\/a>BELLUNO <\/strong>E\u2019 stato nuovamente pubblicato nei giorni scorsi l\u2019avviso per \u201cRiattiviamo risorse per la comunit\u00e0 \u2013 LPU 2022\u201d: ci sono ancora alcune posizioni aperte. L\u2019iniziativa, realizzata in collaborazione con i partner operativi Met\u00e0logos Ricerca Formazione Consulenza s.c e Sviluppo e Lavoro scs, prevede il coinvolgimento all\u2019interno della struttura comunale di cittadini disoccupati alla ricerca di impiego. L\u2019impegno richiesto \u00e8 di massimo 520 ore distribuite in 180 giornate lavorative, gli ambiti di occupazione individuati quest\u2019anno sono: servizi bibliotecari, riordino archivi e recupero di lavori arretrati di tipo tecnico e amministrativo, attivit\u00e0 di abbellimento urbano e rurale, manutenzioni in centro storico e al verde pubblico, supporto scolastico.<\/p>\n<p>&nbsp;<\/p>\n<p>&nbsp;<\/p>\n<hr \/>\n<p>&nbsp;<\/p>\n<blockquote>\n<h3>SUL NEVEGAL NASCE FILO&#8217;<\/h3>\n<\/blockquote>\n<p><strong><a class=\"dt-pswp-item\" href=\"https:\/\/www.radiopiu.net\/wordpress\/wp-content\/uploads\/2023\/08\/image0.jpeg\" data-dt-img-description=\"\" data-large_image_width=\"1024\" data-large_image_height=\"744\"><img loading=\"lazy\" decoding=\"async\" class=\" wp-image-348183 alignleft\" src=\"https:\/\/www.radiopiu.net\/wordpress\/wp-content\/uploads\/2023\/08\/image0-300x218.jpeg\" alt=\"\" width=\"158\" height=\"115\" srcset=\"https:\/\/www.radiopiu.net\/wordpress\/wp-content\/uploads\/2023\/08\/image0-300x218.jpeg 300w, https:\/\/www.radiopiu.net\/wordpress\/wp-content\/uploads\/2023\/08\/image0-768x558.jpeg 768w, https:\/\/www.radiopiu.net\/wordpress\/wp-content\/uploads\/2023\/08\/image0.jpeg 1024w\" sizes=\"auto, (max-width: 158px) 100vw, 158px\" \/><\/a>BELLUNO<\/strong> \u00c8 stato presentato &#8220;Fil\u00f2&#8221;, un nuovo luogo di aggregazione gestito dall&#8217;associazione Nevegallika sul Nevegal, con la presenza del Sindaco di Belluno Oscar De Pellegrin e altre figure istituzionali. Il nome &#8220;Fil\u00f2&#8221; evoca tradizioni, valori e un senso di comunit\u00e0, derivante dall&#8217;antica pratica del &#8220;filare&#8221; delle donne in stalla mentre la comunit\u00e0 si riuniva. L&#8217;associazione Nevegallika ha creato questo luogo per preservare la cultura della montagna, educare all&#8217;uso responsabile del territorio, promuovere attivit\u00e0 sportive, stimolare l&#8217;interesse storico e mantenere vive le tradizioni. La sede di &#8220;Fil\u00f2&#8221; si trova nei locali del vecchio supermercato in Piazza Nevegal 381, diventando un punto focale per preservare e modellare la cultura e la comunit\u00e0 locale del Nevegal.<\/p>\n<p>&nbsp;<\/p>\n<p>&nbsp;<\/p>\n<hr \/>\n<p>&nbsp;<\/p>\n<blockquote>\n<h3>L&#8217;ASSEMBLEA PROPRIETARI DEL NEVEGAL<\/h3>\n<\/blockquote>\n<p><strong>BELLUNO <\/strong>L\u2019Associazione Proprietari Nevegal ricorda l\u2019evento che si svolger\u00e0 domani alle 15 in Localit\u00e0 Nevegal, presso la ex-Hall del Centro Congressi &#8220;Le Torri&#8221;. Alla presenza delle Autorit\u00e0 si parler\u00e0 di sviluppo del territorio e avr\u00e0 luogo un interessante dibattito sul futuro del Nevegal. L\u2019evento \u00e8 aperto a tutta la cittadinanza.<\/p>\n<p>&nbsp;<\/p>\n<p>&nbsp;<\/p>\n<hr \/>\n<p>&nbsp;<\/p>\n<blockquote>\n<h3>DA OGGI IL NUOVO SERVIZIO PER IL PASSO GIAU DI DOLOMITI BUS<\/h3>\n<\/blockquote>\n<p><strong><a class=\"dt-pswp-item\" href=\"https:\/\/www.radiopiu.net\/wordpress\/wp-content\/uploads\/2018\/08\/dolomitibus.jpeg\" data-dt-img-description=\"\" data-large_image_width=\"621\" data-large_image_height=\"414\"><img loading=\"lazy\" decoding=\"async\" class=\" wp-image-59158 alignleft\" src=\"https:\/\/www.radiopiu.net\/wordpress\/wp-content\/uploads\/2018\/08\/dolomitibus-300x200.jpeg\" alt=\"\" width=\"141\" height=\"94\" srcset=\"https:\/\/www.radiopiu.net\/wordpress\/wp-content\/uploads\/2018\/08\/dolomitibus-300x200.jpeg 300w, https:\/\/www.radiopiu.net\/wordpress\/wp-content\/uploads\/2018\/08\/dolomitibus.jpeg 621w\" sizes=\"auto, (max-width: 141px) 100vw, 141px\" \/><\/a>BELLUNO<\/strong> Da oggi e fino al 10 settembre sar\u00e0 attivo il collegamento Caprile \u2013 Colle S. Lucia &#8211; Pescul \u2013 Selva di Cadore &#8211; <span class=\"ContentPasted0\">PASSO GIAU <\/span>\u2013 Cortina con proseguimento per Misurina e Tre Cime. Il collegamento sar\u00e0 disponibile nelle giornate di sabato e festivi come variante del collegamento Caprile \u2013 Pieve di Livinallongo \u2013 <span class=\"ContentPasted0\">PASSO FALZAREGO <\/span>\u2013 Pocol che, nelle medesime giornate, viene soppresso. Gli ospiti dell\u2019Agordino avranno perci\u00f2 la possibilit\u00e0 di raggiungere, per le proprie escursioni, il passo Falzarego, da luned\u00ec a venerd\u00ec, ed il passo Giau nelle giornate di sabato e festivi.<span class=\"Apple-converted-space ContentPasted0\">\u00a0<\/span><\/p>\n<p>&nbsp;<\/p>\n<p>&nbsp;<\/p>\n<hr \/>\n<p>&nbsp;<\/p>\n<blockquote>\n<h3>TOVAIA PITURADA: LA SFIDA CULINARIA A CIBIANA DI CADORE<\/h3>\n<\/blockquote>\n<p><strong>CIBIANA DI CADORE<\/strong> Un&#8217;edizione dedicata al tema della migrazione e vinta da un piatto che ha puntato deciso sui sapori di casa, quella 2023 della \u201cTovaia piturada\u201d, tradizionale sfida culinaria organizzata a Cibiana di Cadore per San Lorenzo in occasione della festa patronale promossa dalla Pro Loco di Cibiana.<\/p>\n<p><strong>di Daniele Dalvit<\/strong><\/p>\n<audio class=\"wp-audio-shortcode\" id=\"audio-348177-3\" preload=\"none\" style=\"width: 100%;\" controls=\"controls\"><source type=\"audio\/mpeg\" src=\"https:\/\/www.radiopiu.net\/wordpress\/wp-content\/uploads\/2023\/08\/DALVIT-Tovaia-piturada-Cibiana-2023.mp3?_=3\" \/><a href=\"https:\/\/www.radiopiu.net\/wordpress\/wp-content\/uploads\/2023\/08\/DALVIT-Tovaia-piturada-Cibiana-2023.mp3\">https:\/\/www.radiopiu.net\/wordpress\/wp-content\/uploads\/2023\/08\/DALVIT-Tovaia-piturada-Cibiana-2023.mp3<\/a><\/audio>\n<p>&nbsp;<\/p>\n\n\t\t\t<style type='text\/css'>\n\t\t\t\t#gallery-1 {\n\t\t\t\t\tmargin: auto;\n\t\t\t\t}\n\t\t\t\t#gallery-1 .gallery-item {\n\t\t\t\t\tfloat: left;\n\t\t\t\t\tmargin-top: 10px;\n\t\t\t\t\ttext-align: center;\n\t\t\t\t\twidth: 33%;\n\t\t\t\t}\n\t\t\t\t#gallery-1 img {\n\t\t\t\t\tborder: 2px solid #cfcfcf;\n\t\t\t\t}\n\t\t\t\t#gallery-1 .gallery-caption {\n\t\t\t\t\tmargin-left: 0;\n\t\t\t\t}\n\t\t\t\t\/* see gallery_shortcode() in wp-includes\/media.php *\/\n\t\t\t<\/style>\n\t\t<div id='gallery-1' class='dt-gallery-container gallery galleryid-348177 gallery-columns-3 gallery-size-thumbnail'><dl class='gallery-item'>\n\t\t\t\t<dt class='gallery-icon landscape'>\n\t\t\t\t\t<a class=\"rollover rollover-zoom dt-pswp-item\" title=\"aee7b81d-ad70-4579-af08-2f4243408a50\" data-dt-img-description=\"\" data-large_image_width=\"1600\" data-large_image_height=\"1200\"href='https:\/\/www.radiopiu.net\/wordpress\/wp-content\/uploads\/2023\/08\/aee7b81d-ad70-4579-af08-2f4243408a50.jpg'><img loading=\"lazy\" decoding=\"async\" width=\"150\" height=\"150\" src=\"https:\/\/www.radiopiu.net\/wordpress\/wp-content\/uploads\/2023\/08\/aee7b81d-ad70-4579-af08-2f4243408a50-150x150.jpg\" class=\"attachment-thumbnail size-thumbnail\" alt=\"\" \/><\/a>\n\t\t\t\t<\/dt><\/dl><dl class='gallery-item'>\n\t\t\t\t<dt class='gallery-icon landscape'>\n\t\t\t\t\t<a class=\"rollover rollover-zoom dt-pswp-item\" title=\"4091317a-e9d5-4fdb-8c4f-394eb8521bfb\" data-dt-img-description=\"\" data-large_image_width=\"1248\" data-large_image_height=\"702\"href='https:\/\/www.radiopiu.net\/wordpress\/wp-content\/uploads\/2023\/08\/4091317a-e9d5-4fdb-8c4f-394eb8521bfb.jpg'><img loading=\"lazy\" decoding=\"async\" width=\"150\" height=\"150\" src=\"https:\/\/www.radiopiu.net\/wordpress\/wp-content\/uploads\/2023\/08\/4091317a-e9d5-4fdb-8c4f-394eb8521bfb-150x150.jpg\" class=\"attachment-thumbnail size-thumbnail\" alt=\"\" \/><\/a>\n\t\t\t\t<\/dt><\/dl><dl class='gallery-item'>\n\t\t\t\t<dt class='gallery-icon portrait'>\n\t\t\t\t\t<a class=\"rollover rollover-zoom dt-pswp-item\" title=\"d01363ff-c625-4cef-a37b-9c73f9ba1652\" data-dt-img-description=\"\" data-large_image_width=\"1578\" data-large_image_height=\"1600\"href='https:\/\/www.radiopiu.net\/wordpress\/wp-content\/uploads\/2023\/08\/d01363ff-c625-4cef-a37b-9c73f9ba1652.jpg'><img loading=\"lazy\" decoding=\"async\" width=\"150\" height=\"150\" src=\"https:\/\/www.radiopiu.net\/wordpress\/wp-content\/uploads\/2023\/08\/d01363ff-c625-4cef-a37b-9c73f9ba1652-150x150.jpg\" class=\"attachment-thumbnail size-thumbnail\" alt=\"\" \/><\/a>\n\t\t\t\t<\/dt><\/dl><br style=\"clear: both\" \/>\n\t\t\t<\/div>\n\n<p>&nbsp;<\/p>\n<p>&nbsp;<\/p>\n<hr \/>\n<p>&nbsp;<\/p>\n<blockquote>\n<h3><strong>IERI SERA&#8230;.a Borgo Piave con Le Fregole De Zoldo<\/strong><br \/>\n<strong>grazie a Carmela\u00a0<\/strong><\/h3>\n<\/blockquote>\n\n\t\t\t<style type='text\/css'>\n\t\t\t\t#gallery-2 {\n\t\t\t\t\tmargin: auto;\n\t\t\t\t}\n\t\t\t\t#gallery-2 .gallery-item {\n\t\t\t\t\tfloat: left;\n\t\t\t\t\tmargin-top: 10px;\n\t\t\t\t\ttext-align: center;\n\t\t\t\t\twidth: 33%;\n\t\t\t\t}\n\t\t\t\t#gallery-2 img {\n\t\t\t\t\tborder: 2px solid #cfcfcf;\n\t\t\t\t}\n\t\t\t\t#gallery-2 .gallery-caption {\n\t\t\t\t\tmargin-left: 0;\n\t\t\t\t}\n\t\t\t\t\/* see gallery_shortcode() in wp-includes\/media.php *\/\n\t\t\t<\/style>\n\t\t<div id='gallery-2' class='dt-gallery-container gallery galleryid-348177 gallery-columns-3 gallery-size-thumbnail'><dl class='gallery-item'>\n\t\t\t\t<dt class='gallery-icon landscape'>\n\t\t\t\t\t<a class=\"rollover rollover-zoom dt-pswp-item\" title=\"cea52701-02be-45c7-9272-f967fb4be4ae\" data-dt-img-description=\"\" data-large_image_width=\"1600\" data-large_image_height=\"739\"href='https:\/\/www.radiopiu.net\/wordpress\/wp-content\/uploads\/2023\/08\/cea52701-02be-45c7-9272-f967fb4be4ae.jpg'><img loading=\"lazy\" decoding=\"async\" width=\"150\" height=\"150\" src=\"https:\/\/www.radiopiu.net\/wordpress\/wp-content\/uploads\/2023\/08\/cea52701-02be-45c7-9272-f967fb4be4ae-150x150.jpg\" class=\"attachment-thumbnail size-thumbnail\" alt=\"\" \/><\/a>\n\t\t\t\t<\/dt><\/dl><dl class='gallery-item'>\n\t\t\t\t<dt class='gallery-icon landscape'>\n\t\t\t\t\t<a class=\"rollover rollover-zoom dt-pswp-item\" title=\"f64d4ada-9f61-4b17-889f-9a9025df0ab5\" data-dt-img-description=\"\" data-large_image_width=\"1599\" data-large_image_height=\"899\"href='https:\/\/www.radiopiu.net\/wordpress\/wp-content\/uploads\/2023\/08\/f64d4ada-9f61-4b17-889f-9a9025df0ab5.jpg'><img loading=\"lazy\" decoding=\"async\" width=\"150\" height=\"150\" src=\"https:\/\/www.radiopiu.net\/wordpress\/wp-content\/uploads\/2023\/08\/f64d4ada-9f61-4b17-889f-9a9025df0ab5-150x150.jpg\" class=\"attachment-thumbnail size-thumbnail\" alt=\"\" \/><\/a>\n\t\t\t\t<\/dt><\/dl><dl class='gallery-item'>\n\t\t\t\t<dt class='gallery-icon landscape'>\n\t\t\t\t\t<a class=\"rollover rollover-zoom dt-pswp-item\" title=\"f828284f-f5d5-4490-b2f1-9da2d5ca47b8\" data-dt-img-description=\"\" data-large_image_width=\"1599\" data-large_image_height=\"899\"href='https:\/\/www.radiopiu.net\/wordpress\/wp-content\/uploads\/2023\/08\/f828284f-f5d5-4490-b2f1-9da2d5ca47b8.jpg'><img loading=\"lazy\" decoding=\"async\" width=\"150\" height=\"150\" src=\"https:\/\/www.radiopiu.net\/wordpress\/wp-content\/uploads\/2023\/08\/f828284f-f5d5-4490-b2f1-9da2d5ca47b8-150x150.jpg\" class=\"attachment-thumbnail size-thumbnail\" alt=\"\" \/><\/a>\n\t\t\t\t<\/dt><\/dl><br style=\"clear: both\" \/>\n\t\t\t<\/div>\n\n<p>&nbsp;<\/p>\n<p>&nbsp;<\/p>\n<hr \/>\n<p>&nbsp;<\/p>\n<blockquote>\n<h3><a class=\"dt-pswp-item\" href=\"https:\/\/www.radiopiu.net\/wordpress\/wp-content\/uploads\/2023\/08\/th-4.jpg\" data-dt-img-description=\"\" data-large_image_width=\"156\" data-large_image_height=\"180\"><img loading=\"lazy\" decoding=\"async\" class=\"size-full wp-image-348271 alignleft\" src=\"https:\/\/www.radiopiu.net\/wordpress\/wp-content\/uploads\/2023\/08\/th-4.jpg\" alt=\"\" width=\"156\" height=\"180\" \/><\/a>DILLO A RADIO PIU&#8217;&#8230;EL COL DE SAN LUGAN<\/h3>\n<\/blockquote>\n<p><strong>REDAZIONE<\/strong> Riceviamo e pubblichiamo<\/p>\n<blockquote><p><em>Alla sera, quando mi affaccio al balcone di casa mia, ho il piacere di ammirare la luce che si diffonde dal &#8221; Col de San Lugan &#8220;. Bella iniziativa. Complimenti a chi l&#8217; ha ideata.<\/em><\/p>\n<p><em>Davide Benvegn\u00f9<\/em><\/p><\/blockquote>\n<p>La Valle di San Lucano \u00e8 una delle poche valli rimaste quasi totalmente selvagge. Il Monte Agner, la sua vertiginosa parete Nord di 1600 mt. la pi\u00f9 lunga delle Dolomiti e le Pale di San Lucano. Conosciuta con l&#8217;appellativo lo Yosemite delle Dolomiti \u00e8 considerata la valle glaciale pi\u00f9 profonda delle Dolomiti. Percorriamo in tutta la sua lunghezza questa valle stupenda, selvaggia dove lo spirito e la propria anima trovano pace&#8230;a pochi passi dalla pianura, entriamo in una nuova dimensione dove il tempo sembra essersi fermato.<\/p>\n<p>&nbsp;<\/p>\n<hr \/>\n<p>&nbsp;<\/p>\n<blockquote>\n<h3 class=\"_title post-title entry-title\">FELTRE | SI DELINEA IL FUTURO DELL\u2019EX CASERMA ZANNETTELLI<\/h3>\n<\/blockquote>\n<p>INTERVISTA AL SINDACO\u00a0 VIVIANA FUSARO<\/p>\n<p>di <a href=\"https:\/\/antennatre.medianordest.it\/redazione\/Fabio-Fioravanzi\/\">Fabio Fioravanzi<\/a>)<\/p>\n<p><iframe loading=\"lazy\" title=\"SI DELINEA IL FUTURO DELL&#039;EX CASERMA ZANNETTELLI | 11\/08\/2023\" width=\"1200\" height=\"675\" src=\"https:\/\/www.youtube.com\/embed\/VXXJljOZBOg?start=1&#038;feature=oembed\" frameborder=\"0\" allow=\"accelerometer; autoplay; clipboard-write; encrypted-media; gyroscope; picture-in-picture; web-share\" allowfullscreen><\/iframe><\/p>\n<blockquote><p><strong>\u00a0DAL TG DI ANTENNA 3, NOTIZIARIO BELLUNESE SUL CANALE 10 DEL DIGITALE TERRESTRE, IERI SERA EDIZIONE DELLE 19.30&#8242; DI FABIO FIORAVANZI. OGNI SERA ALLE 19.10 ASCOLTA LE ANTICIPAZIONI ALLA RADIO\u00a0\u00a0<\/strong><\/p>\n<p>&nbsp;<\/p>\n<p>&nbsp;<\/p><\/blockquote>\n<hr \/>\n<p>&nbsp;<\/p>\n<h3><span style=\"color: #333399;\">L&#8217;OPINIONE&#8230;DI FRANCO PIACENTINI<\/span><\/h3>\n<p dir=\"auto\"><em>Alle pagine 297 e 298 del libro &#8220;Don Milani &#8211; Vita di un profeta disobbediente&#8221; (TS Edizioni 2023) con riferimento alla &#8220;Lettera a una professoressa&#8221;, scritta soprattutto dagli alunni del priore di Barbiana, il giornalista e scrittore, Mario Lancisi, scrive: &#8220;I furori avversi a don Milani e a una Lettera a una professoressa proseguono fino ai nostri giorni (&#8230;) Un&#8217; eco di queste controversie la possiamo ritrovare nella decisione del governo di centrodestra di aggiungere il &#8220;Merito&#8221; alla dicitura del ministero dell&#8217;Istruzione (&#8230;) L&#8217; aggiunta della dicitura Merito a Istruzione suscita scandalo e sofferenza per una storia dolorosa. La storia di un ragazzo figlio di famiglia poverissima, bocciato, respinto in nome del merito (&#8230;)&#8221;. Anche se oggi le condizioni sono notevolmente cambiate nel mondo dell&#8217;istruzione, comunque \u00e8 indubbio che in pi\u00f9 situazioni la provenienza familiare, sociale, economica e professionale, degli studenti, incide (positivamente o negativamente) sulle valutazioni di studio. Quindi il &#8220;merito&#8221; motivatamente osteggiato dalla scuola di Barbiana, nelle bocciature scolastiche, anche oggi, come ieri, in alcuni casi, si accompagna a &#8220;respinto&#8221;. Tutto l&#8217;opposto di &#8220;I care &#8211; me ne importa, mi sta a cuore&#8221;, il motto di don Lorenzo Milani. Personalmente interpreto l&#8217;aggiunta &#8220;Merito&#8221; alla dicitura del ministero dell&#8217;Istruzione, come una stoccata critica al metodo scolastico di don Lorenzo Milani. Anche questo governo, soprattutto nel centenario della nascita del priore di Barbiana, dovrebbe, come hanno fatto il Santo Padre e il Presidente della Repubblica, ringraziare don Lorenzo Milani e i ragazzi e le ragazze di Barbiana.<\/em><\/p>\n<p dir=\"auto\"><em>Franco Piacentini\u00a0<\/em><\/p>\n<hr \/>\n<h2><span style=\"color: #ff6600;\">\u00a0<\/span><\/h2>\n<h2><span style=\"color: #ff6600;\">IERI ALLA RADIO<\/span><\/h2>\n<h2><span style=\"color: #008080;\">\u00a0&#8220;DINTORN E FORA VIA&#8221;\u00a0<\/span><span style=\"color: #008080;\"> IL PROGRAMMA\u00a0 <\/span><span style=\"color: #008080;\">A CURA DEL MUSLA\u00a0\u00a0<\/span><\/h2>\n<p><strong><a class=\"dt-pswp-item\" href=\"https:\/\/www.radiopiu.net\/wordpress\/wp-content\/uploads\/2023\/04\/322100301_516815977090762_8285095125123579123_n.jpg\" data-dt-img-description=\"\" data-large_image_width=\"640\" data-large_image_height=\"640\"><img loading=\"lazy\" decoding=\"async\" class=\" wp-image-331476 alignleft\" src=\"https:\/\/www.radiopiu.net\/wordpress\/wp-content\/uploads\/2023\/04\/322100301_516815977090762_8285095125123579123_n-300x300.jpg\" alt=\"\" width=\"145\" height=\"145\" srcset=\"https:\/\/www.radiopiu.net\/wordpress\/wp-content\/uploads\/2023\/04\/322100301_516815977090762_8285095125123579123_n-300x300.jpg 300w, https:\/\/www.radiopiu.net\/wordpress\/wp-content\/uploads\/2023\/04\/322100301_516815977090762_8285095125123579123_n-150x150.jpg 150w, https:\/\/www.radiopiu.net\/wordpress\/wp-content\/uploads\/2023\/04\/322100301_516815977090762_8285095125123579123_n.jpg 640w\" sizes=\"auto, (max-width: 145px) 100vw, 145px\" \/><\/a>PUNTATA 11 AGOSTO ELEONORA TROI<\/strong><\/p>\n<audio class=\"wp-audio-shortcode\" id=\"audio-348177-4\" preload=\"none\" style=\"width: 100%;\" controls=\"controls\"><source type=\"audio\/mpeg\" src=\"https:\/\/www.radiopiu.net\/wordpress\/wp-content\/uploads\/2023\/08\/MUSLA-4.mp3?_=4\" \/><a href=\"https:\/\/www.radiopiu.net\/wordpress\/wp-content\/uploads\/2023\/08\/MUSLA-4.mp3\">https:\/\/www.radiopiu.net\/wordpress\/wp-content\/uploads\/2023\/08\/MUSLA-4.mp3<\/a><\/audio>\n<p>&nbsp;<\/p>\n<p><strong>LA RACCOLTA COMPLETA<\/strong><\/p>\n<blockquote class=\"wp-embedded-content\" data-secret=\"NKJhwDvjDR\"><p><a href=\"https:\/\/www.radiopiu.net\/wordpress\/musla\/\">MUSLA<\/a><\/p><\/blockquote>\n<p><iframe loading=\"lazy\" class=\"wp-embedded-content\" sandbox=\"allow-scripts\" security=\"restricted\" style=\"position: absolute; clip: rect(1px, 1px, 1px, 1px);\" title=\"&#8220;MUSLA&#8221; &#8212; Radio Pi\u00f9\" src=\"https:\/\/www.radiopiu.net\/wordpress\/musla\/embed\/#?secret=5WFfv9MrhM#?secret=NKJhwDvjDR\" data-secret=\"NKJhwDvjDR\" width=\"600\" height=\"338\" frameborder=\"0\" marginwidth=\"0\" marginheight=\"0\" scrolling=\"no\"><\/iframe><\/p>\n<p>&nbsp;<\/p>\n<h2><span style=\"color: #800080;\">PROLOCO NELL&#8217;AGORDINO: GLI APPUNTAMENTI DEL FINE SETTIMANA<\/span><\/h2>\n<blockquote><p><a class=\"dt-pswp-item\" href=\"https:\/\/www.radiopiu.net\/wordpress\/wp-content\/uploads\/2023\/07\/th-4-150x150-2.jpg\" data-dt-img-description=\"\" data-large_image_width=\"150\" data-large_image_height=\"150\"><img loading=\"lazy\" decoding=\"async\" class=\"size-full wp-image-346216 alignleft\" src=\"https:\/\/www.radiopiu.net\/wordpress\/wp-content\/uploads\/2023\/07\/th-4-150x150-2.jpg\" alt=\"\" width=\"150\" height=\"150\" \/><\/a>VENERDI ALLE 16.30, SABATO\u00a0 ALLE 13.10, DOMENICA\u00a0 ALLE 8.05, LO SPECIALE ESTIVO IN COLLABORAZIONE CON IL COMITATO PROLOCO DELL&#8217;AGORDINO. OGNI SETTIMANA GLI APPUNTAMENTI CON IL DIVERTIMENTO, LA CULTURA E LO SPORT. SEGUICI E SARAI SEMPRE INFORMATO&#8230; ANCHE AD AGOSTO<\/p>\n<blockquote><p><strong>AGORDINO, UN TERRITORIO UNICO le pro loco della vallata unite nella promozione della loro montagna. Incontro promosso dal Consorzio Proloco dell&#8217;Agordino SEGUI LE INIZIATIVE DELLE PROLOCO LOCALI SUI CANALI SOCIAL E SCARICA L&#8217;APPLICAZIONE. VISITA IL SITO DI DOLOMITINEWS iniziativa realizzata con il contributo della Regione del Veneto, spesa sostenuta con i fondi di cui alla legge regionale 34 del 2014 D.G.R. 458 del 18\/04\/2023\u00a0\u00a0<\/strong><\/p>\n<p>&nbsp;<\/p><\/blockquote>\n<\/blockquote>\n<p>&nbsp;<\/p>\n<p><strong>PUNTATA 11 AGOSTO Appuntamenti<\/strong><\/p>\n<audio class=\"wp-audio-shortcode\" id=\"audio-348177-5\" preload=\"none\" style=\"width: 100%;\" controls=\"controls\"><source type=\"audio\/mpeg\" src=\"https:\/\/www.radiopiu.net\/wordpress\/wp-content\/uploads\/2023\/08\/unpli-app-11-agosto.mp3?_=5\" \/><a href=\"https:\/\/www.radiopiu.net\/wordpress\/wp-content\/uploads\/2023\/08\/unpli-app-11-agosto.mp3\">https:\/\/www.radiopiu.net\/wordpress\/wp-content\/uploads\/2023\/08\/unpli-app-11-agosto.mp3<\/a><\/audio>\n<p><strong>LA RACCOLTA COMPLETA<\/strong><\/p>\n<blockquote class=\"wp-embedded-content\" data-secret=\"nCLDsD19EU\"><p><a href=\"https:\/\/www.radiopiu.net\/wordpress\/proloco-nellagordino-eventi-e-volontari\/\">PROLOCO NELL&#8217;AGORDINO: EVENTI E VOLONTARI<\/a><\/p><\/blockquote>\n<p><iframe loading=\"lazy\" class=\"wp-embedded-content\" sandbox=\"allow-scripts\" security=\"restricted\" style=\"position: absolute; clip: rect(1px, 1px, 1px, 1px);\" title=\"&#8220;PROLOCO NELL&#8217;AGORDINO: EVENTI E VOLONTARI&#8221; &#8212; Radio Pi\u00f9\" src=\"https:\/\/www.radiopiu.net\/wordpress\/proloco-nellagordino-eventi-e-volontari\/embed\/#?secret=VaqiGkfPTj#?secret=nCLDsD19EU\" data-secret=\"nCLDsD19EU\" width=\"600\" height=\"338\" frameborder=\"0\" marginwidth=\"0\" marginheight=\"0\" scrolling=\"no\"><\/iframe><\/p>\n<p>&nbsp;<\/p>\n<p>&nbsp;<\/p>\n<h2><strong><a class=\"dt-pswp-item\" href=\"https:\/\/www.radiopiu.net\/wordpress\/wp-content\/uploads\/2021\/04\/ROBERTO-BERTONE.jpg\" data-dt-img-description=\"\" data-large_image_width=\"1664\" data-large_image_height=\"2400\"><img loading=\"lazy\" decoding=\"async\" class=\" wp-image-203143 alignleft\" src=\"https:\/\/www.radiopiu.net\/wordpress\/wp-content\/uploads\/2021\/04\/ROBERTO-BERTONE-208x300.jpg\" alt=\"\" width=\"121\" height=\"175\" srcset=\"https:\/\/www.radiopiu.net\/wordpress\/wp-content\/uploads\/2021\/04\/ROBERTO-BERTONE-208x300.jpg 208w, https:\/\/www.radiopiu.net\/wordpress\/wp-content\/uploads\/2021\/04\/ROBERTO-BERTONE-710x1024.jpg 710w, https:\/\/www.radiopiu.net\/wordpress\/wp-content\/uploads\/2021\/04\/ROBERTO-BERTONE-768x1108.jpg 768w, https:\/\/www.radiopiu.net\/wordpress\/wp-content\/uploads\/2021\/04\/ROBERTO-BERTONE-1065x1536.jpg 1065w, https:\/\/www.radiopiu.net\/wordpress\/wp-content\/uploads\/2021\/04\/ROBERTO-BERTONE-1420x2048.jpg 1420w, https:\/\/www.radiopiu.net\/wordpress\/wp-content\/uploads\/2021\/04\/ROBERTO-BERTONE.jpg 1664w\" sizes=\"auto, (max-width: 121px) 100vw, 121px\" \/><\/a><span style=\"color: #00ccff;\">DAL POLIAMBULATORIO AGORDINO IL DOTTOR ROBERTO BERTONE<\/span><\/strong><\/h2>\n<p><strong>di Mirko Mezzacasa<\/strong><\/p>\n<p>OSPITE:<\/p>\n<audio class=\"wp-audio-shortcode\" id=\"audio-348177-6\" preload=\"none\" style=\"width: 100%;\" controls=\"controls\"><source type=\"audio\/mpeg\" src=\"https:\/\/www.radiopiu.net\/wordpress\/wp-content\/uploads\/2023\/08\/BERTONE_POLI-1.mp3?_=6\" \/><a href=\"https:\/\/www.radiopiu.net\/wordpress\/wp-content\/uploads\/2023\/08\/BERTONE_POLI-1.mp3\">https:\/\/www.radiopiu.net\/wordpress\/wp-content\/uploads\/2023\/08\/BERTONE_POLI-1.mp3<\/a><\/audio>\n<p>&nbsp;<\/p>\n<p>&nbsp;<\/p>\n<hr \/>\n<p>&nbsp;<\/p>\n<blockquote>\n<h3><a class=\"dt-pswp-item\" href=\"https:\/\/www.radiopiu.net\/wordpress\/wp-content\/uploads\/2023\/08\/Senza-nome-27.png\" data-dt-img-description=\"\" data-large_image_width=\"258\" data-large_image_height=\"206\"><img loading=\"lazy\" decoding=\"async\" class=\"wp-image-348026 alignleft\" src=\"https:\/\/www.radiopiu.net\/wordpress\/wp-content\/uploads\/2023\/08\/Senza-nome-27.png\" alt=\"\" width=\"157\" height=\"125\" \/><\/a>ASSEMBLEA ORDINARIA dell&#8217; A.P.I.M. Associazione Periti Industriali Minerari.<\/h3>\n<\/blockquote>\n<p><strong>AGORDO<\/strong> L\u2019Assemblea si terr\u00e0 presso la sala Don Tamis dell\u2019Unione Montana in Via 27 Aprile oggi alle 15. Ordine del giorno: Saluto del Presidente \u2022 Saluto delle autorit\u00e0 presenti \u2022 Relazione del Presidente sulle attivit\u00e0 2022\/2023 \u2022 Rendiconto economico consuntivo 2022 \u2022 Bilancio di previsione 2024 \u2022 Approvazione rendiconto economico consuntivo 2022 e bilancio di previsione 2024 \u2022 Varie ed eventuali<\/p>\n<h3 class=\"title\"><a class=\"dt-pswp-item\" href=\"https:\/\/www.radiopiu.net\/wordpress\/wp-content\/uploads\/2023\/08\/diario-di-viaggio-Nicolo-Tome-209x300-1.jpg\" data-dt-img-description=\"\" data-large_image_width=\"209\" data-large_image_height=\"300\"><img loading=\"lazy\" decoding=\"async\" class=\" wp-image-348028 alignleft\" src=\"https:\/\/www.radiopiu.net\/wordpress\/wp-content\/uploads\/2023\/08\/diario-di-viaggio-Nicolo-Tome-209x300-1.jpg\" alt=\"\" width=\"88\" height=\"126\" \/><\/a>L\u2019Associazione p<strong>residente:\u00a0<\/strong><a title=\"Luca Luchetta\" href=\"http:\/\/www.peritiminerari.it\/site\/?p=459\">Luca Luchetta<\/a> \u00a0<strong>Vicepresidente:\u00a0<\/strong>Albino Romanel <strong>Segretario:\u00a0<\/strong><a href=\"http:\/\/www.peritiminerari.it\/site\/?p=477\">Franco Benvegnu\u2019<\/a> \u00a0<strong>Tesoriere:<\/strong>\u00a0<a href=\"http:\/\/www.peritiminerari.it\/site\/?p=485\">Denis Della Giacoma<\/a> <strong>Consigliere lavoro:\u00a0<\/strong><a href=\"http:\/\/www.peritiminerari.it\/site\/?p=2049\">Gianni Gatta<\/a> <strong>Consigliere formazione:<\/strong>\u00a0<a href=\"http:\/\/www.peritiminerari.it\/site\/?p=346\">Flavio Lucchini<\/a> <strong>Consigliere archivio:\u00a0<\/strong>Daniele Scola<\/h3>\n<p>Oggi sar\u00e0 presentata la nuova pubblicazione dell\u2019A.P.I.M. \u201d <em>Diario del viaggio in Bolivia di Nicol\u00f2 Tom\u00e8<\/em>\u201d scritto dal perito minerario di Agordo nel 1902 e riscoperto da Marzio Govoni e Moreno De Zaiacomo che hanno messo a disposizione e trascritto gratuitamente l\u2019opera.<\/p>\n<p>&nbsp;<\/p>\n<p>&nbsp;<\/p>\n<hr \/>\n<p>&nbsp;<\/p>\n<blockquote>\n<h3>AGORDO: SECONDO APPUNTAMENTO CON IL MERCATINO DELL\u2019ANTIQUARIATO<\/h3>\n<\/blockquote>\n<p><strong><a class=\"dt-pswp-item\" href=\"https:\/\/www.radiopiu.net\/wordpress\/wp-content\/uploads\/2023\/08\/Volantino-rotated.jpg\" data-dt-img-description=\"\" data-large_image_width=\"608\" data-large_image_height=\"863\"><img loading=\"lazy\" decoding=\"async\" class=\" wp-image-347948 alignleft\" src=\"https:\/\/www.radiopiu.net\/wordpress\/wp-content\/uploads\/2023\/08\/Volantino-211x300.jpg\" alt=\"\" width=\"142\" height=\"202\" srcset=\"https:\/\/www.radiopiu.net\/wordpress\/wp-content\/uploads\/2023\/08\/Volantino-211x300.jpg 211w, https:\/\/www.radiopiu.net\/wordpress\/wp-content\/uploads\/2023\/08\/Volantino-rotated.jpg 608w\" sizes=\"auto, (max-width: 142px) 100vw, 142px\" \/><\/a>di Giorgio Fontanive<\/strong><\/p>\n<p><strong>AGORDO<\/strong> Il primo appuntamento del Gruppo degli Amici dell\u2019Antiquariato nel capoluogo di vallata con una cinquantina di stalli occupati, ha confermato le previsioni degli organizzatori con un afflusso dei visitatori che ha ben superato le 1500 unit\u00e0; uno scenario attorno al Br\u00f3i favorito dalla meteo che ha espresso un cielo sereno per tutta giornata, addirittura senza alcun segnale di temporali in arrivo. Tali condizioni si auspicano nei prossimi mercatini di oggi e sabato 26 agosto in cui si prevede anche un aumento della partecipazione di hobbisti e commercianti, perch\u00e9 l\u2019attrazione di Agordo ormai fa parte degli appuntamenti apprezzati, sostenuti da un\u2019accurata pubblicit\u00e0 via etere e cartellonistica stradale che altri eventi non prevedono. Per i\u00a0 potenziali visitatori sar\u00e0 utile consultare anche il sito <a href=\"http:\/\/www.mercatinidelledolomiti.it\">www.mercatinidelledolomiti.it<\/a>.<\/p>\n<p>&nbsp;<\/p>\n<p>&nbsp;<\/p>\n<hr \/>\n<p>&nbsp;<\/p>\n<blockquote>\n<h3>AL RIFUGIO SCARPA IL FESTIVAL DI AGOSTO ALLE PENDICI DELL&#8217;AGNER<\/h3>\n<\/blockquote>\n<p><strong>VOLTAGO<\/strong> Sono cinque gli appuntamenti da non perdere al Rifugio Scarpa Gurekian. Inizia nelle prossime ore il Festival di Agosto alle pendici dell&#8217;Agner.<\/p>\n<p><strong>DAL RIFUGIO SCARPA IL GESTORE MARCO BERGAMO<\/strong><\/p>\n<audio class=\"wp-audio-shortcode\" id=\"audio-348177-7\" preload=\"none\" style=\"width: 100%;\" controls=\"controls\"><source type=\"audio\/mpeg\" src=\"https:\/\/www.radiopiu.net\/wordpress\/wp-content\/uploads\/2023\/08\/MARCO-BERGAMO.mp3?_=7\" \/><a href=\"https:\/\/www.radiopiu.net\/wordpress\/wp-content\/uploads\/2023\/08\/MARCO-BERGAMO.mp3\">https:\/\/www.radiopiu.net\/wordpress\/wp-content\/uploads\/2023\/08\/MARCO-BERGAMO.mp3<\/a><\/audio>\n<p>&nbsp;<\/p>\n<h2 style=\"text-align: center;\"><strong><span style=\"color: #ff0000;\">GLI APPUNTAMENTI<\/span><\/strong><\/h2>\n<p><a class=\"dt-pswp-item\" href=\"https:\/\/www.radiopiu.net\/wordpress\/wp-content\/uploads\/2023\/08\/bfc3b52a-1585-422c-9d55-b388f0c81a77.jpg\" data-dt-img-description=\"\" data-large_image_width=\"1131\" data-large_image_height=\"1600\"><img loading=\"lazy\" decoding=\"async\" class=\"wp-image-347389 aligncenter\" src=\"https:\/\/www.radiopiu.net\/wordpress\/wp-content\/uploads\/2023\/08\/bfc3b52a-1585-422c-9d55-b388f0c81a77-724x1024.jpg\" alt=\"\" width=\"280\" height=\"396\" srcset=\"https:\/\/www.radiopiu.net\/wordpress\/wp-content\/uploads\/2023\/08\/bfc3b52a-1585-422c-9d55-b388f0c81a77-724x1024.jpg 724w, https:\/\/www.radiopiu.net\/wordpress\/wp-content\/uploads\/2023\/08\/bfc3b52a-1585-422c-9d55-b388f0c81a77-212x300.jpg 212w, https:\/\/www.radiopiu.net\/wordpress\/wp-content\/uploads\/2023\/08\/bfc3b52a-1585-422c-9d55-b388f0c81a77-768x1086.jpg 768w, https:\/\/www.radiopiu.net\/wordpress\/wp-content\/uploads\/2023\/08\/bfc3b52a-1585-422c-9d55-b388f0c81a77-1086x1536.jpg 1086w, https:\/\/www.radiopiu.net\/wordpress\/wp-content\/uploads\/2023\/08\/bfc3b52a-1585-422c-9d55-b388f0c81a77.jpg 1131w\" sizes=\"auto, (max-width: 280px) 100vw, 280px\" \/><\/a><\/p>\n<p>&nbsp;<\/p>\n<hr \/>\n<p>&nbsp;<\/p>\n<blockquote>\n<h3>I NOS CROT, TRE ESCURSIONI CON IL GAMP<\/h3>\n<p><strong>di Gianni Santomaso<\/strong><\/p>\n<audio class=\"wp-audio-shortcode\" id=\"audio-348177-8\" preload=\"none\" style=\"width: 100%;\" controls=\"controls\"><source type=\"audio\/mpeg\" src=\"https:\/\/www.radiopiu.net\/wordpress\/wp-content\/uploads\/2023\/08\/GIANNI-I-NOS-CROT.mp3?_=8\" \/><a href=\"https:\/\/www.radiopiu.net\/wordpress\/wp-content\/uploads\/2023\/08\/GIANNI-I-NOS-CROT.mp3\">https:\/\/www.radiopiu.net\/wordpress\/wp-content\/uploads\/2023\/08\/GIANNI-I-NOS-CROT.mp3<\/a><\/audio>\n<p>&nbsp;<\/p><\/blockquote>\n<p><strong><a class=\"dt-pswp-item\" href=\"https:\/\/www.radiopiu.net\/wordpress\/wp-content\/uploads\/2023\/08\/e575260a-6e85-47fc-a32d-9226877f8944.jpg\" data-dt-img-description=\"\" data-large_image_width=\"1200\" data-large_image_height=\"1600\"><img loading=\"lazy\" decoding=\"async\" class=\" wp-image-347058 alignleft\" src=\"https:\/\/www.radiopiu.net\/wordpress\/wp-content\/uploads\/2023\/08\/e575260a-6e85-47fc-a32d-9226877f8944-225x300.jpg\" alt=\"\" width=\"99\" height=\"132\" srcset=\"https:\/\/www.radiopiu.net\/wordpress\/wp-content\/uploads\/2023\/08\/e575260a-6e85-47fc-a32d-9226877f8944-225x300.jpg 225w, https:\/\/www.radiopiu.net\/wordpress\/wp-content\/uploads\/2023\/08\/e575260a-6e85-47fc-a32d-9226877f8944-768x1024.jpg 768w, https:\/\/www.radiopiu.net\/wordpress\/wp-content\/uploads\/2023\/08\/e575260a-6e85-47fc-a32d-9226877f8944-1152x1536.jpg 1152w, https:\/\/www.radiopiu.net\/wordpress\/wp-content\/uploads\/2023\/08\/e575260a-6e85-47fc-a32d-9226877f8944.jpg 1200w\" sizes=\"auto, (max-width: 99px) 100vw, 99px\" \/><\/a>AGORDO<\/strong> Anche quest&#8217;anno il Gruppo Agordino Mineralogico Paleontologico organizza &#8220;I Nos Crot&#8221;, tre escursioni nel mese di agosto. Il 16 Agosto in Valle Imperina e il 19 agosto con Passo Fedaia e Rifugio Padon. Per partecipare alle escursioni in programma si richiede l&#8217;iscrizione al GAMP con un costo di 15 euro per gli adulti e 10 euro per i giovani fino a 18 anni. Le iscrizioni all&#8217;Ufficio Turistico di Agordo (0437 62105) oppure telefonando al 388 4955756 o 340 0890160.<\/p>\n<p><strong>DAVIDE CONEDERA<\/strong><\/p>\n<audio class=\"wp-audio-shortcode\" id=\"audio-348177-9\" preload=\"none\" style=\"width: 100%;\" controls=\"controls\"><source type=\"audio\/mpeg\" src=\"https:\/\/www.radiopiu.net\/wordpress\/wp-content\/uploads\/2023\/08\/DAVIDE-CONEDERA-I-NOS-CROT.mp3?_=9\" \/><a href=\"https:\/\/www.radiopiu.net\/wordpress\/wp-content\/uploads\/2023\/08\/DAVIDE-CONEDERA-I-NOS-CROT.mp3\">https:\/\/www.radiopiu.net\/wordpress\/wp-content\/uploads\/2023\/08\/DAVIDE-CONEDERA-I-NOS-CROT.mp3<\/a><\/audio>\n<p>&nbsp;<\/p>\n<hr \/>\n<p>&nbsp;<\/p>\n<blockquote>\n<h3>A VOLTAGO LA MOSTRA FOTOGRAFICA &#8220;NATURA O ARTE?&#8221;<\/h3>\n<\/blockquote>\n<p><strong>VOLTAGO<\/strong><\/p>\n<p>di Gianni Santomaso<\/p>\n<audio class=\"wp-audio-shortcode\" id=\"audio-348177-10\" preload=\"none\" style=\"width: 100%;\" controls=\"controls\"><source type=\"audio\/mpeg\" src=\"https:\/\/www.radiopiu.net\/wordpress\/wp-content\/uploads\/2023\/08\/GIANNI-LA-MOSTRA-FOTOGRAFICA-NATURA-O-ARTE.mp3?_=10\" \/><a href=\"https:\/\/www.radiopiu.net\/wordpress\/wp-content\/uploads\/2023\/08\/GIANNI-LA-MOSTRA-FOTOGRAFICA-NATURA-O-ARTE.mp3\">https:\/\/www.radiopiu.net\/wordpress\/wp-content\/uploads\/2023\/08\/GIANNI-LA-MOSTRA-FOTOGRAFICA-NATURA-O-ARTE.mp3<\/a><\/audio>\n<p>&nbsp;<\/p>\n<hr \/>\n<p>&nbsp;<\/p>\n<blockquote>\n<h3>A TAIBON MUSEO ETNOGRAFICO APERTO E MOSTRA CON I DISEGNI DEGLI ALUNNI DELLA PRIMARIA<\/h3>\n<\/blockquote>\n<p><strong><a class=\"dt-pswp-item\" href=\"https:\/\/www.radiopiu.net\/wordpress\/wp-content\/uploads\/2023\/08\/WhatsApp-Image-2022-08-12-at-10.38.51.jpg\" data-dt-img-description=\"\" data-large_image_width=\"2000\" data-large_image_height=\"1125\"><img loading=\"lazy\" decoding=\"async\" class=\" wp-image-348180 alignleft\" src=\"https:\/\/www.radiopiu.net\/wordpress\/wp-content\/uploads\/2023\/08\/WhatsApp-Image-2022-08-12-at-10.38.51-300x169.jpg\" alt=\"\" width=\"174\" height=\"98\" srcset=\"https:\/\/www.radiopiu.net\/wordpress\/wp-content\/uploads\/2023\/08\/WhatsApp-Image-2022-08-12-at-10.38.51-300x169.jpg 300w, https:\/\/www.radiopiu.net\/wordpress\/wp-content\/uploads\/2023\/08\/WhatsApp-Image-2022-08-12-at-10.38.51-1024x576.jpg 1024w, https:\/\/www.radiopiu.net\/wordpress\/wp-content\/uploads\/2023\/08\/WhatsApp-Image-2022-08-12-at-10.38.51-768x432.jpg 768w, https:\/\/www.radiopiu.net\/wordpress\/wp-content\/uploads\/2023\/08\/WhatsApp-Image-2022-08-12-at-10.38.51-1536x864.jpg 1536w, https:\/\/www.radiopiu.net\/wordpress\/wp-content\/uploads\/2023\/08\/WhatsApp-Image-2022-08-12-at-10.38.51.jpg 2000w\" sizes=\"auto, (max-width: 174px) 100vw, 174px\" \/><\/a>TAIBON <\/strong>Per tutto il mese di agosto \u00e8 possibile visitare il museo etnografico di Taibon Agordino . Quest\u2019anno ci sono delle novit\u00e0. L\u2019entrata \u00e8 accanto al municipio, dalla saletta della Proloco dove si possono ammirare\u00a0 i lavori dei bambini della primaria \u201cPio Soccol\u201d di Taibon Agordino sulla calchera. Inoltre grazie alla disponibilit\u00e0 della famiglia Cadorin \u00e8 stata allestita la vetrina del locale\u00a0 accanto al museo\u00a0 dove sono stati esposti i disegni degli alunni della primaria e il bellissimo modellino della calchera fatto da Ivano Borghese.<\/p>\n<p>&nbsp;<\/p>\n<p>&nbsp;<\/p>\n<hr \/>\n<p>&nbsp;<\/p>\n<h2><span style=\"color: #ff0000;\">GLI APPUNTAMENTI DELLA SETTIMANA\u00a0\u00a0<\/span><\/h2>\n<p>&nbsp;<\/p>\n<blockquote>\n<h3>SETE D&#8217;AFRICA CON ROBERTO SORAMAE&#8217;<\/h3>\n<\/blockquote>\n<p><strong><a class=\"dt-pswp-item\" href=\"https:\/\/www.radiopiu.net\/wordpress\/wp-content\/uploads\/2023\/08\/sete.png\" data-dt-img-description=\"\" data-large_image_width=\"391\" data-large_image_height=\"258\"><img loading=\"lazy\" decoding=\"async\" class=\" wp-image-348219 alignleft\" src=\"https:\/\/www.radiopiu.net\/wordpress\/wp-content\/uploads\/2023\/08\/sete-300x198.png\" alt=\"\" width=\"177\" height=\"117\" srcset=\"https:\/\/www.radiopiu.net\/wordpress\/wp-content\/uploads\/2023\/08\/sete-300x198.png 300w, https:\/\/www.radiopiu.net\/wordpress\/wp-content\/uploads\/2023\/08\/sete.png 391w\" sizes=\"auto, (max-width: 177px) 100vw, 177px\" \/><\/a>CANALE D&#8217;AGORDO<\/strong> Domani alle 21 in Sala Emigranti a Canale D&#8217;Agordo viene organizzata una serata con Roberto Sorama\u00e8 per parlare dei suoi numerosi viaggi in Africa.<\/p>\n<p><strong>di Mirko Mezzacasa<\/strong><\/p>\n<p>OSPITE: Roberto Soram\u00e8<\/p>\n<audio class=\"wp-audio-shortcode\" id=\"audio-348177-11\" preload=\"none\" style=\"width: 100%;\" controls=\"controls\"><source type=\"audio\/mpeg\" src=\"https:\/\/www.radiopiu.net\/wordpress\/wp-content\/uploads\/2023\/08\/ROBERTO-SORAMAE.mp3?_=11\" \/><a href=\"https:\/\/www.radiopiu.net\/wordpress\/wp-content\/uploads\/2023\/08\/ROBERTO-SORAMAE.mp3\">https:\/\/www.radiopiu.net\/wordpress\/wp-content\/uploads\/2023\/08\/ROBERTO-SORAMAE.mp3<\/a><\/audio>\n<p>&nbsp;<\/p>\n<p><strong>di Gianni Santomaso<\/strong><\/p>\n<audio class=\"wp-audio-shortcode\" id=\"audio-348177-12\" preload=\"none\" style=\"width: 100%;\" controls=\"controls\"><source type=\"audio\/mpeg\" src=\"https:\/\/www.radiopiu.net\/wordpress\/wp-content\/uploads\/2023\/08\/GIANNI-SETE-DAFRICA-A-CANALE.mp3?_=12\" \/><a href=\"https:\/\/www.radiopiu.net\/wordpress\/wp-content\/uploads\/2023\/08\/GIANNI-SETE-DAFRICA-A-CANALE.mp3\">https:\/\/www.radiopiu.net\/wordpress\/wp-content\/uploads\/2023\/08\/GIANNI-SETE-DAFRICA-A-CANALE.mp3<\/a><\/audio>\n<p>&nbsp;<\/p>\n<blockquote>\n<h3>LA RASSEGNA DI MINERALI E FOSSILI<\/h3>\n<\/blockquote>\n<p><strong>AGORDO<\/strong> Domani il GAMP organizza la 32\u00b0 rassegna di minerali e fossili al Palazzetto dello sport di Via Lungorova. Ingresso libero, apertura dalle 8 alle 18.<\/p>\n<p>&nbsp;<\/p>\n<blockquote>\n<h2><a class=\"dt-pswp-item\" href=\"https:\/\/www.radiopiu.net\/wordpress\/wp-content\/uploads\/2023\/08\/Senza-nome.png\" data-dt-img-description=\"\" data-large_image_width=\"605\" data-large_image_height=\"188\"><img loading=\"lazy\" decoding=\"async\" class=\"size-medium wp-image-346825 alignleft\" src=\"https:\/\/www.radiopiu.net\/wordpress\/wp-content\/uploads\/2023\/08\/Senza-nome-300x93.png\" alt=\"\" width=\"300\" height=\"93\" srcset=\"https:\/\/www.radiopiu.net\/wordpress\/wp-content\/uploads\/2023\/08\/Senza-nome-300x93.png 300w, https:\/\/www.radiopiu.net\/wordpress\/wp-content\/uploads\/2023\/08\/Senza-nome.png 605w\" sizes=\"auto, (max-width: 300px) 100vw, 300px\" \/><\/a>\u201cCINEMA IN CONTRADA\u201d AD AGORDO<\/h2>\n<\/blockquote>\n<p><strong>AGORDO<\/strong> Tre serate di proiezioni sotto le stelle delle Dolomiti Ad agosto 2023, torna ad Agordo il cinema all\u2019aperto. Gli appuntamenti della rassegna:\u00a0 \u25cf oggi: Bohemian Rhapsody, di Bryan Singer\u00a0 \u00a0Luned\u00ec 14 Agosto: Parasite, di Bong Joon-hoo \u25cf Mercoled\u00ec 16 Agosto: Indiana Jones e i predatori dell\u2019arca perduta, di Steven Spielberg. Tutte le proiezioni inizieranno alle ore 21 e saranno ad ingresso gratuito, previa prenotazione raccomandata fino ad esaurimento posti. Le prenotazioni si possono effettuare attraverso il sito http:\/\/agordo.eventbrite.com oppure rivolgendosi all\u2019Ufficio Turistico di Agordo<\/p>\n<p><strong>DI GIANNI SANTOMASO<\/strong><\/p>\n<audio class=\"wp-audio-shortcode\" id=\"audio-348177-13\" preload=\"none\" style=\"width: 100%;\" controls=\"controls\"><source type=\"audio\/mpeg\" src=\"https:\/\/www.radiopiu.net\/wordpress\/wp-content\/uploads\/2023\/08\/GIANNI-CINEMA-IN-CONTRADA.mp3?_=13\" \/><a href=\"https:\/\/www.radiopiu.net\/wordpress\/wp-content\/uploads\/2023\/08\/GIANNI-CINEMA-IN-CONTRADA.mp3\">https:\/\/www.radiopiu.net\/wordpress\/wp-content\/uploads\/2023\/08\/GIANNI-CINEMA-IN-CONTRADA.mp3<\/a><\/audio>\n<p>&nbsp;<\/p>\n<blockquote>\n<h3>CON IL CAI DI AGORDO<\/h3>\n<\/blockquote>\n<p><b>AGORDO <\/b>Oggi escursione al Sasso Bianco, gruppo della Marmolada, iscrizioni al 380 6983040<\/p>\n<h3><\/h3>\n<blockquote>\n<h3>SGUARDI SUL LAGO, LA MOSTRA<\/h3>\n<\/blockquote>\n<p><strong>PIEVE D&#8217;ALPAGO<\/strong> Viene inaugurata oggi alle 16:30 al Municipio di Pieve D&#8217;Alpago la mostra con le foto di Alessandro Sogne e Daniele Dalvit dal titolo &#8220;Sguardi Sul Lago&#8221; in occasione del 29\u00b0 Giro del Lago di Santa Croce.<\/p>\n<p>&nbsp;<\/p>\n<h3>MAGNA AN BOCON SU PAR L&#8217;ANDRIA<\/h3>\n<p><strong><a class=\"dt-pswp-item\" href=\"https:\/\/www.radiopiu.net\/wordpress\/wp-content\/uploads\/2023\/08\/363380069_744946250973383_1218265656161784847_n.jpg\" data-dt-img-description=\"\" data-large_image_width=\"526\" data-large_image_height=\"274\"><img loading=\"lazy\" decoding=\"async\" class=\"size-medium wp-image-346867 alignleft\" src=\"https:\/\/www.radiopiu.net\/wordpress\/wp-content\/uploads\/2023\/08\/363380069_744946250973383_1218265656161784847_n-300x156.jpg\" alt=\"\" width=\"300\" height=\"156\" srcset=\"https:\/\/www.radiopiu.net\/wordpress\/wp-content\/uploads\/2023\/08\/363380069_744946250973383_1218265656161784847_n-300x156.jpg 300w, https:\/\/www.radiopiu.net\/wordpress\/wp-content\/uploads\/2023\/08\/363380069_744946250973383_1218265656161784847_n.jpg 526w\" sizes=\"auto, (max-width: 300px) 100vw, 300px\" \/><\/a>SELVA DI CADORE <\/strong>Il gruppo Folk di Selva di Cadore vi aspetta domani per la quinta edizione di \u201cMagn\u00e0 an Bocon su par l\u2019Andria\u201d l\u2019evento gastronomico fra i borghi della Val Fiorentina a Selva di Cadore. Assaporerete Deliziosi piatti tipici e prodotti locali ad ogni tappa, attorniati da stupendi scorci panoramici, antichi fienili e case di una volta. Durante il percorso potrete visitare l\u2019eccezionale Molin dei Padre con l\u2019antica falegnameria ad acqua e il museo dei vigili del fuoco volontari di Selva. Al termine del percorso fortaie e musica coi Die D\u00fcrstigen. Numero massimo 100 partecipanti, opportunamente divisi in piccoli gruppi guidati. Prevendite disponibili presso l\u2019ufficio turistico di Selva di Cadore. Novit\u00e0 di quest anno: potrete scegliere l\u2019orario di partenza! Partenza primo gruppo domenica 13 agosto ore 11 presso il campetto Sciovie Santa Fosca. Vendita ultimi ticket dalle ore 10<\/p>\n<p>&nbsp;<\/p>\n<blockquote>\n<h3>LA FESTA DEL CACCIATORE A CANALE D&#8217;AGORDO<\/h3>\n<\/blockquote>\n<p><strong>CANALE D&#8217;AGORDO<\/strong> OGGI E DOMANI A CANALE D&#8217;AGORDO FESTA DEL CACCIATORE: OGGI MESSA CON I SUONATORI DI CORNO, GARA DI BRISCOLA, CUCINA TIPICA, LA PIZZA ANCHE DA ASPORTO E MUSICA CON OSCAR E I FOLCLORISTICI, DI SEGUITO DJ SET CON MORGAN E BATTAGLIA. DOMANI DIMOSTRAZIONE CANI, CUCINA APERTA DALLE 12, ESTRAZIONE LOTTERIA E MUSICA DAL VIVO CON I SIVER MUSICH. SABATO E DOMENICA, LA FESTA DEL CACCIATORE A CANALE D&#8217;AGORDO CON LA LOCALE RISERVA ALPINA, PATROCINIO DEL COMUNE<\/p>\n<p>&nbsp;<\/p>\n<blockquote>\n<h3>L&#8217;ESTATE CON L&#8217;ASSOCIAZIONE BORGO DI SOTTOGUDA<\/h3>\n<\/blockquote>\n<p><a class=\"dt-pswp-item\" href=\"https:\/\/www.radiopiu.net\/wordpress\/wp-content\/uploads\/2023\/08\/358091417_794248625823528_1699457655493429797_n.jpg\" data-dt-img-description=\"\" data-large_image_width=\"526\" data-large_image_height=\"526\"><img loading=\"lazy\" decoding=\"async\" class=\" wp-image-346870 alignleft\" src=\"https:\/\/www.radiopiu.net\/wordpress\/wp-content\/uploads\/2023\/08\/358091417_794248625823528_1699457655493429797_n-300x300.jpg\" alt=\"\" width=\"244\" height=\"244\" srcset=\"https:\/\/www.radiopiu.net\/wordpress\/wp-content\/uploads\/2023\/08\/358091417_794248625823528_1699457655493429797_n-300x300.jpg 300w, https:\/\/www.radiopiu.net\/wordpress\/wp-content\/uploads\/2023\/08\/358091417_794248625823528_1699457655493429797_n-150x150.jpg 150w, https:\/\/www.radiopiu.net\/wordpress\/wp-content\/uploads\/2023\/08\/358091417_794248625823528_1699457655493429797_n.jpg 526w\" sizes=\"auto, (max-width: 244px) 100vw, 244px\" \/><\/a>APPUNTAMENTI D&#8217;ESTATE CON L&#8217;ASSOCIAZIONE BORGO SOTTOGUDA. OGGI IL MERCATO BONTA&#8217; E BENESSERE, DALLE 21 IN PIAZZETTA A SOTTOGUDA IL TRIBUTO A LUCIO BATTISTI INTERPRETATO DA ERA BATTISTI. IL 14 AGOSTO, VIGILIA DI FERRAGOSTO DALLE 21 GLI ARCHI DEL FRIULI E DEL VENETO con il &#8220;SOGNO DI UNA NOTTE DI MEZZ&#8217;ESTATE PARTECIPA LA PIANISTA SILVIA TESSARI. IL MERCATO CONTADINO &#8220;SABEDA ITE VILA&#8221;, SABATO 5 E SABATO 19 AGOSTO CON L&#8217;ASSOCIAZIONE BORGO SOTTOGUDA, IL MERCATO DELLA DELIZIA CONTADINA, DEI LAVORI DI UNA VOLTA. AL SABATO DEL VILLAGGIO IL LABORATORIO COSMETICO E CURATIVO DI ESTER ANDRICH APPASSIONATA DI ERBE SPONTANEE E LORO UTILIZZO, E SOTTO AL TENDONE MEZZOGIORNO E SERA TUTTO PER SOLLETICARE IL PALATO SUL POSTO O PER ASPORTO. Ma voi sapete fare i canederli? TRANQUILLI&#8230; CI PENSA THOMAS A SOTTOGUDA DI ROCCA PIETORE Alle 21 sar\u00e0 ospite Luigi Fontana, figlio di Jmmi Fontana con un viaggio negli anni 60 e &#8217;70 tra grandi canzoni e aneddoti<\/p>\n<p><strong>di Mirko Mezzacasa<\/strong><\/p>\n<p>OSPITE: Sara dell&#8217;Associazione Borgo di Sottoguda<\/p>\n<audio class=\"wp-audio-shortcode\" id=\"audio-348177-14\" preload=\"none\" style=\"width: 100%;\" controls=\"controls\"><source type=\"audio\/mpeg\" src=\"https:\/\/www.radiopiu.net\/wordpress\/wp-content\/uploads\/2023\/08\/SARA-SOTTOGUDA.mp3?_=14\" \/><a href=\"https:\/\/www.radiopiu.net\/wordpress\/wp-content\/uploads\/2023\/08\/SARA-SOTTOGUDA.mp3\">https:\/\/www.radiopiu.net\/wordpress\/wp-content\/uploads\/2023\/08\/SARA-SOTTOGUDA.mp3<\/a><\/audio>\n<p>&nbsp;<\/p>\n<blockquote>\n<h3>AL CANTONET DE GENA SOTTO LA LUNA<\/h3>\n<\/blockquote>\n<p><strong>SOSPIROLO<\/strong> Si terr\u00e0 domani alle 20.30 in localit\u00e0 Gena Media, in Valle del Mis, l\u2019incontro \u201cAl Cantonet de Gena sotto la luna, alberi e cielo in ascolto\u201d. Lo organizza l\u2019associazione culturale Veses insieme al gruppo Voci di passaggio; vi saranno letture a tema naturalistico a cura del gruppo stesso, interventi musicali di Anna Zanella al clarinetto ed Elena Sofia Lappon al violino, oltre a delle degustazioni di formaggi della latteria di Camolino.<\/p>\n<p>&nbsp;<\/p>\n<blockquote>\n<h3>DOMANI LA FIERA DLL&#8217;OGGETTO RITROVATO<\/h3>\n<\/blockquote>\n<p><strong>FELTRE<\/strong> Domani torna l\u2019appuntamento della seconda domenica del mese con la Fiera dell\u2019Oggetto Ritrovato, il mercatino dell\u2019usato e dell\u2019antiquariato nelle piazze e nelle vie del Centro storico di Feltre.<\/p>\n<p>&nbsp;<\/p>\n<h2><span style=\"color: #ff0000;\">PROSSIMAMENTE&#8230;\u00a0<\/span><\/h2>\n<p>&nbsp;<\/p>\n<blockquote>\n<h3>INCONTRI D&#8217;AUTORE CON ARABBA FODOM TURISMO E COMUNE DI LIVINALLONGO<\/h3>\n<\/blockquote>\n<p>DI LORENZO SORATROI<\/p>\n<audio class=\"wp-audio-shortcode\" id=\"audio-348177-15\" preload=\"none\" style=\"width: 100%;\" controls=\"controls\"><source type=\"audio\/mpeg\" src=\"https:\/\/www.radiopiu.net\/wordpress\/wp-content\/uploads\/2023\/08\/LORENZO-16-AGOSTO-.mp3?_=15\" \/><a href=\"https:\/\/www.radiopiu.net\/wordpress\/wp-content\/uploads\/2023\/08\/LORENZO-16-AGOSTO-.mp3\">https:\/\/www.radiopiu.net\/wordpress\/wp-content\/uploads\/2023\/08\/LORENZO-16-AGOSTO-.mp3<\/a><\/audio>\n<h3><a class=\"dt-pswp-item\" href=\"https:\/\/www.radiopiu.net\/wordpress\/wp-content\/uploads\/2023\/08\/365110509_695435009289200_6383895512488748246_n.jpg\" data-dt-img-description=\"\" data-large_image_width=\"320\" data-large_image_height=\"453\"><img loading=\"lazy\" decoding=\"async\" class=\"wp-image-347179 alignleft\" src=\"https:\/\/www.radiopiu.net\/wordpress\/wp-content\/uploads\/2023\/08\/365110509_695435009289200_6383895512488748246_n-212x300.jpg\" alt=\"\" width=\"97\" height=\"137\" srcset=\"https:\/\/www.radiopiu.net\/wordpress\/wp-content\/uploads\/2023\/08\/365110509_695435009289200_6383895512488748246_n-212x300.jpg 212w, https:\/\/www.radiopiu.net\/wordpress\/wp-content\/uploads\/2023\/08\/365110509_695435009289200_6383895512488748246_n.jpg 320w\" sizes=\"auto, (max-width: 97px) 100vw, 97px\" \/><\/a><\/h3>\n<p>Dal 7 al 22 agosto, ad Arabba, IN SALA CONGRESSI CON INIZIO ALLE 20.45 \u201cIncontri d\u2019Autore\u201d, rassegna dedicata alla montagna. Chiacchierate con gli scrittori e momenti di approfondimento PER TUTTI. Partecipazione libera e gratuita. 16 agosto Mauro Corona PRESENTA &#8220;Le cinque porte &#8211; due nipoti e un nonno sui sentieri dei boschi&#8221;; 18 agosto Francesco Moser e la sua ultima pubblicazione &#8220;Franceso Moser Un uomo, Una Bicicletta&#8221;, serata allietata dai canti di montagna del Coro Fodom. 22 agosto Michil Costa con li libro &#8220;Futurismo&#8221; incontri d&#8217;autore, organizzazione ARABBA FODOM TURISMO E COMUNE DI LIVINALLONGO DEL COL DI LANA.<\/p>\n<p>&nbsp;<\/p>\n<blockquote>\n<h3>JOHN WISE IN CONCERTO A CENCENIGHE<\/h3>\n<\/blockquote>\n<p><strong>CENCENIGHE<\/strong> Gioved\u00ec 17 agosto alla Birreria Stella di Cencenighe Agordino dalle 21:00 &#8211; John Wise trio<\/p>\n<p>&nbsp;<\/p>\n<blockquote>\n<h3>I FUOCHI SUL LAGO DI ALLEGHE<\/h3>\n<\/blockquote>\n<p><strong>ALLEGHE<\/strong> Venerd\u00ec 18 agosto appuntamento con i classici Fuochi Artificiali sul Lago di Alleghe. Un invito del consorzio operatori turistici di Alleghe e del Comune di Alleghe. Inizio alle 22:30.<\/p>\n<p>&nbsp;<\/p>\n<div class=\"message spoilers-container\" dir=\"auto\">\n<div class=\"column\">\n<div class=\"message spoilers-container\" dir=\"auto\">\n<div class=\"column\">\n<p><a class=\"dt-pswp-item\" href=\"https:\/\/www.radiopiu.net\/wordpress\/wp-content\/uploads\/2023\/08\/362295170_695459682620066_1277742230332936989_n.jpg\" data-dt-img-description=\"\" data-large_image_width=\"960\" data-large_image_height=\"662\"><img loading=\"lazy\" decoding=\"async\" class=\"wp-image-347178 alignleft\" src=\"https:\/\/www.radiopiu.net\/wordpress\/wp-content\/uploads\/2023\/08\/362295170_695459682620066_1277742230332936989_n-300x207.jpg\" alt=\"\" width=\"199\" height=\"137\" srcset=\"https:\/\/www.radiopiu.net\/wordpress\/wp-content\/uploads\/2023\/08\/362295170_695459682620066_1277742230332936989_n-300x207.jpg 300w, https:\/\/www.radiopiu.net\/wordpress\/wp-content\/uploads\/2023\/08\/362295170_695459682620066_1277742230332936989_n-768x530.jpg 768w, https:\/\/www.radiopiu.net\/wordpress\/wp-content\/uploads\/2023\/08\/362295170_695459682620066_1277742230332936989_n.jpg 960w\" sizes=\"auto, (max-width: 199px) 100vw, 199px\" \/><\/a>GIOVEDI 17 AGOSTO ALLE 17.30 AL PARCO GIOCHI NEI PRESSI DELLE CHISA. evento gratuito. ORGANIZZA ARABBA FODOM TURISMO E COMUNE DI LIVINALLONGO. Paolo Zanarella porta il pianoforte a mezza coda fuori dai contesti abituali di spettacolo: \u201cIl pianista fuori posto\u201d Ad Arabba suoner\u00e0 dall&#8217;alto&#8230; sospeso. in caso di maltempo l&#8217;esibizione si svolger\u00e0 in sala congressi di Arabba.<\/p>\n<\/div>\n<\/div>\n<\/div>\n<\/div>\n<p>&nbsp;<\/p>\n<p>&nbsp;<\/p>\n<p>&nbsp;<\/p>\n<blockquote>\n<h3>OPERETTA A LORENZAGO<\/h3>\n<\/blockquote>\n<p><strong>LORENZAGO DI CADORE<\/strong> Sabato 19 agosto al Teatro Oratorio di Lorenzago andr\u00e0 in scena la commedia teatrale dal titolo &#8220;Operetta&#8221; con la compagnia teatrale Lavori In Corso. Ingresso libero con offerta.<\/p>\n<p>&nbsp;<\/p>\n<blockquote>\n<h3>COL IN FESTA!<\/h3>\n<\/blockquote>\n<p>SABATO 19 AGOSTO: ARTIGIANATO, ASSOCIAZIONI, GASTRONOMIA LOCALE, GIOCHI, MUSICA, MINI MANEGGIO AL PARCO GIOCHI. DAL MATTINO AL POMERIGGIO VISITE GUIDATE ALLA CESA DE JAN, PROVA DI MUNGITURA, TRA LE STORIE&#8230;DEL CANTASTORIE.<\/p>\n<p>ALLE 19 IL CONCERTO DEL CORO MUSICOL SULLA STRADA PER LA CHIESA<\/p>\n<p>COL IN FESTA, SABATO 19 AGOSTO, A COLLE SANTA LUCIA: ALLE 14,30 L CIANTON CULTURAL, DIBATTITO SU TEMI DI ATTUALITA&#8217;: LADINO, OLIMPIADI, TURISMO, I &#8220;Presso i magazzini comunali visite al distaccamento e al museo dei pompieri di Colle&#8221;<\/p>\n<p>&nbsp;<\/p>\n<p>&nbsp;<\/p>\n<blockquote>\n<h3>CONCERTI IN ALTA QUOTA CON &#8220;MELODIE NEL BOSCO, SUSSURRI TRA LE DOLOMITI&#8221;.<\/h3>\n<\/blockquote>\n<p><strong><a class=\"dt-pswp-item\" href=\"https:\/\/www.radiopiu.net\/wordpress\/wp-content\/uploads\/2018\/07\/Pota-l_Orso_Bosco-degli-Artisti.png\" data-dt-img-description=\"\" data-large_image_width=\"750\" data-large_image_height=\"534\"><img loading=\"lazy\" decoding=\"async\" class=\" wp-image-55065 alignleft\" src=\"https:\/\/www.radiopiu.net\/wordpress\/wp-content\/uploads\/2018\/07\/Pota-l_Orso_Bosco-degli-Artisti-300x214.png\" alt=\"\" width=\"199\" height=\"142\" srcset=\"https:\/\/www.radiopiu.net\/wordpress\/wp-content\/uploads\/2018\/07\/Pota-l_Orso_Bosco-degli-Artisti-300x214.png 300w, https:\/\/www.radiopiu.net\/wordpress\/wp-content\/uploads\/2018\/07\/Pota-l_Orso_Bosco-degli-Artisti.png 750w\" sizes=\"auto, (max-width: 199px) 100vw, 199px\" \/><\/a>FALCADE<\/strong>\u00a0 &#8220;Melodie nel Bosco, sussurri tra le Dolomiti&#8221;. Si chiama cos\u00ec il festival che porter\u00e0 quattro concerti a 2.000 metri di altitudine per far incontrare musica e natura al cospetto di vette come Mulaz e Focobon.\u00a0 A fare da teatro sar\u00e0 il Bosco degli Artisti di Falcade, galleria d\u2019arte a cielo aperto che sorge in localit\u00e0 Le Buse, nella Ski Area San Pellegrino. Concerti in programma alle 10:30.<\/p>\n<p>Sabato 26 agosto toccher\u00e0 a Emanuele Bastanzetti, da Bach a Kreisler &#8211; sinfonie di violino.<\/p>\n<p>&nbsp;<\/p>\n<p>&nbsp;<\/p>\n<p>&nbsp;<\/p>\n<blockquote>\n<h3>LA MOSTRA SU ALBINO LUCIANI<\/h3>\n<\/blockquote>\n<p><strong>CANALE D&#8217;AGORDO<\/strong> Dal 21 agosto al 1 settembre nella Chiesa Arcipretale di Canale D&#8217;Agordo sar\u00e0 visitabile la mostra &#8220;Albino Luciani &#8211; Il Papa Nostro&#8221;. Immaginette, stampe devozionali e foto da una collezione e ricerca in friuli a cura di Silvano Gianduzzo e Sebastiano Coadiutore<\/p>\n<p>&nbsp;<\/p>\n<blockquote>\n<h3>ESPERIENZA CULINARIA AL RIFUGIO AVERAU<\/h3>\n<\/blockquote>\n<p><strong>CORTINA<\/strong> Marted\u00ec 12 settembre, evento straordinario al Rifugio Averau. Gli chef di casa, Matteo e Stefano, della trattoria alla Cima di Valdobbiadene uniscono genio e bravura per un&#8217;esperienza unica &#8220;dalla laguna alle dolomiti&#8221;. Un percorso enogastronomico dal mare ai fiumi, dalle colline ai boschi del veneziano, trevigiano e bellunese fino alle cime di Cortina. Sar\u00e0 predisposto su prenotazione un servizio di trasporto in jeep dal rifugio Cinque Torri, raggiungibile in macchina dalla strada del passo Falzarego Per info e prenotazioni: 0436 4660<br \/>\nDALLA LAGUNA ALLE DOLOMITI, 12 SETTEMBRE AL RIFUGIO AVERAU<\/p>\n<p>&nbsp;<\/p>\n<hr \/>\n<p>&nbsp;<\/p>\n<blockquote>\n<h3>APERITIVO ? MA MAI SENZA MUSICA<\/h3>\n<\/blockquote>\n<p><a class=\"dt-pswp-item\" href=\"https:\/\/www.radiopiu.net\/wordpress\/wp-content\/uploads\/2023\/07\/d86dbc06-7161-49d4-b544-90770e85269f.jpg\" data-dt-img-description=\"\" data-large_image_width=\"1448\" data-large_image_height=\"2048\"><img loading=\"lazy\" decoding=\"async\" class=\" wp-image-342766 alignleft\" src=\"https:\/\/www.radiopiu.net\/wordpress\/wp-content\/uploads\/2023\/07\/d86dbc06-7161-49d4-b544-90770e85269f-212x300.jpg\" alt=\"\" width=\"133\" height=\"189\" srcset=\"https:\/\/www.radiopiu.net\/wordpress\/wp-content\/uploads\/2023\/07\/d86dbc06-7161-49d4-b544-90770e85269f-212x300.jpg 212w, https:\/\/www.radiopiu.net\/wordpress\/wp-content\/uploads\/2023\/07\/d86dbc06-7161-49d4-b544-90770e85269f-724x1024.jpg 724w, https:\/\/www.radiopiu.net\/wordpress\/wp-content\/uploads\/2023\/07\/d86dbc06-7161-49d4-b544-90770e85269f-768x1086.jpg 768w, https:\/\/www.radiopiu.net\/wordpress\/wp-content\/uploads\/2023\/07\/d86dbc06-7161-49d4-b544-90770e85269f-1086x1536.jpg 1086w, https:\/\/www.radiopiu.net\/wordpress\/wp-content\/uploads\/2023\/07\/d86dbc06-7161-49d4-b544-90770e85269f.jpg 1448w\" sizes=\"auto, (max-width: 133px) 100vw, 133px\" \/><\/a>Dimentica la routine, concediti un momento di relax e divertimento con amici e familiari. L&#8217;aperitivo in musica all&#8217;Hotel Stella Alpina in piazza a Falcade \u00e8 l&#8217;occasione perfetta per socializzare e creare ricordi preziosi.Ogni venerd\u00ec di luglio ed agosto, l&#8217;Hotel Stella Alpina vi accoglie per una serata di puro divertimento, dalle 18 alle 21. I\u00a0venerdi di luglio ed agosto allo Stella alpina, appuntamento con la buona musica e le specialit\u00e0 che sapranno deliziarvi il palato. INFO 0437 599046. <a class=\"moz-txt-link-abbreviated\" href=\"http:\/\/WWW.HOTEL\">WWW.HOTEL<\/a> STELLA ALPINA . COM<\/p>\n<p><b>VENERDI<\/b> MUSIC SCHOOL IN CONCERTO E CENA A BASE DI ZUPPA DI PESCE<\/p>\n<p>&nbsp;<\/p>\n<p>&nbsp;<\/p>\n<p>&nbsp;<\/p>\n<p>&nbsp;<\/p>\n<hr \/>\n<p>&nbsp;<\/p>\n<blockquote>\n<h3><a class=\"dt-pswp-item\" href=\"https:\/\/www.radiopiu.net\/wordpress\/wp-content\/uploads\/2023\/08\/3a200dcf-986c-4cc8-9dd2-568798301511.jpg\" data-dt-img-description=\"\" data-large_image_width=\"1131\" data-large_image_height=\"1600\"><img loading=\"lazy\" decoding=\"async\" class=\" wp-image-347204 alignleft\" src=\"https:\/\/www.radiopiu.net\/wordpress\/wp-content\/uploads\/2023\/08\/3a200dcf-986c-4cc8-9dd2-568798301511-212x300.jpg\" alt=\"\" width=\"116\" height=\"164\" srcset=\"https:\/\/www.radiopiu.net\/wordpress\/wp-content\/uploads\/2023\/08\/3a200dcf-986c-4cc8-9dd2-568798301511-212x300.jpg 212w, https:\/\/www.radiopiu.net\/wordpress\/wp-content\/uploads\/2023\/08\/3a200dcf-986c-4cc8-9dd2-568798301511-724x1024.jpg 724w, https:\/\/www.radiopiu.net\/wordpress\/wp-content\/uploads\/2023\/08\/3a200dcf-986c-4cc8-9dd2-568798301511-768x1086.jpg 768w, https:\/\/www.radiopiu.net\/wordpress\/wp-content\/uploads\/2023\/08\/3a200dcf-986c-4cc8-9dd2-568798301511-1086x1536.jpg 1086w, https:\/\/www.radiopiu.net\/wordpress\/wp-content\/uploads\/2023\/08\/3a200dcf-986c-4cc8-9dd2-568798301511.jpg 1131w\" sizes=\"auto, (max-width: 116px) 100vw, 116px\" \/><\/a>LA 39ESIMA EDIZIONE DEL PALIO DEI CENTO<\/h3>\n<\/blockquote>\n<p><strong>AGORDO<\/strong> Sabato 19 e domenica 20 agosto il Broi di Agordo si animer\u00e0 con il Palio Dei Cento. Sabato mercatini artigianali, dalle 17 apertura del tendone e aperitivo con Morgan e Battaglia. Alle 18:30 la prima prova del palio con la corsa a staffetta e cena con lo spiedo di Livio. Domenica apertura del tendone alle 9 e a seguire la 28esima edizione del MiniPalio. Alle 12 pranzo con il paticcio di Mario e nel pomeriggio il via al Palio dei Cento. Alle 14:30 la parata delle squadre e le altre prove. Alle 19 cena con la porchetta di Firpo, musica con i Voyager e alle 22:30 il gran finale con i fuochi d&#8217;artificio.<\/p>\n<p>&nbsp;<\/p>\n<p>&nbsp;<\/p>\n<hr \/>\n<p>&nbsp;<\/p>\n<p>&nbsp;<\/p>\n<p>&nbsp;<\/p>\n<p><strong><a class=\"dt-pswp-item\" href=\"https:\/\/www.radiopiu.net\/wordpress\/wp-content\/uploads\/2023\/07\/362238350_780080964121139_3528425822730363745_n.jpg\" data-dt-img-description=\"\" data-large_image_width=\"960\" data-large_image_height=\"540\"><img loading=\"lazy\" decoding=\"async\" class=\"wp-image-346272 alignleft\" src=\"https:\/\/www.radiopiu.net\/wordpress\/wp-content\/uploads\/2023\/07\/362238350_780080964121139_3528425822730363745_n.jpg\" alt=\"\" width=\"295\" height=\"166\" srcset=\"https:\/\/www.radiopiu.net\/wordpress\/wp-content\/uploads\/2023\/07\/362238350_780080964121139_3528425822730363745_n.jpg 960w, https:\/\/www.radiopiu.net\/wordpress\/wp-content\/uploads\/2023\/07\/362238350_780080964121139_3528425822730363745_n-300x169.jpg 300w, https:\/\/www.radiopiu.net\/wordpress\/wp-content\/uploads\/2023\/07\/362238350_780080964121139_3528425822730363745_n-768x432.jpg 768w\" sizes=\"auto, (max-width: 295px) 100vw, 295px\" \/><\/a>ALLA RADIO <\/strong>15 AGOSTO&#8230; A MASARE&#8217; DI ALLEGHE SOTTO AL TENDONE IL FERRAGOSTO BIANCOROSSO edizione anniversario. ALLEGHE HOCKEY, 90 ANNI DOPO, CON LO STESSO ENTUSIASMO E LE STESSE EMOZIONI DI ALLORA. LA FESTA DI FERRAGOSTO DALLE 9.30 DEL MATTINO A NOTTE INOLTRATA.\u00a0 buon cibo con possibilit\u00e0 di asporto, giro del lago, giochi per grandi e piccini, magia ,Happy hour con frittura di calamari e alle 21:30 SUL PALCO IL NUOVO FRONTE DEL VASCO&#8230;.IL GRUPPO COVER DI VASCO ROSSI!!!!! IMPREDIBILE ALLEGHE HOCKEY: tutti insieme con e per le civette<\/p>\n<p>&nbsp;<\/p>\n<div class=\"message spoilers-container\" dir=\"auto\">\n<div class=\"column\">\n<div class=\"message spoilers-container\" dir=\"auto\">\n<div class=\"column\">\n<p><strong>Evento ecosostenibile e pet friendly<\/strong><\/p>\n<audio class=\"wp-audio-shortcode\" id=\"audio-348177-16\" preload=\"none\" style=\"width: 100%;\" controls=\"controls\"><source type=\"audio\/mpeg\" src=\"https:\/\/www.radiopiu.net\/wordpress\/wp-content\/uploads\/2023\/07\/alleghe-hockey-c.mp3?_=16\" \/><a href=\"https:\/\/www.radiopiu.net\/wordpress\/wp-content\/uploads\/2023\/07\/alleghe-hockey-c.mp3\">https:\/\/www.radiopiu.net\/wordpress\/wp-content\/uploads\/2023\/07\/alleghe-hockey-c.mp3<\/a><\/audio>\n<p>&nbsp;<\/p>\n<p><strong>L&#8217;INTERVISTA DI LUGLIO CON IL PRESIDENTE ADRIANO LEVIS, VICE PRESIDENTE MATHIAS LEVIS, EX GIOCATORE E COLLABORATORE DANIELE VEGGIATO,\u00a0 \u00a0FABIO COMINATO LOMBARDO INNAMORATO DELL&#8217;HOCKEY\u00a0 ED ERRO RAUSSE\u00a0<\/strong><\/p>\n<audio class=\"wp-audio-shortcode\" id=\"audio-348177-17\" preload=\"none\" style=\"width: 100%;\" controls=\"controls\"><source type=\"audio\/mpeg\" src=\"https:\/\/www.radiopiu.net\/wordpress\/wp-content\/uploads\/2023\/08\/ALLEGHE-HOCKEY-luglio.mp3?_=17\" \/><a href=\"https:\/\/www.radiopiu.net\/wordpress\/wp-content\/uploads\/2023\/08\/ALLEGHE-HOCKEY-luglio.mp3\">https:\/\/www.radiopiu.net\/wordpress\/wp-content\/uploads\/2023\/08\/ALLEGHE-HOCKEY-luglio.mp3<\/a><\/audio>\n<p>&nbsp;<\/p>\n<hr \/>\n<p>&nbsp;<\/p>\n<p><img loading=\"lazy\" decoding=\"async\" class=\"aligncenter wp-image-61954 size-full\" src=\"https:\/\/www.radiopiu.net\/wordpress\/wp-content\/uploads\/2018\/09\/viabilita.jpeg\" sizes=\"auto, (max-width: 800px) 100vw, 800px\" srcset=\"https:\/\/www.radiopiu.net\/wordpress\/wp-content\/uploads\/2018\/09\/viabilita.jpeg 800w, https:\/\/www.radiopiu.net\/wordpress\/wp-content\/uploads\/2018\/09\/viabilita-300x38.jpeg 300w, https:\/\/www.radiopiu.net\/wordpress\/wp-content\/uploads\/2018\/09\/viabilita-768x96.jpeg 768w\" alt=\"\" width=\"800\" height=\"100\" \/><\/p>\n<\/div>\n<\/div>\n<div class=\"message spoilers-container\" dir=\"auto\">\n<div class=\"column\">\n<p>&nbsp;<\/p>\n<\/div>\n<\/div>\n<\/div>\n<\/div>\n<blockquote class=\"wp-embedded-content\" data-secret=\"G2KlCIiK7q\"><p><a href=\"https:\/\/www.radiopiu.net\/wordpress\/viabilita\/\">viabilita<\/a><\/p><\/blockquote>\n<p><iframe loading=\"lazy\" class=\"wp-embedded-content\" sandbox=\"allow-scripts\" security=\"restricted\" style=\"position: absolute; clip: rect(1px, 1px, 1px, 1px);\" title=\"&#8220;viabilita&#8221; &#8212; Radio Pi\u00f9\" src=\"https:\/\/www.radiopiu.net\/wordpress\/viabilita\/embed\/#?secret=LVppyFHDfx#?secret=G2KlCIiK7q\" data-secret=\"G2KlCIiK7q\" width=\"600\" height=\"338\" frameborder=\"0\" marginwidth=\"0\" marginheight=\"0\" scrolling=\"no\"><\/iframe><\/p>\n<div class=\"message spoilers-container\" dir=\"auto\">\n<div class=\"column\">\n<div class=\"message spoilers-container\" dir=\"auto\">\n<div class=\"column\">\n<div>\n<div dir=\"ltr\">\n<div class=\"gmail_quote\">\n<div dir=\"ltr\">\n<div><\/div>\n<div><\/div>\n<div><\/div>\n<\/div>\n<\/div>\n<\/div>\n<\/div>\n<hr \/>\n<p>&nbsp;<\/p>\n<p><a class=\"dt-pswp-item\" href=\"https:\/\/www.radiopiu.net\/wordpress\/wp-content\/uploads\/2018\/09\/WhatsApp-Image-2018-09-20-at-16.04.06.jpeg\" data-dt-img-description=\"\" data-large_image_width=\"800\" data-large_image_height=\"100\"><img loading=\"lazy\" decoding=\"async\" class=\"wp-image-61378 size-full aligncenter\" src=\"https:\/\/www.radiopiu.net\/wordpress\/wp-content\/uploads\/2018\/09\/WhatsApp-Image-2018-09-20-at-16.04.06.jpeg\" alt=\"\" width=\"800\" height=\"100\" srcset=\"https:\/\/www.radiopiu.net\/wordpress\/wp-content\/uploads\/2018\/09\/WhatsApp-Image-2018-09-20-at-16.04.06.jpeg 800w, https:\/\/www.radiopiu.net\/wordpress\/wp-content\/uploads\/2018\/09\/WhatsApp-Image-2018-09-20-at-16.04.06-300x38.jpeg 300w, https:\/\/www.radiopiu.net\/wordpress\/wp-content\/uploads\/2018\/09\/WhatsApp-Image-2018-09-20-at-16.04.06-768x96.jpeg 768w\" sizes=\"auto, (max-width: 800px) 100vw, 800px\" \/><\/a><\/p>\n<\/div>\n<\/div>\n<div class=\"message spoilers-container\" dir=\"auto\">\n<p>&nbsp;<\/p>\n<p><center><b>OGGI<\/b><\/center>Al mattino tempo stabile e soleggiato, salvo qualche nube bassa in alcune valli prealpine nelle ore fredde, in diradamento dopo l&#8217;alba. Graduale aumento della nuvolosit\u00e0 a carattere cumuliforme, localmente consistente nel corso del pomeriggio e associata a qualche occasionale fenomeno.<br \/>\n<b>Precipitazioni: <\/b>Al mattino assenti (0%). Nel pomeriggio non del tutto escluso qualche sporadico fenomeno (10%) sulle Dolomiti.<br \/>\n<b>Temperature: <\/b>Prevarranno dei leggeri aumenti, specie per le minime, con valori superiori alla norma.<\/p>\n<hr \/>\n<p><center><b>DOMANI<\/b><\/center>Al mattino tempo soleggiato con graduale aumento della nuvolosit\u00e0 nel corso della giornata per una moderata attivit\u00e0 cumuliforme, associata ad addensamenti nuvolosi anche consistenti specie sulle Dolomiti e a possibili fenomeni nel corso del pomeriggio\/sera. Schiarite verso fine giornata.<br \/>\n<b>Precipitazioni: <\/b>Al mattino assenti (0%); nel pomeriggio o verso sera possibile qualche occasionale temporale o rovescio o piovasco da locale a sparso, specie sulle Dolomiti (30-40%), meno probabile sulle Prealpi (10%).<br \/>\n<b>Temperature: <\/b>In lieve e ulteriore aumento, soprattutto in alta montagna e superiori alla norma.<\/p>\n<hr \/>\n<p><center><b>LUNEDI<\/b><\/center>Tempo soleggiato e stabile con cielo generalmente sereno o poco nuvoloso con qualche innocuo addensamento nuvoloso a ridosso dei rilievi o in prossimit\u00e0 della cime con fenomeni assenti. Temperature senza notevoli variazioni con clima estivo.<\/p>\n<hr \/>\n<p><center><b>MARTEDI<\/b><\/center>Tempo ancora stabile e soleggiato, specie al mattino con addensamenti nuvolosi nelle ore calde pi\u00f9 consistenti rispetto a luned\u00ec con possibili fenomeni anche a carattere di rovescio o di temporale da locali a sparsi, specie sulle Dolomiti. Temperature in prevalenza stazionarie<\/p>\n<p>&nbsp;<\/p>\n<\/div>\n<div class=\"message spoilers-container\" dir=\"auto\">\n<hr \/>\n<p>&nbsp;<\/p>\n<p><img loading=\"lazy\" decoding=\"async\" class=\"wp-image-60761 size-full aligncenter\" src=\"https:\/\/www.radiopiu.net\/wordpress\/wp-content\/uploads\/2018\/09\/sport.jpg\" alt=\"\" width=\"800\" height=\"100\" srcset=\"https:\/\/www.radiopiu.net\/wordpress\/wp-content\/uploads\/2018\/09\/sport.jpg 800w, https:\/\/www.radiopiu.net\/wordpress\/wp-content\/uploads\/2018\/09\/sport-300x38.jpg 300w, https:\/\/www.radiopiu.net\/wordpress\/wp-content\/uploads\/2018\/09\/sport-768x96.jpg 768w\" sizes=\"auto, (max-width: 800px) 100vw, 800px\" \/><\/p>\n<p>&nbsp;<\/p>\n<\/div>\n\n\t\t\t<style type='text\/css'>\n\t\t\t\t#gallery-3 {\n\t\t\t\t\tmargin: auto;\n\t\t\t\t}\n\t\t\t\t#gallery-3 .gallery-item {\n\t\t\t\t\tfloat: left;\n\t\t\t\t\tmargin-top: 10px;\n\t\t\t\t\ttext-align: center;\n\t\t\t\t\twidth: 50%;\n\t\t\t\t}\n\t\t\t\t#gallery-3 img {\n\t\t\t\t\tborder: 2px solid #cfcfcf;\n\t\t\t\t}\n\t\t\t\t#gallery-3 .gallery-caption {\n\t\t\t\t\tmargin-left: 0;\n\t\t\t\t}\n\t\t\t\t\/* see gallery_shortcode() in wp-includes\/media.php *\/\n\t\t\t<\/style>\n\t\t<div id='gallery-3' class='dt-gallery-container gallery galleryid-348177 gallery-columns-2 gallery-size-thumbnail'><dl class='gallery-item'>\n\t\t\t\t<dt class='gallery-icon portrait'>\n\t\t\t\t\t<a class=\"rollover rollover-zoom dt-pswp-item\" title=\"cb3e84c7-6b7b-4086-b96b-e2b820cc0e41\" data-dt-img-description=\"\" data-large_image_width=\"1132\" data-large_image_height=\"1600\"href='https:\/\/www.radiopiu.net\/wordpress\/wp-content\/uploads\/2023\/07\/cb3e84c7-6b7b-4086-b96b-e2b820cc0e41.jpg'><img loading=\"lazy\" decoding=\"async\" width=\"150\" height=\"150\" src=\"https:\/\/www.radiopiu.net\/wordpress\/wp-content\/uploads\/2023\/07\/cb3e84c7-6b7b-4086-b96b-e2b820cc0e41-150x150.jpg\" class=\"attachment-thumbnail size-thumbnail\" alt=\"\" aria-describedby=\"gallery-3-345600\" \/><\/a>\n\t\t\t\t<\/dt>\n\t\t\t\t\t<dd class='wp-caption-text gallery-caption' id='gallery-3-345600'>\n\t\t\t\t\tVOLTAGO\n\t\t\t\t\t<\/dd><\/dl><dl class='gallery-item'>\n\t\t\t\t<dt class='gallery-icon portrait'>\n\t\t\t\t\t<a class=\"rollover rollover-zoom dt-pswp-item\" title=\"8d8ef44f-5625-4f28-9787-81bf41c07ccb\" data-dt-img-description=\"\" data-large_image_width=\"726\" data-large_image_height=\"1024\"href='https:\/\/www.radiopiu.net\/wordpress\/wp-content\/uploads\/2023\/08\/8d8ef44f-5625-4f28-9787-81bf41c07ccb.jpg'><img loading=\"lazy\" decoding=\"async\" width=\"150\" height=\"150\" src=\"https:\/\/www.radiopiu.net\/wordpress\/wp-content\/uploads\/2023\/08\/8d8ef44f-5625-4f28-9787-81bf41c07ccb-150x150.jpg\" class=\"attachment-thumbnail size-thumbnail\" alt=\"\" aria-describedby=\"gallery-3-347009\" \/><\/a>\n\t\t\t\t<\/dt>\n\t\t\t\t\t<dd class='wp-caption-text gallery-caption' id='gallery-3-347009'>\n\t\t\t\t\tFALCADE\n\t\t\t\t\t<\/dd><\/dl><br style=\"clear: both\" \/>\n\t\t\t<\/div>\n\n<p>&nbsp;<\/p>\n<p><span style=\"color: #0000ff;\"><strong>HOCKEY SU GHIACCIO<\/strong><\/span><\/p>\n<blockquote>\n<h3>CONFERMATO THOMAS ANGOLETTA NELLE FILE DELL\u2019ALLEGHE HOCKEY<\/h3>\n<\/blockquote>\n<p><strong><a class=\"dt-pswp-item\" href=\"https:\/\/www.radiopiu.net\/wordpress\/wp-content\/uploads\/2023\/08\/00250cc2-2c2b-443f-ad3a-d6abef63386f.jpg\" data-dt-img-description=\"\" data-large_image_width=\"1024\" data-large_image_height=\"682\"><img loading=\"lazy\" decoding=\"async\" class=\" wp-image-348175 alignleft\" src=\"https:\/\/www.radiopiu.net\/wordpress\/wp-content\/uploads\/2023\/08\/00250cc2-2c2b-443f-ad3a-d6abef63386f-300x200.jpg\" alt=\"\" width=\"182\" height=\"121\" srcset=\"https:\/\/www.radiopiu.net\/wordpress\/wp-content\/uploads\/2023\/08\/00250cc2-2c2b-443f-ad3a-d6abef63386f-300x200.jpg 300w, https:\/\/www.radiopiu.net\/wordpress\/wp-content\/uploads\/2023\/08\/00250cc2-2c2b-443f-ad3a-d6abef63386f-768x512.jpg 768w, https:\/\/www.radiopiu.net\/wordpress\/wp-content\/uploads\/2023\/08\/00250cc2-2c2b-443f-ad3a-d6abef63386f.jpg 1024w\" sizes=\"auto, (max-width: 182px) 100vw, 182px\" \/><\/a>di Roberto Miana, portavoce dell&#8217;Alleghe Hockey<\/strong><\/p>\n<p>Dalla sede di via Lungolago la Societ\u00e0 alleghese comunica la conferma nel proprio roster di THOMAS ANGOLETTA. Thomas, giovane difensore classe 2004 di Rivamonte, cresciuto nel vivaio agordino, fa parte della squadra senior biancorossa dalla stagione 2021\/2022, nella quale ha collezionato 45 presenze. Nato come attaccante si \u00e8 poi riscoperto difensore, con buone prestazioni evidenziate nella passata stagione. Cos\u00ec Thomas: &#8220;Vivendo a Rivamonte la distanza per allenarmi \u00e8 tanta, ma la voglia di tornare sul ghiaccio non mi manca di certo. Personalmente ero convinto di giocare anche quest&#8217;anno, ma fino a qualche settimana fa la stagione era in bilico e il nostro futuro incerto. Per questo ci tengo a dire che la Societ\u00e0 ha fatto un lavoro esemplare per permetterci di tornare e far vedere che l\u2019ALLEGHE HOCKEY non molla, anche dopo un campionato molto difficile come quello passato. Ho sempre giocato attaccante ma dallo scorso anno sono diventato difensore, in questo ruolo mi trovo pi\u00f9 a mio agio e sono riuscito ad inserirmi meglio nella squadra. Mi sento carico e pronto per affrontare la stagione e non vedo l&#8217;ora di potermi allenare con il nuovo gruppo. Ci stiamo preparando per poter arrivare ad inizio campionato nelle migliori condizioni e pronti per combattere ai piedi del Civetta\u201d<\/p>\n<p>(foto: Annalisa Dal Mas)<\/p>\n<p>&nbsp;<\/p>\n<p><span style=\"color: #0000ff;\"><strong>PALLAVOLO<\/strong><\/span><\/p>\n<blockquote>\n<h3>A MASSIMO DE GRANDIS LE SQUADRE UNDER 19 E PRIMA DIVISIONE DEL BELLUNO VOLLEY<\/h3>\n<\/blockquote>\n<p><strong><a class=\"dt-pswp-item\" href=\"https:\/\/www.radiopiu.net\/wordpress\/wp-content\/uploads\/2023\/08\/Max_De_Grandis_guida_la_U19.jpg\" data-dt-img-description=\"\" data-large_image_width=\"741\" data-large_image_height=\"486\"><img loading=\"lazy\" decoding=\"async\" class=\" wp-image-348185 alignleft\" src=\"https:\/\/www.radiopiu.net\/wordpress\/wp-content\/uploads\/2023\/08\/Max_De_Grandis_guida_la_U19-300x197.jpg\" alt=\"\" width=\"172\" height=\"113\" srcset=\"https:\/\/www.radiopiu.net\/wordpress\/wp-content\/uploads\/2023\/08\/Max_De_Grandis_guida_la_U19-300x197.jpg 300w, https:\/\/www.radiopiu.net\/wordpress\/wp-content\/uploads\/2023\/08\/Max_De_Grandis_guida_la_U19.jpg 741w\" sizes=\"auto, (max-width: 172px) 100vw, 172px\" \/><\/a>BELLUNO <\/strong>Massimo De Grandis entra nello staff tecnico del settore giovanile legato al Belluno Volley: nello specifico, sar\u00e0 la nuova guida dell\u2019Under 19 e Prima divisione. E avr\u00e0 come vice un allenatore del calibro di Alberto Pavei.<span class=\"gmail-Apple-converted-space\"> \u00a0<\/span>Due nomi di rilievo, quindi. E stimati in maniera trasversale all\u2019ombra delle Dolomiti. Per quanto riguarda Max, sotto rete era un attaccante devastante e di gran classe: non a caso, negli anni Ottanta si \u00e8 spinto fino alla serie A2. Apprezzato da schiacciatore? E pure da tecnico: con le nuove generazioni \u00e8 sempre riuscito a trovare il giusto canale di comunicazione e a trasferire a ragazze e ragazzi la passione, oltre che la base e i fondamentali del volley. Tra le sue esperienze pi\u00f9 recenti, risaltano l\u2019ottimo campionato di C femminile, purtroppo interrotto dalla pandemia, al timone della Scp Limana. Poi il passaggio alla Pallavolo Belluno, con la compagine di serie D maschile e, a seguire, con l\u2019Under 16 femminile.<span class=\"gmail-Apple-converted-space\">\u00a0<\/span><\/p>\n<p>&nbsp;<\/p>\n<p><span style=\"color: #0000ff;\"><strong>CORSA CAMPESTRE<\/strong><\/span><\/p>\n<blockquote>\n<h3>DOMANI IL GIRO PODISTICO DI FALCADE<\/h3>\n<\/blockquote>\n<p><strong><a class=\"dt-pswp-item\" href=\"https:\/\/www.radiopiu.net\/wordpress\/wp-content\/uploads\/2022\/08\/\u00a9EchidiAlessandroSogne-23-LA-PARTENZA-DEL-GIRO-PODISTICO.jpg\" data-dt-img-description=\"\" data-large_image_width=\"1300\" data-large_image_height=\"866\"><img loading=\"lazy\" decoding=\"async\" class=\" wp-image-292757 alignleft\" src=\"https:\/\/www.radiopiu.net\/wordpress\/wp-content\/uploads\/2022\/08\/\u00a9EchidiAlessandroSogne-23-LA-PARTENZA-DEL-GIRO-PODISTICO-300x200.jpg\" alt=\"\" width=\"165\" height=\"110\" srcset=\"https:\/\/www.radiopiu.net\/wordpress\/wp-content\/uploads\/2022\/08\/\u00a9EchidiAlessandroSogne-23-LA-PARTENZA-DEL-GIRO-PODISTICO-300x200.jpg 300w, https:\/\/www.radiopiu.net\/wordpress\/wp-content\/uploads\/2022\/08\/\u00a9EchidiAlessandroSogne-23-LA-PARTENZA-DEL-GIRO-PODISTICO-1024x682.jpg 1024w, https:\/\/www.radiopiu.net\/wordpress\/wp-content\/uploads\/2022\/08\/\u00a9EchidiAlessandroSogne-23-LA-PARTENZA-DEL-GIRO-PODISTICO-768x512.jpg 768w, https:\/\/www.radiopiu.net\/wordpress\/wp-content\/uploads\/2022\/08\/\u00a9EchidiAlessandroSogne-23-LA-PARTENZA-DEL-GIRO-PODISTICO.jpg 1300w\" sizes=\"auto, (max-width: 165px) 100vw, 165px\" \/><\/a>di Mirko Mezzacasa<\/strong><\/p>\n<p>OSPITE: Matteo Cagnati, presidente dello Sci Club Val Biois<\/p>\n<audio class=\"wp-audio-shortcode\" id=\"audio-348177-18\" preload=\"none\" style=\"width: 100%;\" controls=\"controls\"><source type=\"audio\/mpeg\" src=\"https:\/\/www.radiopiu.net\/wordpress\/wp-content\/uploads\/2023\/08\/MATTEO-CAGNATI-DOMENICA.mp3?_=18\" \/><a href=\"https:\/\/www.radiopiu.net\/wordpress\/wp-content\/uploads\/2023\/08\/MATTEO-CAGNATI-DOMENICA.mp3\">https:\/\/www.radiopiu.net\/wordpress\/wp-content\/uploads\/2023\/08\/MATTEO-CAGNATI-DOMENICA.mp3<\/a><\/audio>\n<p>&nbsp;<\/p>\n<p>Si rinnova domenica, 13 agosto, la tradizione del\u00a0Giro podistico di Falcade, evento proposto dallo Sci club Val Biois. La manifestazione, giunta all\u2019edizione numero 29, si svolger\u00e0 in abbinata con il Mini Giro podistico, corsa dedicata ai pi\u00f9 piccoli e giunta alla\u00a0<a href=\"http:\/\/20.ma\/\">20.ma<\/a> edizione. La partenza del Giro podistico verr\u00e0 data alle 18.50. Il percorso, di circa 6 chilometri, si snoder\u00e0 attraverso le vie del fondo valle di Falcade toccando le seguenti localit\u00e0: parcheggio Parco Giochi di Falcade , piazza Municipio, via degli Emigranti, , via Agostino Murer, cinema Dolomiti, corso Roma, via Maredane, laghetto l\u2019Aivaz, Parco Giochi Falcade, via Focobon, Camping Eden, piazzale al Molino, via Fontanelle, piazza Molino, via Fol, via Garibaldi, transito Col de Rif, via Caruo, passaggio albergo San Giusto, pista ciclabile, ed arrivo al Parco Giochi di Falcade. I primi 200 iscritti riceveranno una maglietta tecnica. Ad essere premiati saranno i primi dieci assoluti e le prime dieci assolute. Saranno inoltre premiati tutti gli atleti over 70 sia dell\u2019ambito maschile che di quello femminile. Le iscrizioni sono possibili sul sito\u00a0<a href=\"http:\/\/www.sportdolomiti.it\/\">www.sportdolomiti.it<\/a> oppure rivolgendosi all&#8217;ufficio turistico di Falcade. Saranno comunque possibili in loco il giorno della gara.\u00a0 Per quanto riguarda il\u00a0Mini Giro, la manifestazione \u00e8 riservata agli under 14 e si svolger\u00e0 a partire dalle 16 su un tracciato interamente pianeggiante ricavato sulla piana di Falcade, con distanze diverse a seconda della categoria di appartenenza. In palio ci sono una\u00a0 maglietta tecnica per i primi 300 iscritti, una medaglia per tutti i partecipanti e un ulteriore premio per i primi tre di ogni categoria. Anche in questo caso le iscrizioni sono possibili sul sito\u00a0<a href=\"http:\/\/www.sportdolomiti.it\/\">www.sportdolomiti.it<\/a>\u00a0oppure rivolgendosi all&#8217;ufficio turistico di Falcade o, ancora, in loco il giorno della gara.<\/p>\n<p>&nbsp;<\/p>\n<p><span style=\"color: #0000ff;\"><strong>CORSA IN MONTAGNA<\/strong><\/span><\/p>\n<blockquote>\n<h3>DELICIOUS FESTIVAL DOLOMITIPROSSIMO AL SOLD OUT<\/h3>\n<\/blockquote>\n<p><strong><a class=\"dt-pswp-item\" href=\"https:\/\/www.radiopiu.net\/wordpress\/wp-content\/uploads\/2023\/08\/Medium-\u00a9-freddy-planinschek.jpg\" data-dt-img-description=\"\" data-large_image_width=\"1024\" data-large_image_height=\"730\"><img loading=\"lazy\" decoding=\"async\" class=\" wp-image-348215 alignleft\" src=\"https:\/\/www.radiopiu.net\/wordpress\/wp-content\/uploads\/2023\/08\/Medium-\u00a9-freddy-planinschek-300x214.jpg\" alt=\"\" width=\"147\" height=\"105\" srcset=\"https:\/\/www.radiopiu.net\/wordpress\/wp-content\/uploads\/2023\/08\/Medium-\u00a9-freddy-planinschek-300x214.jpg 300w, https:\/\/www.radiopiu.net\/wordpress\/wp-content\/uploads\/2023\/08\/Medium-\u00a9-freddy-planinschek-768x548.jpg 768w, https:\/\/www.radiopiu.net\/wordpress\/wp-content\/uploads\/2023\/08\/Medium-\u00a9-freddy-planinschek.jpg 1024w\" sizes=\"auto, (max-width: 147px) 100vw, 147px\" \/><\/a>CORTINA <\/strong>Sport, natura, gusto e storia si fondono in un unicum che d\u00e0 vita al Delicious Festival Dolomiti, la manifestazione di trail running in programma a Cortina d\u2019Ampezzo e in Alta Badia nel fine settimana del 29-30 settembre, co-organizzata da L5T SPORT ASD, Consorzio Delicious Cortina e Comune di Cortina d\u2019Ampezzo, con il patrocinio di Regole d\u2019Ampezzo, Parco Naturale delle Dolomiti d\u2019Ampezzo, CAI sezione di Cortina, Cooperativa Turistica Alta Badia e Alta Badia Brand, Comune di Badia. Un evento che anno dopo anno cresce e non a caso \u00e8 prossimo al sold out nelle diverse distanze, con quasi mille iscritti, per 20 nazioni rappresentate.<\/p>\n<p>&nbsp;<\/p>\n<\/div>\n<\/div>\n","protected":false},"excerpt":{"rendered":"<p>40esimo di RADIOPIU\u2026. LA VOCE DELL\u2019EMOZIONE ISCRIVITI AL NOSTRO CANALE\u00a0\u00a0YOUTUBE PER SEGUIRE IN DIRETTA I PRINCIPALI PROGRAMMI DI RADIO PIU\u2019 E LE FUTURE DIRETTE IN ESTERNA. PER ISCRIVERTI\u00a0CLICCA QUI\u00a0E PREMI\u00a0 \u201cIscriviti\u201d &nbsp; UN SABATO DA BOLLINO NERO SULLE STRADE Secondo fine settimana di agosto con un sabato di bollino nero per le partenze del ponte&hellip;<\/p>\n","protected":false},"author":4,"featured_media":348183,"comment_status":"closed","ping_status":"closed","sticky":false,"template":"","format":"standard","meta":{"_monsterinsights_skip_tracking":false,"_monsterinsights_sitenote_active":false,"_monsterinsights_sitenote_note":"","_monsterinsights_sitenote_category":0,"footnotes":""},"categories":[104,86,49],"tags":[],"class_list":["post-348177","post","type-post","status-publish","format-standard","has-post-thumbnail","hentry","category-evidenza_3","category-gr","category-news-18","category-104","category-86","category-49","description-off"],"img_url":"https:\/\/www.radiopiu.net\/wordpress\/wp-content\/uploads\/2023\/08\/image0.jpeg","_links":{"self":[{"href":"https:\/\/www.radiopiu.net\/wordpress\/wp-json\/wp\/v2\/posts\/348177","targetHints":{"allow":["GET"]}}],"collection":[{"href":"https:\/\/www.radiopiu.net\/wordpress\/wp-json\/wp\/v2\/posts"}],"about":[{"href":"https:\/\/www.radiopiu.net\/wordpress\/wp-json\/wp\/v2\/types\/post"}],"author":[{"embeddable":true,"href":"https:\/\/www.radiopiu.net\/wordpress\/wp-json\/wp\/v2\/users\/4"}],"replies":[{"embeddable":true,"href":"https:\/\/www.radiopiu.net\/wordpress\/wp-json\/wp\/v2\/comments?post=348177"}],"version-history":[{"count":0,"href":"https:\/\/www.radiopiu.net\/wordpress\/wp-json\/wp\/v2\/posts\/348177\/revisions"}],"wp:featuredmedia":[{"embeddable":true,"href":"https:\/\/www.radiopiu.net\/wordpress\/wp-json\/wp\/v2\/media\/348183"}],"wp:attachment":[{"href":"https:\/\/www.radiopiu.net\/wordpress\/wp-json\/wp\/v2\/media?parent=348177"}],"wp:term":[{"taxonomy":"category","embeddable":true,"href":"https:\/\/www.radiopiu.net\/wordpress\/wp-json\/wp\/v2\/categories?post=348177"},{"taxonomy":"post_tag","embeddable":true,"href":"https:\/\/www.radiopiu.net\/wordpress\/wp-json\/wp\/v2\/tags?post=348177"}],"curies":[{"name":"wp","href":"https:\/\/api.w.org\/{rel}","templated":true}]}}