{"id":348246,"date":"2026-04-25T00:57:03","date_gmt":"2026-04-24T22:57:03","guid":{"rendered":"https:\/\/www.radiopiu.net\/wordpress\/?p=348246"},"modified":"2026-04-25T16:52:03","modified_gmt":"2026-04-25T14:52:03","slug":"poliagordoraccolta","status":"publish","type":"post","link":"https:\/\/www.radiopiu.net\/wordpress\/poliagordoraccolta\/","title":{"rendered":"I PROFESSIONISTI DEL POLIAMBULATORIO AGORDINO  &#8211; LE INTERVISTE"},"content":{"rendered":"<p>^^^<\/p>\n<p>&nbsp;<\/p>\n<h1><span style=\"color: #ff0000;\"><strong>STAGIONE 2026<\/strong><\/span><\/h1>\n<p><strong>PUNTATA DEL 25 APRILE 2026<\/strong><\/p>\n<p><a class=\"dt-pswp-item\" href=\"https:\/\/www.radiopiu.net\/wordpress\/wp-content\/uploads\/2026\/04\/SCR-20260425-oulk.png\" data-dt-img-description=\"\" data-large_image_width=\"980\" data-large_image_height=\"608\"><img loading=\"lazy\" decoding=\"async\" class=\"aligncenter size-medium wp-image-508880\" src=\"https:\/\/www.radiopiu.net\/wordpress\/wp-content\/uploads\/2026\/04\/SCR-20260425-oulk-300x186.png\" alt=\"\" width=\"300\" height=\"186\" srcset=\"https:\/\/www.radiopiu.net\/wordpress\/wp-content\/uploads\/2026\/04\/SCR-20260425-oulk-300x186.png 300w, https:\/\/www.radiopiu.net\/wordpress\/wp-content\/uploads\/2026\/04\/SCR-20260425-oulk-768x476.png 768w, https:\/\/www.radiopiu.net\/wordpress\/wp-content\/uploads\/2026\/04\/SCR-20260425-oulk.png 980w\" sizes=\"auto, (max-width: 300px) 100vw, 300px\" \/><\/a><\/p>\n<p>&nbsp;<\/p>\n<p><strong>LUCIA COLLESELLI<\/strong> Iscritta all&#8217;Albo dei logopedisti della Federazione Nazionale inizia il suo percorso professionale a Belluno presso il servizio Et\u00e0 Evolutiva dell&#8217;ULSS, mentre dal 1987 presta servizio per l&#8217;ULSS di Agordo, sempre come logopedista fino al 2019. Ho avuto modo, nel tempo, di conoscere, valutare, educare e rieducare le patologie che provocano disturbi della comunicazione, del linguaggio orale e scritto e delle disabilit\u00e0 comunicative conseguenti a disfunzioni comunicativo-sociali, cognitive, prassiche. Il mio percorso professionale mi ha portato ad approfondire alcuni ambiti specifici, come disturbi di linguaggio, disturbi di apprendimento, disturbi del neurosviluppo, comunicazione alternativa.<\/p>\n<p><strong>L&#8217;INTERVISTA DI DANIELE DALVIT<\/strong><\/p>\n<audio class=\"wp-audio-shortcode\" id=\"audio-348246-1\" preload=\"none\" style=\"width: 100%;\" controls=\"controls\"><source type=\"audio\/mpeg\" src=\"https:\/\/www.radiopiu.net\/wordpress\/wp-content\/uploads\/2026\/04\/5-Lucia-Colleselli-Logopedista-ambulatorio-Agordo.mp3?_=1\" \/><a href=\"https:\/\/www.radiopiu.net\/wordpress\/wp-content\/uploads\/2026\/04\/5-Lucia-Colleselli-Logopedista-ambulatorio-Agordo.mp3\">https:\/\/www.radiopiu.net\/wordpress\/wp-content\/uploads\/2026\/04\/5-Lucia-Colleselli-Logopedista-ambulatorio-Agordo.mp3<\/a><\/audio>\n<p>&nbsp;<\/p>\n<p><strong>PUNTATA DEL 24 APRILE 2026<\/strong><\/p>\n<p><a class=\"dt-pswp-item\" href=\"https:\/\/www.radiopiu.net\/wordpress\/wp-content\/uploads\/2026\/04\/DE-ZA-e1777042897548.jpg\" data-dt-img-description=\"\" data-large_image_width=\"576\" data-large_image_height=\"364\"><img loading=\"lazy\" decoding=\"async\" class=\"aligncenter size-medium wp-image-508722\" src=\"https:\/\/www.radiopiu.net\/wordpress\/wp-content\/uploads\/2026\/04\/DE-ZA-e1777042897548-300x190.jpg\" alt=\"\" width=\"300\" height=\"190\" srcset=\"https:\/\/www.radiopiu.net\/wordpress\/wp-content\/uploads\/2026\/04\/DE-ZA-e1777042897548-300x190.jpg 300w, https:\/\/www.radiopiu.net\/wordpress\/wp-content\/uploads\/2026\/04\/DE-ZA-e1777042897548.jpg 576w\" sizes=\"auto, (max-width: 300px) 100vw, 300px\" \/><\/a><\/p>\n<p>&nbsp;<\/p>\n<p><strong>DENISE DE ZAIACOMO<\/strong> Laurea Triennale in Scienze e Tecniche di Psicologia Cognitiva presso l&#8217;Universit\u00e0 degli Studi di Trento. Laurea Magistrale in Psicologia dello Sviluppo e dell&#8217;Educazione presso l&#8217;Universit\u00e0 degli Studi di Padova. Ha frequentato un corso di Specializzazione in Psicodiagnostica &#8220;I Disturbi del Neurosviluppo&#8221; presso l&#8217;Istituto Rete di Roma (diretto dal Dott. Stefano Vicari). Master Universitario di II livello in Psicopatologia dell&#8217;Apprendimento (diretto dalla Dott.ssa Barbara Carretti e Dott. Cesare Cornoldi) presso l&#8217;Universit\u00e0 degli Studi di Padova. Iscritta all&#8217;Ordine delle Psicologhe e degli Psicologi del Veneto dal 1 aprile 2019 e lavora come libera professionista dal 2020. Socia professionista AIRIPA (Associazione Italiana per la Ricerca e l&#8217;Intervento nella Psicopatologia dell&#8217;Apprendimento), della sezione regionale del Veneto. Svolge osservazioni, valutazioni e conseguenti interventi di potenziamento per le difficolt\u00e0 e i disturbi dell&#8217;apprendimento, nell&#8217;ambito della lettura, della scrittura, del calcolo, dell&#8217;attenzione (abilit\u00e0 neuropsicologiche) e nei suoi risvolti emotivi.<\/p>\n<p><iframe loading=\"lazy\" title=\"Denise De Zaiacomo   Psicologa dell&#039;et\u00e0 evolutiva poliambulatorio Agordino\" width=\"1200\" height=\"675\" src=\"https:\/\/www.youtube.com\/embed\/YJpo4hiaF1A?feature=oembed\" frameborder=\"0\" allow=\"accelerometer; autoplay; clipboard-write; encrypted-media; gyroscope; picture-in-picture; web-share\" referrerpolicy=\"strict-origin-when-cross-origin\" allowfullscreen><\/iframe><\/p>\n<p>&nbsp;<\/p>\n<p><strong>PUNTATA DEL 23 APRILE 2026<\/strong><\/p>\n<p><a class=\"dt-pswp-item\" href=\"https:\/\/www.radiopiu.net\/wordpress\/wp-content\/uploads\/2026\/04\/boccanegra.jpg\" data-dt-img-description=\"\" data-large_image_width=\"663\" data-large_image_height=\"385\"><img loading=\"lazy\" decoding=\"async\" class=\"aligncenter size-medium wp-image-508561\" src=\"https:\/\/www.radiopiu.net\/wordpress\/wp-content\/uploads\/2026\/04\/boccanegra-300x174.jpg\" alt=\"\" width=\"300\" height=\"174\" srcset=\"https:\/\/www.radiopiu.net\/wordpress\/wp-content\/uploads\/2026\/04\/boccanegra-300x174.jpg 300w, https:\/\/www.radiopiu.net\/wordpress\/wp-content\/uploads\/2026\/04\/boccanegra.jpg 663w\" sizes=\"auto, (max-width: 300px) 100vw, 300px\" \/><\/a><\/p>\n<p>&nbsp;<\/p>\n<p><strong>ELEONORA BOCCANEGRA<\/strong> Laurea triennale in scienze biologiche a Ferrara e successivamente la laurea in scienze dell&#8217;alimentazione umana a Firenze. Si occupa di educazione alimentare con adulti e bambini, piani alimentare personalizzati in condizioni fisiologiche o patologiche (ad es. intolleranze, diabete, osteoporosi, gravidanza, supporto allo svezzamento, etc.) e analisi e valutazione della composizione corporea.<\/p>\n<p><iframe loading=\"lazy\" title=\"Eleonora Boccanegra   Nutrizionista poliambulatorio Agordo\" width=\"1200\" height=\"675\" src=\"https:\/\/www.youtube.com\/embed\/UnaYHl1RMtc?feature=oembed\" frameborder=\"0\" allow=\"accelerometer; autoplay; clipboard-write; encrypted-media; gyroscope; picture-in-picture; web-share\" referrerpolicy=\"strict-origin-when-cross-origin\" allowfullscreen><\/iframe><\/p>\n<p>&nbsp;<\/p>\n<p><strong>PUNTATA DEL 22 APRILE 2026<\/strong><\/p>\n<p><a class=\"dt-pswp-item\" href=\"https:\/\/www.radiopiu.net\/wordpress\/wp-content\/uploads\/2026\/04\/del-borrello.jpg\" data-dt-img-description=\"\" data-large_image_width=\"517\" data-large_image_height=\"318\"><img loading=\"lazy\" decoding=\"async\" class=\"aligncenter size-medium wp-image-508399\" src=\"https:\/\/www.radiopiu.net\/wordpress\/wp-content\/uploads\/2026\/04\/del-borrello-300x185.jpg\" alt=\"\" width=\"300\" height=\"185\" srcset=\"https:\/\/www.radiopiu.net\/wordpress\/wp-content\/uploads\/2026\/04\/del-borrello-300x185.jpg 300w, https:\/\/www.radiopiu.net\/wordpress\/wp-content\/uploads\/2026\/04\/del-borrello.jpg 517w\" sizes=\"auto, (max-width: 300px) 100vw, 300px\" \/><\/a><\/p>\n<p>&nbsp;<\/p>\n<p><strong>MICHELE DEL<\/strong> <strong>BORRELLO\u00a0<\/strong>Laurea in Medicina e Chirurgia presso l&#8217;Universit\u00e0 di Chieti nel 1998, con specializzazione in Oftalmologia presso la facolt\u00e0 di Medicina e Chirurgia dell&#8217;Universit\u00e0 di Udine nel 2004. Responsabile del servizio OCT presso la Clinica Oculistica di Udine dal 2002 al 2004, Dirigente Medico di primo livello presso l&#8217;UO di Oculistica dell&#8217;Ospedale S. Martino di Belluno dal 2005. Responsabile del servizio di Ipovisione e Riabilitazione visiva a dell&#8217;Ospedale S. Martino di Belluno dal 2010. Medico rappresentante di categoria (UIC) presso la commissione medico-legale provinciale dell&#8217;INPS di Belluno dal 2021. Investigator nello studio multicentrico internazionale Tweyes (Ranibizumab, Novartis) dal 2014.<\/p>\n<p><iframe loading=\"lazy\" title=\"POLIAMBULATORIO AGORDINO MICHELE DEL BORRELLO\" width=\"1200\" height=\"675\" src=\"https:\/\/www.youtube.com\/embed\/72MRcGbQo50?feature=oembed\" frameborder=\"0\" allow=\"accelerometer; autoplay; clipboard-write; encrypted-media; gyroscope; picture-in-picture; web-share\" referrerpolicy=\"strict-origin-when-cross-origin\" allowfullscreen><\/iframe><\/p>\n<p>&nbsp;<\/p>\n<p><strong>PUNTATA DEL 21 APRILE 2026<\/strong><\/p>\n<p><a class=\"dt-pswp-item\" href=\"https:\/\/www.radiopiu.net\/wordpress\/wp-content\/uploads\/2026\/04\/TOSI.jpg\" data-dt-img-description=\"\" data-large_image_width=\"665\" data-large_image_height=\"424\"><img loading=\"lazy\" decoding=\"async\" class=\"aligncenter size-medium wp-image-508253\" src=\"https:\/\/www.radiopiu.net\/wordpress\/wp-content\/uploads\/2026\/04\/TOSI-300x191.jpg\" alt=\"\" width=\"300\" height=\"191\" srcset=\"https:\/\/www.radiopiu.net\/wordpress\/wp-content\/uploads\/2026\/04\/TOSI-300x191.jpg 300w, https:\/\/www.radiopiu.net\/wordpress\/wp-content\/uploads\/2026\/04\/TOSI.jpg 665w\" sizes=\"auto, (max-width: 300px) 100vw, 300px\" \/><\/a><\/p>\n<p><strong>ALBERTO TOSI, CARDIOLOGO <\/strong>Affermato cardiologo con una ventennale carriera presso l&#8217;Ospedale di Belluno, esperto in aritmologia ed elettrostimolazione cardiaca. Presso il suo studio tratta le principali patologie, quali: ipertensione arteriosa, cardiopatia ischemica, scompenso cardiaco e valvulopatie. Specializzato nella diagnosi e cura dei disturbi del ritmo e della sincope, esegue visite specialistiche, ecocardiogrammi, test ergometrici e il controllo (anche da remoto) di dispositivi quali pacemaker, defibrillatori e loop recorder, avendo maturato una vastissima esperienza in ambito chirurgico-implantologico.<\/p>\n<p><iframe loading=\"lazy\" title=\"POLIAMBULATORIO AGORDINO ALBERTO TOSI\" width=\"1200\" height=\"675\" src=\"https:\/\/www.youtube.com\/embed\/2xkiB66HwTk?feature=oembed\" frameborder=\"0\" allow=\"accelerometer; autoplay; clipboard-write; encrypted-media; gyroscope; picture-in-picture; web-share\" referrerpolicy=\"strict-origin-when-cross-origin\" allowfullscreen><\/iframe><\/p>\n<p>&nbsp;<\/p>\n<p><strong>PUNTATA DEL 25 MARZO 2026<\/strong><\/p>\n<p><strong><a href=\"https:\/\/www.radiopiu.net\/wordpress\/wp-content\/uploads\/2025\/11\/mq3.webp\"><img loading=\"lazy\" decoding=\"async\" class=\"aligncenter size-medium wp-image-503816\" src=\"https:\/\/www.radiopiu.net\/wordpress\/wp-content\/uploads\/2025\/11\/mq3-300x169.webp\" alt=\"\" width=\"300\" height=\"169\" srcset=\"https:\/\/www.radiopiu.net\/wordpress\/wp-content\/uploads\/2025\/11\/mq3-300x169.webp 300w, https:\/\/www.radiopiu.net\/wordpress\/wp-content\/uploads\/2025\/11\/mq3.webp 320w\" sizes=\"auto, (max-width: 300px) 100vw, 300px\" \/><\/a>\u00a0<\/strong><\/p>\n<p><strong>ROBERTO AGNOLET<\/strong> Fisioterapista e Dottore Magistrale in Scienze Motorie per la Prevenzione e la Salute, tratta i principali disturbi a carico del sistema muscoloscheletrico (cervicalgie, lombalgie, distorsioni, lesioni muscolari) e nervoso (lesioni midollari, esiti di ictus, esiti di traumi cranici, lesioni del sistema nervoso periferico, Parkinson). Data la mia formazione e la mia passione, mi occupo nello specifico dell&#8217;ambito sportivo a tutto tondo, prendendo in carico la persona dall&#8217;accesso al trattamento fisioterapico fino al suo ritorno in campo\/gara.<\/p>\n<p><iframe loading=\"lazy\" title=\"POLIAMBULATORIO AGORDINO ROBERTO AGNOLET\" width=\"1200\" height=\"675\" src=\"https:\/\/www.youtube.com\/embed\/3_YBwNRPym8?feature=oembed\" frameborder=\"0\" allow=\"accelerometer; autoplay; clipboard-write; encrypted-media; gyroscope; picture-in-picture; web-share\" referrerpolicy=\"strict-origin-when-cross-origin\" allowfullscreen><\/iframe><\/p>\n<p>&nbsp;<\/p>\n<hr \/>\n<p>&nbsp;<\/p>\n<h1>STAGIONE 2025<\/h1>\n<blockquote>\n<p data-start=\"0\" data-end=\"178\"><em data-start=\"91\" data-end=\"178\">Tecnologia, esperienza e percorsi personalizzati per rimettere in movimento la salute<\/em><\/p>\n<\/blockquote>\n<p data-start=\"180\" data-end=\"480\"><strong>AGORDO<\/strong><\/p>\n<p data-start=\"180\" data-end=\"480\"><img decoding=\"async\" class=\"alignleft\" src=\"https:\/\/www.radiopiu.net\/wordpress\/wp-content\/uploads\/2020\/03\/download-25.jpg\" \/>Il Poliambulatorio Agordino compie un importante passo avanti nella qualit\u00e0 dell\u2019offerta sanitaria sul territorio con l\u2019apertura del <strong data-start=\"313\" data-end=\"363\">nuovo Reparto di Fisioterapia e Riabilitazione<\/strong>, un ambiente moderno, funzionale e completamente dedicato alla cura, al recupero e al benessere fisico dei pazienti. <strong data-start=\"482\" data-end=\"532\">Un servizio pensato su misura per ogni persona<\/strong><br data-start=\"532\" data-end=\"535\" \/>Al centro del nuovo reparto c\u2019\u00e8 l\u2019approccio multidisciplinare: un\u2019\u00e9quipe composta da <strong data-start=\"620\" data-end=\"693\">fisioterapisti specializzati, medici e terapisti della riabilitazione<\/strong> lavora in sinergia per garantire percorsi individualizzati, pensati per rispondere alle diverse esigenze funzionali e cliniche. Le aree di intervento coprono: <strong data-start=\"859\" data-end=\"887\">Recupero post-operatorio<\/strong> (es. protesi, chirurgia ortopedica, traumi) <strong data-start=\"936\" data-end=\"970\">Riabilitazione post-traumatica<\/strong> (incidenti sportivi, cadute, fratture) <strong data-start=\"1014\" data-end=\"1057\">Riabilitazione ortopedica e neurologica<\/strong> (esiti da ictus, patologie croniche) <strong data-start=\"1099\" data-end=\"1132\">Terapie manuali e strumentali<\/strong> (mobilizzazioni, tecar, laser, elettroterapia) <strong data-start=\"1184\" data-end=\"1227\">Programmi di mantenimento e prevenzione<\/strong>, con percorsi dedicati anche agli anziani e a chi desidera migliorare postura, equilibrio o tono muscolare. <strong data-start=\"1337\" data-end=\"1384\">Tecnologia e spazi pensati per il benessere<\/strong><br data-start=\"1384\" data-end=\"1387\" \/>Il reparto \u00e8 stato realizzato con la massima attenzione alla funzionalit\u00e0 e al comfort: dispone di <strong data-start=\"1486\" data-end=\"1543\">apparecchiature elettromedicali di ultima generazione<\/strong>, di una <strong data-start=\"1552\" data-end=\"1575\">palestra attrezzata<\/strong> per il lavoro motorio assistito e di <strong data-start=\"1613\" data-end=\"1651\">ambulatori accoglienti e riservati<\/strong>, per garantire un\u2019esperienza terapeutica serena ed efficace. <strong data-start=\"1714\" data-end=\"1774\">Obiettivo: tornare a muoversi in modo sicuro ed efficace <\/strong>Ogni percorso riabilitativo \u00e8 costruito sulla persona, dopo una valutazione funzionale iniziale e l\u2019impostazione di un piano di trattamento condiviso. Che si tratti di una ripresa dopo un intervento o di un percorso di miglioramento generale della forma fisica, il focus \u00e8 sempre lo stesso: <strong data-start=\"2068\" data-end=\"2147\">favorire il recupero completo, in tempi ottimali e con la massima sicurezza<\/strong>. <strong data-start=\"2153\" data-end=\"2197\">Il nuovo reparto si trova al piano terra<\/strong> del Poliambulatorio Agordino, in <strong data-start=\"2231\" data-end=\"2272\">Localit\u00e0 Valcozzena 31 ad Agordo (BL) <\/strong>Per prenotazioni e informazioni: <strong data-start=\"2311\" data-end=\"2325\">0437.62160 <\/strong>Approfondimenti, orari e servizi su <strong data-start=\"2367\" data-end=\"2416\"><a class=\"\" href=\"http:\/\/www.poliagordo.it\" target=\"_new\" rel=\"noopener\" data-start=\"2369\" data-end=\"2414\">www.poliagordo.it<\/a><\/strong><\/p>\n<p>&nbsp;<\/p>\n<hr \/>\n<p>&nbsp;<\/p>\n<p><strong><a class=\"dt-pswp-item\" href=\"https:\/\/www.radiopiu.net\/wordpress\/wp-content\/uploads\/2024\/04\/dr-cesare-dal-bo.jpg\" data-dt-img-description=\"\" data-large_image_width=\"800\" data-large_image_height=\"600\"><img loading=\"lazy\" decoding=\"async\" class=\"size-medium wp-image-387374 alignleft\" src=\"https:\/\/www.radiopiu.net\/wordpress\/wp-content\/uploads\/2024\/04\/dr-cesare-dal-bo-300x225.jpg\" alt=\"\" width=\"300\" height=\"225\" srcset=\"https:\/\/www.radiopiu.net\/wordpress\/wp-content\/uploads\/2024\/04\/dr-cesare-dal-bo-300x225.jpg 300w, https:\/\/www.radiopiu.net\/wordpress\/wp-content\/uploads\/2024\/04\/dr-cesare-dal-bo-768x576.jpg 768w, https:\/\/www.radiopiu.net\/wordpress\/wp-content\/uploads\/2024\/04\/dr-cesare-dal-bo.jpg 800w\" sizes=\"auto, (max-width: 300px) 100vw, 300px\" \/><\/a>PUNTATA DEL 04 NOVEMBRE 2025 &#8211; IL DOTTOR CESARE DAL BO<\/strong><\/p>\n<p><strong>REDAZIONE<\/strong> Dal Poliambulatorio Agordino il Dottor Cesare Dal Bo che ci parla della fine dell&#8217;estate e dell&#8217;arrivo dell&#8217;autunno e dei suoi malanni di salute.<\/p>\n<p><strong>AUDIO<\/strong><\/p>\n<audio class=\"wp-audio-shortcode\" id=\"audio-348246-2\" preload=\"none\" style=\"width: 100%;\" controls=\"controls\"><source type=\"audio\/mpeg\" src=\"https:\/\/www.radiopiu.net\/wordpress\/wp-content\/uploads\/2025\/11\/CESARE-REPORTER-NOVEMBRE-1.mp3?_=2\" \/><a href=\"https:\/\/www.radiopiu.net\/wordpress\/wp-content\/uploads\/2025\/11\/CESARE-REPORTER-NOVEMBRE-1.mp3\">https:\/\/www.radiopiu.net\/wordpress\/wp-content\/uploads\/2025\/11\/CESARE-REPORTER-NOVEMBRE-1.mp3<\/a><\/audio>\n<p>&nbsp;<\/p>\n<hr \/>\n<p>&nbsp;<\/p>\n<p><strong><a class=\"dt-pswp-item\" href=\"https:\/\/www.radiopiu.net\/wordpress\/wp-content\/uploads\/2025\/10\/Senza-nome-63.png\" data-dt-img-description=\"\" data-large_image_width=\"479\" data-large_image_height=\"287\"><img loading=\"lazy\" decoding=\"async\" class=\"size-medium wp-image-478099 alignleft\" src=\"https:\/\/www.radiopiu.net\/wordpress\/wp-content\/uploads\/2025\/10\/Senza-nome-63-300x180.png\" alt=\"\" width=\"300\" height=\"180\" srcset=\"https:\/\/www.radiopiu.net\/wordpress\/wp-content\/uploads\/2025\/10\/Senza-nome-63-300x180.png 300w, https:\/\/www.radiopiu.net\/wordpress\/wp-content\/uploads\/2025\/10\/Senza-nome-63.png 479w\" sizes=\"auto, (max-width: 300px) 100vw, 300px\" \/><\/a>PUNTATA 31 OTTOBRE 2025 &#8211; GINECOLOGIA CON IL DOTTOR BRUNO BORIN<\/strong><\/p>\n<p>Consegue la Laurea in Medicina e Chirurgia all\u2019Universit\u00e0 di Padova nel 1978. Specialista in Ostetricia e Ginecologia (Universit\u00e0 di Verona). Specialista in Patologia della Riproduzione Umana (Universit\u00e0 degli Studi di Catania). Pluriennale esperienza ospedaliera acquisita come Dirigente Medico presso l\u2019Unit\u00e0 Operativa Autonoma di Ostetricia e Ginecologia di Belluno. Attualmente impegnato in ambito lavorativo come libero professionista. I suoi campi di interesse, oltre alle attivit\u00e0 di routine inerenti la professione di Ostetrico Ginecologo, sono l\u2019ecografia ostetrica e ginecologica, la diagnosi prenatale, l\u2019endocrinologia ginecologica, la diagnosi e terapia della sterilit\u00e0 di coppia.<\/p>\n<p><strong>AUDIO<\/strong><\/p>\n<audio class=\"wp-audio-shortcode\" id=\"audio-348246-3\" preload=\"none\" style=\"width: 100%;\" controls=\"controls\"><source type=\"audio\/mpeg\" src=\"https:\/\/www.radiopiu.net\/wordpress\/wp-content\/uploads\/2025\/10\/borin-ufficiale.mp3?_=3\" \/><a href=\"https:\/\/www.radiopiu.net\/wordpress\/wp-content\/uploads\/2025\/10\/borin-ufficiale.mp3\">https:\/\/www.radiopiu.net\/wordpress\/wp-content\/uploads\/2025\/10\/borin-ufficiale.mp3<\/a><\/audio>\n<p>&nbsp;<\/p>\n<hr \/>\n<p>&nbsp;<\/p>\n<p><strong><br \/>\nPUNTATA 21 OTTOBRE 2025 &#8211; PODOLOGIA CON LA DOTTORESSA\u00a0 MARIA ALEJANDRA GUITIERREZ<\/strong><\/p>\n<p><strong><br \/>\n<\/strong><a class=\"dt-pswp-item\" href=\"https:\/\/www.radiopiu.net\/wordpress\/wp-content\/uploads\/2025\/09\/Senza-nome-2.png\" data-dt-img-description=\"\" data-large_image_width=\"471\" data-large_image_height=\"321\"><img loading=\"lazy\" decoding=\"async\" class=\"size-medium wp-image-476447 alignleft\" src=\"https:\/\/www.radiopiu.net\/wordpress\/wp-content\/uploads\/2025\/09\/Senza-nome-2-300x204.png\" alt=\"\" width=\"300\" height=\"204\" srcset=\"https:\/\/www.radiopiu.net\/wordpress\/wp-content\/uploads\/2025\/09\/Senza-nome-2-300x204.png 300w, https:\/\/www.radiopiu.net\/wordpress\/wp-content\/uploads\/2025\/09\/Senza-nome-2.png 471w\" sizes=\"auto, (max-width: 300px) 100vw, 300px\" \/><\/a>Laureata in Podologia presso l\u2019Universit\u00e0 degli Studi di Milano, ha frequentato il Master in Podologia dello sport presso l\u2019Universit\u00e0 di Barcellona (Spagna). \u2028Attualmente lavora come libera professionista. \u2028 ELENCO PRINCIPALI PATOLOGIE TRATTATE: &#8211; Trattamento podologico delle callosit\u00e0 (ipercheratosi) &#8211; Trattamento di verruche plantari &#8211; Prevenzione e cura del piede diabetico e trattamento di ulcere diabetiche &#8211; Trattamento di micosi ungueali &#8211; Trattamento di unghie incarnite (onicocriptosi) &#8211; Trattamento di unghie ispessite o distrofiche (onicogrifosi) &#8211; Rieducazione ungueale (ortonixia) &#8211; Ortesi digitali in silicone medicale &#8211; Cura del piede geriatrico e reumatico ELENCO PRINCIPALI PRESTAZIONI EROGATE: &#8211; Trattamento podologico delle callosit\u00e0 (ipercheratosi) &#8211; Trattamento di verruche plantari &#8211; Prevenzione e cura del piede diabetico e trattamento di ulcere diabetiche &#8211; Trattamento di micosi ungueali &#8211; Trattamento di unghie incarnite (onicocriptosi) &#8211; Trattamento di unghie ispessite o distrofiche (onicogrifosi) &#8211; Rieducazione ungueale (ortonixia) &#8211; Ortesi digitali in silicone medicale &#8211; Cura del piede geriatrico e reumatico<\/p>\n<h6 class=\"mkd-team-position \"><span style=\"font-size: 14px; font-weight: normal;\"><strong>AUDIO<\/strong><\/span><\/h6>\n<audio class=\"wp-audio-shortcode\" id=\"audio-348246-4\" preload=\"none\" style=\"width: 100%;\" controls=\"controls\"><source type=\"audio\/mpeg\" src=\"https:\/\/www.radiopiu.net\/wordpress\/wp-content\/uploads\/2025\/09\/mnaria-alejandra-guitierrezDEFINITIVO.mp3?_=4\" \/><a href=\"https:\/\/www.radiopiu.net\/wordpress\/wp-content\/uploads\/2025\/09\/mnaria-alejandra-guitierrezDEFINITIVO.mp3\">https:\/\/www.radiopiu.net\/wordpress\/wp-content\/uploads\/2025\/09\/mnaria-alejandra-guitierrezDEFINITIVO.mp3<\/a><\/audio>\n<p>&nbsp;<\/p>\n<p>&nbsp;<\/p>\n<hr \/>\n<p>&nbsp;<\/p>\n<p><strong>PUNTATA 3 OTTOBRE 2025 &#8211; ENDOCRINOLOGIA CON IL DOTTOR ALBERTO POZZI<\/strong><\/p>\n<h6 class=\"mkd-team-position \"><span style=\"font-size: 14px; font-weight: normal;\"><a class=\"dt-pswp-item\" href=\"https:\/\/www.radiopiu.net\/wordpress\/wp-content\/uploads\/2025\/10\/Screenshot-2025-10-02-164435.png\" data-dt-img-description=\"\" data-large_image_width=\"477\" data-large_image_height=\"344\"><img loading=\"lazy\" decoding=\"async\" class=\" wp-image-473044 alignleft\" src=\"https:\/\/www.radiopiu.net\/wordpress\/wp-content\/uploads\/2025\/10\/Screenshot-2025-10-02-164435-300x216.png\" alt=\"\" width=\"235\" height=\"169\" srcset=\"https:\/\/www.radiopiu.net\/wordpress\/wp-content\/uploads\/2025\/10\/Screenshot-2025-10-02-164435-300x216.png 300w, https:\/\/www.radiopiu.net\/wordpress\/wp-content\/uploads\/2025\/10\/Screenshot-2025-10-02-164435.png 477w\" sizes=\"auto, (max-width: 235px) 100vw, 235px\" \/><\/a>Laurea in Medicina e Chirurgia Universit\u00e0 di Padova nel 1982. Specializzazione in : Medicina Interna, Endocrinologia e Malattie del Metabolismo, Gastroenterologia ed Endoscopia digestiva. Dirigente medico disciplina Medicina Interna c\/o Azienda Ospedaliera Universitaria Integrata di Verona, UOC Medicina Generale Sezione di Decisione Clinica, fino al 2021. Esperienza pluriennale nell\u2019assistenza al paziente complesso internistico e gestione ambulatoriale delle malattie endocrine. Formazione SIUMB in ecografia internistica e del collo endocrino.<\/span><\/h6>\n<h6 class=\"mkd-team-position \"><span style=\"font-size: 14px; font-weight: normal;\"><strong>AUDIO<\/strong><\/span><\/h6>\n<audio class=\"wp-audio-shortcode\" id=\"audio-348246-5\" preload=\"none\" style=\"width: 100%;\" controls=\"controls\"><source type=\"audio\/mpeg\" src=\"https:\/\/www.radiopiu.net\/wordpress\/wp-content\/uploads\/2025\/09\/ALBERTO-POZZI.mp3?_=5\" \/><a href=\"https:\/\/www.radiopiu.net\/wordpress\/wp-content\/uploads\/2025\/09\/ALBERTO-POZZI.mp3\">https:\/\/www.radiopiu.net\/wordpress\/wp-content\/uploads\/2025\/09\/ALBERTO-POZZI.mp3<\/a><\/audio>\n<h6 class=\"mkd-team-position \"><span style=\"font-size: 14px; font-weight: normal;\">\u00a0<\/span><\/h6>\n<p>&nbsp;<\/p>\n<p>&nbsp;<\/p>\n<hr \/>\n<p>&nbsp;<\/p>\n<p><strong>PUNTATA DEL 12 SETTEMBRE 2025 &#8211; RADIOLOGIA CON IL DOTTOR GIOVANNI MARCANTONI\u00a0<\/strong><\/p>\n<p><a class=\"dt-pswp-item\" href=\"https:\/\/www.radiopiu.net\/wordpress\/wp-content\/uploads\/2025\/09\/marcantoni.png\" data-dt-img-description=\"\" data-large_image_width=\"232\" data-large_image_height=\"219\"><img loading=\"lazy\" decoding=\"async\" class=\" wp-image-469387 alignleft\" src=\"https:\/\/www.radiopiu.net\/wordpress\/wp-content\/uploads\/2025\/09\/marcantoni.png\" alt=\"\" width=\"182\" height=\"172\" \/><\/a>Laurea in medicina e Chirurgia presso l&#8217;Universit\u00e0 di Padova il 15-7-1977. Diploma di Specializzazione in Radiodiagnostica presso l&#8217;Universit\u00e0 di Padova il16-12-1983. Idoneit\u00e0 a Primario di Radiodiagnostica sessione 1986. Insegnamento per 11 anni presso la Scuola Tecnici Sanitari di Radiologia. Medica di Venezia. Competenze professionali: Radiologia Convenzionale, Senologia, Ecografia internistica ed osteoarticolare, TAC, RNM articolare.<\/p>\n<audio class=\"wp-audio-shortcode\" id=\"audio-348246-6\" preload=\"none\" style=\"width: 100%;\" controls=\"controls\"><source type=\"audio\/mpeg\" src=\"https:\/\/www.radiopiu.net\/wordpress\/wp-content\/uploads\/2025\/09\/GIOVANNI-MARCANTONI.mp3?_=6\" \/><a href=\"https:\/\/www.radiopiu.net\/wordpress\/wp-content\/uploads\/2025\/09\/GIOVANNI-MARCANTONI.mp3\">https:\/\/www.radiopiu.net\/wordpress\/wp-content\/uploads\/2025\/09\/GIOVANNI-MARCANTONI.mp3<\/a><\/audio>\n<p>&nbsp;<\/p>\n<p>&nbsp;<\/p>\n<p>&nbsp;<\/p>\n<p><strong>PUNTATA DEL 04 SETTEMBRE 2025 &#8211; SI PARLA DI PSICHIATRIA CON IL DOTTOR COSIMO DAMIANO SMIRAGLIA POLI<\/strong><\/p>\n<p><strong><a class=\"dt-pswp-item\" href=\"https:\/\/www.radiopiu.net\/wordpress\/wp-content\/uploads\/2025\/05\/LALDJFJHGHD.jpg\" data-dt-img-description=\"\" data-large_image_width=\"404\" data-large_image_height=\"248\"><img loading=\"lazy\" decoding=\"async\" class=\"size-medium wp-image-468087 alignleft\" src=\"https:\/\/www.radiopiu.net\/wordpress\/wp-content\/uploads\/2025\/05\/LALDJFJHGHD-300x184.jpg\" alt=\"\" width=\"300\" height=\"184\" srcset=\"https:\/\/www.radiopiu.net\/wordpress\/wp-content\/uploads\/2025\/05\/LALDJFJHGHD-300x184.jpg 300w, https:\/\/www.radiopiu.net\/wordpress\/wp-content\/uploads\/2025\/05\/LALDJFJHGHD.jpg 404w\" sizes=\"auto, (max-width: 300px) 100vw, 300px\" \/><\/a>COSIMO DAMIANO SMIRAGLIA POLI: <\/strong>Laurea in Medicina e Chirurgia e Specializzazione in Psichiatria presso l\u2019Universit\u00e0 degli Studi di Bari. Alta Specializzazione in Disturbi del Comportamento Alimentare. Gi\u00e0 Dirigente Psichiatra presso i Reparti di Psichiatria di Galatina (LE), Feltre, Belluno e Pieve di Cadore. Gi\u00e0 Responsabile del Centro di I Livello per la Diagnosi e Cura dei Disturbi del Comportamento Alimentare (DCA) di Feltre. PATOLOGIE TRATTATE &#8211; Disturbi depressivi ed altri disturbi dell&#8217;umore (Disturbo Bipolare, ecc.) &#8211; Disturbi d&#8217;ansia &#8211; Disturbi da attacchi di panico &#8211; Disturbi ossessivo-compulsivi &#8211; Disturbi fobici &#8211; Disturbi correlati ad eventi traumatici e stressanti &#8211; Disturbi del comportamento alimentare: Anoressia Nervosa; Bulimia Nervosa; Disturbo da Alimentazione Incontrollata (BED), ecc. &#8211; Disturbi di personalit\u00e0 &#8211; Disturbi psicotici &#8211; Demenza &#8211; Disturbi del comportamento nell&#8217;anziano e nei soggetti fragili mentali &#8211; Disturbi del sonno, ecc.<\/p>\n<div class=\"mkd-team-title-holder normal_social\">\n<p><strong>AUDIO<\/strong><\/p>\n<audio class=\"wp-audio-shortcode\" id=\"audio-348246-7\" preload=\"none\" style=\"width: 100%;\" controls=\"controls\"><source type=\"audio\/mpeg\" src=\"https:\/\/www.radiopiu.net\/wordpress\/wp-content\/uploads\/2025\/05\/COSIMO-DAMIANO-SMIRAGLIA-POLI.mp3?_=7\" \/><a href=\"https:\/\/www.radiopiu.net\/wordpress\/wp-content\/uploads\/2025\/05\/COSIMO-DAMIANO-SMIRAGLIA-POLI.mp3\">https:\/\/www.radiopiu.net\/wordpress\/wp-content\/uploads\/2025\/05\/COSIMO-DAMIANO-SMIRAGLIA-POLI.mp3<\/a><\/audio>\n<p>&nbsp;<\/p>\n<hr \/>\n<p>&nbsp;<\/p>\n<\/div>\n<p><strong>PUNTATA DEL 9 AGOSTO 2025 &#8211; I NUOVI LOCALI DEDICATI ALLA FISIOTERAPIA<\/strong><\/p>\n<p><strong><a class=\"dt-pswp-item\" href=\"https:\/\/www.radiopiu.net\/wordpress\/wp-content\/uploads\/2025\/08\/SCR-20250808-jzci.jpeg\" data-dt-img-description=\"\" data-large_image_width=\"1036\" data-large_image_height=\"608\"><img loading=\"lazy\" decoding=\"async\" class=\" wp-image-463925 alignleft\" src=\"https:\/\/www.radiopiu.net\/wordpress\/wp-content\/uploads\/2025\/08\/SCR-20250808-jzci-300x176.jpeg\" alt=\"\" width=\"199\" height=\"117\" srcset=\"https:\/\/www.radiopiu.net\/wordpress\/wp-content\/uploads\/2025\/08\/SCR-20250808-jzci-300x176.jpeg 300w, https:\/\/www.radiopiu.net\/wordpress\/wp-content\/uploads\/2025\/08\/SCR-20250808-jzci-1024x601.jpeg 1024w, https:\/\/www.radiopiu.net\/wordpress\/wp-content\/uploads\/2025\/08\/SCR-20250808-jzci-768x451.jpeg 768w, https:\/\/www.radiopiu.net\/wordpress\/wp-content\/uploads\/2025\/08\/SCR-20250808-jzci.jpeg 1036w\" sizes=\"auto, (max-width: 199px) 100vw, 199px\" \/><\/a>DI MIRKO MEZZACASA<\/strong><\/p>\n<p>OSPITI: Roberto Agnolet, Laura Garlet e Martina Deon<\/p>\n<p><strong>AUDIO<\/strong><\/p>\n<audio class=\"wp-audio-shortcode\" id=\"audio-348246-8\" preload=\"none\" style=\"width: 100%;\" controls=\"controls\"><source type=\"audio\/mpeg\" src=\"https:\/\/www.radiopiu.net\/wordpress\/wp-content\/uploads\/2025\/08\/LA-FISIOTERAPIA-AL-POLIAMBULATORIO-AGORDINO.mp3?_=8\" \/><a href=\"https:\/\/www.radiopiu.net\/wordpress\/wp-content\/uploads\/2025\/08\/LA-FISIOTERAPIA-AL-POLIAMBULATORIO-AGORDINO.mp3\">https:\/\/www.radiopiu.net\/wordpress\/wp-content\/uploads\/2025\/08\/LA-FISIOTERAPIA-AL-POLIAMBULATORIO-AGORDINO.mp3<\/a><\/audio>\n<p>&nbsp;<\/p>\n<p><strong>VIDEO<\/strong><\/p>\n<p><iframe loading=\"lazy\" title=\"LA FISIOTERAPIA AL POLIAMBULATORIO AGORDINO\" width=\"1200\" height=\"675\" src=\"https:\/\/www.youtube.com\/embed\/OwugFwInnF0?feature=oembed\" frameborder=\"0\" allow=\"accelerometer; autoplay; clipboard-write; encrypted-media; gyroscope; picture-in-picture; web-share\" referrerpolicy=\"strict-origin-when-cross-origin\" allowfullscreen><\/iframe><\/p>\n<p>&nbsp;<\/p>\n<hr \/>\n<p>&nbsp;<\/p>\n<p><strong><a class=\"dt-pswp-item\" href=\"https:\/\/www.radiopiu.net\/wordpress\/wp-content\/uploads\/2024\/04\/dr-cesare-dal-bo.jpg\" data-dt-img-description=\"\" data-large_image_width=\"800\" data-large_image_height=\"600\"><img loading=\"lazy\" decoding=\"async\" class=\" wp-image-387374 alignleft\" src=\"https:\/\/www.radiopiu.net\/wordpress\/wp-content\/uploads\/2024\/04\/dr-cesare-dal-bo-300x225.jpg\" alt=\"\" width=\"169\" height=\"127\" srcset=\"https:\/\/www.radiopiu.net\/wordpress\/wp-content\/uploads\/2024\/04\/dr-cesare-dal-bo-300x225.jpg 300w, https:\/\/www.radiopiu.net\/wordpress\/wp-content\/uploads\/2024\/04\/dr-cesare-dal-bo-768x576.jpg 768w, https:\/\/www.radiopiu.net\/wordpress\/wp-content\/uploads\/2024\/04\/dr-cesare-dal-bo.jpg 800w\" sizes=\"auto, (max-width: 169px) 100vw, 169px\" \/><\/a>PUNTATA DEL 15 MAGGIO 2025 &#8211; IL DOTTOR CESARE DAL BO<\/strong><\/p>\n<p><strong data-start=\"176\" data-end=\"191\">IL MELANOMA<\/strong><\/p>\n<p>Anche un numero limitato di scottature solari, soprattutto se avvenute in et\u00e0 giovanile, pu\u00f2 aumentare in modo significativo il rischio di sviluppare un melanoma. Secondo i dati dell\u2019American Academy of Dermatology, cinque o pi\u00f9 episodi di ustione solare con vescicole tra i 15 e i 20 anni d\u2019et\u00e0 sono associati a un incremento dell\u201980% del rischio di melanoma cutaneo e del 68% del rischio di altri tumori cutanei. A richiamare l\u2019attenzione sul tema, in occasione del mese della prevenzione del melanoma, \u00e8 Paolo Ascierto, presidente della Fondazione Melanoma. \u201cIl danno indotto dai raggi UV sulla pelle, soprattutto in et\u00e0 pediatrica e adolescenziale, pu\u00f2 rimanere latente per anni e manifestarsi in seguito sotto forma di neoplasia cutanea. Il DNA cellulare, danneggiato da un\u2019eccessiva esposizione al sole, pu\u00f2 non essere efficacemente riparato dal sistema immunitario, innescando mutazioni tumorali potenzialmente irreversibili. Il melanoma \u2013 continua \u2013 \u00e8 uno dei principali tumori che insorgono in giovane et\u00e0 e rappresenta attualmente, in Italia, il terzo tumore pi\u00f9 frequente in entrambi i sessi al di sotto dei 50 anni. Negli ultimi 20 anni la sua incidenza \u00e8 aumentata in modo drammatico, passando dai 6.000 casi nel 2004 agli 11.000 nel 2014, fino agli oltre 17.000 stimati nel 2024\u201d. Il concetto di <em data-start=\"1510\" data-end=\"1544\">memoria cutanea del danno solare<\/em> \u00e8 ben noto in dermatologia e oncologia: per questo motivo, la prevenzione deve iniziare fin dall\u2019infanzia. Evitare l\u2019esposizione nelle ore centrali della giornata, utilizzare schermi solari ad ampio spettro con SPF 50+ e proteggersi con indumenti e cappelli a tesa larga sono raccomandazioni ancora troppo spesso ignorate. Nonostante l\u2019elevata prevedibilit\u00e0 della patologia, persistono numerosi errori nella gestione dell\u2019esposizione solare. Di seguito, i sette pi\u00f9 comuni secondo gli specialisti: <strong data-start=\"2048\" data-end=\"2085\">Credere in un\u2019abbronzatura sicura<\/strong>: non esiste un modo sicuro o sano per abbronzarsi. Quando ci si abbronza, la luce ultravioletta stimola le cellule della pelle a produrre pigmenti nel tentativo di proteggere il DNA, ma questa difesa \u00e8 minima: ci si pu\u00f2 comunque scottare, aumentando il rischio di melanoma. <strong data-start=\"2364\" data-end=\"2414\">Affidarsi completamente alla protezione solare<\/strong>: la crema solare non offre una protezione totale. Anche con un fattore di protezione molto alto, non si \u00e8 completamente al riparo dai danni dei raggi UV. Usarla non \u00e8 un \u201cpermesso\u201d per esporsi a lungo o abbronzarsi. <strong data-start=\"2635\" data-end=\"2700\">Non applicare la crema solare su pelle scura o gi\u00e0 abbronzata<\/strong>: la pelle scura non \u00e8 immune ai danni del sole. La melanina non impedisce al DNA di subire danni da parte dei raggi UV, che possono comunque penetrare e provocare mutazioni. <strong data-start=\"2879\" data-end=\"2917\">Riutilizzare filtri solari scaduti<\/strong>: l\u2019efficacia delle creme solari si mantiene al massimo per 12 mesi dall\u2019apertura, e solo se il prodotto \u00e8 stato conservato correttamente. <strong data-start=\"3060\" data-end=\"3118\">Sottovalutare il rischio nei giorni nuvolosi o ventosi<\/strong>: \u00e8 possibile scottarsi anche in giornate apparentemente \u201csicure\u201d. I raggi UV penetrano attraverso le nuvole, specialmente se sottili. <strong data-start=\"3257\" data-end=\"3293\">Rinunciare agli occhiali da sole<\/strong>: il melanoma pu\u00f2 colpire anche l&#8217;occhio. \u00c8 fondamentale indossare occhiali da sole con protezione UV certificata. <strong data-start=\"3412\" data-end=\"3467\">Attribuire propriet\u00e0 riparative alle creme doposole<\/strong>: queste creme servono a idratare la pelle e a lenire i sintomi della scottatura, ma non hanno alcun effetto sui danni al DNA provocati dai raggi UV.<\/p>\n<p>&nbsp;<\/p>\n<p>&nbsp;<\/p>\n<hr \/>\n<p>&nbsp;<\/p>\n<p><strong><a class=\"dt-pswp-item\" href=\"https:\/\/www.radiopiu.net\/wordpress\/wp-content\/uploads\/2024\/04\/dr-cesare-dal-bo.jpg\" data-dt-img-description=\"\" data-large_image_width=\"800\" data-large_image_height=\"600\"><img loading=\"lazy\" decoding=\"async\" class=\" wp-image-387374 alignleft\" src=\"https:\/\/www.radiopiu.net\/wordpress\/wp-content\/uploads\/2024\/04\/dr-cesare-dal-bo-300x225.jpg\" alt=\"\" width=\"169\" height=\"127\" srcset=\"https:\/\/www.radiopiu.net\/wordpress\/wp-content\/uploads\/2024\/04\/dr-cesare-dal-bo-300x225.jpg 300w, https:\/\/www.radiopiu.net\/wordpress\/wp-content\/uploads\/2024\/04\/dr-cesare-dal-bo-768x576.jpg 768w, https:\/\/www.radiopiu.net\/wordpress\/wp-content\/uploads\/2024\/04\/dr-cesare-dal-bo.jpg 800w\" sizes=\"auto, (max-width: 169px) 100vw, 169px\" \/><\/a>PUNTATA DEL 06 MAGGIO 2025 &#8211; IL DOTTOR CESARE DEL BO<\/strong><\/p>\n<p>Secondo appuntamento dell&#8217;anno con lo staff del Poliambulatorio Agordino. Si parla di fibromialgia. La fibromialgia \u00e8 una sindrome reumatica cronica e idiopatica, caratterizzata da dolore muscolare e ai tessuti fibrosi, rigidit\u00e0, astenia, disturbi cognitivi, insonnia e alterazioni della sensibilit\u00e0. La causa esatta \u00e8 sconosciuta, ma si ipotizzano fattori genetici, allergici o un coinvolgimento del sistema immunitario. La diagnosi avviene per esclusione di altre patologie e tramite palpazione dei tender points. I sintomi, inclusi il dolore migrante e la non-risposta agli antidolorifici, sono comuni. La fibromialgia \u00e8 associata a disturbi dell\u2019umore e affaticamento cronico. I trattamenti includono esercizio fisico e farmaci.<\/p>\n<audio class=\"wp-audio-shortcode\" id=\"audio-348246-9\" preload=\"none\" style=\"width: 100%;\" controls=\"controls\"><source type=\"audio\/mpeg\" src=\"https:\/\/www.radiopiu.net\/wordpress\/wp-content\/uploads\/2025\/01\/CESARE-DAL-BO-FIBRIOMIALGIA-120-80.mp3?_=9\" \/><a href=\"https:\/\/www.radiopiu.net\/wordpress\/wp-content\/uploads\/2025\/01\/CESARE-DAL-BO-FIBRIOMIALGIA-120-80.mp3\">https:\/\/www.radiopiu.net\/wordpress\/wp-content\/uploads\/2025\/01\/CESARE-DAL-BO-FIBRIOMIALGIA-120-80.mp3<\/a><\/audio>\n<p>&nbsp;<\/p>\n<hr \/>\n<p>&nbsp;<\/p>\n<p><strong><a class=\"dt-pswp-item\" href=\"https:\/\/www.radiopiu.net\/wordpress\/wp-content\/uploads\/2024\/04\/dr-cesare-dal-bo.jpg\" data-dt-img-description=\"\" data-large_image_width=\"800\" data-large_image_height=\"600\"><img loading=\"lazy\" decoding=\"async\" class=\" wp-image-387374 alignleft\" src=\"https:\/\/www.radiopiu.net\/wordpress\/wp-content\/uploads\/2024\/04\/dr-cesare-dal-bo-300x225.jpg\" alt=\"\" width=\"169\" height=\"127\" srcset=\"https:\/\/www.radiopiu.net\/wordpress\/wp-content\/uploads\/2024\/04\/dr-cesare-dal-bo-300x225.jpg 300w, https:\/\/www.radiopiu.net\/wordpress\/wp-content\/uploads\/2024\/04\/dr-cesare-dal-bo-768x576.jpg 768w, https:\/\/www.radiopiu.net\/wordpress\/wp-content\/uploads\/2024\/04\/dr-cesare-dal-bo.jpg 800w\" sizes=\"auto, (max-width: 169px) 100vw, 169px\" \/><\/a>PUNTATA DEL 03 GENNAIO 2025 &#8211; IL DOTTOR CESARE DAL BO<\/strong><\/p>\n<p>Primo appuntamento dell&#8217;anno con lo staff del Poliambulatorio Agordino. Il dottor Cesare Dal Bo parla della vitamina D o vitamina del sole, fondamentale per la salute delle ossa e non solo, \u00e8 sintetizzata dal nostro corpo a partire dall&#8217;assorbimento dei raggi solari dalla pelle. I consigli per rendere pi\u00f9 efficace questo importante processo.<\/p>\n<audio class=\"wp-audio-shortcode\" id=\"audio-348246-10\" preload=\"none\" style=\"width: 100%;\" controls=\"controls\"><source type=\"audio\/mpeg\" src=\"https:\/\/www.radiopiu.net\/wordpress\/wp-content\/uploads\/2024\/08\/DOTTOR-DAL-BO-GENNAIO-2025.mp3?_=10\" \/><a href=\"https:\/\/www.radiopiu.net\/wordpress\/wp-content\/uploads\/2024\/08\/DOTTOR-DAL-BO-GENNAIO-2025.mp3\">https:\/\/www.radiopiu.net\/wordpress\/wp-content\/uploads\/2024\/08\/DOTTOR-DAL-BO-GENNAIO-2025.mp3<\/a><\/audio>\n<p>&nbsp;<\/p>\n<hr \/>\n<p>&nbsp;<\/p>\n<h1>STAGIONE 2024<\/h1>\n<p><strong>PUNTATA DEL 17 AGOSTO 2024 &#8211; IL DOTTOR CESARE DAL BO<\/strong><\/p>\n<p><a class=\"dt-pswp-item\" href=\"https:\/\/www.radiopiu.net\/wordpress\/wp-content\/uploads\/2024\/04\/dr-cesare-dal-bo.jpg\" data-dt-img-description=\"\" data-large_image_width=\"800\" data-large_image_height=\"600\"><img loading=\"lazy\" decoding=\"async\" class=\" wp-image-387374 alignleft\" src=\"https:\/\/www.radiopiu.net\/wordpress\/wp-content\/uploads\/2024\/04\/dr-cesare-dal-bo-300x225.jpg\" alt=\"\" width=\"169\" height=\"127\" srcset=\"https:\/\/www.radiopiu.net\/wordpress\/wp-content\/uploads\/2024\/04\/dr-cesare-dal-bo-300x225.jpg 300w, https:\/\/www.radiopiu.net\/wordpress\/wp-content\/uploads\/2024\/04\/dr-cesare-dal-bo-768x576.jpg 768w, https:\/\/www.radiopiu.net\/wordpress\/wp-content\/uploads\/2024\/04\/dr-cesare-dal-bo.jpg 800w\" sizes=\"auto, (max-width: 169px) 100vw, 169px\" \/><\/a>In questo appuntamento speciale con il Poliambulatorio Agordino, il dottor Cesare Dal B\u00f2 ci parla dell&#8217;invecchiamento precoce e le malattie croniche degenerative.<\/p>\n<audio class=\"wp-audio-shortcode\" id=\"audio-348246-11\" preload=\"none\" style=\"width: 100%;\" controls=\"controls\"><source type=\"audio\/mpeg\" src=\"https:\/\/www.radiopiu.net\/wordpress\/wp-content\/uploads\/2024\/08\/CESARE-DAL-BO-SPECIALE.mp3?_=11\" \/><a href=\"https:\/\/www.radiopiu.net\/wordpress\/wp-content\/uploads\/2024\/08\/CESARE-DAL-BO-SPECIALE.mp3\">https:\/\/www.radiopiu.net\/wordpress\/wp-content\/uploads\/2024\/08\/CESARE-DAL-BO-SPECIALE.mp3<\/a><\/audio>\n<p>&nbsp;<\/p>\n<p><strong><a class=\"dt-pswp-item\" href=\"https:\/\/www.radiopiu.net\/wordpress\/wp-content\/uploads\/2024\/01\/0312fb49-4f56-4a85-a058-85818fdd9b68.jpg\" data-dt-img-description=\"\" data-large_image_width=\"709\" data-large_image_height=\"709\"><img loading=\"lazy\" decoding=\"async\" class=\" wp-image-371629 alignleft\" src=\"https:\/\/www.radiopiu.net\/wordpress\/wp-content\/uploads\/2024\/01\/0312fb49-4f56-4a85-a058-85818fdd9b68-300x300.jpg\" alt=\"\" width=\"119\" height=\"119\" srcset=\"https:\/\/www.radiopiu.net\/wordpress\/wp-content\/uploads\/2024\/01\/0312fb49-4f56-4a85-a058-85818fdd9b68-300x300.jpg 300w, https:\/\/www.radiopiu.net\/wordpress\/wp-content\/uploads\/2024\/01\/0312fb49-4f56-4a85-a058-85818fdd9b68-150x150.jpg 150w, https:\/\/www.radiopiu.net\/wordpress\/wp-content\/uploads\/2024\/01\/0312fb49-4f56-4a85-a058-85818fdd9b68.jpg 709w\" sizes=\"auto, (max-width: 119px) 100vw, 119px\" \/><\/a>PUNTATA DEL 26 APRILE 2024 &#8211; IL DOTTOR CESARE DAL BO<\/strong><\/p>\n<p>In questo appuntamento il dottor Cesare Dal Bo, direttore del Poliambulatorio ad Agordo,\u00a0 esperto in salute intestinale, tratter\u00e0 l&#8217;argomento del fegato grasso. Una patologia che un tempo si riscontrava nei forti bevitori. Ora questo tipo di malattia si pu\u00f2 riscontrare anche in persone astemie.<\/p>\n<audio class=\"wp-audio-shortcode\" id=\"audio-348246-12\" preload=\"none\" style=\"width: 100%;\" controls=\"controls\"><source type=\"audio\/mpeg\" src=\"https:\/\/www.radiopiu.net\/wordpress\/wp-content\/uploads\/2024\/03\/CESARE-DAL-BO-POLIAMBULATORIO-AGORDINO.mp3?_=12\" \/><a href=\"https:\/\/www.radiopiu.net\/wordpress\/wp-content\/uploads\/2024\/03\/CESARE-DAL-BO-POLIAMBULATORIO-AGORDINO.mp3\">https:\/\/www.radiopiu.net\/wordpress\/wp-content\/uploads\/2024\/03\/CESARE-DAL-BO-POLIAMBULATORIO-AGORDINO.mp3<\/a><\/audio>\n<p>&nbsp;<\/p>\n<p><strong>PUNTATA DEL 29 MARZO 2024 &#8211; L&#8217;OCULISTA PIETRO MONACO<\/strong><\/p>\n<p><strong><a class=\"dt-pswp-item\" href=\"https:\/\/www.radiopiu.net\/wordpress\/wp-content\/uploads\/2024\/03\/PIETRO-MONACO.png\" data-dt-img-description=\"\" data-large_image_width=\"533\" data-large_image_height=\"300\"><img loading=\"lazy\" decoding=\"async\" class=\" wp-image-381693 alignleft\" src=\"https:\/\/www.radiopiu.net\/wordpress\/wp-content\/uploads\/2024\/03\/PIETRO-MONACO-300x169.png\" alt=\"\" width=\"181\" height=\"102\" srcset=\"https:\/\/www.radiopiu.net\/wordpress\/wp-content\/uploads\/2024\/03\/PIETRO-MONACO-300x169.png 300w, https:\/\/www.radiopiu.net\/wordpress\/wp-content\/uploads\/2024\/03\/PIETRO-MONACO.png 533w\" sizes=\"auto, (max-width: 181px) 100vw, 181px\" \/><\/a>PIETRO MONACO<\/strong> Medico Chirurgo Specialista in Oftalmologia con Incarico Dirigenziale di Natura Professionale di Alta Specializzazione in &#8220;Chirurgia Vitreoretinica e patologie retinocrdeali&#8221; U.O.C. di Oculistica &#8211; Ospedale San Martino, Belluno. Esperienza acquisita in Chirurgia Vitreoretinica, Chirurgia della Cataratta, Chirurgia Laser, Chirurgia Palpebrale, Chirurgia d&#8217;Urgenza, Retina Medica, Uveiti, Glaucoma. Elevata competenza nella diagnostica strumentale 0CT Spectralis per le patologie retiniche ed il glaucoma. Esperienza pluriennale maturata nella diagnosi e cura delle patologie vitreoretiniche. Numerose attivit\u00e0 di ricerca, autore e coautore di numerose pubblicazioni scientifiche, presentazioni a congressi internazionali e nazionali in qualit\u00e0 di relatore, moderatore e panelista.<\/p>\n<audio class=\"wp-audio-shortcode\" id=\"audio-348246-13\" preload=\"none\" style=\"width: 100%;\" controls=\"controls\"><source type=\"audio\/mpeg\" src=\"https:\/\/www.radiopiu.net\/wordpress\/wp-content\/uploads\/2024\/03\/PIETRO-MONACO-POLIAMBULATORIO-AGORDINO-1.mp3?_=13\" \/><a href=\"https:\/\/www.radiopiu.net\/wordpress\/wp-content\/uploads\/2024\/03\/PIETRO-MONACO-POLIAMBULATORIO-AGORDINO-1.mp3\">https:\/\/www.radiopiu.net\/wordpress\/wp-content\/uploads\/2024\/03\/PIETRO-MONACO-POLIAMBULATORIO-AGORDINO-1.mp3<\/a><\/audio>\n<p>&nbsp;<\/p>\n<p>&nbsp;<\/p>\n<p><strong><a class=\"dt-pswp-item\" href=\"https:\/\/www.radiopiu.net\/wordpress\/wp-content\/uploads\/2021\/04\/ROBERTO-BERTONE.jpg\" data-dt-img-description=\"\" data-large_image_width=\"1664\" data-large_image_height=\"2400\"><img loading=\"lazy\" decoding=\"async\" class=\" wp-image-203143 alignleft\" src=\"https:\/\/www.radiopiu.net\/wordpress\/wp-content\/uploads\/2021\/04\/ROBERTO-BERTONE-208x300.jpg\" alt=\"\" width=\"121\" height=\"175\" srcset=\"https:\/\/www.radiopiu.net\/wordpress\/wp-content\/uploads\/2021\/04\/ROBERTO-BERTONE-208x300.jpg 208w, https:\/\/www.radiopiu.net\/wordpress\/wp-content\/uploads\/2021\/04\/ROBERTO-BERTONE-710x1024.jpg 710w, https:\/\/www.radiopiu.net\/wordpress\/wp-content\/uploads\/2021\/04\/ROBERTO-BERTONE-768x1108.jpg 768w, https:\/\/www.radiopiu.net\/wordpress\/wp-content\/uploads\/2021\/04\/ROBERTO-BERTONE-1065x1536.jpg 1065w, https:\/\/www.radiopiu.net\/wordpress\/wp-content\/uploads\/2021\/04\/ROBERTO-BERTONE-1420x2048.jpg 1420w, https:\/\/www.radiopiu.net\/wordpress\/wp-content\/uploads\/2021\/04\/ROBERTO-BERTONE.jpg 1664w\" sizes=\"auto, (max-width: 121px) 100vw, 121px\" \/><\/a><\/strong><\/p>\n<div class=\"mkd-team-title-holder normal_social\">\n<h5 class=\"mkd-team-name \"><span style=\"font-size: 14px; font-weight: normal;\"><strong>ROBERTO BERTONE<\/strong> Laureato presso l&#8217;Universit\u00e0 di Padova con la specializzazione in Chirurgia d&#8217;urgenza e Pronto Soccorso presso la stessa sede universitaria. Ha svolto attivit\u00e0 chirurgica presso l&#8217;O.C. di Tirano (SO), presso l&#8217;O.C. di Chirurgia Generale di Agordo dove in seguito \u00e8 divenuto responsabile dell&#8217; UO di Pronto Soccorso, dell&#8217;UOS di Day Surgery e Chirurgia ambulatoriale. Ha ricoperto il ruolo di Direttore dell&#8217;UOC di Chirurgia Generale di Pieve di Cadore con delega alla direzione dell&#8217;UOS di Chirurgia Generale di Agordo. Ha focalizzato la propria attivit\u00e0 nella diagnosi e cura della patologia flebologica degli arti inferiori con particolare attenzione alle innovazioni tecnologiche in questi campi e alla ricerca di una sempre maggior mini-invasivit\u00e0.<\/span><\/h5>\n<audio class=\"wp-audio-shortcode\" id=\"audio-348246-14\" preload=\"none\" style=\"width: 100%;\" controls=\"controls\"><source type=\"audio\/mpeg\" src=\"https:\/\/www.radiopiu.net\/wordpress\/wp-content\/uploads\/2024\/03\/FATTO-BERTONE-OK-COMPLETO-1.mp3?_=14\" \/><a href=\"https:\/\/www.radiopiu.net\/wordpress\/wp-content\/uploads\/2024\/03\/FATTO-BERTONE-OK-COMPLETO-1.mp3\">https:\/\/www.radiopiu.net\/wordpress\/wp-content\/uploads\/2024\/03\/FATTO-BERTONE-OK-COMPLETO-1.mp3<\/a><\/audio>\n<\/div>\n<div><\/div>\n<div class=\"mkd-team-text\">\n<div class=\"mkd-team-text-inner\">\n<div class=\"mkd-team-description \"><\/div>\n<\/div>\n<\/div>\n<p>&nbsp;<\/p>\n<p><strong>PUNTATA DEL 08 MARZO 2024 &#8211; IL FISIOTERAPISTA ROBERTO AGNOLET\u00a0\u00a0<\/strong><\/p>\n<p><strong><img loading=\"lazy\" decoding=\"async\" class=\"alignleft\" src=\"https:\/\/www.radiopiu.net\/wordpress\/wp-content\/uploads\/2023\/03\/agnolet.png\" width=\"159\" height=\"111\" \/><\/strong><strong>ROBERTO AGNOLET<\/strong>\u00a0 Fisioterapista e Dottore Magistrale in Scienze Motorie per la Prevenzione e la Salute, tratta i principali disturbi a carico del sistema muscoloscheletrico (cervicalgie, lombalgie, distorsioni, lesioni muscolari) e nervoso (lesioni midollari, esiti di ictus, esiti di traumi cranici, lesioni del sistema nervoso periferico, Parkinson). Data la mia formazione e la mia passione, mi occupo nello specifico dell&#8217;ambito sportivo a tutto tondo, prendendo in carico la persona dall&#8217;accesso al trattamento fisioterapico fino al suo ritorno in campo\/gara.<\/p>\n<audio class=\"wp-audio-shortcode\" id=\"audio-348246-15\" preload=\"none\" style=\"width: 100%;\" controls=\"controls\"><source type=\"audio\/mpeg\" src=\"https:\/\/www.radiopiu.net\/wordpress\/wp-content\/uploads\/2024\/03\/ROBERTO-AGNOLET-MARZO-2024.mp3?_=15\" \/><a href=\"https:\/\/www.radiopiu.net\/wordpress\/wp-content\/uploads\/2024\/03\/ROBERTO-AGNOLET-MARZO-2024.mp3\">https:\/\/www.radiopiu.net\/wordpress\/wp-content\/uploads\/2024\/03\/ROBERTO-AGNOLET-MARZO-2024.mp3<\/a><\/audio>\n<p>&nbsp;<\/p>\n<p>&nbsp;<\/p>\n<p>&nbsp;<\/p>\n<p><a class=\"dt-pswp-item\" href=\"https:\/\/www.radiopiu.net\/wordpress\/wp-content\/uploads\/2023\/08\/MANRICO-GENTILE.png\" data-dt-img-description=\"\" data-large_image_width=\"527\" data-large_image_height=\"309\"><img loading=\"lazy\" decoding=\"async\" class=\" wp-image-377014 alignleft\" src=\"https:\/\/www.radiopiu.net\/wordpress\/wp-content\/uploads\/2023\/08\/MANRICO-GENTILE-300x176.png\" alt=\"\" width=\"160\" height=\"94\" srcset=\"https:\/\/www.radiopiu.net\/wordpress\/wp-content\/uploads\/2023\/08\/MANRICO-GENTILE-300x176.png 300w, https:\/\/www.radiopiu.net\/wordpress\/wp-content\/uploads\/2023\/08\/MANRICO-GENTILE.png 527w\" sizes=\"auto, (max-width: 160px) 100vw, 160px\" \/><\/a><strong>MANRICO GENTILE<\/strong>\u00a0 Laureato nel 1984 e specializzazione nel 1984, ruolo servizio sanitario nazionale ininterrotto dal 1981, gi\u00e0 dirigente medico psichiatria, poi neurologia, direttore di stroke unit e come ff di neurologia, esperienza in neurovascolare, prevenzione primaria e secondaria, trattamento dell&#8217;ictus anche con vasta esperienza in trombolisi e sua riabilitazione, utilizzo di tecnica ecocolordoppler dei tronchi sovraaortici e transcranica, &#8230; Pratica attivit\u00e0 privata presso poliambulatori agordini e organizza attivit\u00e0 di screening di popolazione su malattie vascolari e su alterazioni neurospicologiche, con consueling, visite, eventuali esami neurovascolari biochimici, testistica in collaborazione con neuropsicologi.<\/p>\n<p><strong>PUNTATA DEL 01 MARZO &#8211; IL NEUROLOGO MANRICO GENTILE<\/strong><\/p>\n<audio class=\"wp-audio-shortcode\" id=\"audio-348246-16\" preload=\"none\" style=\"width: 100%;\" controls=\"controls\"><source type=\"audio\/mpeg\" src=\"https:\/\/www.radiopiu.net\/wordpress\/wp-content\/uploads\/2023\/08\/MANRICO-GENTILE-POLI.mp3?_=16\" \/><a href=\"https:\/\/www.radiopiu.net\/wordpress\/wp-content\/uploads\/2023\/08\/MANRICO-GENTILE-POLI.mp3\">https:\/\/www.radiopiu.net\/wordpress\/wp-content\/uploads\/2023\/08\/MANRICO-GENTILE-POLI.mp3<\/a><\/audio>\n<p>&nbsp;<\/p>\n<p>&nbsp;<\/p>\n<p>&nbsp;<\/p>\n<p><a class=\"dt-pswp-item\" href=\"https:\/\/www.radiopiu.net\/wordpress\/wp-content\/uploads\/2023\/08\/LAURA-DAI-PRA.png\" data-dt-img-description=\"\" data-large_image_width=\"536\" data-large_image_height=\"324\"><img loading=\"lazy\" decoding=\"async\" class=\" wp-image-375898 alignleft\" src=\"https:\/\/www.radiopiu.net\/wordpress\/wp-content\/uploads\/2023\/08\/LAURA-DAI-PRA-300x181.png\" alt=\"\" width=\"169\" height=\"102\" srcset=\"https:\/\/www.radiopiu.net\/wordpress\/wp-content\/uploads\/2023\/08\/LAURA-DAI-PRA-300x181.png 300w, https:\/\/www.radiopiu.net\/wordpress\/wp-content\/uploads\/2023\/08\/LAURA-DAI-PRA.png 536w\" sizes=\"auto, (max-width: 169px) 100vw, 169px\" \/><\/a>Appuntamento con le interviste dal Poliambulatorio Agordino. Si parla di psicologia della salute con la Dott.sa Laura Dai Pra&#8217;.\u00a0 La\u00a0psicologia\u00a0\u00e8 la scienza che studia gli stati mentali e i suoi processi emotivi, cognitivi, sociali e comportamentali nelle loro componenti consce e inconsce, mediante l\u2019uso del metodo scientifico e\/o appoggiandosi ad una prospettiva soggettiva intrapersonale; si occupa anche dello studio e del trattamento delle funzioni psichiche sia in condizioni di benessere che di sofferenza o disagio mentale, dovute a dinamiche soggettive (intrapsichiche), ambientali e\/o relazionali (interpsichiche).<\/p>\n<p><strong>PUNTATA DEL 23 FEBBRAIO 2024 &#8211; LA PSICOLOGA LAURA DAI PRA&#8217;<\/strong><\/p>\n<audio class=\"wp-audio-shortcode\" id=\"audio-348246-17\" preload=\"none\" style=\"width: 100%;\" controls=\"controls\"><source type=\"audio\/mpeg\" src=\"https:\/\/www.radiopiu.net\/wordpress\/wp-content\/uploads\/2023\/08\/LAURA-DAI-PRA.mp3?_=17\" \/><a href=\"https:\/\/www.radiopiu.net\/wordpress\/wp-content\/uploads\/2023\/08\/LAURA-DAI-PRA.mp3\">https:\/\/www.radiopiu.net\/wordpress\/wp-content\/uploads\/2023\/08\/LAURA-DAI-PRA.mp3<\/a><\/audio>\n<p>&nbsp;<\/p>\n<p>&nbsp;<\/p>\n<p>&nbsp;<\/p>\n<p><a class=\"dt-pswp-item\" href=\"https:\/\/www.radiopiu.net\/wordpress\/wp-content\/uploads\/2024\/02\/JACOPO-BROZZI.png\" data-dt-img-description=\"\" data-large_image_width=\"510\" data-large_image_height=\"327\"><img loading=\"lazy\" decoding=\"async\" class=\" wp-image-374381 alignleft\" src=\"https:\/\/www.radiopiu.net\/wordpress\/wp-content\/uploads\/2024\/02\/JACOPO-BROZZI-300x192.png\" alt=\"\" width=\"180\" height=\"115\" srcset=\"https:\/\/www.radiopiu.net\/wordpress\/wp-content\/uploads\/2024\/02\/JACOPO-BROZZI-300x192.png 300w, https:\/\/www.radiopiu.net\/wordpress\/wp-content\/uploads\/2024\/02\/JACOPO-BROZZI.png 510w\" sizes=\"auto, (max-width: 180px) 100vw, 180px\" \/><\/a>Appuntamento con le interviste dal Poliambulatorio Agordino. Si parla di dermatologia con il Dott. Jacopo Brozzi. Laureato in Medicina e Chirurgia presso l&#8217;Universit\u00e0 di Perugia in data marzo 2014 e specializzato in Dermatologia e Venereologia presso l&#8217;Universit\u00e0 di Siena in data dicembre 2019. Oltre che nella nostra struttura, esercita anche in qualit\u00e0 di specialista ambulatoriale presso ULSS2 Marca Trevigiana distretto di Asolo. Precedentemente Dirigente Medico presso UOS Dermatologia dell&#8217;Ospedale di San Martino da gennaio 2021 a gennaio 2023. Le sue competenze si concentrano principalmente nel campo della dermatologia allergologica, dermopatologia clinica, dermatoscopia, oncodermatologia e chirurgia dermatologica. Membro di ADOI (Associazione Dermatologi Venereologi Ospedalieri Italiani) e SIDAPA (Societ\u00e0 Italiana di Dermatologia Allergologica e Professionale).<\/p>\n<p><strong>PUNTATA DEL 13 FEBBRAIO 2024 &#8211; IL DERMATOLOGO JACOPO BROZZI<\/strong><\/p>\n<audio class=\"wp-audio-shortcode\" id=\"audio-348246-18\" preload=\"none\" style=\"width: 100%;\" controls=\"controls\"><source type=\"audio\/mpeg\" src=\"https:\/\/www.radiopiu.net\/wordpress\/wp-content\/uploads\/2024\/02\/BROZZI.mp3?_=18\" \/><a href=\"https:\/\/www.radiopiu.net\/wordpress\/wp-content\/uploads\/2024\/02\/BROZZI.mp3\">https:\/\/www.radiopiu.net\/wordpress\/wp-content\/uploads\/2024\/02\/BROZZI.mp3<\/a><\/audio>\n<p>&nbsp;<\/p>\n<p>&nbsp;<\/p>\n<p>&nbsp;<\/p>\n<p><a class=\"dt-pswp-item\" href=\"https:\/\/www.radiopiu.net\/wordpress\/wp-content\/uploads\/2024\/01\/BOCCANEGRA.png\" data-dt-img-description=\"\" data-large_image_width=\"532\" data-large_image_height=\"334\"><img loading=\"lazy\" decoding=\"async\" class=\" wp-image-372348 alignleft\" src=\"https:\/\/www.radiopiu.net\/wordpress\/wp-content\/uploads\/2024\/01\/BOCCANEGRA-300x188.png\" alt=\"\" width=\"180\" height=\"113\" srcset=\"https:\/\/www.radiopiu.net\/wordpress\/wp-content\/uploads\/2024\/01\/BOCCANEGRA-300x188.png 300w, https:\/\/www.radiopiu.net\/wordpress\/wp-content\/uploads\/2024\/01\/BOCCANEGRA.png 532w\" sizes=\"auto, (max-width: 180px) 100vw, 180px\" \/><\/a>Appuntamento con le interviste dal Poliambulatorio Agordino. Si parla di nutrizione con la Dott.sa Eleonora Boccanegra. Laurea triennale in scienze biologiche a Ferrara e successivamente la laurea in scienze dell&#8217;alimentazione umana a Firenze. Si occupa di educazione alimentare con adulti e bambini, piani alimentare personalizzati in condizioni fisiologiche o patologiche (ad es. intolleranze, diabete, osteoporosi, gravidanza, supporto allo svezzamento, etc.) e analisi e valutazione della composizione corporea.<\/p>\n<p><strong>PUNTATA DEL 30 GENNAIO 2024 &#8211; LA NUTRIZIONISTA ELEONORA BOCCANEGRA<\/strong><\/p>\n<audio class=\"wp-audio-shortcode\" id=\"audio-348246-19\" preload=\"none\" style=\"width: 100%;\" controls=\"controls\"><source type=\"audio\/mpeg\" src=\"https:\/\/www.radiopiu.net\/wordpress\/wp-content\/uploads\/2024\/01\/ELEONORA-BOCCANEGRA-1.mp3?_=19\" \/><a href=\"https:\/\/www.radiopiu.net\/wordpress\/wp-content\/uploads\/2024\/01\/ELEONORA-BOCCANEGRA-1.mp3\">https:\/\/www.radiopiu.net\/wordpress\/wp-content\/uploads\/2024\/01\/ELEONORA-BOCCANEGRA-1.mp3<\/a><\/audio>\n<p>&nbsp;<\/p>\n<p>&nbsp;<\/p>\n<p><a class=\"dt-pswp-item\" href=\"https:\/\/www.radiopiu.net\/wordpress\/wp-content\/uploads\/2024\/01\/0312fb49-4f56-4a85-a058-85818fdd9b68.jpg\" data-dt-img-description=\"\" data-large_image_width=\"709\" data-large_image_height=\"709\"><img loading=\"lazy\" decoding=\"async\" class=\" wp-image-371629 alignleft\" src=\"https:\/\/www.radiopiu.net\/wordpress\/wp-content\/uploads\/2024\/01\/0312fb49-4f56-4a85-a058-85818fdd9b68-300x300.jpg\" alt=\"\" width=\"119\" height=\"119\" srcset=\"https:\/\/www.radiopiu.net\/wordpress\/wp-content\/uploads\/2024\/01\/0312fb49-4f56-4a85-a058-85818fdd9b68-300x300.jpg 300w, https:\/\/www.radiopiu.net\/wordpress\/wp-content\/uploads\/2024\/01\/0312fb49-4f56-4a85-a058-85818fdd9b68-150x150.jpg 150w, https:\/\/www.radiopiu.net\/wordpress\/wp-content\/uploads\/2024\/01\/0312fb49-4f56-4a85-a058-85818fdd9b68.jpg 709w\" sizes=\"auto, (max-width: 119px) 100vw, 119px\" \/><\/a>Con Il dottor Cesare Dal Bo&#8217;, direttore del Poliambulatorio ad Agordo,\u00a0 esperto in salute intestinale, in un&#8217;intervista approfondita su temi come yogurt, kefir e la flora batterica intestinale.\u00a0 Dal B\u00f2 spiega l&#8217;importanza dei fermenti lattici, come mantenerli &#8220;vivi&#8221; e affrontare disturbi comuni come gonfiore e stanchezza. Il dottore fornisce consigli su probiotici e affronta la disbiosi intestinale attraverso un test. Incoraggia l&#8217;ascolto dei segnali del corpo per migliorare il benessere intestinale, sottolineando che la salute generale ha origine nell&#8217;intestino<\/p>\n<p><strong>PUNTATA DEL 26 GENNAIO 2024 &#8211; \u201cEquilibrio Intestinale con il Dr. Dal Bo\u201d<\/strong><\/p>\n<audio class=\"wp-audio-shortcode\" id=\"audio-348246-20\" preload=\"none\" style=\"width: 100%;\" controls=\"controls\"><source type=\"audio\/mpeg\" src=\"https:\/\/www.radiopiu.net\/wordpress\/wp-content\/uploads\/2024\/01\/dottor-cesare-al-bo-yogurt.mp3?_=20\" \/><a href=\"https:\/\/www.radiopiu.net\/wordpress\/wp-content\/uploads\/2024\/01\/dottor-cesare-al-bo-yogurt.mp3\">https:\/\/www.radiopiu.net\/wordpress\/wp-content\/uploads\/2024\/01\/dottor-cesare-al-bo-yogurt.mp3<\/a><\/audio>\n<h1><\/h1>\n<p>&nbsp;<\/p>\n<hr \/>\n<p>&nbsp;<\/p>\n<p><a class=\"dt-pswp-item\" href=\"https:\/\/www.radiopiu.net\/wordpress\/wp-content\/uploads\/2023\/08\/3cd1be54-68e8-4e18-933c-a2520de00f40.jpg\" data-dt-img-description=\"\" data-large_image_width=\"1200\" data-large_image_height=\"1600\"><img loading=\"lazy\" decoding=\"async\" class=\"size-medium wp-image-378205 aligncenter\" src=\"https:\/\/www.radiopiu.net\/wordpress\/wp-content\/uploads\/2023\/08\/3cd1be54-68e8-4e18-933c-a2520de00f40-225x300.jpg\" alt=\"\" width=\"225\" height=\"300\" srcset=\"https:\/\/www.radiopiu.net\/wordpress\/wp-content\/uploads\/2023\/08\/3cd1be54-68e8-4e18-933c-a2520de00f40-225x300.jpg 225w, https:\/\/www.radiopiu.net\/wordpress\/wp-content\/uploads\/2023\/08\/3cd1be54-68e8-4e18-933c-a2520de00f40-768x1024.jpg 768w, https:\/\/www.radiopiu.net\/wordpress\/wp-content\/uploads\/2023\/08\/3cd1be54-68e8-4e18-933c-a2520de00f40-1152x1536.jpg 1152w, https:\/\/www.radiopiu.net\/wordpress\/wp-content\/uploads\/2023\/08\/3cd1be54-68e8-4e18-933c-a2520de00f40.jpg 1200w\" sizes=\"auto, (max-width: 225px) 100vw, 225px\" \/><\/a><\/p>\n<p>&nbsp;<\/p>\n<hr \/>\n<p>&nbsp;<\/p>\n<h1>STAGIONE 2023<\/h1>\n<p>&nbsp;<\/p>\n<blockquote class=\"wp-embedded-content\" data-secret=\"Z2bzJqmv8W\"><p><a href=\"https:\/\/www.radiopiu.net\/wordpress\/dal-poliambulatorio-di-agordo-con-il-dottor-botto\/\">DAL POLIAMBULATORIO DI AGORDO CON IL DOTTOR BOTTO<\/a><\/p><\/blockquote>\n<p><iframe loading=\"lazy\" class=\"wp-embedded-content\" sandbox=\"allow-scripts\" security=\"restricted\" style=\"position: absolute; visibility: hidden;\" title=\"&#8220;DAL POLIAMBULATORIO DI AGORDO CON IL DOTTOR BOTTO&#8221; &#8212; Radio Pi\u00f9\" src=\"https:\/\/www.radiopiu.net\/wordpress\/dal-poliambulatorio-di-agordo-con-il-dottor-botto\/embed\/#?secret=nybBw6kx9V#?secret=Z2bzJqmv8W\" data-secret=\"Z2bzJqmv8W\" width=\"600\" height=\"338\" frameborder=\"0\" marginwidth=\"0\" marginheight=\"0\" scrolling=\"no\"><\/iframe><\/p>\n<p>&nbsp;<\/p>\n<blockquote class=\"wp-embedded-content\" data-secret=\"6q1ZuLviqA\"><p><a href=\"https:\/\/www.radiopiu.net\/wordpress\/dal-polimbualtorio-agordino-la-dottoressa-eleonora-boccanegra-biologa-nutrizionista\/\">DAL POLIMBUALTORIO AGORDINO LA DOTTORESSA ELEONORA BOCCANEGRA, BIOLOGA NUTRIZIONISTA<\/a><\/p><\/blockquote>\n<p><iframe loading=\"lazy\" class=\"wp-embedded-content\" sandbox=\"allow-scripts\" security=\"restricted\" style=\"position: absolute; visibility: hidden;\" title=\"&#8220;DAL POLIMBUALTORIO AGORDINO LA DOTTORESSA ELEONORA BOCCANEGRA, BIOLOGA NUTRIZIONISTA&#8221; &#8212; Radio Pi\u00f9\" src=\"https:\/\/www.radiopiu.net\/wordpress\/dal-polimbualtorio-agordino-la-dottoressa-eleonora-boccanegra-biologa-nutrizionista\/embed\/#?secret=pjmMRCMxOY#?secret=6q1ZuLviqA\" data-secret=\"6q1ZuLviqA\" width=\"600\" height=\"338\" frameborder=\"0\" marginwidth=\"0\" marginheight=\"0\" scrolling=\"no\"><\/iframe><\/p>\n<p>&nbsp;<\/p>\n<p>&nbsp;<\/p>\n<blockquote class=\"wp-embedded-content\" data-secret=\"8vg1ogTgRF\"><p><a href=\"https:\/\/www.radiopiu.net\/wordpress\/351251-2\/\">120-80, SANITA\u2019. ALLA RADIO IL DOTTOR BRUNO BORIN, GINECOLOGO \u2013 DAL POLIAMBULATORIO AGORDINO<\/a><\/p><\/blockquote>\n<p><iframe loading=\"lazy\" class=\"wp-embedded-content\" sandbox=\"allow-scripts\" security=\"restricted\" style=\"position: absolute; visibility: hidden;\" title=\"&#8220;120-80, SANITA\u2019. ALLA RADIO IL DOTTOR BRUNO BORIN, GINECOLOGO \u2013 DAL POLIAMBULATORIO AGORDINO&#8221; &#8212; Radio Pi\u00f9\" src=\"https:\/\/www.radiopiu.net\/wordpress\/351251-2\/embed\/#?secret=uIWjTkMlql#?secret=8vg1ogTgRF\" data-secret=\"8vg1ogTgRF\" width=\"600\" height=\"338\" frameborder=\"0\" marginwidth=\"0\" marginheight=\"0\" scrolling=\"no\"><\/iframe><\/p>\n<blockquote class=\"wp-embedded-content\" data-secret=\"0VwbU0DBIy\"><p><a href=\"https:\/\/www.radiopiu.net\/wordpress\/dal-poliambulatorio-agordino-il-dottor-roberto-bertone\/\">DAL POLIAMBULATORIO AGORDINO IL DOTTOR ROBERTO BERTONE<\/a><\/p><\/blockquote>\n<p><iframe loading=\"lazy\" class=\"wp-embedded-content\" sandbox=\"allow-scripts\" security=\"restricted\" style=\"position: absolute; visibility: hidden;\" title=\"&#8220;DAL POLIAMBULATORIO AGORDINO IL DOTTOR ROBERTO BERTONE&#8221; &#8212; Radio Pi\u00f9\" src=\"https:\/\/www.radiopiu.net\/wordpress\/dal-poliambulatorio-agordino-il-dottor-roberto-bertone\/embed\/#?secret=ewYyxAio2X#?secret=0VwbU0DBIy\" data-secret=\"0VwbU0DBIy\" width=\"600\" height=\"338\" frameborder=\"0\" marginwidth=\"0\" marginheight=\"0\" scrolling=\"no\"><\/iframe><\/p>\n<blockquote class=\"wp-embedded-content\" data-secret=\"3gMzMli9PO\"><p><a href=\"https:\/\/www.radiopiu.net\/wordpress\/120-80-sanita-alla-radio-il-dottor-manrico-gentile-neurologo-dal-poliambulatorio-agordino\/\">120-80, SANITA&#8217;. ALLA RADIO IL DOTTOR MANRICO GENTILE, NEUROLOGO &#8211; DAL POLIAMBULATORIO AGORDINO<\/a><\/p><\/blockquote>\n<p><iframe loading=\"lazy\" class=\"wp-embedded-content\" sandbox=\"allow-scripts\" security=\"restricted\" style=\"position: absolute; visibility: hidden;\" title=\"&#8220;120-80, SANITA&#8217;. ALLA RADIO IL DOTTOR MANRICO GENTILE, NEUROLOGO &#8211; DAL POLIAMBULATORIO AGORDINO&#8221; &#8212; Radio Pi\u00f9\" src=\"https:\/\/www.radiopiu.net\/wordpress\/120-80-sanita-alla-radio-il-dottor-manrico-gentile-neurologo-dal-poliambulatorio-agordino\/embed\/#?secret=ozUZDD7eyn#?secret=3gMzMli9PO\" data-secret=\"3gMzMli9PO\" width=\"600\" height=\"338\" frameborder=\"0\" marginwidth=\"0\" marginheight=\"0\" scrolling=\"no\"><\/iframe><\/p>\n<p>&nbsp;<\/p>\n<blockquote class=\"wp-embedded-content\" data-secret=\"aj2txSiA8R\"><p><a href=\"https:\/\/www.radiopiu.net\/wordpress\/radiopiu12080\/\">120-80 A COLLOQUIO CON I PROFESSIONISTI DEL POLIAMBULATORIO AGORDINO<\/a><\/p><\/blockquote>\n<p><iframe loading=\"lazy\" class=\"wp-embedded-content\" sandbox=\"allow-scripts\" security=\"restricted\" style=\"position: absolute; visibility: hidden;\" title=\"&#8220;120-80 A COLLOQUIO CON I PROFESSIONISTI DEL POLIAMBULATORIO AGORDINO&#8221; &#8212; Radio Pi\u00f9\" src=\"https:\/\/www.radiopiu.net\/wordpress\/radiopiu12080\/embed\/#?secret=ByFLabxVev#?secret=aj2txSiA8R\" data-secret=\"aj2txSiA8R\" width=\"600\" height=\"338\" frameborder=\"0\" marginwidth=\"0\" marginheight=\"0\" scrolling=\"no\"><\/iframe><\/p>\n<p>&nbsp;<\/p>\n<blockquote class=\"wp-embedded-content\" data-secret=\"DzscKfUKsL\"><p><a href=\"https:\/\/www.radiopiu.net\/wordpress\/poliambulatorio-agordino-lucia-colleselli-la-logopedista\/\">POLIAMBULATORIO AGORDINO: LUCIA COLLESELLI, LA LOGOPEDISTA<\/a><\/p><\/blockquote>\n<p><iframe loading=\"lazy\" class=\"wp-embedded-content\" sandbox=\"allow-scripts\" security=\"restricted\" style=\"position: absolute; visibility: hidden;\" title=\"&#8220;POLIAMBULATORIO AGORDINO: LUCIA COLLESELLI, LA LOGOPEDISTA&#8221; &#8212; Radio Pi\u00f9\" src=\"https:\/\/www.radiopiu.net\/wordpress\/poliambulatorio-agordino-lucia-colleselli-la-logopedista\/embed\/#?secret=stIqx3G00U#?secret=DzscKfUKsL\" data-secret=\"DzscKfUKsL\" width=\"600\" height=\"338\" frameborder=\"0\" marginwidth=\"0\" marginheight=\"0\" scrolling=\"no\"><\/iframe><\/p>\n<p>&nbsp;<\/p>\n<blockquote class=\"wp-embedded-content\" data-secret=\"Sv83HVFEHT\"><p><a href=\"https:\/\/www.radiopiu.net\/wordpress\/120-80-dal-poliambulatorio-agordino-con-il-dottor-pietro-monaco\/\">120-80&#8230; dal poliambulatorio agordino con il dottor Pietro Monaco<\/a><\/p><\/blockquote>\n<p><iframe loading=\"lazy\" class=\"wp-embedded-content\" sandbox=\"allow-scripts\" security=\"restricted\" style=\"position: absolute; visibility: hidden;\" title=\"&#8220;120-80&#8230; dal poliambulatorio agordino con il dottor Pietro Monaco&#8221; &#8212; Radio Pi\u00f9\" src=\"https:\/\/www.radiopiu.net\/wordpress\/120-80-dal-poliambulatorio-agordino-con-il-dottor-pietro-monaco\/embed\/#?secret=1NUZSShyVF#?secret=Sv83HVFEHT\" data-secret=\"Sv83HVFEHT\" width=\"600\" height=\"338\" frameborder=\"0\" marginwidth=\"0\" marginheight=\"0\" scrolling=\"no\"><\/iframe><\/p>\n<p>&nbsp;<\/p>\n<blockquote class=\"wp-embedded-content\" data-secret=\"TD2rPKfUYZ\"><p><a href=\"https:\/\/www.radiopiu.net\/wordpress\/120-80-sanita-alla-radio-al-poliambulatorio-agordino-con-il-dottor-antonio-bridda\/\">120-80, sanita&#8217; alla radio. Al POLIAMBULATORIO AGORDINO con il dottor Antonio BRIDDA<\/a><\/p><\/blockquote>\n<p><iframe loading=\"lazy\" class=\"wp-embedded-content\" sandbox=\"allow-scripts\" security=\"restricted\" style=\"position: absolute; visibility: hidden;\" title=\"&#8220;120-80, sanita&#8217; alla radio. Al POLIAMBULATORIO AGORDINO con il dottor Antonio BRIDDA&#8221; &#8212; Radio Pi\u00f9\" src=\"https:\/\/www.radiopiu.net\/wordpress\/120-80-sanita-alla-radio-al-poliambulatorio-agordino-con-il-dottor-antonio-bridda\/embed\/#?secret=krXTQ15ryM#?secret=TD2rPKfUYZ\" data-secret=\"TD2rPKfUYZ\" width=\"600\" height=\"338\" frameborder=\"0\" marginwidth=\"0\" marginheight=\"0\" scrolling=\"no\"><\/iframe><\/p>\n<p>&nbsp;<\/p>\n<p>&nbsp;<\/p>\n<p>&nbsp;<\/p>\n<blockquote class=\"wp-embedded-content\" data-secret=\"u7kULl1mgk\"><p><a href=\"https:\/\/www.radiopiu.net\/wordpress\/dal-poliambulatorio-agordino-il-fisioterapista-roberto-agnolet\/\">DAL POLIAMBULATORIO AGORDINO, IL FISIOTERAPISTA ROBERTO AGNOLET<\/a><\/p><\/blockquote>\n<p><iframe loading=\"lazy\" class=\"wp-embedded-content\" sandbox=\"allow-scripts\" security=\"restricted\" style=\"position: absolute; visibility: hidden;\" title=\"&#8220;DAL POLIAMBULATORIO AGORDINO, IL FISIOTERAPISTA ROBERTO AGNOLET&#8221; &#8212; Radio Pi\u00f9\" src=\"https:\/\/www.radiopiu.net\/wordpress\/dal-poliambulatorio-agordino-il-fisioterapista-roberto-agnolet\/embed\/#?secret=TjQPo7A2Mz#?secret=u7kULl1mgk\" data-secret=\"u7kULl1mgk\" width=\"600\" height=\"338\" frameborder=\"0\" marginwidth=\"0\" marginheight=\"0\" scrolling=\"no\"><\/iframe><\/p>\n<blockquote class=\"wp-embedded-content\" data-secret=\"tXrph5Q432\"><p><a href=\"https:\/\/www.radiopiu.net\/wordpress\/denise-de-zaiacomo-psicologa-delleta-evolutiva\/\">DENISE DE ZAIACOMO, PSICOLOGA DELL&#8217;ETA&#8217; EVOLUTIVA<\/a><\/p><\/blockquote>\n<p><iframe loading=\"lazy\" class=\"wp-embedded-content\" sandbox=\"allow-scripts\" security=\"restricted\" style=\"position: absolute; visibility: hidden;\" title=\"&#8220;DENISE DE ZAIACOMO, PSICOLOGA DELL&#8217;ETA&#8217; EVOLUTIVA&#8221; &#8212; Radio Pi\u00f9\" src=\"https:\/\/www.radiopiu.net\/wordpress\/denise-de-zaiacomo-psicologa-delleta-evolutiva\/embed\/#?secret=Kds6OL2jO1#?secret=tXrph5Q432\" data-secret=\"tXrph5Q432\" width=\"600\" height=\"338\" frameborder=\"0\" marginwidth=\"0\" marginheight=\"0\" scrolling=\"no\"><\/iframe><\/p>\n<blockquote class=\"wp-embedded-content\" data-secret=\"shpTljFC3h\"><p><a href=\"https:\/\/www.radiopiu.net\/wordpress\/120-80-dal-poliamulatorio-di-agordo-il-dermatologo-jacopo-brozzi\/\">\u201c120-80\u201d DAL POLIAMULATORIO DI AGORDO IL DERMATOLOGO JACOPO BROZZI<\/a><\/p><\/blockquote>\n<p><iframe loading=\"lazy\" class=\"wp-embedded-content\" sandbox=\"allow-scripts\" security=\"restricted\" style=\"position: absolute; visibility: hidden;\" title=\"&#8220;\u201c120-80\u201d DAL POLIAMULATORIO DI AGORDO IL DERMATOLOGO JACOPO BROZZI&#8221; &#8212; Radio Pi\u00f9\" src=\"https:\/\/www.radiopiu.net\/wordpress\/120-80-dal-poliamulatorio-di-agordo-il-dermatologo-jacopo-brozzi\/embed\/#?secret=ZwCeoSeEpR#?secret=shpTljFC3h\" data-secret=\"shpTljFC3h\" width=\"600\" height=\"338\" frameborder=\"0\" marginwidth=\"0\" marginheight=\"0\" scrolling=\"no\"><\/iframe><\/p>\n<blockquote class=\"wp-embedded-content\" data-secret=\"AwMnDhhcKx\"><p><a href=\"https:\/\/www.radiopiu.net\/wordpress\/dal-poliambulatorio-di-agordoa-colloquio-con-loculista\/\">DAL POLIAMBULATORIO DI AGORDO\u2026A COLLOQUIO CON L&#8217;OCULISTA<\/a><\/p><\/blockquote>\n<p><iframe loading=\"lazy\" class=\"wp-embedded-content\" sandbox=\"allow-scripts\" security=\"restricted\" style=\"position: absolute; visibility: hidden;\" title=\"&#8220;DAL POLIAMBULATORIO DI AGORDO\u2026A COLLOQUIO CON L&#8217;OCULISTA&#8221; &#8212; Radio Pi\u00f9\" src=\"https:\/\/www.radiopiu.net\/wordpress\/dal-poliambulatorio-di-agordoa-colloquio-con-loculista\/embed\/#?secret=7nRaDNdl90#?secret=AwMnDhhcKx\" data-secret=\"AwMnDhhcKx\" width=\"600\" height=\"338\" frameborder=\"0\" marginwidth=\"0\" marginheight=\"0\" scrolling=\"no\"><\/iframe><\/p>\n<blockquote class=\"wp-embedded-content\" data-secret=\"7dqZiesaOW\"><p><a href=\"https:\/\/www.radiopiu.net\/wordpress\/dal-poliambulatorio-di-agordo-a-colloquio-con-il-medico-nutrizionista\/\">DAL POLIAMBULATORIO DI AGORDO&#8230;A COLLOQUIO CON IL MEDICO NUTRIZIONISTA<\/a><\/p><\/blockquote>\n<p><iframe loading=\"lazy\" class=\"wp-embedded-content\" sandbox=\"allow-scripts\" security=\"restricted\" style=\"position: absolute; visibility: hidden;\" title=\"&#8220;DAL POLIAMBULATORIO DI AGORDO&#8230;A COLLOQUIO CON IL MEDICO NUTRIZIONISTA&#8221; &#8212; Radio Pi\u00f9\" src=\"https:\/\/www.radiopiu.net\/wordpress\/dal-poliambulatorio-di-agordo-a-colloquio-con-il-medico-nutrizionista\/embed\/#?secret=5vYtqsQGdS#?secret=7dqZiesaOW\" data-secret=\"7dqZiesaOW\" width=\"600\" height=\"338\" frameborder=\"0\" marginwidth=\"0\" marginheight=\"0\" scrolling=\"no\"><\/iframe><\/p>\n<p>&nbsp;<\/p>\n<p><strong>STAGIONE 2021-2022<\/strong><\/p>\n<blockquote class=\"wp-embedded-content\" data-secret=\"GMQkiRiILw\"><p><a href=\"https:\/\/www.radiopiu.net\/wordpress\/i-professionisti-del-poliambulatorio-agordino-rispondono\/\">I PROFESSIONISTI DEL POLIAMBULATORIO AGORDINO RISPONDONO<\/a><\/p><\/blockquote>\n<p><iframe loading=\"lazy\" class=\"wp-embedded-content\" sandbox=\"allow-scripts\" security=\"restricted\" style=\"position: absolute; visibility: hidden;\" title=\"&#8220;I PROFESSIONISTI DEL POLIAMBULATORIO AGORDINO RISPONDONO&#8221; &#8212; Radio Pi\u00f9\" src=\"https:\/\/www.radiopiu.net\/wordpress\/i-professionisti-del-poliambulatorio-agordino-rispondono\/embed\/#?secret=oZW5z94Uwa#?secret=GMQkiRiILw\" data-secret=\"GMQkiRiILw\" width=\"600\" height=\"338\" frameborder=\"0\" marginwidth=\"0\" marginheight=\"0\" scrolling=\"no\"><\/iframe><\/p>\n","protected":false},"excerpt":{"rendered":"<p>^^^ &nbsp; STAGIONE 2026 PUNTATA DEL 25 APRILE 2026 &nbsp; LUCIA COLLESELLI Iscritta all&#8217;Albo dei logopedisti della Federazione Nazionale inizia il suo percorso professionale a Belluno presso il servizio Et\u00e0 Evolutiva dell&#8217;ULSS, mentre dal 1987 presta servizio per l&#8217;ULSS di Agordo, sempre come logopedista fino al 2019. Ho avuto modo, nel tempo, di conoscere, valutare,&hellip;<\/p>\n","protected":false},"author":4,"featured_media":122022,"comment_status":"closed","ping_status":"closed","sticky":false,"template":"","format":"standard","meta":{"_monsterinsights_skip_tracking":false,"_monsterinsights_sitenote_active":false,"_monsterinsights_sitenote_note":"","_monsterinsights_sitenote_category":0,"footnotes":""},"categories":[51,49],"tags":[],"class_list":["post-348246","post","type-post","status-publish","format-standard","has-post-thumbnail","hentry","category-evidenza-top","category-news-18","category-51","category-49","description-off"],"img_url":"https:\/\/www.radiopiu.net\/wordpress\/wp-content\/uploads\/2020\/03\/download-25.jpg","_links":{"self":[{"href":"https:\/\/www.radiopiu.net\/wordpress\/wp-json\/wp\/v2\/posts\/348246","targetHints":{"allow":["GET"]}}],"collection":[{"href":"https:\/\/www.radiopiu.net\/wordpress\/wp-json\/wp\/v2\/posts"}],"about":[{"href":"https:\/\/www.radiopiu.net\/wordpress\/wp-json\/wp\/v2\/types\/post"}],"author":[{"embeddable":true,"href":"https:\/\/www.radiopiu.net\/wordpress\/wp-json\/wp\/v2\/users\/4"}],"replies":[{"embeddable":true,"href":"https:\/\/www.radiopiu.net\/wordpress\/wp-json\/wp\/v2\/comments?post=348246"}],"version-history":[{"count":19,"href":"https:\/\/www.radiopiu.net\/wordpress\/wp-json\/wp\/v2\/posts\/348246\/revisions"}],"predecessor-version":[{"id":508882,"href":"https:\/\/www.radiopiu.net\/wordpress\/wp-json\/wp\/v2\/posts\/348246\/revisions\/508882"}],"wp:featuredmedia":[{"embeddable":true,"href":"https:\/\/www.radiopiu.net\/wordpress\/wp-json\/wp\/v2\/media\/122022"}],"wp:attachment":[{"href":"https:\/\/www.radiopiu.net\/wordpress\/wp-json\/wp\/v2\/media?parent=348246"}],"wp:term":[{"taxonomy":"category","embeddable":true,"href":"https:\/\/www.radiopiu.net\/wordpress\/wp-json\/wp\/v2\/categories?post=348246"},{"taxonomy":"post_tag","embeddable":true,"href":"https:\/\/www.radiopiu.net\/wordpress\/wp-json\/wp\/v2\/tags?post=348246"}],"curies":[{"name":"wp","href":"https:\/\/api.w.org\/{rel}","templated":true}]}}