{"id":348254,"date":"2023-08-14T05:41:46","date_gmt":"2023-08-14T03:41:46","guid":{"rendered":"https:\/\/www.radiopiu.net\/wordpress\/?p=348254"},"modified":"2023-08-14T08:04:41","modified_gmt":"2023-08-14T06:04:41","slug":"giornale-radiopiu-14-agosto-2023-direttore-mirko-mezzacasada-40-anni-25-giugno-1983-25-giugno-2023","status":"publish","type":"post","link":"https:\/\/www.radiopiu.net\/wordpress\/giornale-radiopiu-14-agosto-2023-direttore-mirko-mezzacasada-40-anni-25-giugno-1983-25-giugno-2023\/","title":{"rendered":"GIORNALE RADIOPIU 14 AGOSTO 2023 DIRETTORE MIRKO MEZZACASA\u2026DA 40 ANNI 25 GIUGNO 1983-25 GIUGNO 2023"},"content":{"rendered":"<h2 style=\"text-align: left;\"><span style=\"color: #ff0000;\"><span style=\"vertical-align: inherit;\"><a class=\"dt-pswp-item\" href=\"https:\/\/www.radiopiu.net\/wordpress\/wp-content\/uploads\/2023\/04\/e0aad41d-951e-47b9-9fae-1a879a9bcb7e-1.jpg\" data-dt-img-description=\"\" data-large_image_width=\"1200\" data-large_image_height=\"1200\"><img loading=\"lazy\" decoding=\"async\" class=\"wp-image-333205 alignleft\" src=\"https:\/\/www.radiopiu.net\/wordpress\/wp-content\/uploads\/2023\/04\/e0aad41d-951e-47b9-9fae-1a879a9bcb7e-1-300x300.jpg\" alt=\"\" width=\"110\" height=\"110\" srcset=\"https:\/\/www.radiopiu.net\/wordpress\/wp-content\/uploads\/2023\/04\/e0aad41d-951e-47b9-9fae-1a879a9bcb7e-1-300x300.jpg 300w, https:\/\/www.radiopiu.net\/wordpress\/wp-content\/uploads\/2023\/04\/e0aad41d-951e-47b9-9fae-1a879a9bcb7e-1-1024x1024.jpg 1024w, https:\/\/www.radiopiu.net\/wordpress\/wp-content\/uploads\/2023\/04\/e0aad41d-951e-47b9-9fae-1a879a9bcb7e-1-150x150.jpg 150w, https:\/\/www.radiopiu.net\/wordpress\/wp-content\/uploads\/2023\/04\/e0aad41d-951e-47b9-9fae-1a879a9bcb7e-1-768x768.jpg 768w, https:\/\/www.radiopiu.net\/wordpress\/wp-content\/uploads\/2023\/04\/e0aad41d-951e-47b9-9fae-1a879a9bcb7e-1.jpg 1200w\" sizes=\"auto, (max-width: 110px) 100vw, 110px\" \/><\/a><\/span><\/span><\/h2>\n<h1 class=\"entry-title\">40esimo di RADIOPIU\u2026. LA VOCE DELL\u2019EMOZIONE<\/h1>\n<h2><span style=\"color: #ff0000;\">ISCRIVITI AL NOSTRO CANALE\u00a0\u00a0YOUTUBE PER SEGUIRE IN DIRETTA I PRINCIPALI PROGRAMMI DI RADIO PIU\u2019 E LE FUTURE DIRETTE IN ESTERNA. PER ISCRIVERTI\u00a0<a style=\"color: #ff0000;\" href=\"https:\/\/youtube.com\/@radiopiu1527\">CLICCA QUI\u00a0<\/a>E PREMI\u00a0 \u201cIscriviti\u201d<\/span><\/h2>\n<p><strong>AGORDO<\/strong> EVENTI DI SUCCESSO, IL CINEMA AD AGORDO IN PIAZZETTA VECCHIA. SABATO TUTTO ESAURITO PER FREDDY DEI QUEEN&#8230;<\/p>\n<p><a class=\"dt-pswp-item\" href=\"https:\/\/www.radiopiu.net\/wordpress\/wp-content\/uploads\/2023\/08\/9444568c-affd-45c7-88e6-6d909e444b09.jpg\" data-dt-img-description=\"\" data-large_image_width=\"1024\" data-large_image_height=\"768\"><img loading=\"lazy\" decoding=\"async\" class=\"size-medium wp-image-348475 aligncenter\" src=\"https:\/\/www.radiopiu.net\/wordpress\/wp-content\/uploads\/2023\/08\/9444568c-affd-45c7-88e6-6d909e444b09-300x225.jpg\" alt=\"\" width=\"300\" height=\"225\" srcset=\"https:\/\/www.radiopiu.net\/wordpress\/wp-content\/uploads\/2023\/08\/9444568c-affd-45c7-88e6-6d909e444b09-300x225.jpg 300w, https:\/\/www.radiopiu.net\/wordpress\/wp-content\/uploads\/2023\/08\/9444568c-affd-45c7-88e6-6d909e444b09-768x576.jpg 768w, https:\/\/www.radiopiu.net\/wordpress\/wp-content\/uploads\/2023\/08\/9444568c-affd-45c7-88e6-6d909e444b09.jpg 1024w\" sizes=\"auto, (max-width: 300px) 100vw, 300px\" \/>\u00a0<\/a><\/p>\n<p>&nbsp;<\/p>\n<p><strong>OLTRE CENCENIGHE&#8230; I PERICOLI DELLA REGIONALE 203 AGORDINA CON I TRONCHI IN EQUILIBRIO INSTABILE\u00a0 <\/strong>all&#8217;altezza del &#8220;ponte adiacente al sentiero Ghisel &#8221;<\/p>\n\n\t\t\t<style type='text\/css'>\n\t\t\t\t#gallery-1 {\n\t\t\t\t\tmargin: auto;\n\t\t\t\t}\n\t\t\t\t#gallery-1 .gallery-item {\n\t\t\t\t\tfloat: left;\n\t\t\t\t\tmargin-top: 10px;\n\t\t\t\t\ttext-align: center;\n\t\t\t\t\twidth: 25%;\n\t\t\t\t}\n\t\t\t\t#gallery-1 img {\n\t\t\t\t\tborder: 2px solid #cfcfcf;\n\t\t\t\t}\n\t\t\t\t#gallery-1 .gallery-caption {\n\t\t\t\t\tmargin-left: 0;\n\t\t\t\t}\n\t\t\t\t\/* see gallery_shortcode() in wp-includes\/media.php *\/\n\t\t\t<\/style>\n\t\t<div id='gallery-1' class='dt-gallery-container gallery galleryid-348254 gallery-columns-4 gallery-size-thumbnail'><dl class='gallery-item'>\n\t\t\t\t<dt class='gallery-icon portrait'>\n\t\t\t\t\t<a class=\"rollover rollover-zoom dt-pswp-item\" title=\"2078b65a-6b13-498c-bc92-a43e2f5c11ca\" data-dt-img-description=\"\" data-large_image_width=\"1536\" data-large_image_height=\"2040\"href='https:\/\/www.radiopiu.net\/wordpress\/wp-content\/uploads\/2023\/08\/2078b65a-6b13-498c-bc92-a43e2f5c11ca-1.jpg'><img loading=\"lazy\" decoding=\"async\" width=\"150\" height=\"150\" src=\"https:\/\/www.radiopiu.net\/wordpress\/wp-content\/uploads\/2023\/08\/2078b65a-6b13-498c-bc92-a43e2f5c11ca-1-150x150.jpg\" class=\"attachment-thumbnail size-thumbnail\" alt=\"\" \/><\/a>\n\t\t\t\t<\/dt><\/dl><dl class='gallery-item'>\n\t\t\t\t<dt class='gallery-icon portrait'>\n\t\t\t\t\t<a class=\"rollover rollover-zoom dt-pswp-item\" title=\"692e582f-84c1-4fd2-9b47-966e4c6cc2c4\" data-dt-img-description=\"\" data-large_image_width=\"720\" data-large_image_height=\"1480\"href='https:\/\/www.radiopiu.net\/wordpress\/wp-content\/uploads\/2023\/08\/692e582f-84c1-4fd2-9b47-966e4c6cc2c4.jpg'><img loading=\"lazy\" decoding=\"async\" width=\"150\" height=\"150\" src=\"https:\/\/www.radiopiu.net\/wordpress\/wp-content\/uploads\/2023\/08\/692e582f-84c1-4fd2-9b47-966e4c6cc2c4-150x150.jpg\" class=\"attachment-thumbnail size-thumbnail\" alt=\"\" \/><\/a>\n\t\t\t\t<\/dt><\/dl><dl class='gallery-item'>\n\t\t\t\t<dt class='gallery-icon portrait'>\n\t\t\t\t\t<a class=\"rollover rollover-zoom dt-pswp-item\" title=\"4102c1e9-e0c1-4cea-b27d-bf7041c59671\" data-dt-img-description=\"\" data-large_image_width=\"1536\" data-large_image_height=\"2040\"href='https:\/\/www.radiopiu.net\/wordpress\/wp-content\/uploads\/2023\/08\/4102c1e9-e0c1-4cea-b27d-bf7041c59671.jpg'><img loading=\"lazy\" decoding=\"async\" width=\"150\" height=\"150\" src=\"https:\/\/www.radiopiu.net\/wordpress\/wp-content\/uploads\/2023\/08\/4102c1e9-e0c1-4cea-b27d-bf7041c59671-150x150.jpg\" class=\"attachment-thumbnail size-thumbnail\" alt=\"\" \/><\/a>\n\t\t\t\t<\/dt><\/dl><dl class='gallery-item'>\n\t\t\t\t<dt class='gallery-icon portrait'>\n\t\t\t\t\t<a class=\"rollover rollover-zoom dt-pswp-item\" title=\"2bdfa0df-688e-4ab5-a932-5d3d129764de\" data-dt-img-description=\"\" data-large_image_width=\"1536\" data-large_image_height=\"2040\"href='https:\/\/www.radiopiu.net\/wordpress\/wp-content\/uploads\/2023\/08\/2bdfa0df-688e-4ab5-a932-5d3d129764de-1.jpg'><img loading=\"lazy\" decoding=\"async\" width=\"150\" height=\"150\" src=\"https:\/\/www.radiopiu.net\/wordpress\/wp-content\/uploads\/2023\/08\/2bdfa0df-688e-4ab5-a932-5d3d129764de-1-150x150.jpg\" class=\"attachment-thumbnail size-thumbnail\" alt=\"\" \/><\/a>\n\t\t\t\t<\/dt><\/dl><br style=\"clear: both\" \/>\n\t\t\t<\/div>\n\n<p>&nbsp;<\/p>\n<hr \/>\n<p>&nbsp;<\/p>\n<blockquote>\n<h3>IN COMELICO A FERRAGOSTO ACQUA SPORCA<\/h3>\n<\/blockquote>\n<div class=\"sezioneArticolo\"><strong>COMELICO<\/strong> Acqua torbida a ferragosto, in un momento di massimo afflusso di gente. Gsp punta il dito contro\u00a0 Il temporale del fine settimana. Non solo acqua dal supermercato, ma anche\u00a0 l&#8217;autobotte di Bim Gsp, collocata nel piazzale delle corriere.<\/div>\n<p>&nbsp;<\/p>\n<p>&nbsp;<\/p>\n<blockquote>\n<h3>ACQUA INQUINATA A LA VALLE E CENCENIGHE<\/h3>\n<\/blockquote>\n<p><strong>LA VALLE<\/strong> Gestione Servizi Pubblici informa che a LA VALLE AGORDINA nelle localit\u00e0 MUDA EST E AGRE l&#8217;acqua erogata dall&#8217;acquedotto non \u00e8 potabile e pu\u00f2 essere usata per scopi alimentari SOLO PREVIA bollitura. GSP ha, comunque, gi\u00e0 adottato le necessarie misure per la disinfezione dell&#8217;acqua presente nei serbatoi e nella rete idrica con l&#8217;aggiunta di cloro.<\/p>\n<p><strong>CENCENIGHE<\/strong> Anche a PRA&#8217; DI MEZZO a CENCENIGHE l&#8217;acqua erogata dall&#8217;acquedotto non \u00e8 potabile e pu\u00f2 essere usata per scopi alimentari SOLO PREVIA bollitura.<\/p>\n<p><strong>LIVINALLONGO <\/strong>Acqua inquinata anche nelle localit\u00e0 BRENTA e VARDA<\/p>\n<p>&nbsp;<\/p>\n<hr \/>\n<p>&nbsp;<\/p>\n<blockquote>\n<h3>NELLA NOTTE_ INCIDENTE STRADALE CON DUE AUTO COINVOLTE<\/h3>\n<\/blockquote>\n<p><strong>SEDICO<\/strong> Un incidente stradale ha avuto luogo alle 23.44\u00a0 sulla strada statale 203 presso la localit\u00e0 La Pissa. L&#8217;evento ha coinvolto due autovetture ed ha portato al ferimento di una persona. Due auto si sono scontrate sulla SR 203. Le circostanze esatte che hanno portato allo scontro sono\u00a0 al vaglio delle autorit\u00e0 competenti. Una persona \u00e8 rimasta ferita,\u00a0 prontamente soccorsa dal personale del Servizio d&#8217;Urgenza Emergenza Medica (Suem 118), che \u00e8 giunto sul posto insieme ai Vigili del Fuoco di Agordo e ai Carabinieri. La persona ferita \u00e8 stata poi trasportata al Pronto Soccorso dell&#8217;ospedale di Belluno per ulteriori cure e valutazioni mediche.<\/p>\n\n\t\t\t<style type='text\/css'>\n\t\t\t\t#gallery-2 {\n\t\t\t\t\tmargin: auto;\n\t\t\t\t}\n\t\t\t\t#gallery-2 .gallery-item {\n\t\t\t\t\tfloat: left;\n\t\t\t\t\tmargin-top: 10px;\n\t\t\t\t\ttext-align: center;\n\t\t\t\t\twidth: 50%;\n\t\t\t\t}\n\t\t\t\t#gallery-2 img {\n\t\t\t\t\tborder: 2px solid #cfcfcf;\n\t\t\t\t}\n\t\t\t\t#gallery-2 .gallery-caption {\n\t\t\t\t\tmargin-left: 0;\n\t\t\t\t}\n\t\t\t\t\/* see gallery_shortcode() in wp-includes\/media.php *\/\n\t\t\t<\/style>\n\t\t<div id='gallery-2' class='dt-gallery-container gallery galleryid-348254 gallery-columns-2 gallery-size-thumbnail'><dl class='gallery-item'>\n\t\t\t\t<dt class='gallery-icon portrait'>\n\t\t\t\t\t<a class=\"rollover rollover-zoom dt-pswp-item\" title=\"0c0e9ad4-8140-485e-9442-95c9c2ee049a\" data-dt-img-description=\"\" data-large_image_width=\"1512\" data-large_image_height=\"2016\"href='https:\/\/www.radiopiu.net\/wordpress\/wp-content\/uploads\/2023\/08\/0c0e9ad4-8140-485e-9442-95c9c2ee049a.jpg'><img loading=\"lazy\" decoding=\"async\" width=\"150\" height=\"150\" src=\"https:\/\/www.radiopiu.net\/wordpress\/wp-content\/uploads\/2023\/08\/0c0e9ad4-8140-485e-9442-95c9c2ee049a-150x150.jpg\" class=\"attachment-thumbnail size-thumbnail\" alt=\"\" \/><\/a>\n\t\t\t\t<\/dt><\/dl><dl class='gallery-item'>\n\t\t\t\t<dt class='gallery-icon landscape'>\n\t\t\t\t\t<a class=\"rollover rollover-zoom dt-pswp-item\" title=\"f6c50d4c-9f20-46e6-8359-3b114b7e2aab\" data-dt-img-description=\"\" data-large_image_width=\"2016\" data-large_image_height=\"1512\"href='https:\/\/www.radiopiu.net\/wordpress\/wp-content\/uploads\/2023\/08\/f6c50d4c-9f20-46e6-8359-3b114b7e2aab.jpg'><img loading=\"lazy\" decoding=\"async\" width=\"150\" height=\"150\" src=\"https:\/\/www.radiopiu.net\/wordpress\/wp-content\/uploads\/2023\/08\/f6c50d4c-9f20-46e6-8359-3b114b7e2aab-150x150.jpg\" class=\"attachment-thumbnail size-thumbnail\" alt=\"\" \/><\/a>\n\t\t\t\t<\/dt><\/dl><br style=\"clear: both\" \/>\n\t\t\t<\/div>\n\n<p>&nbsp;<\/p>\n<hr \/>\n<p>&nbsp;<\/p>\n<blockquote>\n<h3>OGGI L&#8217;ULTIMO SALUTO ALL&#8217;AVVOCATO SOPPELSA<\/h3>\n<\/blockquote>\n<blockquote><p><em>Con tanto dolore l&#8217;annunciano la moglie Claudia, i figli Caio e Marcella con il marito Michele, il nipote Antonio, le sorelle Rosa e Dina e la nipote Francesca. La cerimonia si svolger\u00e0 oggi\u00a0 alle ore 14.30 nella Chiesa di Cencenighe Agordino<\/em><\/p><\/blockquote>\n<p><strong><a class=\"dt-pswp-item\" href=\"https:\/\/www.radiopiu.net\/wordpress\/wp-content\/uploads\/2023\/08\/SCR-20230813-pozw.jpeg\" data-dt-img-description=\"\" data-large_image_width=\"714\" data-large_image_height=\"554\"><img loading=\"lazy\" decoding=\"async\" class=\" wp-image-348412 alignleft\" src=\"https:\/\/www.radiopiu.net\/wordpress\/wp-content\/uploads\/2023\/08\/SCR-20230813-pozw-300x233.jpeg\" alt=\"\" width=\"182\" height=\"141\" srcset=\"https:\/\/www.radiopiu.net\/wordpress\/wp-content\/uploads\/2023\/08\/SCR-20230813-pozw-300x233.jpeg 300w, https:\/\/www.radiopiu.net\/wordpress\/wp-content\/uploads\/2023\/08\/SCR-20230813-pozw.jpeg 714w\" sizes=\"auto, (max-width: 182px) 100vw, 182px\" \/><\/a>CENCENIGHE<\/strong>\u00a0 \u00c8 deceduto l&#8217;ex sindaco di Cencenighe, l&#8217;avvocato Ermes Soppelsa, lasciando un vuoto nella politica e nel mondo legale bellunese. I funerali si terranno oggi alle 14:30 presso la chiesa parrocchiale di Cencenighe. Soppelsa, di 76 anni, aveva esercitato la professione di avvocato nell&#8217;Agordino e aveva anche ricoperto incarichi amministrativi. \u00c8 stato eletto sindaco negli anni &#8217;70, affrontando una fase di ricostruzione dopo l&#8217;alluvione del 1966. Balz\u00f2 all&#8217;attenzione come il sindaco pi\u00f9 giovane d&#8217;Italia dell&#8217;epoca. Dopo il mandato, si concentr\u00f2 sulla sua carriera legale e divenne anche Pretore onorario di Agordo. La comunit\u00e0 e il sindaco attuale, Mauro Soppelsa, esprimono le condoglianze alla famiglia.<\/p>\n<p>&nbsp;<\/p>\n<p>&nbsp;<\/p>\n<p><strong>IL SINDACO MAURO SOPPELSA\u00a0<\/strong><\/p>\n<audio class=\"wp-audio-shortcode\" id=\"audio-348254-1\" preload=\"none\" style=\"width: 100%;\" controls=\"controls\"><source type=\"audio\/mpeg\" src=\"https:\/\/www.radiopiu.net\/wordpress\/wp-content\/uploads\/2023\/08\/mauro-soppelsa.mp3?_=1\" \/><a href=\"https:\/\/www.radiopiu.net\/wordpress\/wp-content\/uploads\/2023\/08\/mauro-soppelsa.mp3\">https:\/\/www.radiopiu.net\/wordpress\/wp-content\/uploads\/2023\/08\/mauro-soppelsa.mp3<\/a><\/audio>\n<p>&nbsp;<\/p>\n<blockquote><p><strong>di Giovanni Crema, gi\u00e0 Senatore e Sindaco di Belluno\u00a0<\/strong><\/p>\n<p><em><span class=\"x193iq5w xeuugli x13faqbe x1vvkbs x1xmvt09 x1lliihq x1s928wv xhkezso x1gmr53x x1cpjm7i x1fgarty x1943h6x xudqn12 x3x7a5m x6prxxf xvq8zen xo1l8bm xzsf02u\" dir=\"auto\" lang=\"it-IT\">Caro Ermes, cos\u00ec all&#8217;improvviso ho saputo del tuo addio. Sono molto addolorato perch\u00e8 perdo un caro amico e un compagno antico e leale. Quanti ricordi come quando ci incontrammo a Cencenighe devastata dall&#8217;alluvione mentre assieme ad altri giovani del PSI portavamo i soccorsi. Le tantissime riunioni prima della giovanile socialista e poi del Partito. Uomo discreto per nulla ambizioso anzi di una grande generosit\u00e0 che interveniva sempre con pacatezza e buon senso dimostrando fin d&#8217;allora le sue basi culturali. Ti ricordi quando fondammo uno dei primi circoli dell&#8217; Associazione Italiana Cultura e Sport e poi l&#8217;onore di essere il pi\u00f9 giovane Sindaco d&#8217;Italia. Poi hai scelto la professione che hai svolto con onore e professionalit\u00e0 ma sempre vicino a noi in tutti gli impegni importanti e decisivi per la provincia e per il tuo amato Agordino. Il mio fraterno pensiero va alla tua cara Moglie e ai famigliari tutti ai quali porgo i pi\u00f9 affettuosi sentimenti di amicizia e vicinanza.<\/span><\/em><\/p><\/blockquote>\n<p>&nbsp;<\/p>\n<hr \/>\n<p>&nbsp;<\/p>\n<blockquote>\n<h3>AMMARAGGIO SUL LAGO DI SANTA CROCE<\/h3>\n<\/blockquote>\n<p><strong>ALPAGO<\/strong> Ammaraggio di emergenza di un aereo antincendio Fire Boss al Lago di Santa Croce sabato mattina. Nessun problema a persone. L&#8217;aereo in volo di addestramento, non in missione. A darne notizia l&#8217;assessore regionale Gianpaolo Bottacin. Nel pomeriggio \u00e8 stato recuperato con l&#8217;aiuto dei Vigili del Fuoco. Il mezzo \u00e8 stato trasportato fuori dall&#8217;acqua e recintato in attesa di essere riparato nei prossimi giorni.<\/p>\n<p><strong>L&#8217;AMMARAGGIO<\/strong><\/p>\n\n\t\t\t<style type='text\/css'>\n\t\t\t\t#gallery-3 {\n\t\t\t\t\tmargin: auto;\n\t\t\t\t}\n\t\t\t\t#gallery-3 .gallery-item {\n\t\t\t\t\tfloat: left;\n\t\t\t\t\tmargin-top: 10px;\n\t\t\t\t\ttext-align: center;\n\t\t\t\t\twidth: 25%;\n\t\t\t\t}\n\t\t\t\t#gallery-3 img {\n\t\t\t\t\tborder: 2px solid #cfcfcf;\n\t\t\t\t}\n\t\t\t\t#gallery-3 .gallery-caption {\n\t\t\t\t\tmargin-left: 0;\n\t\t\t\t}\n\t\t\t\t\/* see gallery_shortcode() in wp-includes\/media.php *\/\n\t\t\t<\/style>\n\t\t<div id='gallery-3' class='dt-gallery-container gallery galleryid-348254 gallery-columns-4 gallery-size-thumbnail'><dl class='gallery-item'>\n\t\t\t\t<dt class='gallery-icon landscape'>\n\t\t\t\t\t<a class=\"rollover rollover-zoom dt-pswp-item\" title=\"fe710c58-6d7a-4528-a3a1-f2b2e8ff13ee\" data-dt-img-description=\"\" data-large_image_width=\"2048\" data-large_image_height=\"1536\"href='https:\/\/www.radiopiu.net\/wordpress\/wp-content\/uploads\/2023\/08\/fe710c58-6d7a-4528-a3a1-f2b2e8ff13ee.jpg'><img loading=\"lazy\" decoding=\"async\" width=\"150\" height=\"150\" src=\"https:\/\/www.radiopiu.net\/wordpress\/wp-content\/uploads\/2023\/08\/fe710c58-6d7a-4528-a3a1-f2b2e8ff13ee-150x150.jpg\" class=\"attachment-thumbnail size-thumbnail\" alt=\"\" \/><\/a>\n\t\t\t\t<\/dt><\/dl><dl class='gallery-item'>\n\t\t\t\t<dt class='gallery-icon landscape'>\n\t\t\t\t\t<a class=\"rollover rollover-zoom dt-pswp-item\" title=\"49351f22-0e15-4893-b17d-9b4613c74f71\" data-dt-img-description=\"\" data-large_image_width=\"2048\" data-large_image_height=\"1152\"href='https:\/\/www.radiopiu.net\/wordpress\/wp-content\/uploads\/2023\/08\/49351f22-0e15-4893-b17d-9b4613c74f71.jpg'><img loading=\"lazy\" decoding=\"async\" width=\"150\" height=\"150\" src=\"https:\/\/www.radiopiu.net\/wordpress\/wp-content\/uploads\/2023\/08\/49351f22-0e15-4893-b17d-9b4613c74f71-150x150.jpg\" class=\"attachment-thumbnail size-thumbnail\" alt=\"\" \/><\/a>\n\t\t\t\t<\/dt><\/dl><dl class='gallery-item'>\n\t\t\t\t<dt class='gallery-icon landscape'>\n\t\t\t\t\t<a class=\"rollover rollover-zoom dt-pswp-item\" title=\"8cbacb5f-a985-4a77-9a97-e01731aa1ad0\" data-dt-img-description=\"\" data-large_image_width=\"2048\" data-large_image_height=\"1536\"href='https:\/\/www.radiopiu.net\/wordpress\/wp-content\/uploads\/2023\/08\/8cbacb5f-a985-4a77-9a97-e01731aa1ad0.jpg'><img loading=\"lazy\" decoding=\"async\" width=\"150\" height=\"150\" src=\"https:\/\/www.radiopiu.net\/wordpress\/wp-content\/uploads\/2023\/08\/8cbacb5f-a985-4a77-9a97-e01731aa1ad0-150x150.jpg\" class=\"attachment-thumbnail size-thumbnail\" alt=\"\" \/><\/a>\n\t\t\t\t<\/dt><\/dl><dl class='gallery-item'>\n\t\t\t\t<dt class='gallery-icon portrait'>\n\t\t\t\t\t<a class=\"rollover rollover-zoom dt-pswp-item\" title=\"531b2b07-f1c6-4008-a677-18235312b041\" data-dt-img-description=\"\" data-large_image_width=\"1536\" data-large_image_height=\"2048\"href='https:\/\/www.radiopiu.net\/wordpress\/wp-content\/uploads\/2023\/08\/531b2b07-f1c6-4008-a677-18235312b041.jpg'><img loading=\"lazy\" decoding=\"async\" width=\"150\" height=\"150\" src=\"https:\/\/www.radiopiu.net\/wordpress\/wp-content\/uploads\/2023\/08\/531b2b07-f1c6-4008-a677-18235312b041-150x150.jpg\" class=\"attachment-thumbnail size-thumbnail\" alt=\"\" \/><\/a>\n\t\t\t\t<\/dt><\/dl><br style=\"clear: both\" \/><dl class='gallery-item'>\n\t\t\t\t<dt class='gallery-icon landscape'>\n\t\t\t\t\t<a class=\"rollover rollover-zoom dt-pswp-item\" title=\"9abb94e2-80e4-44a2-98e7-467ded62f6b7\" data-dt-img-description=\"\" data-large_image_width=\"2048\" data-large_image_height=\"1536\"href='https:\/\/www.radiopiu.net\/wordpress\/wp-content\/uploads\/2023\/08\/9abb94e2-80e4-44a2-98e7-467ded62f6b7.jpg'><img loading=\"lazy\" decoding=\"async\" width=\"150\" height=\"150\" src=\"https:\/\/www.radiopiu.net\/wordpress\/wp-content\/uploads\/2023\/08\/9abb94e2-80e4-44a2-98e7-467ded62f6b7-150x150.jpg\" class=\"attachment-thumbnail size-thumbnail\" alt=\"\" \/><\/a>\n\t\t\t\t<\/dt><\/dl><dl class='gallery-item'>\n\t\t\t\t<dt class='gallery-icon landscape'>\n\t\t\t\t\t<a class=\"rollover rollover-zoom dt-pswp-item\" title=\"1163fff0-4fe1-4041-b996-1a2e6b16e620\" data-dt-img-description=\"\" data-large_image_width=\"2000\" data-large_image_height=\"1125\"href='https:\/\/www.radiopiu.net\/wordpress\/wp-content\/uploads\/2023\/08\/1163fff0-4fe1-4041-b996-1a2e6b16e620.jpg'><img loading=\"lazy\" decoding=\"async\" width=\"150\" height=\"150\" src=\"https:\/\/www.radiopiu.net\/wordpress\/wp-content\/uploads\/2023\/08\/1163fff0-4fe1-4041-b996-1a2e6b16e620-150x150.jpg\" class=\"attachment-thumbnail size-thumbnail\" alt=\"\" \/><\/a>\n\t\t\t\t<\/dt><\/dl><dl class='gallery-item'>\n\t\t\t\t<dt class='gallery-icon portrait'>\n\t\t\t\t\t<a class=\"rollover rollover-zoom dt-pswp-item\" title=\"1d05997f-1aaf-4294-b7d2-f9adcb63e983\" data-dt-img-description=\"\" data-large_image_width=\"900\" data-large_image_height=\"1600\"href='https:\/\/www.radiopiu.net\/wordpress\/wp-content\/uploads\/2023\/08\/1d05997f-1aaf-4294-b7d2-f9adcb63e983.jpg'><img loading=\"lazy\" decoding=\"async\" width=\"150\" height=\"150\" src=\"https:\/\/www.radiopiu.net\/wordpress\/wp-content\/uploads\/2023\/08\/1d05997f-1aaf-4294-b7d2-f9adcb63e983-150x150.jpg\" class=\"attachment-thumbnail size-thumbnail\" alt=\"\" \/><\/a>\n\t\t\t\t<\/dt><\/dl><dl class='gallery-item'>\n\t\t\t\t<dt class='gallery-icon landscape'>\n\t\t\t\t\t<a class=\"rollover rollover-zoom dt-pswp-item\" title=\"d9165908-12d7-474e-946c-5f998b14ac56\" data-dt-img-description=\"\" data-large_image_width=\"2048\" data-large_image_height=\"1536\"href='https:\/\/www.radiopiu.net\/wordpress\/wp-content\/uploads\/2023\/08\/d9165908-12d7-474e-946c-5f998b14ac56.jpg'><img loading=\"lazy\" decoding=\"async\" width=\"150\" height=\"150\" src=\"https:\/\/www.radiopiu.net\/wordpress\/wp-content\/uploads\/2023\/08\/d9165908-12d7-474e-946c-5f998b14ac56-150x150.jpg\" class=\"attachment-thumbnail size-thumbnail\" alt=\"\" \/><\/a>\n\t\t\t\t<\/dt><\/dl><br style=\"clear: both\" \/>\n\t\t\t<\/div>\n\n<p>&nbsp;<\/p>\n<p><strong>IL RECUPERO<\/strong><\/p>\n\n\t\t\t<style type='text\/css'>\n\t\t\t\t#gallery-4 {\n\t\t\t\t\tmargin: auto;\n\t\t\t\t}\n\t\t\t\t#gallery-4 .gallery-item {\n\t\t\t\t\tfloat: left;\n\t\t\t\t\tmargin-top: 10px;\n\t\t\t\t\ttext-align: center;\n\t\t\t\t\twidth: 25%;\n\t\t\t\t}\n\t\t\t\t#gallery-4 img {\n\t\t\t\t\tborder: 2px solid #cfcfcf;\n\t\t\t\t}\n\t\t\t\t#gallery-4 .gallery-caption {\n\t\t\t\t\tmargin-left: 0;\n\t\t\t\t}\n\t\t\t\t\/* see gallery_shortcode() in wp-includes\/media.php *\/\n\t\t\t<\/style>\n\t\t<div id='gallery-4' class='dt-gallery-container gallery galleryid-348254 gallery-columns-4 gallery-size-medium'><dl class='gallery-item'>\n\t\t\t\t<dt class='gallery-icon landscape'>\n\t\t\t\t\t<a class=\"rollover rollover-zoom dt-pswp-item\" title=\"76d6fb1c-17c3-466c-9922-ce1318297045\" data-dt-img-description=\"\" data-large_image_width=\"1280\" data-large_image_height=\"720\"href='https:\/\/www.radiopiu.net\/wordpress\/wp-content\/uploads\/2023\/08\/76d6fb1c-17c3-466c-9922-ce1318297045.jpg'><img loading=\"lazy\" decoding=\"async\" width=\"300\" height=\"169\" src=\"https:\/\/www.radiopiu.net\/wordpress\/wp-content\/uploads\/2023\/08\/76d6fb1c-17c3-466c-9922-ce1318297045-300x169.jpg\" class=\"attachment-medium size-medium\" alt=\"\" srcset=\"https:\/\/www.radiopiu.net\/wordpress\/wp-content\/uploads\/2023\/08\/76d6fb1c-17c3-466c-9922-ce1318297045-300x169.jpg 300w, https:\/\/www.radiopiu.net\/wordpress\/wp-content\/uploads\/2023\/08\/76d6fb1c-17c3-466c-9922-ce1318297045-1024x576.jpg 1024w, https:\/\/www.radiopiu.net\/wordpress\/wp-content\/uploads\/2023\/08\/76d6fb1c-17c3-466c-9922-ce1318297045-768x432.jpg 768w, https:\/\/www.radiopiu.net\/wordpress\/wp-content\/uploads\/2023\/08\/76d6fb1c-17c3-466c-9922-ce1318297045.jpg 1280w\" sizes=\"auto, (max-width: 300px) 100vw, 300px\" \/><\/a>\n\t\t\t\t<\/dt><\/dl><dl class='gallery-item'>\n\t\t\t\t<dt class='gallery-icon landscape'>\n\t\t\t\t\t<a class=\"rollover rollover-zoom dt-pswp-item\" title=\"caa6e59f-0311-4115-a4d7-b2951478555d\" data-dt-img-description=\"\" data-large_image_width=\"1280\" data-large_image_height=\"720\"href='https:\/\/www.radiopiu.net\/wordpress\/wp-content\/uploads\/2023\/08\/caa6e59f-0311-4115-a4d7-b2951478555d.jpg'><img loading=\"lazy\" decoding=\"async\" width=\"300\" height=\"169\" src=\"https:\/\/www.radiopiu.net\/wordpress\/wp-content\/uploads\/2023\/08\/caa6e59f-0311-4115-a4d7-b2951478555d-300x169.jpg\" class=\"attachment-medium size-medium\" alt=\"\" srcset=\"https:\/\/www.radiopiu.net\/wordpress\/wp-content\/uploads\/2023\/08\/caa6e59f-0311-4115-a4d7-b2951478555d-300x169.jpg 300w, https:\/\/www.radiopiu.net\/wordpress\/wp-content\/uploads\/2023\/08\/caa6e59f-0311-4115-a4d7-b2951478555d-1024x576.jpg 1024w, https:\/\/www.radiopiu.net\/wordpress\/wp-content\/uploads\/2023\/08\/caa6e59f-0311-4115-a4d7-b2951478555d-768x432.jpg 768w, https:\/\/www.radiopiu.net\/wordpress\/wp-content\/uploads\/2023\/08\/caa6e59f-0311-4115-a4d7-b2951478555d.jpg 1280w\" sizes=\"auto, (max-width: 300px) 100vw, 300px\" \/><\/a>\n\t\t\t\t<\/dt><\/dl><dl class='gallery-item'>\n\t\t\t\t<dt class='gallery-icon landscape'>\n\t\t\t\t\t<a class=\"rollover rollover-zoom dt-pswp-item\" title=\"35b7237b-e7d3-4778-addc-4d4b53c04e3f\" data-dt-img-description=\"\" data-large_image_width=\"1280\" data-large_image_height=\"720\"href='https:\/\/www.radiopiu.net\/wordpress\/wp-content\/uploads\/2023\/08\/35b7237b-e7d3-4778-addc-4d4b53c04e3f.jpg'><img loading=\"lazy\" decoding=\"async\" width=\"300\" height=\"169\" src=\"https:\/\/www.radiopiu.net\/wordpress\/wp-content\/uploads\/2023\/08\/35b7237b-e7d3-4778-addc-4d4b53c04e3f-300x169.jpg\" class=\"attachment-medium size-medium\" alt=\"\" srcset=\"https:\/\/www.radiopiu.net\/wordpress\/wp-content\/uploads\/2023\/08\/35b7237b-e7d3-4778-addc-4d4b53c04e3f-300x169.jpg 300w, https:\/\/www.radiopiu.net\/wordpress\/wp-content\/uploads\/2023\/08\/35b7237b-e7d3-4778-addc-4d4b53c04e3f-1024x576.jpg 1024w, https:\/\/www.radiopiu.net\/wordpress\/wp-content\/uploads\/2023\/08\/35b7237b-e7d3-4778-addc-4d4b53c04e3f-768x432.jpg 768w, https:\/\/www.radiopiu.net\/wordpress\/wp-content\/uploads\/2023\/08\/35b7237b-e7d3-4778-addc-4d4b53c04e3f.jpg 1280w\" sizes=\"auto, (max-width: 300px) 100vw, 300px\" \/><\/a>\n\t\t\t\t<\/dt><\/dl><dl class='gallery-item'>\n\t\t\t\t<dt class='gallery-icon landscape'>\n\t\t\t\t\t<a class=\"rollover rollover-zoom dt-pswp-item\" title=\"c2d344f3-bd19-486c-8d41-220ec386592a\" data-dt-img-description=\"\" data-large_image_width=\"1280\" data-large_image_height=\"720\"href='https:\/\/www.radiopiu.net\/wordpress\/wp-content\/uploads\/2023\/08\/c2d344f3-bd19-486c-8d41-220ec386592a.jpg'><img loading=\"lazy\" decoding=\"async\" width=\"300\" height=\"169\" src=\"https:\/\/www.radiopiu.net\/wordpress\/wp-content\/uploads\/2023\/08\/c2d344f3-bd19-486c-8d41-220ec386592a-300x169.jpg\" class=\"attachment-medium size-medium\" alt=\"\" srcset=\"https:\/\/www.radiopiu.net\/wordpress\/wp-content\/uploads\/2023\/08\/c2d344f3-bd19-486c-8d41-220ec386592a-300x169.jpg 300w, https:\/\/www.radiopiu.net\/wordpress\/wp-content\/uploads\/2023\/08\/c2d344f3-bd19-486c-8d41-220ec386592a-1024x576.jpg 1024w, https:\/\/www.radiopiu.net\/wordpress\/wp-content\/uploads\/2023\/08\/c2d344f3-bd19-486c-8d41-220ec386592a-768x432.jpg 768w, https:\/\/www.radiopiu.net\/wordpress\/wp-content\/uploads\/2023\/08\/c2d344f3-bd19-486c-8d41-220ec386592a.jpg 1280w\" sizes=\"auto, (max-width: 300px) 100vw, 300px\" \/><\/a>\n\t\t\t\t<\/dt><\/dl><br style=\"clear: both\" \/>\n\t\t\t<\/div>\n\n<p>&nbsp;<\/p>\n<p>&nbsp;<\/p>\n<hr \/>\n<p>&nbsp;<\/p>\n<blockquote>\n<h3>MALORE IN RIFUGIO PER UNA BIMBA DI 10 ANNI<\/h3>\n<\/blockquote>\n<p><strong>REDAZIONE<\/strong> Una bimba di 10 anni a Comelico Suepriore ha avuto un malore ma fortunatamente senza conseguenze gravi, soccorsa dall&#8217;elicottero del Suem e portata a Belluno. Un 74enne stanco \u00e8 stato aiutato dalla squadra del Soccorso alpino di Cortina, mentre un 44enne ferito in un incidente in bicicletta \u00e8 stato portato a Belluno.<\/p>\n<p>&nbsp;<\/p>\n<p>&nbsp;<\/p>\n<hr \/>\n<p>&nbsp;<\/p>\n<blockquote>\n<h3>SI PERDE TRA I MUGHI, RECUPERATO DAL SOCCORSO ALPINO<\/h3>\n<\/blockquote>\n<p><strong><a class=\"dt-pswp-item\" href=\"https:\/\/www.radiopiu.net\/wordpress\/wp-content\/uploads\/2023\/08\/Watermark_20230813_142546_888.jpg\" data-dt-img-description=\"\" data-large_image_width=\"2364\" data-large_image_height=\"1773\"><img loading=\"lazy\" decoding=\"async\" class=\" wp-image-348394 alignleft\" src=\"https:\/\/www.radiopiu.net\/wordpress\/wp-content\/uploads\/2023\/08\/Watermark_20230813_142546_888-300x225.jpg\" alt=\"\" width=\"152\" height=\"114\" srcset=\"https:\/\/www.radiopiu.net\/wordpress\/wp-content\/uploads\/2023\/08\/Watermark_20230813_142546_888-300x225.jpg 300w, https:\/\/www.radiopiu.net\/wordpress\/wp-content\/uploads\/2023\/08\/Watermark_20230813_142546_888-1024x768.jpg 1024w, https:\/\/www.radiopiu.net\/wordpress\/wp-content\/uploads\/2023\/08\/Watermark_20230813_142546_888-768x576.jpg 768w, https:\/\/www.radiopiu.net\/wordpress\/wp-content\/uploads\/2023\/08\/Watermark_20230813_142546_888-1536x1152.jpg 1536w, https:\/\/www.radiopiu.net\/wordpress\/wp-content\/uploads\/2023\/08\/Watermark_20230813_142546_888-2048x1536.jpg 2048w\" sizes=\"auto, (max-width: 152px) 100vw, 152px\" \/><\/a>ALLEGHE<\/strong> Ieri mattina verso le 8.30 il Soccorso alpino di Alleghe \u00e8 stato attivato per un escursionista che aveva perso l&#8217;orientamento a causa di un&#8217;applicazione ed era bloccato sopra salti di roccia. Il 25enne di Genova, dopo aver dormito vicino al lago del Coldai, aveva preso la Val Civetta per poi scendere dal sentiero Antersass. Solo che, circa a met\u00e0 discesa, la traccia che stava seguendo su un&#8217;applicazione del cellulare lo aveva portato fuori via, in mezzo ai cespugli di mugo, finch\u00e9 il ragazzo non \u00e8 pi\u00f9 stato in grado di muoversi. Risaliti alla posizione, una squadra \u00e8 salita sul sentiero, inoltrandosi tra la vegetazione e iniziando a chiamarlo a voce. \u00c8 stato abbastanza difficile per i soccorritori individuare il giovane, anche per la presenza del rumore di un corso d&#8217;acqua, a 200 metri di distanza dal sentiero. Quando la squadra lo ha visto, l&#8217;escursionista \u00e8 stato raggiunto, assicurato con casco, imbrago e corda corta, riportato sul sentiero a monte e da l\u00ec a valle.i soccorritori sono rientrati alle 13.30.<\/p>\n<p>&nbsp;<\/p>\n<p>&nbsp;<\/p>\n<hr \/>\n<p>&nbsp;<\/p>\n<blockquote>\n<h3 class=\"entry-title\">RECUPERATI ALPINISTI SULLA MARMOLADA<\/h3>\n<\/blockquote>\n<p><strong><img loading=\"lazy\" decoding=\"async\" class=\"alignleft\" src=\"https:\/\/www.radiopiu.net\/wordpress\/wp-content\/uploads\/2023\/08\/Watermark_20230813_203324_613.jpg\" width=\"118\" height=\"89\" \/>ROCCA PIETORE\u00a0<\/strong> Attorno alle 18 di ieri l\u2019elicottero del Suem di Pieve di Cadore \u00e8 decollato in direzione della parete sud della Marmolada, poich\u00e9 due alpinisti, in fase di calata con le doppie dalla via Don Quixote, erano rimasti con le corde incastrate tra le rocce, senza riuscire a sbloccarle. I due, un 63enne di Carrara (MS) e un 30enne di Sarzana (SP), che erano fermi in sosta a quattro tiri dalla base, sono stati recuperati dal tecnico di elisoccorso con un verricello di 60 metri, per poi essere trasportati al Rifugio Falier.<\/p>\n<p>&nbsp;<\/p>\n<p>&nbsp;<\/p>\n<hr \/>\n<p>&nbsp;<\/p>\n<blockquote>\n<h3>TRE INTERVENTI DEL SUEM NEL POMERIGGIO DI IERI<\/h3>\n<\/blockquote>\n<p><strong><a class=\"dt-pswp-item\" href=\"https:\/\/www.radiopiu.net\/wordpress\/wp-content\/uploads\/2023\/08\/suem.png\" data-dt-img-description=\"\" data-large_image_width=\"273\" data-large_image_height=\"127\"><img loading=\"lazy\" decoding=\"async\" class=\" wp-image-348238 alignleft\" src=\"https:\/\/www.radiopiu.net\/wordpress\/wp-content\/uploads\/2023\/08\/suem.png\" alt=\"\" width=\"178\" height=\"83\" \/><\/a>REDAZIONE<\/strong> Giornata impegnativa per il Suem 118 che nel pomeriggio odierno ha registrato tre interventi. Subito dopo mezzogiorno l&#8217;elicottero Falco2 \u00e8 volato ad Erto per un incidente stradale dove un centauro \u00e8 stato soccorso e portato all&#8217;ospedale di Belluno. Alle 14 \u00e8 stato Falco1 ad intervenire in Val Visdende dove un 51enne veneziano era stato colto da malore. Nei minuti successivi si \u00e8 alzato in volo anche Falco 2 per un intervento a Misurina dove un bambino di 6 anni era caduto facendo un volo di 2 metri. Soccorso \u00e8 stato elitrasportato a Belluno.<\/p>\n<p>&nbsp;<\/p>\n<p>&nbsp;<\/p>\n<hr \/>\n<p>&nbsp;<\/p>\n<p>&nbsp;<\/p>\n<blockquote>\n<h3 class=\"entry-title\"><a class=\"dt-pswp-item\" href=\"https:\/\/www.radiopiu.net\/wordpress\/wp-content\/uploads\/2023\/08\/Senza-nome-34.png\" data-dt-img-description=\"\" data-large_image_width=\"482\" data-large_image_height=\"286\"><img loading=\"lazy\" decoding=\"async\" class=\" wp-image-348484 alignleft\" src=\"https:\/\/www.radiopiu.net\/wordpress\/wp-content\/uploads\/2023\/08\/Senza-nome-34-300x178.png\" alt=\"\" width=\"197\" height=\"117\" srcset=\"https:\/\/www.radiopiu.net\/wordpress\/wp-content\/uploads\/2023\/08\/Senza-nome-34-300x178.png 300w, https:\/\/www.radiopiu.net\/wordpress\/wp-content\/uploads\/2023\/08\/Senza-nome-34.png 482w\" sizes=\"auto, (max-width: 197px) 100vw, 197px\" \/><\/a>TRE INCIDENTI STRADALI NEL POMERIGGIO DI IERI<\/h3>\n<\/blockquote>\n<p><strong>REDAZIONE<\/strong> Una giornata infinita per il personale del SUEM 118 che \u00e8 stato impegnato un \u00f2 in tutta la provincia. Tra i principali interventi tre incidenti stradali. A Laggio di Cadore dove \u00e8 intervenuta l\u2019ambulanza per soccorrere un uomo di 60 anni che \u00e8 stato portato all\u2019ospedale di Pieve di Cadore. A Belluno due i feriti in un incidente tra moto e auto, entrambi portati in ambulanza al san Martino. Investito un ciclista a Cavarzano. L\u2019elicottero Falco1 invece \u00e8 volato a Marziai per un incidente stradale dove sono stati soccorsi due feriti, due giovani padovani.<\/p>\n<div class=\"articlePlainText\"><strong>FELTRE<\/strong>\u00a0 Ha perso\u00a0 il controllo della Wolkswagen Golf finendo fuori strada e rimanendo ferito in modo fortunatamente non grave. \u00c8 successo ieri mattina poco dopo le 7.30 alla curva di Anz\u00f9,\u00a0 nessun altro veicolo \u00e8 rimasto coinvolto nel sinistro. L&#8217;automobilista rimasto ferito \u00e8 il giovane D.O., 19 anni nato e residente in Primiero, ricoverato in ospedale con ferite di media gravit\u00e0.\u00a0\u00a0Erano le 18.30 di ieri sera quando invece si \u00e8 verificato lo schianto a Marziai. In questo caso sono due le persone soccorse\u00a0 in codice giallo (ferite di media gravit\u00e0). La lunga coda verso Caorera \u00e8 durata fino a dopo le 20<\/div>\n<div><\/div>\n<hr \/>\n<p>&nbsp;<\/p>\n<blockquote>\n<h3 class=\"entry-title\">VIA PRADE: AUTO SI SCONTRA CON MOTO; INTERVENTO DEI VIGILI DEL FUOCO DI BELLUNO<\/h3>\n<\/blockquote>\n<p><strong class=\"photoswipe-wrapper\"><a class=\"dt-pswp-item pspw-wrap-ready\" href=\"https:\/\/www.radiopiu.net\/wordpress\/wp-content\/uploads\/2023\/08\/09031bbb-7118-4a43-b4ac-8a4e5a0e0f28.jpg\" data-dt-img-description=\"\" data-large_image_width=\"702\" data-large_image_height=\"430\"><img loading=\"lazy\" decoding=\"async\" class=\"wp-image-348421 alignleft\" src=\"https:\/\/www.radiopiu.net\/wordpress\/wp-content\/uploads\/2023\/08\/09031bbb-7118-4a43-b4ac-8a4e5a0e0f28-300x184.jpg\" sizes=\"auto, (max-width: 147px) 100vw, 147px\" srcset=\"https:\/\/www.radiopiu.net\/wordpress\/wp-content\/uploads\/2023\/08\/09031bbb-7118-4a43-b4ac-8a4e5a0e0f28-300x184.jpg 300w, https:\/\/www.radiopiu.net\/wordpress\/wp-content\/uploads\/2023\/08\/09031bbb-7118-4a43-b4ac-8a4e5a0e0f28.jpg 702w\" alt=\"\" width=\"147\" height=\"90\" \/><\/a>BELLUNO<\/strong> Un incidente stradale si \u00e8 verificato ieri alle 16.30 in via Prade, coinvolgendo un\u2019auto e una moto. Sul posto sono immediatamente intervenuti i Vigili del Fuoco di Belluno. Le circostanze dell\u2019incidente sono ancora al vaglio delle autorit\u00e0 competenti, ma sembra che i due veicoli si siano scontrati frontalmente, causando danni significativi ad entrambi. In ospedale un donna e un uomo con ferite di media gravit\u00e0.<\/p>\n<p class=\"photoswipe-wrapper\">L\u2019auto coinvolta riporta danni notevoli nella parte anteriore, mentre la moto sembra essere stata colpita\u00a0<a class=\"dt-pswp-item pspw-wrap-ready\" href=\"https:\/\/www.radiopiu.net\/wordpress\/wp-content\/uploads\/2023\/08\/cf118460-a03e-4584-b60f-a37b5d66696b.jpg\" data-dt-img-description=\"\" data-large_image_width=\"1088\" data-large_image_height=\"576\"><img loading=\"lazy\" decoding=\"async\" class=\" wp-image-348420 alignright\" src=\"https:\/\/www.radiopiu.net\/wordpress\/wp-content\/uploads\/2023\/08\/cf118460-a03e-4584-b60f-a37b5d66696b-300x159.jpg\" sizes=\"auto, (max-width: 300px) 100vw, 300px\" srcset=\"https:\/\/www.radiopiu.net\/wordpress\/wp-content\/uploads\/2023\/08\/cf118460-a03e-4584-b60f-a37b5d66696b-300x159.jpg 300w, https:\/\/www.radiopiu.net\/wordpress\/wp-content\/uploads\/2023\/08\/cf118460-a03e-4584-b60f-a37b5d66696b-1024x542.jpg 1024w, https:\/\/www.radiopiu.net\/wordpress\/wp-content\/uploads\/2023\/08\/cf118460-a03e-4584-b60f-a37b5d66696b-768x407.jpg 768w, https:\/\/www.radiopiu.net\/wordpress\/wp-content\/uploads\/2023\/08\/cf118460-a03e-4584-b60f-a37b5d66696b.jpg 1088w\" alt=\"\" width=\"215\" height=\"114\" \/><\/a>lateralmente. I soccorsi sono stati rapidi grazie all\u2019intervento tempestivo dei Vigili del Fuoco di Belluno, che hanno provveduto a mettere in sicurezza la zona e ad assistere i feriti. La via Prade \u00e8 stata temporaneamente chiusa al traffico per consentire alle autorit\u00e0 di completare i rilievi.<\/p>\n<p>&nbsp;<\/p>\n<p>&nbsp;<\/p>\n<hr \/>\n<p>&nbsp;<\/p>\n<blockquote>\n<h3>DILLO A RADIO PIU&#8217;&#8230;QUANDO I CESTINI NON VENGONO REGOLARMENTE SVUOTATI<\/h3>\n<\/blockquote>\n<p><strong>Riceviamo e pubblichiamo<\/strong><\/p>\n<blockquote><p><em>Molte volte gli operatori valpe non svuotano i Cestini o se sono mezzi pieni non li svuotano e a fine giornata trabordano di tutto e di pi\u00f9 (non sono cestini per la differenziata). Spesso invece non li svuotano tutti e due o tre cestini restano pieni. Che bel servizio che offriamo al residente e per il turista. P.S. Perch\u00e9 ad Alleghe i Cestini Pubblici vengo svuotati tutti i giorni e invece a Canale e Falcade si e no 3 volte in 7 giorni? Mistero<\/em><\/p><\/blockquote>\n\n\t\t\t<style type='text\/css'>\n\t\t\t\t#gallery-5 {\n\t\t\t\t\tmargin: auto;\n\t\t\t\t}\n\t\t\t\t#gallery-5 .gallery-item {\n\t\t\t\t\tfloat: left;\n\t\t\t\t\tmargin-top: 10px;\n\t\t\t\t\ttext-align: center;\n\t\t\t\t\twidth: 50%;\n\t\t\t\t}\n\t\t\t\t#gallery-5 img {\n\t\t\t\t\tborder: 2px solid #cfcfcf;\n\t\t\t\t}\n\t\t\t\t#gallery-5 .gallery-caption {\n\t\t\t\t\tmargin-left: 0;\n\t\t\t\t}\n\t\t\t\t\/* see gallery_shortcode() in wp-includes\/media.php *\/\n\t\t\t<\/style>\n\t\t<div id='gallery-5' class='dt-gallery-container gallery galleryid-348254 gallery-columns-2 gallery-size-thumbnail'><dl class='gallery-item'>\n\t\t\t\t<dt class='gallery-icon portrait'>\n\t\t\t\t\t<a class=\"rollover rollover-zoom dt-pswp-item\" title=\"477b4230-3f9f-4b0e-88b6-02661358fcc6\" data-dt-img-description=\"\" data-large_image_width=\"1500\" data-large_image_height=\"2000\"href='https:\/\/www.radiopiu.net\/wordpress\/wp-content\/uploads\/2023\/08\/477b4230-3f9f-4b0e-88b6-02661358fcc6.jpg'><img loading=\"lazy\" decoding=\"async\" width=\"150\" height=\"150\" src=\"https:\/\/www.radiopiu.net\/wordpress\/wp-content\/uploads\/2023\/08\/477b4230-3f9f-4b0e-88b6-02661358fcc6-150x150.jpg\" class=\"attachment-thumbnail size-thumbnail\" alt=\"\" \/><\/a>\n\t\t\t\t<\/dt><\/dl><dl class='gallery-item'>\n\t\t\t\t<dt class='gallery-icon portrait'>\n\t\t\t\t\t<a class=\"rollover rollover-zoom dt-pswp-item\" title=\"16bfbe8a-b0c4-438f-92b2-c06b48c5b414\" data-dt-img-description=\"\" data-large_image_width=\"1500\" data-large_image_height=\"2000\"href='https:\/\/www.radiopiu.net\/wordpress\/wp-content\/uploads\/2023\/08\/16bfbe8a-b0c4-438f-92b2-c06b48c5b414.jpg'><img loading=\"lazy\" decoding=\"async\" width=\"150\" height=\"150\" src=\"https:\/\/www.radiopiu.net\/wordpress\/wp-content\/uploads\/2023\/08\/16bfbe8a-b0c4-438f-92b2-c06b48c5b414-150x150.jpg\" class=\"attachment-thumbnail size-thumbnail\" alt=\"\" \/><\/a>\n\t\t\t\t<\/dt><\/dl><br style=\"clear: both\" \/>\n\t\t\t<\/div>\n\n<p>&nbsp;<\/p>\n<hr \/>\n<p>&nbsp;<\/p>\n<p>&nbsp;<\/p>\n<blockquote>\n<h3 class=\"entry-title\">40 ANNI DI IMPEGNO NELL\u2019AIL DALLA LOTTA CONTRO LE LEUCEMIE AL SOSTEGNO ALLE FAMIGLIE. NICOLO\u2019 \u201cNONNA SONO FIERO DI TE\u201d<\/h3>\n<\/blockquote>\n<p><strong><a class=\"dt-pswp-item\" href=\"https:\/\/www.radiopiu.net\/wordpress\/wp-content\/uploads\/2023\/08\/Senza-nome-32-e1691860823503.png\" data-dt-img-description=\"\" data-large_image_width=\"375\" data-large_image_height=\"280\"><img loading=\"lazy\" decoding=\"async\" class=\" wp-image-348358 alignright\" src=\"https:\/\/www.radiopiu.net\/wordpress\/wp-content\/uploads\/2023\/08\/Senza-nome-32-e1691860823503-300x224.png\" alt=\"\" width=\"253\" height=\"189\" srcset=\"https:\/\/www.radiopiu.net\/wordpress\/wp-content\/uploads\/2023\/08\/Senza-nome-32-e1691860823503-300x224.png 300w, https:\/\/www.radiopiu.net\/wordpress\/wp-content\/uploads\/2023\/08\/Senza-nome-32-e1691860823503.png 375w\" sizes=\"auto, (max-width: 253px) 100vw, 253px\" \/><\/a>BELLUNO<\/strong> Carmen Mione, 40 anni nell&#8217;Ail, L&#8217;associazione che \u00a0promuove e sostiene la ricerca scientifica per la cura delle leucemie, dei linfomi e del mieloma. Assolve il compito di assistere i malati e le loro famiglie, accompagnandoli in tutte le fasi della malattia. Carmen \u00e8 stata la prima e unica presidente. Nel 2024 lascer\u00e0 l&#8217;incarico cedendo il testimone a Mauro Montico che come Carmen ha condiviso sulle propria pelle gli effetti della malattia <a class=\"dt-pswp-item\" href=\"https:\/\/www.radiopiu.net\/wordpress\/wp-content\/uploads\/2023\/08\/Senza-nome-31.png\" data-dt-img-description=\"\" data-large_image_width=\"226\" data-large_image_height=\"199\"><img loading=\"lazy\" decoding=\"async\" class=\" wp-image-348355 alignleft\" src=\"https:\/\/www.radiopiu.net\/wordpress\/wp-content\/uploads\/2023\/08\/Senza-nome-31.png\" alt=\"\" width=\"143\" height=\"126\" \/><\/a>di un famigliare. <em>&#8220;E&#8217; tanto che volevo dire grazie alla mia nonna per il grande impegno &#8211; ci confida\u00a0 il nipote Nicolo&#8217; Busato &#8211; sono fiero di lei, di quanto ha fatto e ancora far\u00e0, ne sono certo che nonostante il periodo di riposo (meritato) non abbandoner\u00e0 mai L&#8217;Ail e i suoi volontari che nonna Carmen non dimentica mai di ringraziare&#8221;.\u00a0<\/em><\/p>\n<p><strong>LA STORIA<\/strong> Nel 1983, avendo sperimentato in prima persona il dramma di vedere la propria figlia colpita dalla leucemia, Carmen Mione decide che bisogna trovare il modo di fornire a tutti i malati ed alle loro famiglie quel supporto di cui lei stessa ha sentito la mancanza: nasce cos\u00ec, da una semplice forte mamma, il grande progetto di creare anche a Belluno una sezione AIL. Nei successivi 13 anni Carmen si adopera affinch\u00e9 Belluno cooperi con la realt\u00e0 di Padova, gi\u00e0 strutturata. La piccola realt\u00e0 di allora \u00e8 cresciuta grazie al contributo di amici e famigliari di persone colpite dalla malattia, oggi conta centinaia di volontari che si dedica alla cura e supporto del malato.<\/p>\n<p>&nbsp;<\/p>\n<p>&nbsp;<\/p>\n<hr \/>\n<p>&nbsp;<\/p>\n<p>&nbsp;<\/p>\n<blockquote>\n<h3><a class=\"dt-pswp-item\" href=\"https:\/\/www.radiopiu.net\/wordpress\/wp-content\/uploads\/2023\/08\/Senza-nome-35.png\" data-dt-img-description=\"\" data-large_image_width=\"123\" data-large_image_height=\"84\"><img loading=\"lazy\" decoding=\"async\" class=\"size-full wp-image-348485 alignleft\" src=\"https:\/\/www.radiopiu.net\/wordpress\/wp-content\/uploads\/2023\/08\/Senza-nome-35.png\" alt=\"\" width=\"123\" height=\"84\" \/><\/a>FELTRE, LA LEGHISTA TIZIANA PENCO ABBANDONA IL SINDACO VIVIANA FUSARO<\/h3>\n<\/blockquote>\n<p><strong>FELTRE\u00a0 <\/strong>E&#8217; durata poco l&#8217;esperienza amministrativa di Tiziana Penco, la leghista che si era candidata con il sindaco eletto Viviana Fusaro. L&#8217;unico assessore della Lega ha rassegnato le dimissioni con motivazioni &#8220;personali&#8221;. La Lega in consiglio ha un altro uomo, Alberto Vettoretto ma la sindaca vuole una donna con esperienza amministrativa.<\/p>\n<p>&nbsp;<\/p>\n<p>&nbsp;<\/p>\n<hr \/>\n<p>&nbsp;<\/p>\n<blockquote>\n<h3 class=\"entry-title\">FAMIGLIE VENETE SEMPRE PIU\u2019 INDEBITATE. ARTIGIANI E NEGOZIANTI: SALE IL RISCHIO USURA<\/h3>\n<\/blockquote>\n<p class=\"photoswipe-wrapper\"><a class=\"dt-pswp-item pspw-wrap-ready\" href=\"https:\/\/www.radiopiu.net\/wordpress\/wp-content\/uploads\/2023\/08\/Schermata-2023-08-12-alle-09.34.04.png\" data-dt-img-description=\"\" data-large_image_width=\"1226\" data-large_image_height=\"1408\"><img loading=\"lazy\" decoding=\"async\" class=\"size-medium wp-image-348299 alignleft\" src=\"https:\/\/www.radiopiu.net\/wordpress\/wp-content\/uploads\/2023\/08\/Schermata-2023-08-12-alle-09.34.04-261x300.png\" sizes=\"auto, (max-width: 261px) 100vw, 261px\" srcset=\"https:\/\/www.radiopiu.net\/wordpress\/wp-content\/uploads\/2023\/08\/Schermata-2023-08-12-alle-09.34.04-261x300.png 261w, https:\/\/www.radiopiu.net\/wordpress\/wp-content\/uploads\/2023\/08\/Schermata-2023-08-12-alle-09.34.04-892x1024.png 892w, https:\/\/www.radiopiu.net\/wordpress\/wp-content\/uploads\/2023\/08\/Schermata-2023-08-12-alle-09.34.04-768x882.png 768w, https:\/\/www.radiopiu.net\/wordpress\/wp-content\/uploads\/2023\/08\/Schermata-2023-08-12-alle-09.34.04.png 1226w\" alt=\"\" width=\"261\" height=\"300\" \/><\/a>Al 31 dicembre 2022 l\u2019importo medio dell\u2019indebitamento per nucleo famigliare presente in Veneto \u00e8 salito a 24.911 euro. Complessivamente lo stock dei debiti bancari in capo a tutte le famiglie della nostra regione si \u00e8 attestato sul livello record di 52,5 miliardi di euro ed \u00e8 aumentato del 3,7 per cento rispetto al 2021. Sempre in termini assoluti, per indebitamento per famiglia siamo a livello nazionale al sesto posto: dopo Lombardia, Trentino Alto Adige, Lazio, Toscana ed Emilia Romagna (vedi Tab. 1).<\/p>\n<p>A livello provinciale, invece, la situazione pi\u00f9 \u201ccritica\u201d si \u00e8 verificata a Padova; il \u201crosso\u201d in banca medio ammonta a 27.820 euro (+5,4 per cento rispetto al 2021). Seguono Treviso con 25.639 (+3,3 per cento), Venezia con 25.092 (+2,6 per cento), Verona con 25.084 (+4,3 per cento), Vicenza con 23.891 euro (+3,3 per cento), Rovigo con 19.026 (+2,2 per cento) e Belluno con 18.544 euro (+2,2 per cento) (vedi Tab. 2).<\/p>\n<p>A darne conto \u00e8 l\u2019Ufficio studi della CGIA che a seguito di questi risultati paventa un altro rischio: la recrudescenza dell\u2019usura. Sebbene in Veneto il numero delle denunce alle forze dell\u2019ordine di questo reato sia pari a una dozzina all\u2019anno, non \u00e8 da escludere che l\u2019incremento dei debiti delle famiglie spinga pi\u00f9 di qualcuno a rivolgersi agli usurai che, da sempre, sono pi\u00f9 \u201cdisponibili\u201d di chiunque altro ad aiutare chi si trova a corto di liquidit\u00e0, soprattutto nei momenti economicamente pi\u00f9 difficili. E\u2019 noto a tutti che l\u2019usura \u00e8 un fenomeno \u201ccarsico\u201d: difficilmente chi \u00e8 caduto nella rete degli strozzini si rivolge alle forze dell\u2019ordine. Le vittime, molto spesso, sono minacciate ed hanno paura per la propria incolumit\u00e0 fisica e per quella dei propri cari. Chi rivuole i propri soldi, infatti, non si fa alcun scrupolo; non solo applica nel giro di qualche mese tassi di interesse spaventosi, ma \u00e8 disposto a qualsiasi cosa pur di recuperare quanto prestato, anche attraverso il ricorso alle maniere forti.<\/p>\n<p><strong>Situazione critica, ma ancora sotto controllo<\/strong><br \/>\nSebbene lo stock dei debiti sia in aumento a causa dell\u2019inflazione, dell\u2019incremento del costo dei mutui e dell\u2019impennata delle bollette che hanno segnato negativamente gran parte dell\u2019anno scorso, la situazione \u00e8 critica, ma ancora sotto controllo. E\u2019 probabile che l\u2019incremento dei debiti sia in parte riconducibile alla forte ripresa economica avvenuta nel biennio 2021-2022. Anche in Veneto, le aree provinciali pi\u00f9 esposte economicamente, infatti, sono quelle che presentano i livelli di reddito pi\u00f9 elevati. Sicuramente in queste realt\u00e0 tra gli indebitati ci sono anche nuclei appartenenti alle fasce sociali pi\u00f9 deboli. Tuttavia, il maggiore indebitamento di questi territori potrebbe essere riconducibile ai significativi investimenti avvenuti negli anni scorsi nel settore immobiliare che, ovviamente, sono in massima parte ascrivibili alle famiglie con un buon tenore di vita. Va altres\u00ec ricordato che la maggiore incidenza del debito sul reddito si registra nelle famiglie economicamente pi\u00f9 vulnerabili, ovvero in quelle a rischio povert\u00e0 ed esclusione sociale. I dati dell\u2019Istat ci dicono, inoltre, che le crisi che si sono succedute dal 2008 in poi hanno aumentato il numero dei nuclei familiari in difficolt\u00e0 economica, visto che gli effetti di questi choc economici hanno aumentato il divario tra poveri e ricchi.<\/p>\n<p><strong class=\"photoswipe-wrapper\"><a class=\"dt-pswp-item pspw-wrap-ready\" href=\"https:\/\/www.radiopiu.net\/wordpress\/wp-content\/uploads\/2023\/08\/Schermata-2023-08-12-alle-09.34.36.png\" data-dt-img-description=\"\" data-large_image_width=\"1226\" data-large_image_height=\"676\"><img loading=\"lazy\" decoding=\"async\" class=\"size-medium wp-image-348300 alignleft\" src=\"https:\/\/www.radiopiu.net\/wordpress\/wp-content\/uploads\/2023\/08\/Schermata-2023-08-12-alle-09.34.36-300x165.png\" sizes=\"auto, (max-width: 300px) 100vw, 300px\" srcset=\"https:\/\/www.radiopiu.net\/wordpress\/wp-content\/uploads\/2023\/08\/Schermata-2023-08-12-alle-09.34.36-300x165.png 300w, https:\/\/www.radiopiu.net\/wordpress\/wp-content\/uploads\/2023\/08\/Schermata-2023-08-12-alle-09.34.36-1024x565.png 1024w, https:\/\/www.radiopiu.net\/wordpress\/wp-content\/uploads\/2023\/08\/Schermata-2023-08-12-alle-09.34.36-768x423.png 768w, https:\/\/www.radiopiu.net\/wordpress\/wp-content\/uploads\/2023\/08\/Schermata-2023-08-12-alle-09.34.36.png 1226w\" alt=\"\" width=\"300\" height=\"165\" \/><\/a>ARTIGIANI, NEGOZIANTI E PARTITE IVA I PIU\u2019 ESPOSTI AL RISCHIO USURA<\/strong><\/p>\n<p>Con il progressivo rallentamento dell\u2019economia e il conseguente crollo dei prestiti bancari alle imprese avvenuto negli ultimi mesi, non \u00e8 da escludere che sia in atto un \u201cavvicinamento\u201d delle organizzazioni criminali verso le micro aziende a conduzione familiare: come gli artigiani, i negozianti e tante partite Iva. Da sempre il mondo dei lavoratori autonomi \u00e8 quello pi\u00f9 a rischio. In passato, a seguito di una spesa imprevista o di un mancato incasso, molti sono stati costretti a indebitarsi per poche migliaia di euro con soggetti che inizialmente si presentavano come dei benefattori, anche se nel giro di qualche mese si trasformavano in quello che sono: dei veri criminali. Per evitare tutto ci\u00f2 bisogna invertire la tendenza, tornando a dare liquidit\u00e0 alle micro imprese, altrimenti molte di queste potrebbero finire tra le braccia degli usurai. Non solo, \u00e8 altres\u00ec necessario incentivare il ricorso al \u201cFondo per la prevenzione\u201d dell\u2019usura. Uno strumento, quest\u2019ultimo, presente da decenni, ma poco utilizzato, anche perch\u00e9 sconosciuto ai pi\u00f9 e, conseguentemente, con scarse risorse economiche a disposizione.<\/p>\n<p>&nbsp;<\/p>\n<p>&nbsp;<\/p>\n<hr \/>\n<p>&nbsp;<\/p>\n<blockquote>\n<h3>L&#8217;APERIMALGA A MALGA PIAN DE VACIA<\/h3>\n<\/blockquote>\n<p><strong>SELVA DI CADORE<\/strong> Tutto esaurito alla Malga Pian De Vacia per l&#8217;appuntamento con l&#8217;Aperimalga. La serata \u00e8 iniziata con un aperitivo durante il convegno per parlare di vini. Marzio Zanin e Alex Limana hanno spiegato le caratteristiche della vite resistente per poi passare alla vinificazione. La gente presente \u00e8 stata attiva intervenendo con domande interessanti. Una serata molto piacevole per tutti gli ospiti della malga. Anche la degustazione del vino \u00e8 stata un successo con dei somelier che hanno dato un ottimo commento ai vini presentati.<\/p>\n<p><strong>IL RIASSUNTO DELLA SERATA<\/strong><\/p>\n<audio class=\"wp-audio-shortcode\" id=\"audio-348254-2\" preload=\"none\" style=\"width: 100%;\" controls=\"controls\"><source type=\"audio\/mpeg\" src=\"https:\/\/www.radiopiu.net\/wordpress\/wp-content\/uploads\/2023\/08\/APERIMALGA.mp3?_=2\" \/><a href=\"https:\/\/www.radiopiu.net\/wordpress\/wp-content\/uploads\/2023\/08\/APERIMALGA.mp3\">https:\/\/www.radiopiu.net\/wordpress\/wp-content\/uploads\/2023\/08\/APERIMALGA.mp3<\/a><\/audio>\n<p>&nbsp;<\/p>\n\n\t\t\t<style type='text\/css'>\n\t\t\t\t#gallery-6 {\n\t\t\t\t\tmargin: auto;\n\t\t\t\t}\n\t\t\t\t#gallery-6 .gallery-item {\n\t\t\t\t\tfloat: left;\n\t\t\t\t\tmargin-top: 10px;\n\t\t\t\t\ttext-align: center;\n\t\t\t\t\twidth: 25%;\n\t\t\t\t}\n\t\t\t\t#gallery-6 img {\n\t\t\t\t\tborder: 2px solid #cfcfcf;\n\t\t\t\t}\n\t\t\t\t#gallery-6 .gallery-caption {\n\t\t\t\t\tmargin-left: 0;\n\t\t\t\t}\n\t\t\t\t\/* see gallery_shortcode() in wp-includes\/media.php *\/\n\t\t\t<\/style>\n\t\t<div id='gallery-6' class='dt-gallery-container gallery galleryid-348254 gallery-columns-4 gallery-size-thumbnail'><dl class='gallery-item'>\n\t\t\t\t<dt class='gallery-icon portrait'>\n\t\t\t\t\t<a class=\"rollover rollover-zoom dt-pswp-item\" title=\"41222524-a6f1-457a-8233-b30d01721c35\" data-dt-img-description=\"\" data-large_image_width=\"1536\" data-large_image_height=\"2048\"href='https:\/\/www.radiopiu.net\/wordpress\/wp-content\/uploads\/2023\/08\/41222524-a6f1-457a-8233-b30d01721c35.jpg'><img loading=\"lazy\" decoding=\"async\" width=\"150\" height=\"150\" src=\"https:\/\/www.radiopiu.net\/wordpress\/wp-content\/uploads\/2023\/08\/41222524-a6f1-457a-8233-b30d01721c35-150x150.jpg\" class=\"attachment-thumbnail size-thumbnail\" alt=\"\" \/><\/a>\n\t\t\t\t<\/dt><\/dl><dl class='gallery-item'>\n\t\t\t\t<dt class='gallery-icon portrait'>\n\t\t\t\t\t<a class=\"rollover rollover-zoom dt-pswp-item\" title=\"a6db064e-4809-46f5-bdbb-7dcac893f714\" data-dt-img-description=\"\" data-large_image_width=\"1536\" data-large_image_height=\"2048\"href='https:\/\/www.radiopiu.net\/wordpress\/wp-content\/uploads\/2023\/08\/a6db064e-4809-46f5-bdbb-7dcac893f714.jpg'><img loading=\"lazy\" decoding=\"async\" width=\"150\" height=\"150\" src=\"https:\/\/www.radiopiu.net\/wordpress\/wp-content\/uploads\/2023\/08\/a6db064e-4809-46f5-bdbb-7dcac893f714-150x150.jpg\" class=\"attachment-thumbnail size-thumbnail\" alt=\"\" \/><\/a>\n\t\t\t\t<\/dt><\/dl><dl class='gallery-item'>\n\t\t\t\t<dt class='gallery-icon portrait'>\n\t\t\t\t\t<a class=\"rollover rollover-zoom dt-pswp-item\" title=\"87ffc433-c466-49cc-a0a2-4f770503b83f\" data-dt-img-description=\"\" data-large_image_width=\"1536\" data-large_image_height=\"2048\"href='https:\/\/www.radiopiu.net\/wordpress\/wp-content\/uploads\/2023\/08\/87ffc433-c466-49cc-a0a2-4f770503b83f.jpg'><img loading=\"lazy\" decoding=\"async\" width=\"150\" height=\"150\" src=\"https:\/\/www.radiopiu.net\/wordpress\/wp-content\/uploads\/2023\/08\/87ffc433-c466-49cc-a0a2-4f770503b83f-150x150.jpg\" class=\"attachment-thumbnail size-thumbnail\" alt=\"\" \/><\/a>\n\t\t\t\t<\/dt><\/dl><dl class='gallery-item'>\n\t\t\t\t<dt class='gallery-icon landscape'>\n\t\t\t\t\t<a class=\"rollover rollover-zoom dt-pswp-item\" title=\"4492226e-c77e-473e-b744-f38fba55e180\" data-dt-img-description=\"\" data-large_image_width=\"2048\" data-large_image_height=\"1536\"href='https:\/\/www.radiopiu.net\/wordpress\/wp-content\/uploads\/2023\/08\/4492226e-c77e-473e-b744-f38fba55e180.jpg'><img loading=\"lazy\" decoding=\"async\" width=\"150\" height=\"150\" src=\"https:\/\/www.radiopiu.net\/wordpress\/wp-content\/uploads\/2023\/08\/4492226e-c77e-473e-b744-f38fba55e180-150x150.jpg\" class=\"attachment-thumbnail size-thumbnail\" alt=\"\" \/><\/a>\n\t\t\t\t<\/dt><\/dl><br style=\"clear: both\" \/>\n\t\t\t<\/div>\n\n<p>&nbsp;<\/p>\n<div style=\"width: 848px;\" class=\"wp-video\"><video class=\"wp-video-shortcode\" id=\"video-348254-1\" width=\"848\" height=\"480\" preload=\"metadata\" controls=\"controls\"><source type=\"video\/mp4\" src=\"https:\/\/www.radiopiu.net\/wordpress\/wp-content\/uploads\/2023\/08\/WhatsApp-Video-2023-08-12-at-14.24.32.mp4?_=1\" \/><a href=\"https:\/\/www.radiopiu.net\/wordpress\/wp-content\/uploads\/2023\/08\/WhatsApp-Video-2023-08-12-at-14.24.32.mp4\">https:\/\/www.radiopiu.net\/wordpress\/wp-content\/uploads\/2023\/08\/WhatsApp-Video-2023-08-12-at-14.24.32.mp4<\/a><\/video><\/div>\n<p>&nbsp;<\/p>\n<p>&nbsp;<\/p>\n<p>*******<\/p>\n<p>&nbsp;<\/p>\n<hr \/>\n<p>&nbsp;<\/p>\n<blockquote>\n<h3>A LONGARONE SI VA A LEZIONE DI PITTURA DA VICO CALABRO&#8217;<\/h3>\n<\/blockquote>\n<p><strong>LONGARONE<\/strong>A 60 anni dalla tragedia del Vajont, l\u2019Associazione Pig&amp;Menti e la Parrocchia Santa Maria Immacolata assieme al Comune di Longarone organizzano un corso di pittura del maestro Vico Calabr\u00f2.<\/p>\n<p><strong>LA DIRETTA RADIO PIU&#8217;<\/strong><\/p>\n<p><iframe loading=\"lazy\" title=\"CORSO DI PITTURA DI VICO CALABRO&#039; A LONGARONE\" width=\"1200\" height=\"675\" src=\"https:\/\/www.youtube.com\/embed\/4I1bR16ri44?feature=oembed\" frameborder=\"0\" allow=\"accelerometer; autoplay; clipboard-write; encrypted-media; gyroscope; picture-in-picture; web-share\" allowfullscreen><\/iframe><\/p>\n<p>&nbsp;<\/p>\n<hr \/>\n<p>&nbsp;<\/p>\n<blockquote>\n<h3>LA 32ESIMA RASSEGNA DI MINERALI E FOSSILI AD AGORDO<\/h3>\n<\/blockquote>\n<p><strong>AGORDO<\/strong> \u00c8 in corso in queste ore al Palarova di Agordo la 32\u00aa Rassegna dei minerali e fossili.<\/p>\n<div style=\"width: 848px;\" class=\"wp-video\"><video class=\"wp-video-shortcode\" id=\"video-348254-2\" width=\"848\" height=\"480\" preload=\"metadata\" controls=\"controls\"><source type=\"video\/mp4\" src=\"https:\/\/www.radiopiu.net\/wordpress\/wp-content\/uploads\/2023\/08\/WhatsApp-Video-2023-08-13-at-10.43.17.mp4?_=2\" \/><a href=\"https:\/\/www.radiopiu.net\/wordpress\/wp-content\/uploads\/2023\/08\/WhatsApp-Video-2023-08-13-at-10.43.17.mp4\">https:\/\/www.radiopiu.net\/wordpress\/wp-content\/uploads\/2023\/08\/WhatsApp-Video-2023-08-13-at-10.43.17.mp4<\/a><\/video><\/div>\n<p>&nbsp;<\/p>\n<p><strong>VITTORIO FENTI CON IL CAPPELLO A LARGHE FALDE<\/strong><\/p>\n<div style=\"width: 848px;\" class=\"wp-video\"><video class=\"wp-video-shortcode\" id=\"video-348254-3\" width=\"848\" height=\"480\" preload=\"metadata\" controls=\"controls\"><source type=\"video\/mp4\" src=\"https:\/\/www.radiopiu.net\/wordpress\/wp-content\/uploads\/2023\/08\/WhatsApp-Video-2023-08-13-at-10.52.35.mp4?_=3\" \/><a href=\"https:\/\/www.radiopiu.net\/wordpress\/wp-content\/uploads\/2023\/08\/WhatsApp-Video-2023-08-13-at-10.52.35.mp4\">https:\/\/www.radiopiu.net\/wordpress\/wp-content\/uploads\/2023\/08\/WhatsApp-Video-2023-08-13-at-10.52.35.mp4<\/a><\/video><\/div>\n<p>&nbsp;<\/p>\n<p><strong>L&#8217;ORO IN VALLE DI SAN LUCANO<\/strong><\/p>\n<div style=\"width: 848px;\" class=\"wp-video\"><video class=\"wp-video-shortcode\" id=\"video-348254-4\" width=\"848\" height=\"464\" preload=\"metadata\" controls=\"controls\"><source type=\"video\/mp4\" src=\"https:\/\/www.radiopiu.net\/wordpress\/wp-content\/uploads\/2023\/08\/IMG_1015.mp4?_=4\" \/><a href=\"https:\/\/www.radiopiu.net\/wordpress\/wp-content\/uploads\/2023\/08\/IMG_1015.mp4\">https:\/\/www.radiopiu.net\/wordpress\/wp-content\/uploads\/2023\/08\/IMG_1015.mp4<\/a><\/video><\/div>\n<p>&nbsp;<\/p>\n<p>*******<\/p>\n<p>&nbsp;<\/p>\n<p>&nbsp;<\/p>\n<p>&nbsp;<\/p>\n<p>&nbsp;<\/p>\n<p>&nbsp;<\/p>\n<p>&nbsp;<\/p>\n<p>&nbsp;<\/p>\n<p>&nbsp;<\/p>\n<hr \/>\n<p>&nbsp;<\/p>\n<blockquote>\n<h3>A PIE PER EL CASTEL CON I CASTELANI<\/h3>\n<\/blockquote>\n<p><strong>TAIBON<\/strong> Appuntamento con i Castelani di Taibon che come ogni estate organizzano un evento per mantenere vive le frazioni si Soccol, Campedel e Serach. Quest&#8217;anno il giro delle frazioni.<\/p>\n<p><strong>LA DIRETTA RADIO PIU&#8217;<\/strong><\/p>\n<p><iframe loading=\"lazy\" title=\"A PIE PER EL CASTEL   CON I CASTELANI DI TAIBON\" width=\"1200\" height=\"675\" src=\"https:\/\/www.youtube.com\/embed\/Ab2ZUi0WFfk?feature=oembed\" frameborder=\"0\" allow=\"accelerometer; autoplay; clipboard-write; encrypted-media; gyroscope; picture-in-picture; web-share\" allowfullscreen><\/iframe><\/p>\n<p>&nbsp;<\/p>\n<p>&nbsp;<\/p>\n<hr \/>\n<p>&nbsp;<\/p>\n<blockquote>\n<h3>LA FESTA DEL CACCIATORE A CANALE D&#8217;AGORDO<\/h3>\n<\/blockquote>\n<p><strong>LA DIRETTA RADIO PIU&#8217;<\/strong><\/p>\n<p><iframe loading=\"lazy\" title=\"Festa cacciatori canale d agordo\" width=\"1200\" height=\"675\" src=\"https:\/\/www.youtube.com\/embed\/dfVcrxuk-ok?feature=oembed\" frameborder=\"0\" allow=\"accelerometer; autoplay; clipboard-write; encrypted-media; gyroscope; picture-in-picture; web-share\" allowfullscreen><\/iframe><\/p>\n<p>&nbsp;<\/p>\n<hr \/>\n<p>&nbsp;<\/p>\n<blockquote>\n<h3>AL RIFUGIO SCARPA IL FESTIVAL DI AGOSTO ALLE PENDICI DELL&#8217;AGNER<\/h3>\n<\/blockquote>\n<p><strong>VOLTAGO<\/strong> Sono cinque gli appuntamenti da non perdere al Rifugio Scarpa Gurekian. Inizia nelle prossime ore il Festival di Agosto alle pendici dell&#8217;Agner.<\/p>\n<p><strong>DAL RIFUGIO SCARPA IL GESTORE MARCO BERGAMO<\/strong><\/p>\n<audio class=\"wp-audio-shortcode\" id=\"audio-348254-3\" preload=\"none\" style=\"width: 100%;\" controls=\"controls\"><source type=\"audio\/mpeg\" src=\"https:\/\/www.radiopiu.net\/wordpress\/wp-content\/uploads\/2023\/08\/MARCO-BERGAMO.mp3?_=3\" \/><a href=\"https:\/\/www.radiopiu.net\/wordpress\/wp-content\/uploads\/2023\/08\/MARCO-BERGAMO.mp3\">https:\/\/www.radiopiu.net\/wordpress\/wp-content\/uploads\/2023\/08\/MARCO-BERGAMO.mp3<\/a><\/audio>\n<p>&nbsp;<\/p>\n<h2 style=\"text-align: center;\"><strong><span style=\"color: #ff0000;\">GLI APPUNTAMENTI<\/span><\/strong><\/h2>\n<p><a class=\"dt-pswp-item\" href=\"https:\/\/www.radiopiu.net\/wordpress\/wp-content\/uploads\/2023\/08\/bfc3b52a-1585-422c-9d55-b388f0c81a77.jpg\" data-dt-img-description=\"\" data-large_image_width=\"1131\" data-large_image_height=\"1600\"><img loading=\"lazy\" decoding=\"async\" class=\"wp-image-347389 aligncenter\" src=\"https:\/\/www.radiopiu.net\/wordpress\/wp-content\/uploads\/2023\/08\/bfc3b52a-1585-422c-9d55-b388f0c81a77-724x1024.jpg\" alt=\"\" width=\"280\" height=\"396\" srcset=\"https:\/\/www.radiopiu.net\/wordpress\/wp-content\/uploads\/2023\/08\/bfc3b52a-1585-422c-9d55-b388f0c81a77-724x1024.jpg 724w, https:\/\/www.radiopiu.net\/wordpress\/wp-content\/uploads\/2023\/08\/bfc3b52a-1585-422c-9d55-b388f0c81a77-212x300.jpg 212w, https:\/\/www.radiopiu.net\/wordpress\/wp-content\/uploads\/2023\/08\/bfc3b52a-1585-422c-9d55-b388f0c81a77-768x1086.jpg 768w, https:\/\/www.radiopiu.net\/wordpress\/wp-content\/uploads\/2023\/08\/bfc3b52a-1585-422c-9d55-b388f0c81a77-1086x1536.jpg 1086w, https:\/\/www.radiopiu.net\/wordpress\/wp-content\/uploads\/2023\/08\/bfc3b52a-1585-422c-9d55-b388f0c81a77.jpg 1131w\" sizes=\"auto, (max-width: 280px) 100vw, 280px\" \/><\/a><\/p>\n<p>&nbsp;<\/p>\n<hr \/>\n<p>&nbsp;<\/p>\n<blockquote>\n<h3>I NOS CROT, TRE ESCURSIONI CON IL GAMP<\/h3>\n<p><strong>di Gianni Santomaso<\/strong><\/p>\n<audio class=\"wp-audio-shortcode\" id=\"audio-348254-4\" preload=\"none\" style=\"width: 100%;\" controls=\"controls\"><source type=\"audio\/mpeg\" src=\"https:\/\/www.radiopiu.net\/wordpress\/wp-content\/uploads\/2023\/08\/GIANNI-I-NOS-CROT.mp3?_=4\" \/><a href=\"https:\/\/www.radiopiu.net\/wordpress\/wp-content\/uploads\/2023\/08\/GIANNI-I-NOS-CROT.mp3\">https:\/\/www.radiopiu.net\/wordpress\/wp-content\/uploads\/2023\/08\/GIANNI-I-NOS-CROT.mp3<\/a><\/audio>\n<p>&nbsp;<\/p><\/blockquote>\n<p><strong><a class=\"dt-pswp-item\" href=\"https:\/\/www.radiopiu.net\/wordpress\/wp-content\/uploads\/2023\/08\/e575260a-6e85-47fc-a32d-9226877f8944.jpg\" data-dt-img-description=\"\" data-large_image_width=\"1200\" data-large_image_height=\"1600\"><img loading=\"lazy\" decoding=\"async\" class=\" wp-image-347058 alignleft\" src=\"https:\/\/www.radiopiu.net\/wordpress\/wp-content\/uploads\/2023\/08\/e575260a-6e85-47fc-a32d-9226877f8944-225x300.jpg\" alt=\"\" width=\"99\" height=\"132\" srcset=\"https:\/\/www.radiopiu.net\/wordpress\/wp-content\/uploads\/2023\/08\/e575260a-6e85-47fc-a32d-9226877f8944-225x300.jpg 225w, https:\/\/www.radiopiu.net\/wordpress\/wp-content\/uploads\/2023\/08\/e575260a-6e85-47fc-a32d-9226877f8944-768x1024.jpg 768w, https:\/\/www.radiopiu.net\/wordpress\/wp-content\/uploads\/2023\/08\/e575260a-6e85-47fc-a32d-9226877f8944-1152x1536.jpg 1152w, https:\/\/www.radiopiu.net\/wordpress\/wp-content\/uploads\/2023\/08\/e575260a-6e85-47fc-a32d-9226877f8944.jpg 1200w\" sizes=\"auto, (max-width: 99px) 100vw, 99px\" \/><\/a>AGORDO<\/strong> Anche quest&#8217;anno il Gruppo Agordino Mineralogico Paleontologico organizza &#8220;I Nos Crot&#8221;, tre escursioni nel mese di agosto. Il 16 Agosto in Valle Imperina e il 19 agosto con Passo Fedaia e Rifugio Padon. Per partecipare alle escursioni in programma si richiede l&#8217;iscrizione al GAMP con un costo di 15 euro per gli adulti e 10 euro per i giovani fino a 18 anni. Le iscrizioni all&#8217;Ufficio Turistico di Agordo (0437 62105) oppure telefonando al 388 4955756 o 340 0890160.<\/p>\n<p><strong>DAVIDE CONEDERA<\/strong><\/p>\n<audio class=\"wp-audio-shortcode\" id=\"audio-348254-5\" preload=\"none\" style=\"width: 100%;\" controls=\"controls\"><source type=\"audio\/mpeg\" src=\"https:\/\/www.radiopiu.net\/wordpress\/wp-content\/uploads\/2023\/08\/DAVIDE-CONEDERA-I-NOS-CROT.mp3?_=5\" \/><a href=\"https:\/\/www.radiopiu.net\/wordpress\/wp-content\/uploads\/2023\/08\/DAVIDE-CONEDERA-I-NOS-CROT.mp3\">https:\/\/www.radiopiu.net\/wordpress\/wp-content\/uploads\/2023\/08\/DAVIDE-CONEDERA-I-NOS-CROT.mp3<\/a><\/audio>\n<p>&nbsp;<\/p>\n<hr \/>\n<p>&nbsp;<\/p>\n<blockquote>\n<h3>A VOLTAGO LA MOSTRA FOTOGRAFICA &#8220;NATURA O ARTE?&#8221;<\/h3>\n<\/blockquote>\n<p><strong>VOLTAGO<\/strong><\/p>\n<p>di Gianni Santomaso<\/p>\n<audio class=\"wp-audio-shortcode\" id=\"audio-348254-6\" preload=\"none\" style=\"width: 100%;\" controls=\"controls\"><source type=\"audio\/mpeg\" src=\"https:\/\/www.radiopiu.net\/wordpress\/wp-content\/uploads\/2023\/08\/GIANNI-LA-MOSTRA-FOTOGRAFICA-NATURA-O-ARTE.mp3?_=6\" \/><a href=\"https:\/\/www.radiopiu.net\/wordpress\/wp-content\/uploads\/2023\/08\/GIANNI-LA-MOSTRA-FOTOGRAFICA-NATURA-O-ARTE.mp3\">https:\/\/www.radiopiu.net\/wordpress\/wp-content\/uploads\/2023\/08\/GIANNI-LA-MOSTRA-FOTOGRAFICA-NATURA-O-ARTE.mp3<\/a><\/audio>\n<p>&nbsp;<\/p>\n<hr \/>\n<p>&nbsp;<\/p>\n<blockquote>\n<h3>A TAIBON MUSEO ETNOGRAFICO APERTO E MOSTRA CON I DISEGNI DEGLI ALUNNI DELLA PRIMARIA<\/h3>\n<\/blockquote>\n<p><strong><a class=\"dt-pswp-item\" href=\"https:\/\/www.radiopiu.net\/wordpress\/wp-content\/uploads\/2023\/08\/WhatsApp-Image-2022-08-12-at-10.38.51.jpg\" data-dt-img-description=\"\" data-large_image_width=\"2000\" data-large_image_height=\"1125\"><img loading=\"lazy\" decoding=\"async\" class=\" wp-image-348180 alignleft\" src=\"https:\/\/www.radiopiu.net\/wordpress\/wp-content\/uploads\/2023\/08\/WhatsApp-Image-2022-08-12-at-10.38.51-300x169.jpg\" alt=\"\" width=\"174\" height=\"98\" srcset=\"https:\/\/www.radiopiu.net\/wordpress\/wp-content\/uploads\/2023\/08\/WhatsApp-Image-2022-08-12-at-10.38.51-300x169.jpg 300w, https:\/\/www.radiopiu.net\/wordpress\/wp-content\/uploads\/2023\/08\/WhatsApp-Image-2022-08-12-at-10.38.51-1024x576.jpg 1024w, https:\/\/www.radiopiu.net\/wordpress\/wp-content\/uploads\/2023\/08\/WhatsApp-Image-2022-08-12-at-10.38.51-768x432.jpg 768w, https:\/\/www.radiopiu.net\/wordpress\/wp-content\/uploads\/2023\/08\/WhatsApp-Image-2022-08-12-at-10.38.51-1536x864.jpg 1536w, https:\/\/www.radiopiu.net\/wordpress\/wp-content\/uploads\/2023\/08\/WhatsApp-Image-2022-08-12-at-10.38.51.jpg 2000w\" sizes=\"auto, (max-width: 174px) 100vw, 174px\" \/><\/a>TAIBON <\/strong>Per tutto il mese di agosto \u00e8 possibile visitare il museo etnografico di Taibon Agordino . Quest\u2019anno ci sono delle novit\u00e0. L\u2019entrata \u00e8 accanto al municipio, dalla saletta della Proloco dove si possono ammirare\u00a0 i lavori dei bambini della primaria \u201cPio Soccol\u201d di Taibon Agordino sulla calchera. Inoltre grazie alla disponibilit\u00e0 della famiglia Cadorin \u00e8 stata allestita la vetrina del locale\u00a0 accanto al museo\u00a0 dove sono stati esposti i disegni degli alunni della primaria e il bellissimo modellino della calchera fatto da Ivano Borghese.<\/p>\n<p>&nbsp;<\/p>\n<p>&nbsp;<\/p>\n<hr \/>\n<p>&nbsp;<\/p>\n<h2><span style=\"color: #ff0000;\">GLI APPUNTAMENTI DELLA SETTIMANA\u00a0\u00a0<\/span><\/h2>\n<p><strong><a class=\"dt-pswp-item\" href=\"https:\/\/www.radiopiu.net\/wordpress\/wp-content\/uploads\/2023\/07\/362238350_780080964121139_3528425822730363745_n.jpg\" data-dt-img-description=\"\" data-large_image_width=\"960\" data-large_image_height=\"540\"><img loading=\"lazy\" decoding=\"async\" class=\"wp-image-346272 alignleft\" src=\"https:\/\/www.radiopiu.net\/wordpress\/wp-content\/uploads\/2023\/07\/362238350_780080964121139_3528425822730363745_n.jpg\" alt=\"\" width=\"295\" height=\"166\" srcset=\"https:\/\/www.radiopiu.net\/wordpress\/wp-content\/uploads\/2023\/07\/362238350_780080964121139_3528425822730363745_n.jpg 960w, https:\/\/www.radiopiu.net\/wordpress\/wp-content\/uploads\/2023\/07\/362238350_780080964121139_3528425822730363745_n-300x169.jpg 300w, https:\/\/www.radiopiu.net\/wordpress\/wp-content\/uploads\/2023\/07\/362238350_780080964121139_3528425822730363745_n-768x432.jpg 768w\" sizes=\"auto, (max-width: 295px) 100vw, 295px\" \/><\/a>ALLA RADIO <\/strong>DOMANI&#8230; A MASARE&#8217; DI ALLEGHE SOTTO AL TENDONE IL FERRAGOSTO BIANCOROSSO edizione anniversario. ALLEGHE HOCKEY, 90 ANNI DOPO, CON LO STESSO ENTUSIASMO E LE STESSE EMOZIONI DI ALLORA. LA FESTA DI FERRAGOSTO DALLE 9.30 DEL MATTINO A NOTTE INOLTRATA.\u00a0 buon cibo con possibilit\u00e0 di asporto, giro del lago, giochi per grandi e piccini, magia ,Happy hour con frittura di calamari e alle 21:30 SUL PALCO IL NUOVO FRONTE DEL VASCO&#8230;.IL GRUPPO COVER DI VASCO ROSSI!!!!! IMPREDIBILE ALLEGHE HOCKEY: tutti insieme con e per le civette<\/p>\n<p>&nbsp;<\/p>\n<div class=\"message spoilers-container\" dir=\"auto\">\n<div class=\"column\">\n<div class=\"message spoilers-container\" dir=\"auto\">\n<div class=\"column\">\n<p><strong>Evento ecosostenibile e pet friendly<\/strong><\/p>\n<audio class=\"wp-audio-shortcode\" id=\"audio-348254-7\" preload=\"none\" style=\"width: 100%;\" controls=\"controls\"><source type=\"audio\/mpeg\" src=\"https:\/\/www.radiopiu.net\/wordpress\/wp-content\/uploads\/2023\/07\/alleghe-hockey-c.mp3?_=7\" \/><a href=\"https:\/\/www.radiopiu.net\/wordpress\/wp-content\/uploads\/2023\/07\/alleghe-hockey-c.mp3\">https:\/\/www.radiopiu.net\/wordpress\/wp-content\/uploads\/2023\/07\/alleghe-hockey-c.mp3<\/a><\/audio>\n<p>&nbsp;<\/p>\n<p><strong>L&#8217;INTERVISTA DI LUGLIO CON IL PRESIDENTE ADRIANO LEVIS, VICE PRESIDENTE MATHIAS LEVIS, EX GIOCATORE E COLLABORATORE DANIELE VEGGIATO,\u00a0 \u00a0FABIO COMINATO LOMBARDO INNAMORATO DELL&#8217;HOCKEY\u00a0 ED ERRO RAUSSE\u00a0<\/strong><\/p>\n<audio class=\"wp-audio-shortcode\" id=\"audio-348254-8\" preload=\"none\" style=\"width: 100%;\" controls=\"controls\"><source type=\"audio\/mpeg\" src=\"https:\/\/www.radiopiu.net\/wordpress\/wp-content\/uploads\/2023\/08\/ALLEGHE-HOCKEY-luglio.mp3?_=8\" \/><a href=\"https:\/\/www.radiopiu.net\/wordpress\/wp-content\/uploads\/2023\/08\/ALLEGHE-HOCKEY-luglio.mp3\">https:\/\/www.radiopiu.net\/wordpress\/wp-content\/uploads\/2023\/08\/ALLEGHE-HOCKEY-luglio.mp3<\/a><\/audio>\n<p>&nbsp;<\/p>\n<\/div>\n<\/div>\n<\/div>\n<\/div>\n<blockquote>\n<h3>INCONTRI D&#8217;AUTORE CON ARABBA FODOM TURISMO E COMUNE DI LIVINALLONGO<\/h3>\n<\/blockquote>\n<p>DI LORENZO SORATROI<\/p>\n<audio class=\"wp-audio-shortcode\" id=\"audio-348254-9\" preload=\"none\" style=\"width: 100%;\" controls=\"controls\"><source type=\"audio\/mpeg\" src=\"https:\/\/www.radiopiu.net\/wordpress\/wp-content\/uploads\/2023\/08\/LORENZO-16-AGOSTO-.mp3?_=9\" \/><a href=\"https:\/\/www.radiopiu.net\/wordpress\/wp-content\/uploads\/2023\/08\/LORENZO-16-AGOSTO-.mp3\">https:\/\/www.radiopiu.net\/wordpress\/wp-content\/uploads\/2023\/08\/LORENZO-16-AGOSTO-.mp3<\/a><\/audio>\n<h3><a class=\"dt-pswp-item\" href=\"https:\/\/www.radiopiu.net\/wordpress\/wp-content\/uploads\/2023\/08\/365110509_695435009289200_6383895512488748246_n.jpg\" data-dt-img-description=\"\" data-large_image_width=\"320\" data-large_image_height=\"453\"><img loading=\"lazy\" decoding=\"async\" class=\"wp-image-347179 alignleft\" src=\"https:\/\/www.radiopiu.net\/wordpress\/wp-content\/uploads\/2023\/08\/365110509_695435009289200_6383895512488748246_n-212x300.jpg\" alt=\"\" width=\"97\" height=\"137\" srcset=\"https:\/\/www.radiopiu.net\/wordpress\/wp-content\/uploads\/2023\/08\/365110509_695435009289200_6383895512488748246_n-212x300.jpg 212w, https:\/\/www.radiopiu.net\/wordpress\/wp-content\/uploads\/2023\/08\/365110509_695435009289200_6383895512488748246_n.jpg 320w\" sizes=\"auto, (max-width: 97px) 100vw, 97px\" \/><\/a><\/h3>\n<p>Dal 7 al 22 agosto, ad Arabba, IN SALA CONGRESSI CON INIZIO ALLE 20.45 \u201cIncontri d\u2019Autore\u201d, rassegna dedicata alla montagna. Chiacchierate con gli scrittori e momenti di approfondimento PER TUTTI. Partecipazione libera e gratuita. 16 agosto Mauro Corona PRESENTA &#8220;Le cinque porte &#8211; due nipoti e un nonno sui sentieri dei boschi&#8221;; 18 agosto Francesco Moser e la sua ultima pubblicazione &#8220;Franceso Moser Un uomo, Una Bicicletta&#8221;, serata allietata dai canti di montagna del Coro Fodom. 22 agosto Michil Costa con li libro &#8220;Futurismo&#8221; incontri d&#8217;autore, organizzazione ARABBA FODOM TURISMO E COMUNE DI LIVINALLONGO DEL COL DI LANA.<\/p>\n<p>&nbsp;<\/p>\n<blockquote>\n<h3>JOHN WISE IN CONCERTO A CENCENIGHE<\/h3>\n<\/blockquote>\n<p><strong>CENCENIGHE<\/strong> Gioved\u00ec 17 agosto alla Birreria Stella di Cencenighe Agordino dalle 21:00 &#8211; John Wise trio<\/p>\n<p>&nbsp;<\/p>\n<blockquote>\n<h3>I FUOCHI SUL LAGO DI ALLEGHE<\/h3>\n<\/blockquote>\n<p><strong>ALLEGHE<\/strong> Venerd\u00ec 18 agosto appuntamento con i classici Fuochi Artificiali sul Lago di Alleghe. Un invito del consorzio operatori turistici di Alleghe e del Comune di Alleghe. Inizio alle 22:30.<\/p>\n<p>&nbsp;<\/p>\n<div class=\"message spoilers-container\" dir=\"auto\">\n<div class=\"column\">\n<div class=\"message spoilers-container\" dir=\"auto\">\n<div class=\"column\">\n<p><a class=\"dt-pswp-item\" href=\"https:\/\/www.radiopiu.net\/wordpress\/wp-content\/uploads\/2023\/08\/362295170_695459682620066_1277742230332936989_n.jpg\" data-dt-img-description=\"\" data-large_image_width=\"960\" data-large_image_height=\"662\"><img loading=\"lazy\" decoding=\"async\" class=\"wp-image-347178 alignleft\" src=\"https:\/\/www.radiopiu.net\/wordpress\/wp-content\/uploads\/2023\/08\/362295170_695459682620066_1277742230332936989_n-300x207.jpg\" alt=\"\" width=\"199\" height=\"137\" srcset=\"https:\/\/www.radiopiu.net\/wordpress\/wp-content\/uploads\/2023\/08\/362295170_695459682620066_1277742230332936989_n-300x207.jpg 300w, https:\/\/www.radiopiu.net\/wordpress\/wp-content\/uploads\/2023\/08\/362295170_695459682620066_1277742230332936989_n-768x530.jpg 768w, https:\/\/www.radiopiu.net\/wordpress\/wp-content\/uploads\/2023\/08\/362295170_695459682620066_1277742230332936989_n.jpg 960w\" sizes=\"auto, (max-width: 199px) 100vw, 199px\" \/><\/a>GIOVEDI 17 AGOSTO ALLE 17.30 AL PARCO GIOCHI NEI PRESSI DELLE CHISA. evento gratuito. ORGANIZZA ARABBA FODOM TURISMO E COMUNE DI LIVINALLONGO. Paolo Zanarella porta il pianoforte a mezza coda fuori dai contesti abituali di spettacolo: \u201cIl pianista fuori posto\u201d Ad Arabba suoner\u00e0 dall&#8217;alto&#8230; sospeso. in caso di maltempo l&#8217;esibizione si svolger\u00e0 in sala congressi di Arabba.<\/p>\n<\/div>\n<\/div>\n<\/div>\n<\/div>\n<p>&nbsp;<\/p>\n<p>&nbsp;<\/p>\n<p>&nbsp;<\/p>\n<blockquote>\n<h3><a class=\"dt-pswp-item\" href=\"https:\/\/www.radiopiu.net\/wordpress\/wp-content\/uploads\/2023\/08\/3a200dcf-986c-4cc8-9dd2-568798301511.jpg\" data-dt-img-description=\"\" data-large_image_width=\"1131\" data-large_image_height=\"1600\"><img loading=\"lazy\" decoding=\"async\" class=\" wp-image-347204 alignleft\" src=\"https:\/\/www.radiopiu.net\/wordpress\/wp-content\/uploads\/2023\/08\/3a200dcf-986c-4cc8-9dd2-568798301511-212x300.jpg\" alt=\"\" width=\"106\" height=\"150\" srcset=\"https:\/\/www.radiopiu.net\/wordpress\/wp-content\/uploads\/2023\/08\/3a200dcf-986c-4cc8-9dd2-568798301511-212x300.jpg 212w, https:\/\/www.radiopiu.net\/wordpress\/wp-content\/uploads\/2023\/08\/3a200dcf-986c-4cc8-9dd2-568798301511-724x1024.jpg 724w, https:\/\/www.radiopiu.net\/wordpress\/wp-content\/uploads\/2023\/08\/3a200dcf-986c-4cc8-9dd2-568798301511-768x1086.jpg 768w, https:\/\/www.radiopiu.net\/wordpress\/wp-content\/uploads\/2023\/08\/3a200dcf-986c-4cc8-9dd2-568798301511-1086x1536.jpg 1086w, https:\/\/www.radiopiu.net\/wordpress\/wp-content\/uploads\/2023\/08\/3a200dcf-986c-4cc8-9dd2-568798301511.jpg 1131w\" sizes=\"auto, (max-width: 106px) 100vw, 106px\" \/><\/a>LA 39ESIMA EDIZIONE DEL PALIO DEI CENTO<\/h3>\n<\/blockquote>\n<p><strong>AGORDO<\/strong> Sabato 19 e domenica 20 agosto il Broi di Agordo si animer\u00e0 con il Palio Dei Cento. Sabato mercatini artigianali, dalle 17 apertura del tendone e aperitivo con Morgan e Battaglia. Alle 18:30 la prima prova del palio con la corsa a staffetta e cena con lo spiedo di Livio. Domenica apertura del tendone alle 9 e a seguire la 28esima edizione del MiniPalio. Alle 12 pranzo con il paticcio di Mario e nel pomeriggio il via al Palio dei Cento. Alle 14:30 la parata delle squadre e le altre prove. Alle 19 cena con la porchetta di Firpo, musica con i Voyager e alle 22:30 il gran finale con i fuochi d&#8217;artificio.<\/p>\n<p>&nbsp;<\/p>\n<p>&nbsp;<\/p>\n<blockquote>\n<h3>OPERETTA A LORENZAGO<\/h3>\n<\/blockquote>\n<p><strong>LORENZAGO DI CADORE<\/strong> Sabato 19 agosto al Teatro Oratorio di Lorenzago andr\u00e0 in scena la commedia teatrale dal titolo &#8220;Operetta&#8221; con la compagnia teatrale Lavori In Corso. Ingresso libero con offerta.<\/p>\n<p>&nbsp;<\/p>\n<blockquote>\n<h3>COL IN FESTA!<\/h3>\n<\/blockquote>\n<p>SABATO 19 AGOSTO: ARTIGIANATO, ASSOCIAZIONI, GASTRONOMIA LOCALE, GIOCHI, MUSICA, MINI MANEGGIO AL PARCO GIOCHI. DAL MATTINO AL POMERIGGIO VISITE GUIDATE ALLA CESA DE JAN, PROVA DI MUNGITURA, TRA LE STORIE&#8230;DEL CANTASTORIE.<\/p>\n<p>ALLE 19 IL CONCERTO DEL CORO MUSICOL SULLA STRADA PER LA CHIESA<\/p>\n<p>COL IN FESTA, SABATO 19 AGOSTO, A COLLE SANTA LUCIA: ALLE 14,30 L CIANTON CULTURAL, DIBATTITO SU TEMI DI ATTUALITA&#8217;: LADINO, OLIMPIADI, TURISMO, I &#8220;Presso i magazzini comunali visite al distaccamento e al museo dei pompieri di Colle&#8221;<\/p>\n<p>&nbsp;<\/p>\n<h2><span style=\"color: #ff0000;\">PROSSIMAMENTE&#8230;\u00a0<\/span><\/h2>\n<blockquote>\n<h3>CONCERTI IN ALTA QUOTA CON &#8220;MELODIE NEL BOSCO, SUSSURRI TRA LE DOLOMITI&#8221;.<\/h3>\n<\/blockquote>\n<p><strong><a class=\"dt-pswp-item\" href=\"https:\/\/www.radiopiu.net\/wordpress\/wp-content\/uploads\/2018\/07\/Pota-l_Orso_Bosco-degli-Artisti.png\" data-dt-img-description=\"\" data-large_image_width=\"750\" data-large_image_height=\"534\"><img loading=\"lazy\" decoding=\"async\" class=\" wp-image-55065 alignleft\" src=\"https:\/\/www.radiopiu.net\/wordpress\/wp-content\/uploads\/2018\/07\/Pota-l_Orso_Bosco-degli-Artisti-300x214.png\" alt=\"\" width=\"199\" height=\"142\" srcset=\"https:\/\/www.radiopiu.net\/wordpress\/wp-content\/uploads\/2018\/07\/Pota-l_Orso_Bosco-degli-Artisti-300x214.png 300w, https:\/\/www.radiopiu.net\/wordpress\/wp-content\/uploads\/2018\/07\/Pota-l_Orso_Bosco-degli-Artisti.png 750w\" sizes=\"auto, (max-width: 199px) 100vw, 199px\" \/><\/a>FALCADE<\/strong>\u00a0 &#8220;Melodie nel Bosco, sussurri tra le Dolomiti&#8221;. Si chiama cos\u00ec il festival che porter\u00e0 quattro concerti a 2.000 metri di altitudine per far incontrare musica e natura al cospetto di vette come Mulaz e Focobon.\u00a0 A fare da teatro sar\u00e0 il Bosco degli Artisti di Falcade, galleria d\u2019arte a cielo aperto che sorge in localit\u00e0 Le Buse, nella Ski Area San Pellegrino. Concerti in programma alle 10:30.<\/p>\n<p>Sabato 26 agosto toccher\u00e0 a Emanuele Bastanzetti, da Bach a Kreisler &#8211; sinfonie di violino.<\/p>\n<p>&nbsp;<\/p>\n<p>&nbsp;<\/p>\n<p>&nbsp;<\/p>\n<blockquote>\n<h3>LA MOSTRA SU ALBINO LUCIANI<\/h3>\n<\/blockquote>\n<p><strong>CANALE D&#8217;AGORDO<\/strong> Dal 21 agosto al 1 settembre nella Chiesa Arcipretale di Canale D&#8217;Agordo sar\u00e0 visitabile la mostra &#8220;Albino Luciani &#8211; Il Papa Nostro&#8221;. Immaginette, stampe devozionali e foto da una collezione e ricerca in friuli a cura di Silvano Gianduzzo e Sebastiano Coadiutore<\/p>\n<p>&nbsp;<\/p>\n<blockquote>\n<h3>ESPERIENZA CULINARIA AL RIFUGIO AVERAU<\/h3>\n<\/blockquote>\n<p><strong>CORTINA<\/strong> Marted\u00ec 12 settembre, evento straordinario al Rifugio Averau. Gli chef di casa, Matteo e Stefano, della trattoria alla Cima di Valdobbiadene uniscono genio e bravura per un&#8217;esperienza unica &#8220;dalla laguna alle dolomiti&#8221;. Un percorso enogastronomico dal mare ai fiumi, dalle colline ai boschi del veneziano, trevigiano e bellunese fino alle cime di Cortina. Sar\u00e0 predisposto su prenotazione un servizio di trasporto in jeep dal rifugio Cinque Torri, raggiungibile in macchina dalla strada del passo Falzarego Per info e prenotazioni: 0436 4660<br \/>\nDALLA LAGUNA ALLE DOLOMITI, 12 SETTEMBRE AL RIFUGIO AVERAU<\/p>\n<p>&nbsp;<\/p>\n<p>&nbsp;<\/p>\n<hr \/>\n<p>&nbsp;<\/p>\n<h2><strong><a class=\"dt-pswp-item\" href=\"https:\/\/www.radiopiu.net\/wordpress\/wp-content\/uploads\/2020\/12\/DON-GIORGIO-LISE.jpg\" data-dt-img-description=\"\" data-large_image_width=\"1600\" data-large_image_height=\"901\"><img loading=\"lazy\" decoding=\"async\" class=\" wp-image-177420 alignleft\" src=\"https:\/\/www.radiopiu.net\/wordpress\/wp-content\/uploads\/2020\/12\/DON-GIORGIO-LISE-300x169.jpg\" alt=\"\" width=\"167\" height=\"94\" srcset=\"https:\/\/www.radiopiu.net\/wordpress\/wp-content\/uploads\/2020\/12\/DON-GIORGIO-LISE-300x169.jpg 300w, https:\/\/www.radiopiu.net\/wordpress\/wp-content\/uploads\/2020\/12\/DON-GIORGIO-LISE-1024x577.jpg 1024w, https:\/\/www.radiopiu.net\/wordpress\/wp-content\/uploads\/2020\/12\/DON-GIORGIO-LISE-768x432.jpg 768w, https:\/\/www.radiopiu.net\/wordpress\/wp-content\/uploads\/2020\/12\/DON-GIORGIO-LISE-1536x865.jpg 1536w, https:\/\/www.radiopiu.net\/wordpress\/wp-content\/uploads\/2020\/12\/DON-GIORGIO-LISE.jpg 1600w\" sizes=\"auto, (max-width: 167px) 100vw, 167px\" \/><\/a><\/strong><span style=\"color: #33cccc;\">DUE MINUTI PER TE<\/span><\/h2>\n<p><strong>APPUNTAMENTO DELLA DOMENICA CON IL PENSIERO DI MONSIGNOR GIORGIO LISE<\/strong><\/p>\n<audio class=\"wp-audio-shortcode\" id=\"audio-348254-10\" preload=\"none\" style=\"width: 100%;\" controls=\"controls\"><source type=\"audio\/mpeg\" src=\"https:\/\/www.radiopiu.net\/wordpress\/wp-content\/uploads\/2023\/08\/DON-GIORGIO.mp3?_=10\" \/><a href=\"https:\/\/www.radiopiu.net\/wordpress\/wp-content\/uploads\/2023\/08\/DON-GIORGIO.mp3\">https:\/\/www.radiopiu.net\/wordpress\/wp-content\/uploads\/2023\/08\/DON-GIORGIO.mp3<\/a><\/audio>\n<p>&nbsp;<\/p>\n<hr \/>\n<p>&nbsp;<\/p>\n<div class=\"message spoilers-container\" dir=\"auto\">\n<div class=\"column\">\n<div class=\"message spoilers-container\" dir=\"auto\">\n<div class=\"column\">\n<p><img loading=\"lazy\" decoding=\"async\" class=\"aligncenter wp-image-61954 size-full\" src=\"https:\/\/www.radiopiu.net\/wordpress\/wp-content\/uploads\/2018\/09\/viabilita.jpeg\" sizes=\"auto, (max-width: 800px) 100vw, 800px\" srcset=\"https:\/\/www.radiopiu.net\/wordpress\/wp-content\/uploads\/2018\/09\/viabilita.jpeg 800w, https:\/\/www.radiopiu.net\/wordpress\/wp-content\/uploads\/2018\/09\/viabilita-300x38.jpeg 300w, https:\/\/www.radiopiu.net\/wordpress\/wp-content\/uploads\/2018\/09\/viabilita-768x96.jpeg 768w\" alt=\"\" width=\"800\" height=\"100\" \/><\/p>\n<\/div>\n<\/div>\n<div class=\"message spoilers-container\" dir=\"auto\">\n<div class=\"column\">\n<p>&nbsp;<\/p>\n<\/div>\n<\/div>\n<\/div>\n<\/div>\n<blockquote class=\"wp-embedded-content\" data-secret=\"zUgGrqoK2o\"><p><a href=\"https:\/\/www.radiopiu.net\/wordpress\/viabilita\/\">viabilita<\/a><\/p><\/blockquote>\n<p><iframe loading=\"lazy\" class=\"wp-embedded-content\" sandbox=\"allow-scripts\" security=\"restricted\" style=\"position: absolute; clip: rect(1px, 1px, 1px, 1px);\" title=\"&#8220;viabilita&#8221; &#8212; Radio Pi\u00f9\" src=\"https:\/\/www.radiopiu.net\/wordpress\/viabilita\/embed\/#?secret=D60ZITVabG#?secret=zUgGrqoK2o\" data-secret=\"zUgGrqoK2o\" width=\"600\" height=\"338\" frameborder=\"0\" marginwidth=\"0\" marginheight=\"0\" scrolling=\"no\"><\/iframe><\/p>\n<div class=\"message spoilers-container\" dir=\"auto\">\n<div class=\"column\">\n<div class=\"message spoilers-container\" dir=\"auto\">\n<div class=\"column\">\n<div>\n<div dir=\"ltr\">\n<div class=\"gmail_quote\">\n<div dir=\"ltr\">\n<div><\/div>\n<div><\/div>\n<div><\/div>\n<\/div>\n<\/div>\n<\/div>\n<\/div>\n<hr \/>\n<p>&nbsp;<\/p>\n<p><a class=\"dt-pswp-item\" href=\"https:\/\/www.radiopiu.net\/wordpress\/wp-content\/uploads\/2018\/09\/WhatsApp-Image-2018-09-20-at-16.04.06.jpeg\" data-dt-img-description=\"\" data-large_image_width=\"800\" data-large_image_height=\"100\"><img loading=\"lazy\" decoding=\"async\" class=\"wp-image-61378 size-full aligncenter\" src=\"https:\/\/www.radiopiu.net\/wordpress\/wp-content\/uploads\/2018\/09\/WhatsApp-Image-2018-09-20-at-16.04.06.jpeg\" alt=\"\" width=\"800\" height=\"100\" srcset=\"https:\/\/www.radiopiu.net\/wordpress\/wp-content\/uploads\/2018\/09\/WhatsApp-Image-2018-09-20-at-16.04.06.jpeg 800w, https:\/\/www.radiopiu.net\/wordpress\/wp-content\/uploads\/2018\/09\/WhatsApp-Image-2018-09-20-at-16.04.06-300x38.jpeg 300w, https:\/\/www.radiopiu.net\/wordpress\/wp-content\/uploads\/2018\/09\/WhatsApp-Image-2018-09-20-at-16.04.06-768x96.jpeg 768w\" sizes=\"auto, (max-width: 800px) 100vw, 800px\" \/><\/a><\/p>\n<\/div>\n<\/div>\n<div class=\"message spoilers-container\" dir=\"auto\">\n<p>&nbsp;<\/p>\n<p><center><b>OGGI<\/b><\/center>Tempo perlopi\u00f9 soleggiato e stabile con cielo generalmente sereno o poco nuvoloso al mattino, poco o parzialmente nuvoloso per qualche addensamento cumuliforme al pomeriggio, con probabilit\u00e0 molto bassa di qualche breve fenomeno. Contesto termico sempre pienamente estivo, con sensazione di afa nei fondovalle.<br \/>\n<b>Precipitazioni: <\/b>Generalmente assenti, al pi\u00f9 non escluso del tutto qualche sporadico e breve piovasco o temporale di calore pomeridiano (0\/20%), eventualmente pi\u00f9 probabile al confine con Trentino e Provincia di Bolzano.<br \/>\n<b>Temperature: <\/b>Senza notevoli variazioni, sempre su valori superiori alle medie del periodo<\/p>\n<hr \/>\n<p><center><b>DOMANI<\/b><\/center>Al mattino tempo ancora stabile e in prevalenza soleggiato; formazione di addensamenti nuvolosi anche consistenti nelle ore pi\u00f9 calde, per moderata attivit\u00e0 cumuliforme, con possibili fenomeni di instabilit\u00e0, specie sulle Dolomiti. Persistenza di temperature elevate, superiori alle medie del periodo.<br \/>\n<b>Precipitazioni: <\/b>Al mattino assenti (0%); dalle ore centrali e al pomeriggio\/sera possibili rovesci e temporali sparsi, pi\u00f9 probabili sulle Dolomiti (40\/60%), meno sulle Prealpi, dove su molti settori saranno del tutto assenti (20\/30%).<br \/>\n<b>Temperature: <\/b>Senza variazioni di rilievo.<\/p>\n<hr \/>\n<p><center><b>MERCOLEDI<\/b><\/center>Tempo maggiormente instabile a partire dalle ore centrali dopo una mattinata abbastanza soleggiata; tra il mezzogiorno e il pomeriggio saranno possibili rovesci e temporali sparsi, con maggiore probabilit\u00e0 sulle Dolomiti, ma, a differenza dei giorni precedenti, pi\u00f9 presenti anche sulle Prealpi. Temperature diurne in moderato calo, specie in montagna per effetto dell&#8217;instabilit\u00e0.<\/p>\n<hr \/>\n<p><center><b>GIOVEDI<\/b><\/center>Dopo una mattinata piuttosto soleggiata, ripresa dell&#8217;attivit\u00e0 cumuliforme nelle ore centrali, con possibili rovesci o temporali sparsi al pomeriggio\/sera, ancora una volta un po&#8217; pi\u00f9 probabili sulle Dolomiti. Temperature stazionarie<\/p>\n<p>&nbsp;<\/p>\n<\/div>\n<div class=\"message spoilers-container\" dir=\"auto\">\n<hr \/>\n<p>&nbsp;<\/p>\n<p><img loading=\"lazy\" decoding=\"async\" class=\"wp-image-60761 size-full aligncenter\" src=\"https:\/\/www.radiopiu.net\/wordpress\/wp-content\/uploads\/2018\/09\/sport.jpg\" alt=\"\" width=\"800\" height=\"100\" srcset=\"https:\/\/www.radiopiu.net\/wordpress\/wp-content\/uploads\/2018\/09\/sport.jpg 800w, https:\/\/www.radiopiu.net\/wordpress\/wp-content\/uploads\/2018\/09\/sport-300x38.jpg 300w, https:\/\/www.radiopiu.net\/wordpress\/wp-content\/uploads\/2018\/09\/sport-768x96.jpg 768w\" sizes=\"auto, (max-width: 800px) 100vw, 800px\" \/><\/p>\n<p>&nbsp;<\/p>\n<\/div>\n\n\t\t\t<style type='text\/css'>\n\t\t\t\t#gallery-7 {\n\t\t\t\t\tmargin: auto;\n\t\t\t\t}\n\t\t\t\t#gallery-7 .gallery-item {\n\t\t\t\t\tfloat: left;\n\t\t\t\t\tmargin-top: 10px;\n\t\t\t\t\ttext-align: center;\n\t\t\t\t\twidth: 50%;\n\t\t\t\t}\n\t\t\t\t#gallery-7 img {\n\t\t\t\t\tborder: 2px solid #cfcfcf;\n\t\t\t\t}\n\t\t\t\t#gallery-7 .gallery-caption {\n\t\t\t\t\tmargin-left: 0;\n\t\t\t\t}\n\t\t\t\t\/* see gallery_shortcode() in wp-includes\/media.php *\/\n\t\t\t<\/style>\n\t\t<div id='gallery-7' class='dt-gallery-container gallery galleryid-348254 gallery-columns-2 gallery-size-thumbnail'><dl class='gallery-item'>\n\t\t\t\t<dt class='gallery-icon portrait'>\n\t\t\t\t\t<a class=\"rollover rollover-zoom dt-pswp-item\" title=\"cb3e84c7-6b7b-4086-b96b-e2b820cc0e41\" data-dt-img-description=\"\" data-large_image_width=\"1132\" data-large_image_height=\"1600\"href='https:\/\/www.radiopiu.net\/wordpress\/wp-content\/uploads\/2023\/07\/cb3e84c7-6b7b-4086-b96b-e2b820cc0e41.jpg'><img loading=\"lazy\" decoding=\"async\" width=\"150\" height=\"150\" src=\"https:\/\/www.radiopiu.net\/wordpress\/wp-content\/uploads\/2023\/07\/cb3e84c7-6b7b-4086-b96b-e2b820cc0e41-150x150.jpg\" class=\"attachment-thumbnail size-thumbnail\" alt=\"\" aria-describedby=\"gallery-7-345600\" \/><\/a>\n\t\t\t\t<\/dt>\n\t\t\t\t\t<dd class='wp-caption-text gallery-caption' id='gallery-7-345600'>\n\t\t\t\t\tVOLTAGO\n\t\t\t\t\t<\/dd><\/dl><dl class='gallery-item'>\n\t\t\t\t<dt class='gallery-icon portrait'>\n\t\t\t\t\t<a class=\"rollover rollover-zoom dt-pswp-item\" title=\"8d8ef44f-5625-4f28-9787-81bf41c07ccb\" data-dt-img-description=\"\" data-large_image_width=\"726\" data-large_image_height=\"1024\"href='https:\/\/www.radiopiu.net\/wordpress\/wp-content\/uploads\/2023\/08\/8d8ef44f-5625-4f28-9787-81bf41c07ccb.jpg'><img loading=\"lazy\" decoding=\"async\" width=\"150\" height=\"150\" src=\"https:\/\/www.radiopiu.net\/wordpress\/wp-content\/uploads\/2023\/08\/8d8ef44f-5625-4f28-9787-81bf41c07ccb-150x150.jpg\" class=\"attachment-thumbnail size-thumbnail\" alt=\"\" aria-describedby=\"gallery-7-347009\" \/><\/a>\n\t\t\t\t<\/dt>\n\t\t\t\t\t<dd class='wp-caption-text gallery-caption' id='gallery-7-347009'>\n\t\t\t\t\tFALCADE\n\t\t\t\t\t<\/dd><\/dl><br style=\"clear: both\" \/>\n\t\t\t<\/div>\n\n<p>&nbsp;<\/p>\n<blockquote>\n<h3>IL GIRO DEL LAGO DI ALLEGHE E L&#8217;IMPEGNO DEGLI ALPINI. questa sera a Masare&#8217;<\/h3>\n<\/blockquote>\n<p>&nbsp;<\/p>\n<h2><strong><a class=\"dt-pswp-item\" href=\"https:\/\/www.radiopiu.net\/wordpress\/wp-content\/uploads\/2022\/08\/giro-lago2.jpg\" data-dt-img-description=\"\" data-large_image_width=\"558\" data-large_image_height=\"316\"><img loading=\"lazy\" decoding=\"async\" class=\"size-thumbnail wp-image-290981 alignleft\" src=\"https:\/\/www.radiopiu.net\/wordpress\/wp-content\/uploads\/2022\/08\/giro-lago2-150x150.jpg\" alt=\"\" width=\"150\" height=\"150\" \/><\/a><\/strong><\/h2>\n<blockquote>\n<h3><strong style=\"font-size: 14px;\">ALLEGHE<\/strong><span style=\"font-size: 14px; font-weight: normal;\"> Torna il Giro del Lago di Alleghe in notturna: marcia non competitiva di 5,3 chilometri arrivata alla 43\u00aa edizione. Da Masare&#8217; di Alleghe con l&#8217;Associazione Alpini, ANA Alleghe.<\/span><\/h3>\n<\/blockquote>\n<p>&nbsp;<\/p>\n<p>&nbsp;<\/p>\n<p>&nbsp;<\/p>\n<p>&nbsp;<\/p>\n<p>&nbsp;<\/p>\n<p>&nbsp;<\/p>\n<p><strong>archivio radiopiu, 2018<\/strong><\/p>\n<p><strong><a class=\"dt-pswp-item\" href=\"http:\/\/www.radiopiu.net\/wordpress\/wp-content\/uploads\/2018\/08\/WhatsApp-Image-2018-08-07-at-16.32.45.jpeg\" data-dt-img-description=\"\" data-large_image_width=\"1599\" data-large_image_height=\"899\"><img loading=\"lazy\" decoding=\"async\" class=\"size-medium wp-image-56896 alignleft\" src=\"http:\/\/www.radiopiu.net\/wordpress\/wp-content\/uploads\/2018\/08\/WhatsApp-Image-2018-08-07-at-16.32.45-300x169.jpeg\" alt=\"\" width=\"300\" height=\"169\" srcset=\"https:\/\/www.radiopiu.net\/wordpress\/wp-content\/uploads\/2018\/08\/WhatsApp-Image-2018-08-07-at-16.32.45-300x169.jpeg 300w, https:\/\/www.radiopiu.net\/wordpress\/wp-content\/uploads\/2018\/08\/WhatsApp-Image-2018-08-07-at-16.32.45-768x432.jpeg 768w, https:\/\/www.radiopiu.net\/wordpress\/wp-content\/uploads\/2018\/08\/WhatsApp-Image-2018-08-07-at-16.32.45-1024x576.jpeg 1024w, https:\/\/www.radiopiu.net\/wordpress\/wp-content\/uploads\/2018\/08\/WhatsApp-Image-2018-08-07-at-16.32.45.jpeg 1599w\" sizes=\"auto, (max-width: 300px) 100vw, 300px\" \/><\/a>ALLEGHE\u00a0<\/strong>39 anni dopo \u00e8 ancora Giro del lago di Alleghe, una formula che non \u00e8 mai cambiata perch\u00e9 di successo a marchio Alpini Monte Civetta.<\/p>\n<p>&nbsp;<\/p>\n<p>(foto, gli alpini Sergio Valente e Franco Rasa)<\/p>\n<p><strong>AI NOSTRI MICROFONI SERGIO VALENTE SUL &#8220;CAMPO DI BATTAGLIA&#8221; FIN DALLA PRIMA EDIZIONE, IL PROSSIMO ANNO SARANNO 40 EDIZIONI, 80 GLI ANNI DEL DECANO DEGLI ALPINI ALLEGHESI.<\/strong><\/p>\n<audio class=\"wp-audio-shortcode\" id=\"audio-348254-11\" preload=\"none\" style=\"width: 100%;\" controls=\"controls\"><source type=\"audio\/mpeg\" src=\"http:\/\/www.radiopiu.net\/wordpress\/wp-content\/uploads\/2018\/08\/SERGIO.mp3?_=11\" \/><a href=\"http:\/\/www.radiopiu.net\/wordpress\/wp-content\/uploads\/2018\/08\/SERGIO.mp3\">http:\/\/www.radiopiu.net\/wordpress\/wp-content\/uploads\/2018\/08\/SERGIO.mp3<\/a><\/audio>\n<p>&nbsp;<\/p>\n<p>&nbsp;<\/p>\n<p><span style=\"color: #ff0000;\"><strong>IERI ALLA RADIO\u00a0<\/strong><\/span><\/p>\n<p><strong><a class=\"dt-pswp-item\" href=\"https:\/\/www.radiopiu.net\/wordpress\/wp-content\/uploads\/2023\/08\/partenza.jpg\" data-dt-img-description=\"\" data-large_image_width=\"2244\" data-large_image_height=\"1535\"><img loading=\"lazy\" decoding=\"async\" class=\" wp-image-347907 alignleft\" src=\"https:\/\/www.radiopiu.net\/wordpress\/wp-content\/uploads\/2023\/08\/partenza-300x205.jpg\" alt=\"\" width=\"184\" height=\"126\" srcset=\"https:\/\/www.radiopiu.net\/wordpress\/wp-content\/uploads\/2023\/08\/partenza-300x205.jpg 300w, https:\/\/www.radiopiu.net\/wordpress\/wp-content\/uploads\/2023\/08\/partenza-1024x700.jpg 1024w, https:\/\/www.radiopiu.net\/wordpress\/wp-content\/uploads\/2023\/08\/partenza-768x525.jpg 768w, https:\/\/www.radiopiu.net\/wordpress\/wp-content\/uploads\/2023\/08\/partenza-1536x1051.jpg 1536w, https:\/\/www.radiopiu.net\/wordpress\/wp-content\/uploads\/2023\/08\/partenza-2048x1401.jpg 2048w\" sizes=\"auto, (max-width: 184px) 100vw, 184px\" \/><\/a>ALLEGHE<\/strong> Ritorna, anche quest&#8217;anno &#8220;Il Giro del Lago di Alleghe in notturna&#8221;, la manifestazione podistica, giunta alla 43^ Edizione, ormai appuntamento fisso del Ferragosto Alleghese, anche perch\u00e9 caratterizzato dall&#8217; ambientazione serale particolarmente originale della gara, sempre molto gradita da locali e tanti ospiti presenti nelle varie strutture ricettive turistiche della zona, come del resto alla precedente edizione 2022, partecipata da un migliaio di concorrenti. E&#8217; una non competitiva aperta a tutti adulti e bambini, animali compresi che si svolge sul suggestivo tracciato di 5,300 chilometri che abbraccia li caratteristico laghetto alpino di Alleghe, scenario tra ipi\u00f9 famosi delle Dolomiti. II Giro Podistico del Lago di Alleghe si svolger\u00e0 luned\u00ec 14 agosto con le seguenti modalit\u00e0: partenza alle ore 21,00 dal piazzale di Masar\u00e8 antistante la sede del Gruppo Alpini di Alleghe e presso li tendone nel quale si svolgeranno le premiazioni e sar\u00e0 possibile degustare li tipico Rancio Alpino, li tutto allietato da musica, canti e folclore locale. Le iscrizioni saranno possibili nei giorni precedenti e fino alle ore 18,00 del giorno della gara, presso li gazebo del Gruppo Alpini allestito in Piazza Kennedy ad Alleghe e successivamente fino alle ore 20,45 le iscrizioni saranno possibili presso la sede degli Alpini a Masare. Maggiori informazioni su quote di iscrizioni ed orari presso l&#8217;Ufficio Turistico di Alleghe tel. 0437\/523333 &#8211; mail consorzio@alleghe.info.<\/p>\n<p>&nbsp;<\/p>\n<p><span style=\"color: #0000ff;\"><strong>CORSA CAMPESTRE<\/strong><\/span><\/p>\n<blockquote>\n<h3>IL GIRO PODISTICO DI FALCADE 2023<\/h3>\n<\/blockquote>\n<p><strong>FALCADE<\/strong> Mihail Sirbu ed Anna dal Magro sono il re e la regina del Giro Podistico di Falcade. Sul tracciato di 6 km l&#8217;atleta del Gruppo Sportivo Quantin ha fatto la differenza staccando di oltre un minuto e mezzo Stefano Dal Magro. Al terzo posto Valentino Costa. La Dal Magro si aggiudica la gara femminile rifilando oltre un minuto a Martina Scola, seconda arrivata. Sul gradino pi\u00f9 basso del podio Jessica Brandstetter. Nel pomeriggio si sono corse le gare dedicate ai pi\u00f9 giovani con varie categorie per concedere a bambini e ragazzi di cimentarsi nel Mini Giro Podistico. Come sempre un successo la gara che \u00e8 un classico di Ferragosto organizzata alla perfezione dallo Sci Club Val Biois.<\/p>\n<p><strong>Classifica assoluta maschile:<\/strong> 1. Mihail Sirbu (Gs Quantin Alpenplus) 19.02.6; 2. Stefano Dal Magro (Team Robinson) 20.35.0; 3. Valentina Costa (Atletica Agordina) 20.51.0; 4. Davide Raineri (Atletica Trento) 20.56.9; 5. Lorenzo Busin (Team Internorm) 21.07.9; 6. Mattia Fenti (Atletica Agordina) 21.23.5; 7. Enrico Barp (Ski College Veneto Falcade) 21.24.6; 8. Fabio Soravia (Ski College Veneto Falcade) 21.26.9; 9. Emanuele Busin (Team Internorm) 21.37.0; 10. Francesco Di Tos (Atletica Jesolo) 21.39.2.<\/p>\n<p><strong>Classifica assoluta femminile:<\/strong> 1. Anna Dal Magro (Atletica Dolomiti Belluno) 25.21.2; 2. Martina Scola (Atletica Agordina) 26.46.4; 3. Jessica Brandstetter 27.12.0; 4. Caterina Milani (Sci club Val Biois) 27.43.2; 5. Gemma Dandrea 27.59.9; 6. Anna Morandini (Ski College Veneto Falcade) 28.06.6; 7. Roberta Agnoletto 28.13.3; 8. Arianna Deola (Atletica Agordina) 28.48.2; 9. Tiziana Sportelli (Gs Lamone) 29.07.4; 10. Sara Bordin (Ski College Veneto Falcade) 29.09.9.<\/p>\n<div>\n<div>Classifiche complete su <a href=\"http:\/\/www.sportdolomiti.it\/\">www.sportdolomiti.it<\/a><\/div>\n<div><\/div>\n<\/div>\n<p><strong>LA DIRETTA RADIO PIU&#8217;\u00a0<\/strong><\/p>\n<p><iframe loading=\"lazy\" title=\"Diretta giro podistico Falcade 2023\" width=\"1200\" height=\"675\" src=\"https:\/\/www.youtube.com\/embed\/DpLKYgaW3UI?feature=oembed\" frameborder=\"0\" allow=\"accelerometer; autoplay; clipboard-write; encrypted-media; gyroscope; picture-in-picture; web-share\" allowfullscreen><\/iframe><\/p>\n<p><strong>\u00a0GIRO PODISTICO GIOVANI, FOTO ALESSANDRO SOGNE<\/strong><\/p>\n\n\t\t\t<style type='text\/css'>\n\t\t\t\t#gallery-8 {\n\t\t\t\t\tmargin: auto;\n\t\t\t\t}\n\t\t\t\t#gallery-8 .gallery-item {\n\t\t\t\t\tfloat: left;\n\t\t\t\t\tmargin-top: 10px;\n\t\t\t\t\ttext-align: center;\n\t\t\t\t\twidth: 25%;\n\t\t\t\t}\n\t\t\t\t#gallery-8 img {\n\t\t\t\t\tborder: 2px solid #cfcfcf;\n\t\t\t\t}\n\t\t\t\t#gallery-8 .gallery-caption {\n\t\t\t\t\tmargin-left: 0;\n\t\t\t\t}\n\t\t\t\t\/* see gallery_shortcode() in wp-includes\/media.php *\/\n\t\t\t<\/style>\n\t\t<div id='gallery-8' class='dt-gallery-container gallery galleryid-348254 gallery-columns-4 gallery-size-thumbnail'><dl class='gallery-item'>\n\t\t\t\t<dt class='gallery-icon landscape'>\n\t\t\t\t\t<a class=\"rollover rollover-zoom dt-pswp-item\" title=\"\u00a9EchidiAlessandroSogne-3\" data-dt-img-description=\"\" data-large_image_width=\"2560\" data-large_image_height=\"1706\"href='https:\/\/www.radiopiu.net\/wordpress\/wp-content\/uploads\/2023\/08\/\u00a9EchidiAlessandroSogne-3-scaled.jpg'><img loading=\"lazy\" decoding=\"async\" width=\"150\" height=\"150\" src=\"https:\/\/www.radiopiu.net\/wordpress\/wp-content\/uploads\/2023\/08\/\u00a9EchidiAlessandroSogne-3-150x150.jpg\" class=\"attachment-thumbnail size-thumbnail\" alt=\"\" \/><\/a>\n\t\t\t\t<\/dt><\/dl><dl class='gallery-item'>\n\t\t\t\t<dt class='gallery-icon landscape'>\n\t\t\t\t\t<a class=\"rollover rollover-zoom dt-pswp-item\" title=\"\u00a9EchidiAlessandroSogne-2\" data-dt-img-description=\"\" data-large_image_width=\"2560\" data-large_image_height=\"1706\"href='https:\/\/www.radiopiu.net\/wordpress\/wp-content\/uploads\/2023\/08\/\u00a9EchidiAlessandroSogne-2-scaled.jpg'><img loading=\"lazy\" decoding=\"async\" width=\"150\" height=\"150\" src=\"https:\/\/www.radiopiu.net\/wordpress\/wp-content\/uploads\/2023\/08\/\u00a9EchidiAlessandroSogne-2-150x150.jpg\" class=\"attachment-thumbnail size-thumbnail\" alt=\"\" \/><\/a>\n\t\t\t\t<\/dt><\/dl><dl class='gallery-item'>\n\t\t\t\t<dt class='gallery-icon landscape'>\n\t\t\t\t\t<a class=\"rollover rollover-zoom dt-pswp-item\" title=\"\u00a9EchidiAlessandroSogne-8\" data-dt-img-description=\"\" data-large_image_width=\"2560\" data-large_image_height=\"1706\"href='https:\/\/www.radiopiu.net\/wordpress\/wp-content\/uploads\/2023\/08\/\u00a9EchidiAlessandroSogne-8-scaled.jpg'><img loading=\"lazy\" decoding=\"async\" width=\"150\" height=\"150\" src=\"https:\/\/www.radiopiu.net\/wordpress\/wp-content\/uploads\/2023\/08\/\u00a9EchidiAlessandroSogne-8-150x150.jpg\" class=\"attachment-thumbnail size-thumbnail\" alt=\"\" \/><\/a>\n\t\t\t\t<\/dt><\/dl><dl class='gallery-item'>\n\t\t\t\t<dt class='gallery-icon landscape'>\n\t\t\t\t\t<a class=\"rollover rollover-zoom dt-pswp-item\" title=\"\u00a9EchidiAlessandroSogne-9\" data-dt-img-description=\"\" data-large_image_width=\"2560\" data-large_image_height=\"1706\"href='https:\/\/www.radiopiu.net\/wordpress\/wp-content\/uploads\/2023\/08\/\u00a9EchidiAlessandroSogne-9-scaled.jpg'><img loading=\"lazy\" decoding=\"async\" width=\"150\" height=\"150\" src=\"https:\/\/www.radiopiu.net\/wordpress\/wp-content\/uploads\/2023\/08\/\u00a9EchidiAlessandroSogne-9-150x150.jpg\" class=\"attachment-thumbnail size-thumbnail\" alt=\"\" \/><\/a>\n\t\t\t\t<\/dt><\/dl><br style=\"clear: both\" \/><dl class='gallery-item'>\n\t\t\t\t<dt class='gallery-icon landscape'>\n\t\t\t\t\t<a class=\"rollover rollover-zoom dt-pswp-item\" title=\"\u00a9EchidiAlessandroSogne-10\" data-dt-img-description=\"\" data-large_image_width=\"2560\" data-large_image_height=\"1706\"href='https:\/\/www.radiopiu.net\/wordpress\/wp-content\/uploads\/2023\/08\/\u00a9EchidiAlessandroSogne-10-scaled.jpg'><img loading=\"lazy\" decoding=\"async\" width=\"150\" height=\"150\" src=\"https:\/\/www.radiopiu.net\/wordpress\/wp-content\/uploads\/2023\/08\/\u00a9EchidiAlessandroSogne-10-150x150.jpg\" class=\"attachment-thumbnail size-thumbnail\" alt=\"\" \/><\/a>\n\t\t\t\t<\/dt><\/dl><dl class='gallery-item'>\n\t\t\t\t<dt class='gallery-icon landscape'>\n\t\t\t\t\t<a class=\"rollover rollover-zoom dt-pswp-item\" title=\"\u00a9EchidiAlessandroSogne-7\" data-dt-img-description=\"\" data-large_image_width=\"2560\" data-large_image_height=\"1706\"href='https:\/\/www.radiopiu.net\/wordpress\/wp-content\/uploads\/2023\/08\/\u00a9EchidiAlessandroSogne-7-scaled.jpg'><img loading=\"lazy\" decoding=\"async\" width=\"150\" height=\"150\" src=\"https:\/\/www.radiopiu.net\/wordpress\/wp-content\/uploads\/2023\/08\/\u00a9EchidiAlessandroSogne-7-150x150.jpg\" class=\"attachment-thumbnail size-thumbnail\" alt=\"\" \/><\/a>\n\t\t\t\t<\/dt><\/dl><dl class='gallery-item'>\n\t\t\t\t<dt class='gallery-icon landscape'>\n\t\t\t\t\t<a class=\"rollover rollover-zoom dt-pswp-item\" title=\"\u00a9EchidiAlessandroSogne-11\" data-dt-img-description=\"\" data-large_image_width=\"2560\" data-large_image_height=\"1706\"href='https:\/\/www.radiopiu.net\/wordpress\/wp-content\/uploads\/2023\/08\/\u00a9EchidiAlessandroSogne-11-scaled.jpg'><img loading=\"lazy\" decoding=\"async\" width=\"150\" height=\"150\" src=\"https:\/\/www.radiopiu.net\/wordpress\/wp-content\/uploads\/2023\/08\/\u00a9EchidiAlessandroSogne-11-150x150.jpg\" class=\"attachment-thumbnail size-thumbnail\" alt=\"\" \/><\/a>\n\t\t\t\t<\/dt><\/dl><dl class='gallery-item'>\n\t\t\t\t<dt class='gallery-icon landscape'>\n\t\t\t\t\t<a class=\"rollover rollover-zoom dt-pswp-item\" title=\"\u00a9EchidiAlessandroSogne\" data-dt-img-description=\"\" data-large_image_width=\"2560\" data-large_image_height=\"1706\"href='https:\/\/www.radiopiu.net\/wordpress\/wp-content\/uploads\/2023\/08\/\u00a9EchidiAlessandroSogne-scaled.jpg'><img loading=\"lazy\" decoding=\"async\" width=\"150\" height=\"150\" src=\"https:\/\/www.radiopiu.net\/wordpress\/wp-content\/uploads\/2023\/08\/\u00a9EchidiAlessandroSogne-150x150.jpg\" class=\"attachment-thumbnail size-thumbnail\" alt=\"\" \/><\/a>\n\t\t\t\t<\/dt><\/dl><br style=\"clear: both\" \/>\n\t\t\t<\/div>\n\n<p>&nbsp;<\/p>\n<p><strong>\u00a0GIRO PODISTICO, FOTO ALESSANDRO SOGNE<\/strong><\/p>\n\n\t\t\t<style type='text\/css'>\n\t\t\t\t#gallery-9 {\n\t\t\t\t\tmargin: auto;\n\t\t\t\t}\n\t\t\t\t#gallery-9 .gallery-item {\n\t\t\t\t\tfloat: left;\n\t\t\t\t\tmargin-top: 10px;\n\t\t\t\t\ttext-align: center;\n\t\t\t\t\twidth: 20%;\n\t\t\t\t}\n\t\t\t\t#gallery-9 img {\n\t\t\t\t\tborder: 2px solid #cfcfcf;\n\t\t\t\t}\n\t\t\t\t#gallery-9 .gallery-caption {\n\t\t\t\t\tmargin-left: 0;\n\t\t\t\t}\n\t\t\t\t\/* see gallery_shortcode() in wp-includes\/media.php *\/\n\t\t\t<\/style>\n\t\t<div id='gallery-9' class='dt-gallery-container gallery galleryid-348254 gallery-columns-5 gallery-size-thumbnail'><dl class='gallery-item'>\n\t\t\t\t<dt class='gallery-icon landscape'>\n\t\t\t\t\t<a class=\"rollover\" href='https:\/\/www.radiopiu.net\/wordpress\/il-giro-podistico-di-falcade-2023-la-diretta\/drone-echialessandrosogne\/'><img loading=\"lazy\" decoding=\"async\" width=\"150\" height=\"150\" src=\"https:\/\/www.radiopiu.net\/wordpress\/wp-content\/uploads\/2023\/08\/Drone-\u00a9echialessandrosogne-150x150.jpg\" class=\"attachment-thumbnail size-thumbnail\" alt=\"\" \/><\/a>\n\t\t\t\t<\/dt><\/dl><dl class='gallery-item'>\n\t\t\t\t<dt class='gallery-icon landscape'>\n\t\t\t\t\t<a class=\"rollover\" href='https:\/\/www.radiopiu.net\/wordpress\/il-giro-podistico-di-falcade-2023-la-diretta\/droneechialessandrosogne1\/'><img loading=\"lazy\" decoding=\"async\" width=\"150\" height=\"150\" src=\"https:\/\/www.radiopiu.net\/wordpress\/wp-content\/uploads\/2023\/08\/drone\u00a9echialessandrosogne1-150x150.jpg\" class=\"attachment-thumbnail size-thumbnail\" alt=\"\" \/><\/a>\n\t\t\t\t<\/dt><\/dl><dl class='gallery-item'>\n\t\t\t\t<dt class='gallery-icon landscape'>\n\t\t\t\t\t<a class=\"rollover\" href='https:\/\/www.radiopiu.net\/wordpress\/il-giro-podistico-di-falcade-2023-la-diretta\/grande-pubblico-a-falcadeechidialessandrosogne-7\/'><img loading=\"lazy\" decoding=\"async\" width=\"150\" height=\"150\" src=\"https:\/\/www.radiopiu.net\/wordpress\/wp-content\/uploads\/2023\/08\/Grande-pubblico-a-Falcade\u00a9EchidiAlessandroSogne-7-150x150.jpg\" class=\"attachment-thumbnail size-thumbnail\" alt=\"\" \/><\/a>\n\t\t\t\t<\/dt><\/dl><dl class='gallery-item'>\n\t\t\t\t<dt class='gallery-icon landscape'>\n\t\t\t\t\t<a class=\"rollover\" href='https:\/\/www.radiopiu.net\/wordpress\/il-giro-podistico-di-falcade-2023-la-diretta\/il-vincitore-mihail-sirbuechidialessandrosogne-19\/'><img loading=\"lazy\" decoding=\"async\" width=\"150\" height=\"150\" src=\"https:\/\/www.radiopiu.net\/wordpress\/wp-content\/uploads\/2023\/08\/Il-vincitore-Mihail-Sirbu\u00a9EchidiAlessandroSogne-19-150x150.jpg\" class=\"attachment-thumbnail size-thumbnail\" alt=\"\" \/><\/a>\n\t\t\t\t<\/dt><\/dl><dl class='gallery-item'>\n\t\t\t\t<dt class='gallery-icon landscape'>\n\t\t\t\t\t<a class=\"rollover\" href='https:\/\/www.radiopiu.net\/wordpress\/il-giro-podistico-di-falcade-2023-la-diretta\/la-vincitrice-anna-dal-magroechidialessandrosogne-31\/'><img loading=\"lazy\" decoding=\"async\" width=\"150\" height=\"150\" src=\"https:\/\/www.radiopiu.net\/wordpress\/wp-content\/uploads\/2023\/08\/La-vincitrice-Anna-Dal-Magro\u00a9EchidiAlessandroSogne-31-150x150.jpg\" class=\"attachment-thumbnail size-thumbnail\" alt=\"\" \/><\/a>\n\t\t\t\t<\/dt><\/dl><br style=\"clear: both\" \/><dl class='gallery-item'>\n\t\t\t\t<dt class='gallery-icon landscape'>\n\t\t\t\t\t<a class=\"rollover\" href='https:\/\/www.radiopiu.net\/wordpress\/il-giro-podistico-di-falcade-2023-la-diretta\/martina-scola-seconda-classificataechidialessandrosogne-33\/'><img loading=\"lazy\" decoding=\"async\" width=\"150\" height=\"150\" src=\"https:\/\/www.radiopiu.net\/wordpress\/wp-content\/uploads\/2023\/08\/Martina-Scola-seconda-classificata\u00a9EchidiAlessandroSogne-33-150x150.jpg\" class=\"attachment-thumbnail size-thumbnail\" alt=\"\" \/><\/a>\n\t\t\t\t<\/dt><\/dl><dl class='gallery-item'>\n\t\t\t\t<dt class='gallery-icon landscape'>\n\t\t\t\t\t<a class=\"rollover\" href='https:\/\/www.radiopiu.net\/wordpress\/il-giro-podistico-di-falcade-2023-la-diretta\/mini-giro-2echidialessandrosogne-10\/'><img loading=\"lazy\" decoding=\"async\" width=\"150\" height=\"150\" src=\"https:\/\/www.radiopiu.net\/wordpress\/wp-content\/uploads\/2023\/08\/MINI-GIRO-2\u00a9EchidiAlessandroSogne-10-150x150.jpg\" class=\"attachment-thumbnail size-thumbnail\" alt=\"\" \/><\/a>\n\t\t\t\t<\/dt><\/dl><dl class='gallery-item'>\n\t\t\t\t<dt class='gallery-icon landscape'>\n\t\t\t\t\t<a class=\"rollover\" href='https:\/\/www.radiopiu.net\/wordpress\/il-giro-podistico-di-falcade-2023-la-diretta\/mini-giroechidialessandrosogne-4\/'><img loading=\"lazy\" decoding=\"async\" width=\"150\" height=\"150\" src=\"https:\/\/www.radiopiu.net\/wordpress\/wp-content\/uploads\/2023\/08\/MINI-GIRO\u00a9EchidiAlessandroSogne-4-150x150.jpg\" class=\"attachment-thumbnail size-thumbnail\" alt=\"\" \/><\/a>\n\t\t\t\t<\/dt><\/dl><dl class='gallery-item'>\n\t\t\t\t<dt class='gallery-icon landscape'>\n\t\t\t\t\t<a class=\"rollover\" href='https:\/\/www.radiopiu.net\/wordpress\/il-giro-podistico-di-falcade-2023-la-diretta\/partenza-giro-podisticoechidialessandrosogne-16\/'><img loading=\"lazy\" decoding=\"async\" width=\"150\" height=\"150\" src=\"https:\/\/www.radiopiu.net\/wordpress\/wp-content\/uploads\/2023\/08\/Partenza-giro-podistico\u00a9EchidiAlessandroSogne-16-150x150.jpg\" class=\"attachment-thumbnail size-thumbnail\" alt=\"\" \/><\/a>\n\t\t\t\t<\/dt><\/dl><dl class='gallery-item'>\n\t\t\t\t<dt class='gallery-icon landscape'>\n\t\t\t\t\t<a class=\"rollover\" href='https:\/\/www.radiopiu.net\/wordpress\/il-giro-podistico-di-falcade-2023-la-diretta\/passaggio-giroechidialessandrosogne-41\/'><img loading=\"lazy\" decoding=\"async\" width=\"150\" height=\"150\" src=\"https:\/\/www.radiopiu.net\/wordpress\/wp-content\/uploads\/2023\/08\/Passaggio-giro\u00a9EchidiAlessandroSogne-41-150x150.jpg\" class=\"attachment-thumbnail size-thumbnail\" alt=\"\" \/><\/a>\n\t\t\t\t<\/dt><\/dl><br style=\"clear: both\" \/>\n\t\t\t<\/div>\n\n<p>&nbsp;<\/p>\n<p><span style=\"color: #0000ff;\"><strong>PALLAVOLO<\/strong><\/span><\/p>\n<blockquote>\n<h3>CARLOTTA DE BERBA E CLAUDIA FIABANE: DUE FACCE DELLA STESSA MEDAGLIA<\/h3>\n<\/blockquote>\n<p><strong><a class=\"dt-pswp-item\" href=\"https:\/\/www.radiopiu.net\/wordpress\/wp-content\/uploads\/2023\/08\/De_Barba_Fiabane_Homeclick.jpg\" data-dt-img-description=\"\" data-large_image_width=\"800\" data-large_image_height=\"400\"><img loading=\"lazy\" decoding=\"async\" class=\" wp-image-348329 alignleft\" src=\"https:\/\/www.radiopiu.net\/wordpress\/wp-content\/uploads\/2023\/08\/De_Barba_Fiabane_Homeclick-300x150.jpg\" alt=\"\" width=\"216\" height=\"108\" srcset=\"https:\/\/www.radiopiu.net\/wordpress\/wp-content\/uploads\/2023\/08\/De_Barba_Fiabane_Homeclick-300x150.jpg 300w, https:\/\/www.radiopiu.net\/wordpress\/wp-content\/uploads\/2023\/08\/De_Barba_Fiabane_Homeclick-768x384.jpg 768w, https:\/\/www.radiopiu.net\/wordpress\/wp-content\/uploads\/2023\/08\/De_Barba_Fiabane_Homeclick.jpg 800w\" sizes=\"auto, (max-width: 216px) 100vw, 216px\" \/><\/a>BELLUNO <\/strong>Carlotta e Claudia. De Barba e Fiabane. Due atlete di spessore tecnico e di personalit\u00e0, capaci di incidere sul parquet, cos\u00ec come in spogliatoio. Con la forza del loro esempio. Delle loro giocate. Di un atteggiamento improntato sempre al bene della squadra, in cui il \u201cnoi\u201d oscura l\u2019\u201cio\u201d.\u00a0De Barba e Fiabane: schiacciatrice l\u2019una, centrale l\u2019altra. Punti di riferimento della Pallavolo Sedico e Pallavolo Belluno, fino alla scorsa annata. E ora, due facce della stessa medaglia: una medaglia targata<span class=\"gmail-Apple-converted-space\">\u00a0<\/span>Homeclick SB Volley.<\/p>\n<p>&nbsp;<\/p>\n<p>&nbsp;<\/p>\n<p>&nbsp;<\/p>\n<\/div>\n<\/div>\n","protected":false},"excerpt":{"rendered":"<p>40esimo di RADIOPIU\u2026. LA VOCE DELL\u2019EMOZIONE ISCRIVITI AL NOSTRO CANALE\u00a0\u00a0YOUTUBE PER SEGUIRE IN DIRETTA I PRINCIPALI PROGRAMMI DI RADIO PIU\u2019 E LE FUTURE DIRETTE IN ESTERNA. PER ISCRIVERTI\u00a0CLICCA QUI\u00a0E PREMI\u00a0 \u201cIscriviti\u201d AGORDO EVENTI DI SUCCESSO, IL CINEMA AD AGORDO IN PIAZZETTA VECCHIA. SABATO TUTTO ESAURITO PER FREDDY DEI QUEEN&#8230; \u00a0 &nbsp; OLTRE CENCENIGHE&#8230; I PERICOLI&hellip;<\/p>\n","protected":false},"author":4,"featured_media":348484,"comment_status":"closed","ping_status":"closed","sticky":false,"template":"","format":"standard","meta":{"_monsterinsights_skip_tracking":false,"_monsterinsights_sitenote_active":false,"_monsterinsights_sitenote_note":"","_monsterinsights_sitenote_category":0,"footnotes":""},"categories":[51,86,49],"tags":[],"class_list":["post-348254","post","type-post","status-publish","format-standard","has-post-thumbnail","hentry","category-evidenza-top","category-gr","category-news-18","category-51","category-86","category-49","description-off"],"img_url":"https:\/\/www.radiopiu.net\/wordpress\/wp-content\/uploads\/2023\/08\/Senza-nome-34.png","_links":{"self":[{"href":"https:\/\/www.radiopiu.net\/wordpress\/wp-json\/wp\/v2\/posts\/348254","targetHints":{"allow":["GET"]}}],"collection":[{"href":"https:\/\/www.radiopiu.net\/wordpress\/wp-json\/wp\/v2\/posts"}],"about":[{"href":"https:\/\/www.radiopiu.net\/wordpress\/wp-json\/wp\/v2\/types\/post"}],"author":[{"embeddable":true,"href":"https:\/\/www.radiopiu.net\/wordpress\/wp-json\/wp\/v2\/users\/4"}],"replies":[{"embeddable":true,"href":"https:\/\/www.radiopiu.net\/wordpress\/wp-json\/wp\/v2\/comments?post=348254"}],"version-history":[{"count":0,"href":"https:\/\/www.radiopiu.net\/wordpress\/wp-json\/wp\/v2\/posts\/348254\/revisions"}],"wp:featuredmedia":[{"embeddable":true,"href":"https:\/\/www.radiopiu.net\/wordpress\/wp-json\/wp\/v2\/media\/348484"}],"wp:attachment":[{"href":"https:\/\/www.radiopiu.net\/wordpress\/wp-json\/wp\/v2\/media?parent=348254"}],"wp:term":[{"taxonomy":"category","embeddable":true,"href":"https:\/\/www.radiopiu.net\/wordpress\/wp-json\/wp\/v2\/categories?post=348254"},{"taxonomy":"post_tag","embeddable":true,"href":"https:\/\/www.radiopiu.net\/wordpress\/wp-json\/wp\/v2\/tags?post=348254"}],"curies":[{"name":"wp","href":"https:\/\/api.w.org\/{rel}","templated":true}]}}