{"id":348265,"date":"2023-08-12T05:17:51","date_gmt":"2023-08-12T03:17:51","guid":{"rendered":"https:\/\/www.radiopiu.net\/wordpress\/?p=348265"},"modified":"2023-08-12T05:20:23","modified_gmt":"2023-08-12T03:20:23","slug":"inaugurato-il-centro-di-accoglienza-a-lamon-primi-cinque-richiedenti-asilo-accolti","status":"publish","type":"post","link":"https:\/\/www.radiopiu.net\/wordpress\/inaugurato-il-centro-di-accoglienza-a-lamon-primi-cinque-richiedenti-asilo-accolti\/","title":{"rendered":"Inaugurato il Centro di Accoglienza a Lamon: Primi Cinque Richiedenti Asilo Accolti"},"content":{"rendered":"<blockquote>\n<h2><\/h2>\n<\/blockquote>\n<div class=\"flex-1 overflow-hidden\">\n<div class=\"react-scroll-to-bottom--css-gpnaz-79elbk h-full dark:bg-gray-800\">\n<div class=\"react-scroll-to-bottom--css-gpnaz-1n7m0yu\">\n<div class=\"flex flex-col text-sm dark:bg-gray-800\">\n<div class=\"group w-full text-token-text-primary border-b border-black\/10 dark:border-gray-900\/50 bg-gray-50 dark:bg-[#444654]\">\n<div class=\"flex p-4 gap-4 text-base md:gap-6 md:max-w-2xl lg:max-w-[38rem] xl:max-w-3xl md:py-6 lg:px-0 m-auto\">\n<div class=\"relative flex w-[calc(100%-50px)] flex-col gap-1 md:gap-3 lg:w-[calc(100%-115px)]\">\n<div class=\"flex flex-grow flex-col gap-3\">\n<div class=\"min-h-[20px] flex flex-col items-start gap-3 overflow-x-auto whitespace-pre-wrap break-words\">\n<div class=\"markdown prose w-full break-words dark:prose-invert light\">\n<p><strong><a class=\"dt-pswp-item\" href=\"https:\/\/www.radiopiu.net\/wordpress\/wp-content\/uploads\/2020\/04\/Lamon-4.jpg\" data-dt-img-description=\"\" data-large_image_width=\"1024\" data-large_image_height=\"768\"><img loading=\"lazy\" decoding=\"async\" class=\" wp-image-128216 alignleft\" src=\"https:\/\/www.radiopiu.net\/wordpress\/wp-content\/uploads\/2020\/04\/Lamon-4-300x225.jpg\" alt=\"\" width=\"224\" height=\"168\" srcset=\"https:\/\/www.radiopiu.net\/wordpress\/wp-content\/uploads\/2020\/04\/Lamon-4-300x225.jpg 300w, https:\/\/www.radiopiu.net\/wordpress\/wp-content\/uploads\/2020\/04\/Lamon-4-768x576.jpg 768w, https:\/\/www.radiopiu.net\/wordpress\/wp-content\/uploads\/2020\/04\/Lamon-4.jpg 1024w\" sizes=\"auto, (max-width: 224px) 100vw, 224px\" \/><\/a>LAMON<\/strong> Ieri \u00e8 stato inaugurato il nuovo centro di accoglienza per richiedenti asilo. Quattro giovani egiziani e un siriano, tutti con et\u00e0 comprese tra i 25 e i 30 anni, sono stati i primi ospiti a varcare la soglia di questa struttura, avviando cos\u00ec una nuova fase di integrazione e solidariet\u00e0. Il tardo pomeriggio di ieri ha visto l&#8217;arrivo dei cinque richiedenti asilo, che hanno immediatamente iniziato a prendere confidenza con i nuovi spazi che li ospiteranno durante il periodo di permanenza sull&#8217;altopiano. La comunit\u00e0 locale si \u00e8 mobilitata per accoglierli con calore, dimostrando un&#8217;apertura e una volont\u00e0 di aiutare che rispecchia i valori di accoglienza e umanit\u00e0. Il centro di accoglienza di Lamon rappresenta un passo importante nella gestione della crisi migratoria e nella promozione dell&#8217;integrazione. Il personale dedicato sar\u00e0 incaricato di fornire supporto ai nuovi arrivati, aiutandoli a superare le difficolt\u00e0 iniziali e a familiarizzare con la cultura e le consuetudini locali. L&#8217;obiettivo \u00e8 quello di creare un ambiente sicuro e accogliente, che possa favorire la costruzione di legami e relazioni positive tra la comunit\u00e0 ospitante e i richiedenti asilo.<\/p>\n<\/div>\n<\/div>\n<\/div>\n<\/div>\n<\/div>\n<\/div>\n<\/div>\n<\/div>\n<\/div>\n<\/div>\n<p>&nbsp;<\/p>\n<p>&nbsp;<\/p>\n<p>&nbsp;<\/p>\n<hr \/>\n<p>&nbsp;<\/p>\n","protected":false},"excerpt":{"rendered":"<p>LAMON Ieri \u00e8 stato inaugurato il nuovo centro di accoglienza per richiedenti asilo. Quattro giovani egiziani e un siriano, tutti con et\u00e0 comprese tra i 25 e i 30 anni, sono stati i primi ospiti a varcare la soglia di questa struttura, avviando cos\u00ec una nuova fase di integrazione e solidariet\u00e0. Il tardo pomeriggio di&hellip;<\/p>\n","protected":false},"author":4,"featured_media":128216,"comment_status":"closed","ping_status":"closed","sticky":false,"template":"","format":"standard","meta":{"_monsterinsights_skip_tracking":false,"_monsterinsights_sitenote_active":false,"_monsterinsights_sitenote_note":"","_monsterinsights_sitenote_category":0,"footnotes":""},"categories":[51,49],"tags":[],"class_list":["post-348265","post","type-post","status-publish","format-standard","has-post-thumbnail","hentry","category-evidenza-top","category-news-18","category-51","category-49","description-off"],"img_url":"https:\/\/www.radiopiu.net\/wordpress\/wp-content\/uploads\/2020\/04\/Lamon-4.jpg","_links":{"self":[{"href":"https:\/\/www.radiopiu.net\/wordpress\/wp-json\/wp\/v2\/posts\/348265","targetHints":{"allow":["GET"]}}],"collection":[{"href":"https:\/\/www.radiopiu.net\/wordpress\/wp-json\/wp\/v2\/posts"}],"about":[{"href":"https:\/\/www.radiopiu.net\/wordpress\/wp-json\/wp\/v2\/types\/post"}],"author":[{"embeddable":true,"href":"https:\/\/www.radiopiu.net\/wordpress\/wp-json\/wp\/v2\/users\/4"}],"replies":[{"embeddable":true,"href":"https:\/\/www.radiopiu.net\/wordpress\/wp-json\/wp\/v2\/comments?post=348265"}],"version-history":[{"count":0,"href":"https:\/\/www.radiopiu.net\/wordpress\/wp-json\/wp\/v2\/posts\/348265\/revisions"}],"wp:featuredmedia":[{"embeddable":true,"href":"https:\/\/www.radiopiu.net\/wordpress\/wp-json\/wp\/v2\/media\/128216"}],"wp:attachment":[{"href":"https:\/\/www.radiopiu.net\/wordpress\/wp-json\/wp\/v2\/media?parent=348265"}],"wp:term":[{"taxonomy":"category","embeddable":true,"href":"https:\/\/www.radiopiu.net\/wordpress\/wp-json\/wp\/v2\/categories?post=348265"},{"taxonomy":"post_tag","embeddable":true,"href":"https:\/\/www.radiopiu.net\/wordpress\/wp-json\/wp\/v2\/tags?post=348265"}],"curies":[{"name":"wp","href":"https:\/\/api.w.org\/{rel}","templated":true}]}}