{"id":348272,"date":"2023-08-12T05:10:39","date_gmt":"2023-08-12T03:10:39","guid":{"rendered":"https:\/\/www.radiopiu.net\/wordpress\/?p=348272"},"modified":"2023-08-12T05:29:16","modified_gmt":"2023-08-12T03:29:16","slug":"dillo-a-radio-piu-el-col-de-san-lugan","status":"publish","type":"post","link":"https:\/\/www.radiopiu.net\/wordpress\/dillo-a-radio-piu-el-col-de-san-lugan\/","title":{"rendered":"DILLO A RADIO PIU&#8217;&#8230;EL COL DE SAN LUGAN"},"content":{"rendered":"<blockquote>\n<h3><a class=\"dt-pswp-item\" href=\"https:\/\/www.radiopiu.net\/wordpress\/wp-content\/uploads\/2023\/08\/th-4.jpg\" data-dt-img-description=\"\" data-large_image_width=\"156\" data-large_image_height=\"180\"><img loading=\"lazy\" decoding=\"async\" class=\"size-full wp-image-348271 alignleft\" src=\"https:\/\/www.radiopiu.net\/wordpress\/wp-content\/uploads\/2023\/08\/th-4.jpg\" alt=\"\" width=\"156\" height=\"180\" \/><\/a><\/h3>\n<\/blockquote>\n<p><strong>REDAZIONE<\/strong> Riceviamo e pubblichiamo<\/p>\n<blockquote><p><em>Alla sera, quando mi affaccio al balcone di casa mia, ho il piacere di ammirare la luce che si diffonde dal &#8221; Col de San Lugan &#8220;. Bella iniziativa. Complimenti a chi l&#8217; ha ideata.<\/em><\/p>\n<p><em>Davide Benvegn\u00f9<\/em><\/p><\/blockquote>\n<p>La Valle di San Lucano \u00e8 una delle poche valli rimaste quasi totalmente selvagge. Il Monte Agner, la sua vertiginosa parete Nord di 1600 mt. la pi\u00f9 lunga delle Dolomiti e le Pale di San Lucano. Conosciuta con l&#8217;appellativo lo Yosemite delle Dolomiti \u00e8 considerata la valle glaciale pi\u00f9 profonda delle Dolomiti. Percorriamo in tutta la sua lunghezza questa valle stupenda, selvaggia dove lo spirito e la propria anima trovano pace&#8230;a pochi passi dalla pianura, entriamo in una nuova dimensione dove il tempo sembra essersi fermato.<\/p>\n<p>&nbsp;<\/p>\n<p>&nbsp;<\/p>\n<hr \/>\n<p>&nbsp;<\/p>\n","protected":false},"excerpt":{"rendered":"<p>REDAZIONE Riceviamo e pubblichiamo Alla sera, quando mi affaccio al balcone di casa mia, ho il piacere di ammirare la luce che si diffonde dal &#8221; Col de San Lugan &#8220;. Bella iniziativa. Complimenti a chi l&#8217; ha ideata. Davide Benvegn\u00f9 La Valle di San Lucano \u00e8 una delle poche valli rimaste quasi totalmente selvagge.&hellip;<\/p>\n","protected":false},"author":4,"featured_media":348271,"comment_status":"closed","ping_status":"closed","sticky":false,"template":"","format":"standard","meta":{"_monsterinsights_skip_tracking":false,"_monsterinsights_sitenote_active":false,"_monsterinsights_sitenote_note":"","_monsterinsights_sitenote_category":0,"footnotes":""},"categories":[104,49],"tags":[],"class_list":["post-348272","post","type-post","status-publish","format-standard","has-post-thumbnail","hentry","category-evidenza_3","category-news-18","category-104","category-49","description-off"],"img_url":"https:\/\/www.radiopiu.net\/wordpress\/wp-content\/uploads\/2023\/08\/th-4.jpg","_links":{"self":[{"href":"https:\/\/www.radiopiu.net\/wordpress\/wp-json\/wp\/v2\/posts\/348272","targetHints":{"allow":["GET"]}}],"collection":[{"href":"https:\/\/www.radiopiu.net\/wordpress\/wp-json\/wp\/v2\/posts"}],"about":[{"href":"https:\/\/www.radiopiu.net\/wordpress\/wp-json\/wp\/v2\/types\/post"}],"author":[{"embeddable":true,"href":"https:\/\/www.radiopiu.net\/wordpress\/wp-json\/wp\/v2\/users\/4"}],"replies":[{"embeddable":true,"href":"https:\/\/www.radiopiu.net\/wordpress\/wp-json\/wp\/v2\/comments?post=348272"}],"version-history":[{"count":0,"href":"https:\/\/www.radiopiu.net\/wordpress\/wp-json\/wp\/v2\/posts\/348272\/revisions"}],"wp:featuredmedia":[{"embeddable":true,"href":"https:\/\/www.radiopiu.net\/wordpress\/wp-json\/wp\/v2\/media\/348271"}],"wp:attachment":[{"href":"https:\/\/www.radiopiu.net\/wordpress\/wp-json\/wp\/v2\/media?parent=348272"}],"wp:term":[{"taxonomy":"category","embeddable":true,"href":"https:\/\/www.radiopiu.net\/wordpress\/wp-json\/wp\/v2\/categories?post=348272"},{"taxonomy":"post_tag","embeddable":true,"href":"https:\/\/www.radiopiu.net\/wordpress\/wp-json\/wp\/v2\/tags?post=348272"}],"curies":[{"name":"wp","href":"https:\/\/api.w.org\/{rel}","templated":true}]}}