{"id":348280,"date":"2023-08-12T07:55:31","date_gmt":"2023-08-12T05:55:31","guid":{"rendered":"https:\/\/www.radiopiu.net\/wordpress\/?p=348280"},"modified":"2023-08-12T08:01:03","modified_gmt":"2023-08-12T06:01:03","slug":"loriginale-dal-1983-la-rassegna-della-stampa-locale-di-mirko-mezzacasa","status":"publish","type":"post","link":"https:\/\/www.radiopiu.net\/wordpress\/loriginale-dal-1983-la-rassegna-della-stampa-locale-di-mirko-mezzacasa\/","title":{"rendered":"L&#8217;ORIGINALE, DAL 1983: LA RASSEGNA DELLA STAMPA LOCALE DI MIRKO MEZZACASA"},"content":{"rendered":"<p><iframe loading=\"lazy\" title=\"RASSEGNA STAMPA LOCALE\" width=\"1200\" height=\"675\" src=\"https:\/\/www.youtube.com\/embed\/nzw4v6yV76s?feature=oembed\" frameborder=\"0\" allow=\"accelerometer; autoplay; clipboard-write; encrypted-media; gyroscope; picture-in-picture; web-share\" allowfullscreen><\/iframe><\/p>\n<p>&nbsp;<\/p>\n<p>UN SABATO DA BOLLINO NERO SULLE STRADESecondo fine settimana di agosto con un sabato di bollino nero per le partenze del ponte di Ferragosto. In previsione dell\u2019aumento dei flussi veicolari nella mattinata di sabato 12 agosto Anas presidia la rete per mantenere fluida la circolazione<br \/>\nREDAZIONE Ieri in mattinata la Croce Verde Val Biois \u00e8 intervenuta a Gares di Canale D&#8217;Agordo per soccorrere un ciclista che si era fatto male con la sua E-Bike. A mezzogiorno l&#8217;elicottero Falco \u00e8 stato inviato a Sappada per un&#8217;auto che aveva investito un pedone, elitrasportato all&#8217;Ospedale di Belluno un uomo di 82 anni. Falco \u00e8 stato inviato sulla Marmolada dove un uomo di 43 anni di Roma ha chiesto aiuto per un trauma alla caviglia.<br \/>\nMILANO Padovani e veronesi sono i guidatori pi\u00f9 multati del Veneto; il dato emerge dall\u2019analisi congiunta Facile.it realizzata esaminando i rendiconto dei proventi delle violazioni del Codice della Strada pubblicati dalle citt\u00e0 capoluogo di provincia venete*.<br \/>\nLAMON Inaugurato il Centro di Accoglienza: Primi Cinque Richiedenti Asilo Accolti<br \/>\nLA VALLE Due nuove tracce della presenza dei dinosauri sulle Dolomiti agordine-zoldane? Se lo sono chiesto in questi giorni due geologi, che nel corso di un&#8217;escursione sul Monte Tamer (La Valle Agordina, catena del San Sebastiano), poco fuori dal sentiero che conduce in vetta (2550 metri) hanno individuato un masso di Dolomia Principale con due impronte, entrambe di circa 15-20 cm di lunghezza.<br \/>\nL\u2019INDUSTRIA MANIFATTURIERA DELLA TORREFAZIONE DELLE PROVINCE DI TREVISO E DI BELLUNO VALE OLTRE 170 MILIONI lo studio della Camera di Commercio di Belluno_Treviso<br \/>\nBELLUNO Fiat 500 in festa a Villa Miari Fulcis a Modolo, ai piedi del Nevegal a Belluno. Per la Festa di San Lorenzo, le auto storiche in mostra tra test, musica, mostre e cicchetti.<br \/>\nBELLUNO \u00c8 stato presentato &#8220;Fil\u00f2&#8221;, un nuovo luogo di aggregazione gestito dall&#8217;associazione Nevegallika sul Nevegal, con la presenza del Sindaco di Belluno Oscar De Pellegrin e altre figure istituzionali. Il nome &#8220;Fil\u00f2&#8221; evoca tradizioni, valori e un senso di comunit\u00e0, derivante dall&#8217;antica pratica del &#8220;filare&#8221; delle donne in stalla mentre la comunit\u00e0 si riuniva.<br \/>\nREDAZIONE ieri ALLE 16.30, oggi \u00a0 ALLE 13.10, domani ALLE 8.05, LO SPECIALE ESTIVO IN COLLABORAZIONE CON IL COMITATO PROLOCO DELL&#8217;AGORDINO. OGNI SETTIMANA GLI APPUNTAMENTI CON IL DIVERTIMENTO, LA CULTURA E LO SPORT. SEGUICI E SARAI SEMPRE INFORMATO&#8230; ANCHE AD AGOSTO<br \/>\nAGORDO L\u2019Assemblea si terr\u00e0 presso la sala Don Tamis dell\u2019Unione Montana in Via 27 Aprile oggi alle 15<br \/>\nAGORDO: domani SECONDO APPUNTAMENTO CON IL MERCATINO DELL\u2019ANTIQUARIATO attorno al Broi<br \/>\nVOLTAGO Fine settimana al rifugio Scarpa con due eventi, Viaggi Verticali e domani con Paola Favero<br \/>\nA TAIBON da visitare, MUSEO ETNOGRAFICO APERTO E MOSTRA CON I DISEGNI DEGLI ALUNNI DELLA PRIMARIA<br \/>\nCANALE D&#8217;AGORDO Domani alle 21 in Sala Emigranti a Canale D&#8217;Agordo viene organizzata una serata con Roberto Sorama\u00e8 per parlare dei suoi numerosi viaggi in Africa.<br \/>\nAGORDO Tre serate di proiezioni sotto le stelle delle Dolomiti Ad agosto 2023, torna ad Agordo il cinema all\u2019aperto. Gli appuntamenti della rassegna:\u00a0 \u25cf oggi: Bohemian Rhapsody, di Bryan Singer<br \/>\nSELVA DI CADORE Il gruppo Folk di Selva di Cadore vi aspetta domani per la quinta edizione di \u201cMagn\u00e0 an Bocon su par l\u2019Andria\u201d l\u2019evento gastronomico fra i borghi della Val Fiorentina a Selva di Cadore<br \/>\nCANALE D&#8217;AGORDO OGGI E DOMANI A CANALE D&#8217;AGORDO FESTA DEL CACCIATORE<br \/>\nL&#8217;ESTATE CON L&#8217;ASSOCIAZIONE BORGO DI SOTTOGUDA<br \/>\nAPPUNTAMENTI D&#8217;ESTATE CON L&#8217;ASSOCIAZIONE BORGO SOTTOGUDA. OGGI IL MERCATO BONTA&#8217; E BENESSERE, DALLE 21 IN PIAZZETTA A SOTTOGUDA IL TRIBUTO A LUCIO BATTISTI INTERPRETATO DA ERA BATTISTI<br \/>\nCENCENIGHE Gioved\u00ec 17 agosto alla Birreria Stella di Cencenighe Agordino dalle 21:00 &#8211; John Wise trio<br \/>\nCORTINA Marted\u00ec 12 settembre, evento straordinario al Rifugio Averau. Gli chef di casa, Matteo e Stefano, della trattoria alla Cima di Valdobbiadene uniscono genio e bravura per un&#8217;esperienza unica &#8220;dalla laguna alle dolomiti&#8221;<br \/>\nHOCKEY SU GHIACCIO CONFERMATO THOMAS ANGOLETTA NELLE FILE DELL\u2019ALLEGHE HOCKEY<br \/>\nPALLAVOLO A MASSIMO DE GRANDIS LE SQUADRE UNDER 19 E PRIMA DIVISIONE DEL BELLUNO VOLLEY<br \/>\nCORSA CAMPESTRE DOMANI IL GIRO PODISTICO DI FALCADE<br \/>\nDELICIOUS FESTIVAL DOLOMITIPROSSIMO AL SOLD OUT<\/p>\n<p>&nbsp;<\/p>\n","protected":false},"excerpt":{"rendered":"<p>&nbsp; UN SABATO DA BOLLINO NERO SULLE STRADESecondo fine settimana di agosto con un sabato di bollino nero per le partenze del ponte di Ferragosto. In previsione dell\u2019aumento dei flussi veicolari nella mattinata di sabato 12 agosto Anas presidia la rete per mantenere fluida la circolazione REDAZIONE Ieri in mattinata la Croce Verde Val Biois&hellip;<\/p>\n","protected":false},"author":4,"featured_media":348281,"comment_status":"closed","ping_status":"closed","sticky":false,"template":"","format":"standard","meta":{"_monsterinsights_skip_tracking":false,"_monsterinsights_sitenote_active":false,"_monsterinsights_sitenote_note":"","_monsterinsights_sitenote_category":0,"footnotes":""},"categories":[104,49,142],"tags":[],"class_list":["post-348280","post","type-post","status-publish","format-standard","has-post-thumbnail","hentry","category-evidenza_3","category-news-18","category-rassegna-stampa","category-104","category-49","category-142","description-off"],"img_url":"https:\/\/www.radiopiu.net\/wordpress\/wp-content\/uploads\/2023\/08\/COPER-4.png","_links":{"self":[{"href":"https:\/\/www.radiopiu.net\/wordpress\/wp-json\/wp\/v2\/posts\/348280","targetHints":{"allow":["GET"]}}],"collection":[{"href":"https:\/\/www.radiopiu.net\/wordpress\/wp-json\/wp\/v2\/posts"}],"about":[{"href":"https:\/\/www.radiopiu.net\/wordpress\/wp-json\/wp\/v2\/types\/post"}],"author":[{"embeddable":true,"href":"https:\/\/www.radiopiu.net\/wordpress\/wp-json\/wp\/v2\/users\/4"}],"replies":[{"embeddable":true,"href":"https:\/\/www.radiopiu.net\/wordpress\/wp-json\/wp\/v2\/comments?post=348280"}],"version-history":[{"count":0,"href":"https:\/\/www.radiopiu.net\/wordpress\/wp-json\/wp\/v2\/posts\/348280\/revisions"}],"wp:featuredmedia":[{"embeddable":true,"href":"https:\/\/www.radiopiu.net\/wordpress\/wp-json\/wp\/v2\/media\/348281"}],"wp:attachment":[{"href":"https:\/\/www.radiopiu.net\/wordpress\/wp-json\/wp\/v2\/media?parent=348280"}],"wp:term":[{"taxonomy":"category","embeddable":true,"href":"https:\/\/www.radiopiu.net\/wordpress\/wp-json\/wp\/v2\/categories?post=348280"},{"taxonomy":"post_tag","embeddable":true,"href":"https:\/\/www.radiopiu.net\/wordpress\/wp-json\/wp\/v2\/tags?post=348280"}],"curies":[{"name":"wp","href":"https:\/\/api.w.org\/{rel}","templated":true}]}}