{"id":348354,"date":"2023-08-12T19:21:16","date_gmt":"2023-08-12T17:21:16","guid":{"rendered":"https:\/\/www.radiopiu.net\/wordpress\/?p=348354"},"modified":"2023-08-12T19:21:16","modified_gmt":"2023-08-12T17:21:16","slug":"40-anni-di-impegno-nellail-dalla-lotta-contro-le-leucemie-al-sostegno-alle-famiglie-nicolo-nonna-sono-fiero-di-te","status":"publish","type":"post","link":"https:\/\/www.radiopiu.net\/wordpress\/40-anni-di-impegno-nellail-dalla-lotta-contro-le-leucemie-al-sostegno-alle-famiglie-nicolo-nonna-sono-fiero-di-te\/","title":{"rendered":"40 Anni di Impegno nell&#8217;Ail  dalla Lotta Contro le Leucemie al Sostegno Alle Famiglie. Nicolo&#8217; &#8220;Nonna sono fiero di te&#8221;"},"content":{"rendered":"<p><strong><a class=\"dt-pswp-item\" href=\"https:\/\/www.radiopiu.net\/wordpress\/wp-content\/uploads\/2023\/08\/Senza-nome-32-e1691860823503.png\" data-dt-img-description=\"\" data-large_image_width=\"375\" data-large_image_height=\"280\"><img loading=\"lazy\" decoding=\"async\" class=\" wp-image-348358 alignright\" src=\"https:\/\/www.radiopiu.net\/wordpress\/wp-content\/uploads\/2023\/08\/Senza-nome-32-e1691860823503-300x224.png\" alt=\"\" width=\"253\" height=\"189\" srcset=\"https:\/\/www.radiopiu.net\/wordpress\/wp-content\/uploads\/2023\/08\/Senza-nome-32-e1691860823503-300x224.png 300w, https:\/\/www.radiopiu.net\/wordpress\/wp-content\/uploads\/2023\/08\/Senza-nome-32-e1691860823503.png 375w\" sizes=\"auto, (max-width: 253px) 100vw, 253px\" \/><\/a>BELLUNO<\/strong> Carmen Mione, 40 anni nell&#8217;Ail, L&#8217;associazione che \u00a0promuove e sostiene la ricerca scientifica per la cura delle leucemie, dei linfomi e del mieloma. Assolve il compito di assistere i malati e le loro famiglie, accompagnandoli in tutte le fasi della malattia. Carmen \u00e8 stata la prima e unica presidente. Nel 2024 lascer\u00e0 l&#8217;incarico cedendo il testimone a Mauro Montico che come Carmen ha condiviso sulle propria pelle gli effetti della malattia <a class=\"dt-pswp-item\" href=\"https:\/\/www.radiopiu.net\/wordpress\/wp-content\/uploads\/2023\/08\/Senza-nome-31.png\" data-dt-img-description=\"\" data-large_image_width=\"226\" data-large_image_height=\"199\"><img loading=\"lazy\" decoding=\"async\" class=\" wp-image-348355 alignleft\" src=\"https:\/\/www.radiopiu.net\/wordpress\/wp-content\/uploads\/2023\/08\/Senza-nome-31.png\" alt=\"\" width=\"143\" height=\"126\" \/><\/a>di un famigliare. <em>&#8220;E&#8217; tanto che volevo dire grazie alla mia nonna per il grande impegno &#8211; ci confida\u00a0 il nipote Nicolo&#8217; Busato &#8211; sono fiero di lei, di quanto ha fatto e ancora far\u00e0, ne sono certo che nonostante il periodo di riposo (meritato) non abbandoner\u00e0 mai L&#8217;Ail e i suoi volontari che nonna Carmen non dimentica mai di ringraziare&#8221;.\u00a0<\/em><\/p>\n<p><strong>LA STORIA<\/strong> Nel 1983, avendo sperimentato in prima persona il dramma di vedere la propria figlia colpita dalla leucemia, Carmen Mione decide che bisogna trovare il modo di fornire a tutti i malati ed alle loro famiglie quel supporto di cui lei stessa ha sentito la mancanza: nasce cos\u00ec, da una semplice forte mamma, il grande progetto di creare anche a Belluno una sezione AIL. Nei successivi 13 anni Carmen si adopera affinch\u00e9 Belluno cooperi con la realt\u00e0 di Padova, gi\u00e0 strutturata. La piccola realt\u00e0 di allora \u00e8 cresciuta grazie al contributo di amici e famigliari di persone colpite dalla malattia, oggi conta centinaia di volontari che si dedica alla cura e supporto del malato.<\/p>\n<p>&nbsp;<\/p>\n<p>&nbsp;<\/p>\n<hr \/>\n<p>&nbsp;<\/p>\n","protected":false},"excerpt":{"rendered":"<p>BELLUNO Carmen Mione, 40 anni nell&#8217;Ail, L&#8217;associazione che \u00a0promuove e sostiene la ricerca scientifica per la cura delle leucemie, dei linfomi e del mieloma. Assolve il compito di assistere i malati e le loro famiglie, accompagnandoli in tutte le fasi della malattia. Carmen \u00e8 stata la prima e unica presidente. Nel 2024 lascer\u00e0 l&#8217;incarico cedendo&hellip;<\/p>\n","protected":false},"author":4,"featured_media":348355,"comment_status":"closed","ping_status":"closed","sticky":false,"template":"","format":"standard","meta":{"_monsterinsights_skip_tracking":false,"_monsterinsights_sitenote_active":false,"_monsterinsights_sitenote_note":"","_monsterinsights_sitenote_category":0,"footnotes":""},"categories":[104,49],"tags":[],"class_list":["post-348354","post","type-post","status-publish","format-standard","has-post-thumbnail","hentry","category-evidenza_3","category-news-18","category-104","category-49","description-off"],"img_url":"https:\/\/www.radiopiu.net\/wordpress\/wp-content\/uploads\/2023\/08\/Senza-nome-31.png","_links":{"self":[{"href":"https:\/\/www.radiopiu.net\/wordpress\/wp-json\/wp\/v2\/posts\/348354","targetHints":{"allow":["GET"]}}],"collection":[{"href":"https:\/\/www.radiopiu.net\/wordpress\/wp-json\/wp\/v2\/posts"}],"about":[{"href":"https:\/\/www.radiopiu.net\/wordpress\/wp-json\/wp\/v2\/types\/post"}],"author":[{"embeddable":true,"href":"https:\/\/www.radiopiu.net\/wordpress\/wp-json\/wp\/v2\/users\/4"}],"replies":[{"embeddable":true,"href":"https:\/\/www.radiopiu.net\/wordpress\/wp-json\/wp\/v2\/comments?post=348354"}],"version-history":[{"count":0,"href":"https:\/\/www.radiopiu.net\/wordpress\/wp-json\/wp\/v2\/posts\/348354\/revisions"}],"wp:featuredmedia":[{"embeddable":true,"href":"https:\/\/www.radiopiu.net\/wordpress\/wp-json\/wp\/v2\/media\/348355"}],"wp:attachment":[{"href":"https:\/\/www.radiopiu.net\/wordpress\/wp-json\/wp\/v2\/media?parent=348354"}],"wp:term":[{"taxonomy":"category","embeddable":true,"href":"https:\/\/www.radiopiu.net\/wordpress\/wp-json\/wp\/v2\/categories?post=348354"},{"taxonomy":"post_tag","embeddable":true,"href":"https:\/\/www.radiopiu.net\/wordpress\/wp-json\/wp\/v2\/tags?post=348354"}],"curies":[{"name":"wp","href":"https:\/\/api.w.org\/{rel}","templated":true}]}}