{"id":348393,"date":"2023-08-13T14:48:03","date_gmt":"2023-08-13T12:48:03","guid":{"rendered":"https:\/\/www.radiopiu.net\/wordpress\/?p=348393"},"modified":"2023-08-13T14:48:57","modified_gmt":"2023-08-13T12:48:57","slug":"si-perde-tra-i-mughi","status":"publish","type":"post","link":"https:\/\/www.radiopiu.net\/wordpress\/si-perde-tra-i-mughi\/","title":{"rendered":"SI PERDE TRA I MUGHI, RECUPERATO DAL SOCCORSO ALPINO"},"content":{"rendered":"<p><strong><a class=\"dt-pswp-item\" href=\"https:\/\/www.radiopiu.net\/wordpress\/wp-content\/uploads\/2023\/08\/Watermark_20230813_142546_888.jpg\" data-dt-img-description=\"\" data-large_image_width=\"2364\" data-large_image_height=\"1773\"><img loading=\"lazy\" decoding=\"async\" class=\" wp-image-348394 alignleft\" src=\"https:\/\/www.radiopiu.net\/wordpress\/wp-content\/uploads\/2023\/08\/Watermark_20230813_142546_888-300x225.jpg\" alt=\"\" width=\"152\" height=\"114\" srcset=\"https:\/\/www.radiopiu.net\/wordpress\/wp-content\/uploads\/2023\/08\/Watermark_20230813_142546_888-300x225.jpg 300w, https:\/\/www.radiopiu.net\/wordpress\/wp-content\/uploads\/2023\/08\/Watermark_20230813_142546_888-1024x768.jpg 1024w, https:\/\/www.radiopiu.net\/wordpress\/wp-content\/uploads\/2023\/08\/Watermark_20230813_142546_888-768x576.jpg 768w, https:\/\/www.radiopiu.net\/wordpress\/wp-content\/uploads\/2023\/08\/Watermark_20230813_142546_888-1536x1152.jpg 1536w, https:\/\/www.radiopiu.net\/wordpress\/wp-content\/uploads\/2023\/08\/Watermark_20230813_142546_888-2048x1536.jpg 2048w\" sizes=\"auto, (max-width: 152px) 100vw, 152px\" \/><\/a>ALLEGHE<\/strong> Questa mattina verso le 8.30 il Soccorso alpino di Alleghe \u00e8 stato attivato per un escursionista che aveva perso l&#8217;orientamento a causa di un&#8217;applicazione ed era bloccato sopra salti di roccia. Il 25enne di Genova, dopo aver dormito vicino al lago del Coldai, aveva preso la Val Civetta per poi scendere dal sentiero Antersass. Solo che, circa a met\u00e0 discesa, la traccia che stava seguendo su un&#8217;applicazione del cellulare lo aveva portato fuori via, in mezzo ai cespugli di mugo, finch\u00e9 il ragazzo non \u00e8 pi\u00f9 stato in grado di muoversi. Risaliti alla posizione, una squadra \u00e8 salita sul sentiero, inoltrandosi tra la vegetazione e iniziando a chiamarlo a voce. \u00c8 stato abbastanza difficile per i soccorritori individuare il giovane, anche per la presenza del rumore di un corso d&#8217;acqua, a 200 metri di distanza dal sentiero. Quando la squadra lo ha visto, l&#8217;escursionista \u00e8 stato raggiunto, assicurato con casco, imbrago e corda corta, riportato sul sentiero a monte e da l\u00ec a valle.i soccorritori sono rientrati alle 13.30.<\/p>\n<p>&nbsp;<\/p>\n<p>&nbsp;<\/p>\n<p>*******<\/p>\n","protected":false},"excerpt":{"rendered":"<p>ALLEGHE Questa mattina verso le 8.30 il Soccorso alpino di Alleghe \u00e8 stato attivato per un escursionista che aveva perso l&#8217;orientamento a causa di un&#8217;applicazione ed era bloccato sopra salti di roccia. Il 25enne di Genova, dopo aver dormito vicino al lago del Coldai, aveva preso la Val Civetta per poi scendere dal sentiero Antersass.&hellip;<\/p>\n","protected":false},"author":4,"featured_media":348394,"comment_status":"closed","ping_status":"closed","sticky":false,"template":"","format":"standard","meta":{"_monsterinsights_skip_tracking":false,"_monsterinsights_sitenote_active":false,"_monsterinsights_sitenote_note":"","_monsterinsights_sitenote_category":0,"footnotes":""},"categories":[51,49],"tags":[],"class_list":["post-348393","post","type-post","status-publish","format-standard","has-post-thumbnail","hentry","category-evidenza-top","category-news-18","category-51","category-49","description-off"],"img_url":"https:\/\/www.radiopiu.net\/wordpress\/wp-content\/uploads\/2023\/08\/Watermark_20230813_142546_888.jpg","_links":{"self":[{"href":"https:\/\/www.radiopiu.net\/wordpress\/wp-json\/wp\/v2\/posts\/348393","targetHints":{"allow":["GET"]}}],"collection":[{"href":"https:\/\/www.radiopiu.net\/wordpress\/wp-json\/wp\/v2\/posts"}],"about":[{"href":"https:\/\/www.radiopiu.net\/wordpress\/wp-json\/wp\/v2\/types\/post"}],"author":[{"embeddable":true,"href":"https:\/\/www.radiopiu.net\/wordpress\/wp-json\/wp\/v2\/users\/4"}],"replies":[{"embeddable":true,"href":"https:\/\/www.radiopiu.net\/wordpress\/wp-json\/wp\/v2\/comments?post=348393"}],"version-history":[{"count":0,"href":"https:\/\/www.radiopiu.net\/wordpress\/wp-json\/wp\/v2\/posts\/348393\/revisions"}],"wp:featuredmedia":[{"embeddable":true,"href":"https:\/\/www.radiopiu.net\/wordpress\/wp-json\/wp\/v2\/media\/348394"}],"wp:attachment":[{"href":"https:\/\/www.radiopiu.net\/wordpress\/wp-json\/wp\/v2\/media?parent=348393"}],"wp:term":[{"taxonomy":"category","embeddable":true,"href":"https:\/\/www.radiopiu.net\/wordpress\/wp-json\/wp\/v2\/categories?post=348393"},{"taxonomy":"post_tag","embeddable":true,"href":"https:\/\/www.radiopiu.net\/wordpress\/wp-json\/wp\/v2\/tags?post=348393"}],"curies":[{"name":"wp","href":"https:\/\/api.w.org\/{rel}","templated":true}]}}