{"id":348402,"date":"2023-08-13T16:17:01","date_gmt":"2023-08-13T14:17:01","guid":{"rendered":"https:\/\/www.radiopiu.net\/wordpress\/?p=348402"},"modified":"2023-08-13T16:24:50","modified_gmt":"2023-08-13T14:24:50","slug":"tre-interventi-del-suem-nel-pomeriggio","status":"publish","type":"post","link":"https:\/\/www.radiopiu.net\/wordpress\/tre-interventi-del-suem-nel-pomeriggio\/","title":{"rendered":"TRE INTERVENTI DEL SUEM NEL POMERIGGIO"},"content":{"rendered":"<p><strong><a class=\"dt-pswp-item\" href=\"https:\/\/www.radiopiu.net\/wordpress\/wp-content\/uploads\/2023\/08\/suem.png\" data-dt-img-description=\"\" data-large_image_width=\"273\" data-large_image_height=\"127\"><img loading=\"lazy\" decoding=\"async\" class=\" wp-image-348238 alignleft\" src=\"https:\/\/www.radiopiu.net\/wordpress\/wp-content\/uploads\/2023\/08\/suem.png\" alt=\"\" width=\"178\" height=\"83\" \/><\/a>REDAZIONE<\/strong> Giornata impegnativa per il Suem 118 che nel pomeriggio odierno ha registrato tre interventi. Subito dopo mezzogiorno l&#8217;elicottero Falco2 \u00e8 volato ad Erto per un incidente stradale dove un centauro \u00e8 stato soccorso e portato all&#8217;ospedale di Belluno. Alle 14 \u00e8 stato Falco1 ad intervenire in Val Visdende dove un 51enne veneziano era stato colto da malore. Nei minuti successivi si \u00e8 alzato in volo anche Falco 2 per un intervento a Misurina dove un bambino di 6 anni era caduto facendo un volo di 2 metri. Soccorso \u00e8 stato elitrasportato a Belluno.<\/p>\n<p>&nbsp;<\/p>\n<p>&nbsp;<\/p>\n<p>********<\/p>\n","protected":false},"excerpt":{"rendered":"<p>REDAZIONE Giornata impegnativa per il Suem 118 che nel pomeriggio odierno ha registrato tre interventi. Subito dopo mezzogiorno l&#8217;elicottero Falco2 \u00e8 volato ad Erto per un incidente stradale dove un centauro \u00e8 stato soccorso e portato all&#8217;ospedale di Belluno. Alle 14 \u00e8 stato Falco1 ad intervenire in Val Visdende dove un 51enne veneziano era stato&hellip;<\/p>\n","protected":false},"author":4,"featured_media":348238,"comment_status":"closed","ping_status":"closed","sticky":false,"template":"","format":"standard","meta":{"_monsterinsights_skip_tracking":false,"_monsterinsights_sitenote_active":false,"_monsterinsights_sitenote_note":"","_monsterinsights_sitenote_category":0,"footnotes":""},"categories":[51,49],"tags":[],"class_list":["post-348402","post","type-post","status-publish","format-standard","has-post-thumbnail","hentry","category-evidenza-top","category-news-18","category-51","category-49","description-off"],"img_url":"https:\/\/www.radiopiu.net\/wordpress\/wp-content\/uploads\/2023\/08\/suem.png","_links":{"self":[{"href":"https:\/\/www.radiopiu.net\/wordpress\/wp-json\/wp\/v2\/posts\/348402","targetHints":{"allow":["GET"]}}],"collection":[{"href":"https:\/\/www.radiopiu.net\/wordpress\/wp-json\/wp\/v2\/posts"}],"about":[{"href":"https:\/\/www.radiopiu.net\/wordpress\/wp-json\/wp\/v2\/types\/post"}],"author":[{"embeddable":true,"href":"https:\/\/www.radiopiu.net\/wordpress\/wp-json\/wp\/v2\/users\/4"}],"replies":[{"embeddable":true,"href":"https:\/\/www.radiopiu.net\/wordpress\/wp-json\/wp\/v2\/comments?post=348402"}],"version-history":[{"count":0,"href":"https:\/\/www.radiopiu.net\/wordpress\/wp-json\/wp\/v2\/posts\/348402\/revisions"}],"wp:featuredmedia":[{"embeddable":true,"href":"https:\/\/www.radiopiu.net\/wordpress\/wp-json\/wp\/v2\/media\/348238"}],"wp:attachment":[{"href":"https:\/\/www.radiopiu.net\/wordpress\/wp-json\/wp\/v2\/media?parent=348402"}],"wp:term":[{"taxonomy":"category","embeddable":true,"href":"https:\/\/www.radiopiu.net\/wordpress\/wp-json\/wp\/v2\/categories?post=348402"},{"taxonomy":"post_tag","embeddable":true,"href":"https:\/\/www.radiopiu.net\/wordpress\/wp-json\/wp\/v2\/tags?post=348402"}],"curies":[{"name":"wp","href":"https:\/\/api.w.org\/{rel}","templated":true}]}}