{"id":348417,"date":"2023-08-13T19:43:47","date_gmt":"2023-08-13T17:43:47","guid":{"rendered":"https:\/\/www.radiopiu.net\/wordpress\/?p=348417"},"modified":"2023-08-13T19:43:47","modified_gmt":"2023-08-13T17:43:47","slug":"tre-incidenti-stradali-nel-pomeriggio","status":"publish","type":"post","link":"https:\/\/www.radiopiu.net\/wordpress\/tre-incidenti-stradali-nel-pomeriggio\/","title":{"rendered":"TRE INCIDENTI STRADALI NEL POMERIGGIO"},"content":{"rendered":"<p><strong>REDAZIONE<\/strong> Una giornata infinita per il personale del SUEM 118 che \u00e8 stato impegnato un \u00f2 in tutta la provincia. Tra i principali interventi tre incidenti stradali. A Laggio di Cadore dove \u00e8 intervenuta l&#8217;ambulanza per soccorrere un uomo di 60 anni che \u00e8 stato portato all&#8217;ospedale di Pieve di Cadore. A Belluno due i feriti in un incidente tra moto e auto, entrambi portati in ambulanza al san Martino. Investito un ciclista a Cavarzano. L&#8217;elicottero Falco1 invece \u00e8 volato a Marzai per un incidente stradale dove sono stati soccorsi due feriti.<\/p>\n<p>&nbsp;<\/p>\n<p>&nbsp;<\/p>\n<p>******<\/p>\n","protected":false},"excerpt":{"rendered":"<p>REDAZIONE Una giornata infinita per il personale del SUEM 118 che \u00e8 stato impegnato un \u00f2 in tutta la provincia. Tra i principali interventi tre incidenti stradali. A Laggio di Cadore dove \u00e8 intervenuta l&#8217;ambulanza per soccorrere un uomo di 60 anni che \u00e8 stato portato all&#8217;ospedale di Pieve di Cadore. A Belluno due i&hellip;<\/p>\n","protected":false},"author":4,"featured_media":238247,"comment_status":"closed","ping_status":"closed","sticky":false,"template":"","format":"standard","meta":{"_monsterinsights_skip_tracking":false,"_monsterinsights_sitenote_active":false,"_monsterinsights_sitenote_note":"","_monsterinsights_sitenote_category":0,"footnotes":""},"categories":[51,49],"tags":[],"class_list":["post-348417","post","type-post","status-publish","format-standard","has-post-thumbnail","hentry","category-evidenza-top","category-news-18","category-51","category-49","description-off"],"img_url":"https:\/\/www.radiopiu.net\/wordpress\/wp-content\/uploads\/2021\/10\/a0c568f4-8fef-4e1e-b203-57f1d1d0c1e7.jpg","_links":{"self":[{"href":"https:\/\/www.radiopiu.net\/wordpress\/wp-json\/wp\/v2\/posts\/348417","targetHints":{"allow":["GET"]}}],"collection":[{"href":"https:\/\/www.radiopiu.net\/wordpress\/wp-json\/wp\/v2\/posts"}],"about":[{"href":"https:\/\/www.radiopiu.net\/wordpress\/wp-json\/wp\/v2\/types\/post"}],"author":[{"embeddable":true,"href":"https:\/\/www.radiopiu.net\/wordpress\/wp-json\/wp\/v2\/users\/4"}],"replies":[{"embeddable":true,"href":"https:\/\/www.radiopiu.net\/wordpress\/wp-json\/wp\/v2\/comments?post=348417"}],"version-history":[{"count":0,"href":"https:\/\/www.radiopiu.net\/wordpress\/wp-json\/wp\/v2\/posts\/348417\/revisions"}],"wp:featuredmedia":[{"embeddable":true,"href":"https:\/\/www.radiopiu.net\/wordpress\/wp-json\/wp\/v2\/media\/238247"}],"wp:attachment":[{"href":"https:\/\/www.radiopiu.net\/wordpress\/wp-json\/wp\/v2\/media?parent=348417"}],"wp:term":[{"taxonomy":"category","embeddable":true,"href":"https:\/\/www.radiopiu.net\/wordpress\/wp-json\/wp\/v2\/categories?post=348417"},{"taxonomy":"post_tag","embeddable":true,"href":"https:\/\/www.radiopiu.net\/wordpress\/wp-json\/wp\/v2\/tags?post=348417"}],"curies":[{"name":"wp","href":"https:\/\/api.w.org\/{rel}","templated":true}]}}