{"id":348460,"date":"2023-08-14T13:30:10","date_gmt":"2023-08-14T11:30:10","guid":{"rendered":"https:\/\/www.radiopiu.net\/wordpress\/?p=348460"},"modified":"2023-08-13T22:25:39","modified_gmt":"2023-08-13T20:25:39","slug":"i-racconti-di-paolo-soppelsa-puntata-189","status":"publish","type":"post","link":"https:\/\/www.radiopiu.net\/wordpress\/i-racconti-di-paolo-soppelsa-puntata-189\/","title":{"rendered":"I RACCONTI DI PAOLO SOPPELSA &#8211; PUNTATA 189"},"content":{"rendered":"<p><strong>L&#8217;ANIMA DI AGOSTO<\/strong><\/p>\n<p><strong>AUDIO<\/strong><\/p>\n<audio class=\"wp-audio-shortcode\" id=\"audio-348460-1\" preload=\"none\" style=\"width: 100%;\" controls=\"controls\"><source type=\"audio\/mpeg\" src=\"https:\/\/www.radiopiu.net\/wordpress\/wp-content\/uploads\/2023\/08\/PAOLO-SOPPELSA-LANIMA-DI-AGOSTO.mp3?_=1\" \/><a href=\"https:\/\/www.radiopiu.net\/wordpress\/wp-content\/uploads\/2023\/08\/PAOLO-SOPPELSA-LANIMA-DI-AGOSTO.mp3\">https:\/\/www.radiopiu.net\/wordpress\/wp-content\/uploads\/2023\/08\/PAOLO-SOPPELSA-LANIMA-DI-AGOSTO.mp3<\/a><\/audio>\n<p>&nbsp;<\/p>\n<p><a class=\"dt-pswp-item\" href=\"https:\/\/www.radiopiu.net\/wordpress\/wp-content\/uploads\/2023\/08\/cf676901-4265-4237-ae5a-62d586f35ae2.jpg\" data-dt-img-description=\"\" data-large_image_width=\"1600\" data-large_image_height=\"1200\"><img loading=\"lazy\" decoding=\"async\" class=\" wp-image-348462 alignleft\" src=\"https:\/\/www.radiopiu.net\/wordpress\/wp-content\/uploads\/2023\/08\/cf676901-4265-4237-ae5a-62d586f35ae2-300x225.jpg\" alt=\"\" width=\"184\" height=\"138\" srcset=\"https:\/\/www.radiopiu.net\/wordpress\/wp-content\/uploads\/2023\/08\/cf676901-4265-4237-ae5a-62d586f35ae2-300x225.jpg 300w, https:\/\/www.radiopiu.net\/wordpress\/wp-content\/uploads\/2023\/08\/cf676901-4265-4237-ae5a-62d586f35ae2-1024x768.jpg 1024w, https:\/\/www.radiopiu.net\/wordpress\/wp-content\/uploads\/2023\/08\/cf676901-4265-4237-ae5a-62d586f35ae2-768x576.jpg 768w, https:\/\/www.radiopiu.net\/wordpress\/wp-content\/uploads\/2023\/08\/cf676901-4265-4237-ae5a-62d586f35ae2-1536x1152.jpg 1536w, https:\/\/www.radiopiu.net\/wordpress\/wp-content\/uploads\/2023\/08\/cf676901-4265-4237-ae5a-62d586f35ae2.jpg 1600w\" sizes=\"auto, (max-width: 184px) 100vw, 184px\" \/><\/a>&#8220;Non si lavora Agosto, nelle stanche tue lunghe oziose ore<br \/>\nMai come adesso \u00e8 bello inebriarsi di vino e di calore&#8221;.<br \/>\nCosi Francesco Guccini descrive il mese di agosto nella sua celebre Canzone dei dodici mesi. Agosto, il mese dei susini e delle vacanze, delle &#8220;asie&#8221; e delle serate sempre pi\u00f9 corte e fresche, \u00e8 un tempo di passaggio. Inizia nella profonda estate, quella ancora rovente, in quel periodo di gioia e valigie pronte per le ferie imminenti, e poi termina quando nelle valli di montagna l&#8217;autunno \u00e8 gi\u00e0 alle porte. Alla met\u00e0 esatta il Ferragosto, la grande giornata delle grigliate e della Madonna che a Cencenighe viene portata in solenne processione dai coscritti. A Ferragosto le campane suonano a festa celebrando questa festivit\u00e0 che, in fondo, ha dentro quel filo di malinconia per un&#8217;altra estate che va fuggendo e che a breve diverr\u00e0 ricordo. Li rammento ancora quegli arrivi concitati dei turisti a inizio mese, erano vetture cariche di bagagli e sorrisi e bambini vocianti e padri sudati e stanchi per i chilometri passati alla guida. Erano madri che facevano il giro dei negozi e poi gli abbracci con amici e parenti; era agosto, il mese delle agognate ferie e delle camicie a quadri indossate dai cercatori di funghi e dai camminatori montani. Gliela leggevi negli occhi quella voglia di non perdere nemmeno un minuto di quel tempo prezioso che correva implacabile verso il Ferragosto. C&#8217;era fervore, vita in quei primi quindici giorni del mese che erano anche gli ultimi di vera estate, poi, al primo temporale, tutto sarebbe cambiato. Intanto quel tempo di allegria vacanziera si andava assottigliando di ora in ora e ben presto il fatidico giorno della chiusura degli scuri delle finestre delle seconde case e del rientro a casa e alla propria routine sarebbe inevitabilmente arrivato. Li ricordo quegli sguardi carichi di malinconia e quel cielo che iniziava a mostrare tinte di quasi settembre mentre le auto scivolavano lentamente in direzione sud. Dal luned\u00ec successivo avrebbe avuto inizio un tempo nuovo e malinconico, quello in cui si iniziava ad intravedere all&#8217;orizzonte l&#8217;inizio della scuola e appena mitigato dalla classica e desiderata gita in corriera con destinazione Ortisei o Merano. A fagioli oramai quasi maturi talvolta si poteva ammirare la prima e fugace neve che imbiancava le alte cime del Civetta e della Marmolada; accadeva in quei giorni di temporale serale, con il primo fumare di camini e l&#8217;acqua che pareva bagnare quell&#8217;anima gi\u00e0 triste per l&#8217;estate oramai sfumata. Il giorno successivo la prima ed effimera neve avrebbe scintillato orgogliosa sulle vette prima di scomparire al sole del mezzogiorno. Era stato un attimo appena, ma era bastato per annunciare quel settembre ormai alle porte che in montagna segnava l&#8217;inizio dell&#8217;autunno metereologico. \u00c8 cos\u00ec agosto, mese dalle due anime, allegria e malinconia, estate e primi lievi sussurri della stagione dei colori; mese delle feste e della campana che il trentuno suona l&#8217;Ave Maria nella tranquilla oscurit\u00e0 di una stanca sera di un&#8217;altra estate che va morendo.<\/p>\n<p>&nbsp;<\/p>\n<p>&nbsp;<\/p>\n<p>*******<\/p>\n","protected":false},"excerpt":{"rendered":"<p>L&#8217;ANIMA DI AGOSTO AUDIO &nbsp; &#8220;Non si lavora Agosto, nelle stanche tue lunghe oziose ore Mai come adesso \u00e8 bello inebriarsi di vino e di calore&#8221;. Cosi Francesco Guccini descrive il mese di agosto nella sua celebre Canzone dei dodici mesi. Agosto, il mese dei susini e delle vacanze, delle &#8220;asie&#8221; e delle serate sempre&hellip;<\/p>\n","protected":false},"author":4,"featured_media":348462,"comment_status":"closed","ping_status":"closed","sticky":false,"template":"","format":"standard","meta":{"_monsterinsights_skip_tracking":false,"_monsterinsights_sitenote_active":false,"_monsterinsights_sitenote_note":"","_monsterinsights_sitenote_category":0,"footnotes":""},"categories":[49,112],"tags":[],"class_list":["post-348460","post","type-post","status-publish","format-standard","has-post-thumbnail","hentry","category-news-18","category-racconti-soppelsa","category-49","category-112","description-off"],"img_url":"https:\/\/www.radiopiu.net\/wordpress\/wp-content\/uploads\/2023\/08\/cf676901-4265-4237-ae5a-62d586f35ae2.jpg","_links":{"self":[{"href":"https:\/\/www.radiopiu.net\/wordpress\/wp-json\/wp\/v2\/posts\/348460","targetHints":{"allow":["GET"]}}],"collection":[{"href":"https:\/\/www.radiopiu.net\/wordpress\/wp-json\/wp\/v2\/posts"}],"about":[{"href":"https:\/\/www.radiopiu.net\/wordpress\/wp-json\/wp\/v2\/types\/post"}],"author":[{"embeddable":true,"href":"https:\/\/www.radiopiu.net\/wordpress\/wp-json\/wp\/v2\/users\/4"}],"replies":[{"embeddable":true,"href":"https:\/\/www.radiopiu.net\/wordpress\/wp-json\/wp\/v2\/comments?post=348460"}],"version-history":[{"count":0,"href":"https:\/\/www.radiopiu.net\/wordpress\/wp-json\/wp\/v2\/posts\/348460\/revisions"}],"wp:featuredmedia":[{"embeddable":true,"href":"https:\/\/www.radiopiu.net\/wordpress\/wp-json\/wp\/v2\/media\/348462"}],"wp:attachment":[{"href":"https:\/\/www.radiopiu.net\/wordpress\/wp-json\/wp\/v2\/media?parent=348460"}],"wp:term":[{"taxonomy":"category","embeddable":true,"href":"https:\/\/www.radiopiu.net\/wordpress\/wp-json\/wp\/v2\/categories?post=348460"},{"taxonomy":"post_tag","embeddable":true,"href":"https:\/\/www.radiopiu.net\/wordpress\/wp-json\/wp\/v2\/tags?post=348460"}],"curies":[{"name":"wp","href":"https:\/\/api.w.org\/{rel}","templated":true}]}}