{"id":348519,"date":"2023-08-16T04:54:19","date_gmt":"2023-08-16T02:54:19","guid":{"rendered":"https:\/\/www.radiopiu.net\/wordpress\/?p=348519"},"modified":"2023-08-16T10:50:39","modified_gmt":"2023-08-16T08:50:39","slug":"giornale-radiopiu-16-agosto-2023-direttore-mirko-mezzacasada-40-anni-25-giugno-1983-25-giugno-2023","status":"publish","type":"post","link":"https:\/\/www.radiopiu.net\/wordpress\/giornale-radiopiu-16-agosto-2023-direttore-mirko-mezzacasada-40-anni-25-giugno-1983-25-giugno-2023\/","title":{"rendered":"GIORNALE RADIOPIU 16 AGOSTO 2023 DIRETTORE MIRKO MEZZACASA\u2026DA 40 ANNI 25 GIUGNO 1983-25 GIUGNO 2023"},"content":{"rendered":"<h2 style=\"text-align: left;\"><span style=\"color: #ff0000;\"><span style=\"vertical-align: inherit;\"><a class=\"dt-pswp-item\" href=\"https:\/\/www.radiopiu.net\/wordpress\/wp-content\/uploads\/2023\/04\/e0aad41d-951e-47b9-9fae-1a879a9bcb7e-1.jpg\" data-dt-img-description=\"\" data-large_image_width=\"1200\" data-large_image_height=\"1200\"><img loading=\"lazy\" decoding=\"async\" class=\"wp-image-333205 alignleft\" src=\"https:\/\/www.radiopiu.net\/wordpress\/wp-content\/uploads\/2023\/04\/e0aad41d-951e-47b9-9fae-1a879a9bcb7e-1-300x300.jpg\" alt=\"\" width=\"110\" height=\"110\" srcset=\"https:\/\/www.radiopiu.net\/wordpress\/wp-content\/uploads\/2023\/04\/e0aad41d-951e-47b9-9fae-1a879a9bcb7e-1-300x300.jpg 300w, https:\/\/www.radiopiu.net\/wordpress\/wp-content\/uploads\/2023\/04\/e0aad41d-951e-47b9-9fae-1a879a9bcb7e-1-1024x1024.jpg 1024w, https:\/\/www.radiopiu.net\/wordpress\/wp-content\/uploads\/2023\/04\/e0aad41d-951e-47b9-9fae-1a879a9bcb7e-1-150x150.jpg 150w, https:\/\/www.radiopiu.net\/wordpress\/wp-content\/uploads\/2023\/04\/e0aad41d-951e-47b9-9fae-1a879a9bcb7e-1-768x768.jpg 768w, https:\/\/www.radiopiu.net\/wordpress\/wp-content\/uploads\/2023\/04\/e0aad41d-951e-47b9-9fae-1a879a9bcb7e-1.jpg 1200w\" sizes=\"auto, (max-width: 110px) 100vw, 110px\" \/><\/a><\/span><\/span><\/h2>\n<h1 class=\"entry-title\">40esimo di RADIOPIU\u2026. LA VOCE DELL\u2019EMOZIONE<\/h1>\n<h2><span style=\"color: #ff0000;\">ISCRIVITI AL NOSTRO CANALE\u00a0\u00a0YOUTUBE PER SEGUIRE IN DIRETTA I PRINCIPALI PROGRAMMI DI RADIO PIU\u2019 E LE FUTURE DIRETTE IN ESTERNA. PER ISCRIVERTI\u00a0<a style=\"color: #ff0000;\" href=\"https:\/\/youtube.com\/@radiopiu1527\">CLICCA QUI\u00a0<\/a>E PREMI\u00a0 \u201cIscriviti\u201d<\/span><\/h2>\n<p>&nbsp;<\/p>\n<p>&nbsp;<\/p>\n<blockquote>\n<h3><a class=\"dt-pswp-item\" href=\"https:\/\/www.radiopiu.net\/wordpress\/wp-content\/uploads\/2023\/08\/Senza-nome-36.png\" data-dt-img-description=\"\" data-large_image_width=\"245\" data-large_image_height=\"260\"><img loading=\"lazy\" decoding=\"async\" class=\" wp-image-348693 alignleft\" src=\"https:\/\/www.radiopiu.net\/wordpress\/wp-content\/uploads\/2023\/08\/Senza-nome-36.png\" alt=\"\" width=\"194\" height=\"206\" \/><\/a>SAVE THE DATE<\/h3>\n<\/blockquote>\n<p><em>&#8220;Save the date&#8221; \u00e8 una locuzione inglese che letteralmente significa &#8220;salva la data&#8221;. Viene comunemente utilizzata per invitare le persone a riservare una data specifica nel loro calendario per un evento futuro.\u00a0 In genere, quando qualcuno riceve un avviso &#8220;save the date&#8221;, si aspetta che tenga libera la data indicata per partecipare all&#8217;evento specificato successivamente, quando verr\u00e0 inviato un invito formale con maggiori dettagli.\u00a0<\/em><\/p>\n<p>&nbsp;<\/p>\n<p>&nbsp;<\/p>\n<p>&nbsp;<\/p>\n<div dir=\"auto\"><\/div>\n<div dir=\"auto\"><\/div>\n<div dir=\"auto\"><a class=\"dt-pswp-item\" href=\"https:\/\/www.radiopiu.net\/wordpress\/wp-content\/uploads\/2023\/08\/78542bf8-74c6-4ac4-b811-8c23fd04e253.jpg\" data-dt-img-description=\"\" data-large_image_width=\"482\" data-large_image_height=\"730\"><img loading=\"lazy\" decoding=\"async\" class=\"wp-image-348681 alignleft\" src=\"https:\/\/www.radiopiu.net\/wordpress\/wp-content\/uploads\/2023\/08\/78542bf8-74c6-4ac4-b811-8c23fd04e253-198x300.jpg\" alt=\"\" width=\"110\" height=\"167\" srcset=\"https:\/\/www.radiopiu.net\/wordpress\/wp-content\/uploads\/2023\/08\/78542bf8-74c6-4ac4-b811-8c23fd04e253-198x300.jpg 198w, https:\/\/www.radiopiu.net\/wordpress\/wp-content\/uploads\/2023\/08\/78542bf8-74c6-4ac4-b811-8c23fd04e253.jpg 482w\" sizes=\"auto, (max-width: 110px) 100vw, 110px\" \/><\/a>Buongiorno! Ci siamo, anche a ferragosto. A Radio Pi\u00f9 l&#8217;appuntamento con l&#8217;informazione \u00e8 quotidiano&#8230; OGGI ALLE 10.30 E 1900 SPECIALE\u00a0 PROLOCO DELL&#8217;AGORDINO. OSPITE DI RADIOPIU GIACOMO BRESSAN PRESIDENTE <a class=\"x1i10hfl xjbqb8w x6umtig x1b1mbwd xaqea5y xav7gou x9f619 x1ypdohk xt0psk2 xe8uvvx xdj266r x11i5rnm xat24cr x1mh8g0r xexx8yu x4uap5 x18d9i69 xkhd6sd x16tdsg8 x1hl2dhg xggy1nq x1a2a7pz xt0b8zv x1qq9wsj xo1l8bm\" tabindex=\"0\" role=\"link\" href=\"https:\/\/www.facebook.com\/groups\/61488111720\/user\/100070716780307\/?__cft__[0]=AZWmNDpKTJKdDpN8Dly6R2TDfXaZ0ct3S1ZAg8Obu-1a9dbtAewFboqCzXKvJVEMMMPOgeMT3cPa5l6xNEgkRsFf38WYiJRx4xSAd7zXgLBmYUmPS2Vhm_bfTaQxnLuUpdpN6NsQqjRxep8LU7E0UqwHBN-D6Rfm7MwDrJZptDBD-FZntMQS8BzWSQqdKvKCqvk&amp;__tn__=-]K-R\"><span class=\"xt0psk2\">PRO LOCO Rivamonte<\/span><\/a><\/div>\n<div dir=\"auto\"><\/div>\n<div dir=\"auto\"><\/div>\n<div dir=\"auto\">OGGI ALLE 16.30 dj <a class=\"x1i10hfl xjbqb8w x6umtig x1b1mbwd xaqea5y xav7gou x9f619 x1ypdohk xt0psk2 xe8uvvx xdj266r x11i5rnm xat24cr x1mh8g0r xexx8yu x4uap5 x18d9i69 xkhd6sd x16tdsg8 x1hl2dhg xggy1nq x1a2a7pz xt0b8zv x1qq9wsj xo1l8bm\" tabindex=\"0\" role=\"link\" href=\"https:\/\/www.facebook.com\/groups\/61488111720\/user\/1222278006\/?__cft__[0]=AZWmNDpKTJKdDpN8Dly6R2TDfXaZ0ct3S1ZAg8Obu-1a9dbtAewFboqCzXKvJVEMMMPOgeMT3cPa5l6xNEgkRsFf38WYiJRx4xSAd7zXgLBmYUmPS2Vhm_bfTaQxnLuUpdpN6NsQqjRxep8LU7E0UqwHBN-D6Rfm7MwDrJZptDBD-FZntMQS8BzWSQqdKvKCqvk&amp;__tn__=-]K-R\"><span class=\"xt0psk2\">Bissoli<\/span><\/a>\u00a0 (foto) di\u00a0 <a class=\"x1i10hfl xjbqb8w x6umtig x1b1mbwd xaqea5y xav7gou x9f619 x1ypdohk xt0psk2 xe8uvvx xdj266r x11i5rnm xat24cr x1mh8g0r xexx8yu x4uap5 x18d9i69 xkhd6sd x16tdsg8 x1hl2dhg xggy1nq x1a2a7pz xt0b8zv x1qq9wsj xo1l8bm\" tabindex=\"0\" role=\"link\" href=\"https:\/\/www.facebook.com\/groups\/61488111720\/user\/1824423623\/?__cft__[0]=AZWmNDpKTJKdDpN8Dly6R2TDfXaZ0ct3S1ZAg8Obu-1a9dbtAewFboqCzXKvJVEMMMPOgeMT3cPa5l6xNEgkRsFf38WYiJRx4xSAd7zXgLBmYUmPS2Vhm_bfTaQxnLuUpdpN6NsQqjRxep8LU7E0UqwHBN-D6Rfm7MwDrJZptDBD-FZntMQS8BzWSQqdKvKCqvk&amp;__tn__=-]K-R\"><span class=\"xt0psk2\">Luisa Alchini<\/span><\/a>_ 40 anni con le cuffie. alle 14.00 <a class=\"x1i10hfl xjbqb8w x6umtig x1b1mbwd xaqea5y xav7gou x9f619 x1ypdohk xt0psk2 xe8uvvx xdj266r x11i5rnm xat24cr x1mh8g0r xexx8yu x4uap5 x18d9i69 xkhd6sd x16tdsg8 x1hl2dhg xggy1nq x1a2a7pz xt0b8zv x1qq9wsj xo1l8bm\" tabindex=\"0\" role=\"link\" href=\"https:\/\/www.facebook.com\/groups\/61488111720\/user\/100000028206376\/?__cft__[0]=AZWmNDpKTJKdDpN8Dly6R2TDfXaZ0ct3S1ZAg8Obu-1a9dbtAewFboqCzXKvJVEMMMPOgeMT3cPa5l6xNEgkRsFf38WYiJRx4xSAd7zXgLBmYUmPS2Vhm_bfTaQxnLuUpdpN6NsQqjRxep8LU7E0UqwHBN-D6Rfm7MwDrJZptDBD-FZntMQS8BzWSQqdKvKCqvk&amp;__tn__=-]K-R\"><span class=\"xt0psk2\">Marco Dal Farra<\/span><\/a> presenta gli artisti bellunesi SPECIALE <a class=\"x1i10hfl xjbqb8w x6umtig x1b1mbwd xaqea5y xav7gou x9f619 x1ypdohk xt0psk2 xe8uvvx xdj266r x11i5rnm xat24cr x1mh8g0r xexx8yu x4uap5 x18d9i69 xkhd6sd x16tdsg8 x1hl2dhg xggy1nq x1a2a7pz xt0b8zv x1qq9wsj xo1l8bm\" tabindex=\"0\" role=\"link\" href=\"https:\/\/www.facebook.com\/groups\/61488111720\/user\/100063812460110\/?__cft__[0]=AZWmNDpKTJKdDpN8Dly6R2TDfXaZ0ct3S1ZAg8Obu-1a9dbtAewFboqCzXKvJVEMMMPOgeMT3cPa5l6xNEgkRsFf38WYiJRx4xSAd7zXgLBmYUmPS2Vhm_bfTaQxnLuUpdpN6NsQqjRxep8LU7E0UqwHBN-D6Rfm7MwDrJZptDBD-FZntMQS8BzWSQqdKvKCqvk&amp;__tn__=-]K-R\"><span class=\"xt0psk2\">MSq &amp; FreeHands\u00a0<\/span><\/a><\/div>\n<div dir=\"auto\"><\/div>\n<div dir=\"auto\"><\/div>\n<div dir=\"auto\"><\/div>\n<div dir=\"auto\"><\/div>\n<hr \/>\n<p>&nbsp;<\/p>\n<blockquote>\n<h3>INTERDIZIONE TOTALE AL TRAFFICO A DIGONERA<\/h3>\n<\/blockquote>\n<p><strong>SP 563 SALESEI <\/strong>dal 21 al 25 agosto in localit\u00e0 Digonera di Rocca Pietore interdizione al traffico dalle 8 alle 18. Negli altri orari senso unico alternato regolato da semaforo. Dal 26 al 28 agosto senso unico alternato regolato da semaforo.<\/p>\n<p>&nbsp;<\/p>\n<p>&nbsp;<\/p>\n<hr \/>\n<p>&nbsp;<\/p>\n<blockquote>\n<h3>FINALMENTE DI NUOVO ACQUA POTABILE<\/h3>\n<\/blockquote>\n<p><strong>REDAZIONE <\/strong>Gestione Servizi Pubblici informa che a LA VALLE AGORDINA nelle localit\u00e0 MUDA EST E AGRE l&#8217;acqua erogata dall&#8217;acquedotto \u00e8 di nuovo potabile e pu\u00f2 essere usata, quindi, per scopi alimentari. Lo stesso a a CENCENIGHE AGORDINO in localit\u00e0 PRA DI MEZZO e a LIVINALLONGO DEL COL DI LANA nelle localit\u00e0 BRENTA e VARDA<\/p>\n<p>&nbsp;<\/p>\n<p>&nbsp;<\/p>\n<hr \/>\n<p>&nbsp;<\/p>\n<blockquote>\n<h3>E&#8217; MORTO GIANNI FARONATO, PRESIDENTE ONORARIO DEI PARTIGIANI<\/h3>\n<\/blockquote>\n<p><strong><a class=\"dt-pswp-item\" href=\"https:\/\/www.radiopiu.net\/wordpress\/wp-content\/uploads\/2023\/08\/368019940_819477106275859_2867804338346367990_n.jpg\" data-dt-img-description=\"\" data-large_image_width=\"843\" data-large_image_height=\"527\"><img loading=\"lazy\" decoding=\"async\" class=\" wp-image-348670 alignleft\" src=\"https:\/\/www.radiopiu.net\/wordpress\/wp-content\/uploads\/2023\/08\/368019940_819477106275859_2867804338346367990_n-300x188.jpg\" alt=\"\" width=\"163\" height=\"102\" srcset=\"https:\/\/www.radiopiu.net\/wordpress\/wp-content\/uploads\/2023\/08\/368019940_819477106275859_2867804338346367990_n-300x188.jpg 300w, https:\/\/www.radiopiu.net\/wordpress\/wp-content\/uploads\/2023\/08\/368019940_819477106275859_2867804338346367990_n-768x480.jpg 768w, https:\/\/www.radiopiu.net\/wordpress\/wp-content\/uploads\/2023\/08\/368019940_819477106275859_2867804338346367990_n.jpg 843w\" sizes=\"auto, (max-width: 163px) 100vw, 163px\" \/><\/a>FELTRE<\/strong> Gianni Faronato, presidente onorario dell&#8217;Anpi (Associazione nazionale partigiani d&#8217;Italia), \u00e8 deceduto a Feltre all&#8217;et\u00e0 di 95 anni. Sopravvissuto alla deportazione tedesca nel 1944 a Bolzano, ha sempre promosso ideali di pace e democrazia, specialmente tra le nuove generazioni. Ha presieduto la sezione Anpi di Feltre per 14 anni. Era apprezzato per il suo carattere positivo e il suo sorriso. Lascia quattro figli. I funerali venerd\u00ec al duomo di Feltre, preceduti da un momento di preghiera il giorno prima.<\/p>\n<p><strong>IL SINDACO DI FELTRE, VIVIANA FUSARO<\/strong><\/p>\n<p>&#8220;Con Gianni Faronato ci lascia una figura di assoluto rilievo per la storia contemporanea della nostra citt\u00e0. Faronato ha vissuto sulla propria pelle i drammi e le violenze del nazi-fascismo, prima fra tutte quella della deportazione, che sub\u00ec quando non aveva ancora 17 anni, verso il lager di Bolzano. Un&#8217;esperienza di cui decise di essere testimone fedele lungo l&#8217;arco di tutta la sua esistenza, a beneficio soprattutto delle giovani generazioni, anche attraverso l&#8217;attivit\u00e0 nella sezione feltrina dell&#8217;Anpi, di cui era attualmente presidente onorario. Un&#8217;esperienza dura e faticosa, quella della detenzione vissuta in giovane et\u00e0, che lo ha forgiato e portato poi a spendersi per la collettivit\u00e0 con impegno pieno e passione civica a favore soprattutto delle persone pi\u00f9 fragili e bisognose in diversi ambiti. A nome mio personale, di tutta l&#8217;Amministrazione e della comunit\u00e0 cittadina mi unisco al dolore dei figli, dei familiari e dei parenti e amici tutti di Gianni Faronato nel suo ricordo&#8221; le parole del sindaco di Feltre Viviana Fusaro. (foto <a href=\"https:\/\/www.facebook.com\/ComuneFeltre\">Comune di Feltre<\/a>)<\/p>\n<p>&nbsp;<\/p>\n<p><span class=\"xt0psk2\"><a class=\"x1i10hfl xjbqb8w x6umtig x1b1mbwd xaqea5y xav7gou x9f619 x1ypdohk xt0psk2 xe8uvvx xdj266r x11i5rnm xat24cr x1mh8g0r xexx8yu x4uap5 x18d9i69 xkhd6sd x16tdsg8 x1hl2dhg xggy1nq x1a2a7pz xt0b8zv xzsf02u x1s688f\" tabindex=\"0\" role=\"link\" href=\"https:\/\/www.facebook.com\/bandafeltre?__cft__[0]=AZWBkr1Rh-aiRu-70HnTjZhOuv9-IlLiLGsO1VKYS3l-pbTU4GvGlVQNar4oRZdGgOU4CM-sOVf1uwhHRPxLGnQs4djsukKiqQtvHJJowIbdZcBYtSrtPwfbu1GZh3J3Mah3YnRJy9sLIg5oBlAaN4gvt2gyI_AX9Y1Zl5y_1-uS3DLICo8iCL07ZDXCWI9x_h8&amp;__tn__=-UC%2CP-R\"><strong>Banda Citt\u00e0 di Feltre<\/strong><\/a><\/span><span class=\"xzsf02u xo1l8bm\"><span class=\"xzpqnlu xjm9jq1 x6ikm8r x10wlt62 x10l6tqk x1i1rx1s\">\u00a0<\/span><span aria-hidden=\"true\"> \u00a0<\/span><\/span><span style=\"font-size: 14px; font-weight: normal;\">Addio a Gianni Faronato, presidente onorario ANPI Feltre e nostro socio onorario. Prima di andarsene ci ha voluto donare il suo trombone, in perfetto stato, come la memoria che caparbiamente conservava e instancabilmente tramandava ai giovani sulla sua terribile esperienza di deportazione. <\/span>Rivolgiamo ai suoi familiari il nostro cordoglio e vogliamo ricordarlo cos\u00ec, in momenti condivisi di felicit\u00e0<\/p>\n<p><a class=\"dt-pswp-item\" href=\"https:\/\/www.radiopiu.net\/wordpress\/wp-content\/uploads\/2023\/08\/367700922_1032284174852062_4456843656537213592_n.jpg\" data-dt-img-description=\"\" data-large_image_width=\"600\" data-large_image_height=\"344\"><img loading=\"lazy\" decoding=\"async\" class=\" wp-image-348666 aligncenter\" src=\"https:\/\/www.radiopiu.net\/wordpress\/wp-content\/uploads\/2023\/08\/367700922_1032284174852062_4456843656537213592_n-300x172.jpg\" alt=\"\" width=\"485\" height=\"278\" srcset=\"https:\/\/www.radiopiu.net\/wordpress\/wp-content\/uploads\/2023\/08\/367700922_1032284174852062_4456843656537213592_n-300x172.jpg 300w, https:\/\/www.radiopiu.net\/wordpress\/wp-content\/uploads\/2023\/08\/367700922_1032284174852062_4456843656537213592_n.jpg 600w\" sizes=\"auto, (max-width: 485px) 100vw, 485px\" \/><\/a><\/p>\n<p>&nbsp;<\/p>\n<hr \/>\n<p>&nbsp;<\/p>\n<blockquote>\n<h3>LUNEDI&#8217; DUE INTERVENTI DEL SOCCORSO ALPINO. INFORTUNIO AL RIFUGIO BOZ E CADUTA COL PARAPENDIO AL RIFUGIO DOLADA<\/h3>\n<h3>SFINITO DALLA STANCHEZZA, RECUPERATO DAL SOCCORSO ALPINO<\/h3>\n<h3>MALORE AL RIFUGIO VAZZOLER E INFORTUNIO IN MOUNTAIN BIKE A PALUGHETTO<\/h3>\n<h3>GLI INTERVENTI DEL SUEM 118 NEL GIORNO DI FERRAGOSTO<\/h3>\n<\/blockquote>\n<p style=\"text-align: left;\"><strong><a class=\"dt-pswp-item\" href=\"https:\/\/www.radiopiu.net\/wordpress\/wp-content\/uploads\/2023\/08\/Watermark_20230814_153525_264.jpg\" data-dt-img-description=\"\" data-large_image_width=\"1773\" data-large_image_height=\"2364\"><img loading=\"lazy\" decoding=\"async\" class=\"wp-image-348585 alignleft\" src=\"https:\/\/www.radiopiu.net\/wordpress\/wp-content\/uploads\/2023\/08\/Watermark_20230814_153525_264-225x300.jpg\" alt=\"\" width=\"113\" height=\"151\" srcset=\"https:\/\/www.radiopiu.net\/wordpress\/wp-content\/uploads\/2023\/08\/Watermark_20230814_153525_264-225x300.jpg 225w, https:\/\/www.radiopiu.net\/wordpress\/wp-content\/uploads\/2023\/08\/Watermark_20230814_153525_264-768x1024.jpg 768w, https:\/\/www.radiopiu.net\/wordpress\/wp-content\/uploads\/2023\/08\/Watermark_20230814_153525_264-1152x1536.jpg 1152w, https:\/\/www.radiopiu.net\/wordpress\/wp-content\/uploads\/2023\/08\/Watermark_20230814_153525_264-1536x2048.jpg 1536w, https:\/\/www.radiopiu.net\/wordpress\/wp-content\/uploads\/2023\/08\/Watermark_20230814_153525_264.jpg 1773w\" sizes=\"auto, (max-width: 113px) 100vw, 113px\" \/><\/a>CESIOMAGGIORE <\/strong>Un&#8217;escursionista spagnola di 52 anni\u00a0 si \u00e8 fatta male a una caviglia al Rifugio Boz,\u00a0 la donna \u00e8 stata trasportata in fuoristrada all&#8217;ospedale di Feltre.<\/p>\n<p><strong>ALPAGO<\/strong> A poca distanza dal Rifugio Dolada, precipita con il parapendio\u00a0 tra gli alberi subito dopo il decollo. Il pilota, un 49enne della Repubblica Ceca, che non ha riportato conseguenze, era per\u00f2 rimasto sospeso tra i rami di una pianta a 15 metri dal suolo.<\/p>\n<p>&nbsp;<\/p>\n<p><strong>DOMEGGE<\/strong>\u00a0 Un escursionista 72enne di Vittorio Veneto\u00a0 sfinito dalla stanchezza, in discesa dall&#8217;Eremo dei Romiti, caricato in barella \u00e8 stato trasportato per circa 400 metri fino al mezzo. L<\/p>\n<p>&nbsp;<\/p>\n<p><strong>TAIBON <\/strong>Al Rifugio Vazzoler, soccorso un turista statunitense di 58 anni che stava poco bene.<\/p>\n<p><strong>ALPAGO <\/strong>Sulla strada del Taffarel\u00a0 in discesa da Palughetto,\u00a0 un ciclista, perso il controllo della mountain,\u00a0 ha riportato\u00a0 un trauma al volto e contusioni varie.<\/p>\n<p><strong>REDAZIONE<\/strong> Anche nel giorno di Ferragosto gli uomini e le donne del SUEM 118 sono al lavoro per prestare soccorso. Alle 9:50, a Comelico Superiore, si \u00e8 verificato un incidente in moto che ha coinvolto due uomini di 18 e 20 anni, entrambi del posto. Alle 14:25, al Rifugio Lagazuoi, un uomo di 50 anni proveniente da Parma ha avvertito dolore toracico e dispnea. Le squadre di soccorso hanno risposto e fornito assistenza medica. Alle 15:30, a Falcade, una donna di 87 anni ha riportato un trauma cranico. L&#8217;incidente ha richiesto l&#8217;intervento dell&#8217;elicottero Falco2. Subito dopo, alle 15:35, sulle piste di Nevegal, sotto il Rifugio Bristot, un uomo di 42 anni ha subito un politrauma dopo in una caduta in bicicletta.<\/p>\n<p>&nbsp;<\/p>\n<p>&nbsp;<\/p>\n<hr \/>\n<p>&nbsp;<\/p>\n<blockquote>\n<h3 class=\"entry-title\">INVADE LA CORSIA OPPOSTA, RISALE LA SCARPATA E SI CAPPOTTA<\/h3>\n<\/blockquote>\n<p><strong><a class=\"dt-pswp-item\" href=\"https:\/\/www.radiopiu.net\/wordpress\/wp-content\/uploads\/2023\/08\/7dcd2ed4-4827-4db7-bb40-abef878364ca.jpg\" data-dt-img-description=\"\" data-large_image_width=\"1600\" data-large_image_height=\"1200\"><img loading=\"lazy\" decoding=\"async\" class=\" wp-image-348558 alignleft\" src=\"https:\/\/www.radiopiu.net\/wordpress\/wp-content\/uploads\/2023\/08\/7dcd2ed4-4827-4db7-bb40-abef878364ca-300x225.jpg\" alt=\"\" width=\"247\" height=\"185\" srcset=\"https:\/\/www.radiopiu.net\/wordpress\/wp-content\/uploads\/2023\/08\/7dcd2ed4-4827-4db7-bb40-abef878364ca-300x225.jpg 300w, https:\/\/www.radiopiu.net\/wordpress\/wp-content\/uploads\/2023\/08\/7dcd2ed4-4827-4db7-bb40-abef878364ca-1024x768.jpg 1024w, https:\/\/www.radiopiu.net\/wordpress\/wp-content\/uploads\/2023\/08\/7dcd2ed4-4827-4db7-bb40-abef878364ca-768x576.jpg 768w, https:\/\/www.radiopiu.net\/wordpress\/wp-content\/uploads\/2023\/08\/7dcd2ed4-4827-4db7-bb40-abef878364ca-1536x1152.jpg 1536w, https:\/\/www.radiopiu.net\/wordpress\/wp-content\/uploads\/2023\/08\/7dcd2ed4-4827-4db7-bb40-abef878364ca.jpg 1600w\" sizes=\"auto, (max-width: 247px) 100vw, 247px\" \/><\/a>SEDICO<\/strong> Un incidente stradale ha avuto luogo alle 23.44\u00a0 tra domenica e luned\u00ec sulla strada statale 203 presso la localit\u00e0 La Pissa. L&#8217;evento ha coinvolto due autovetture ed ha portato al ferimento di una persona.\u00a0 Le circostanze esatte che hanno portato allo scontro sono\u00a0 al vaglio delle autorit\u00e0 competenti. Una persona \u00e8 rimasta ferita,\u00a0 prontamente soccorsa dal personale del Servizio d&#8217;Urgenza Emergenza Medica (Suem 118), che \u00e8 giunto sul posto insieme ai Vigili del Fuoco di Agordo e ai Carabinieri. La persona ferita un 47enne originario di Gosaldo, residente a Sedico,\u00a0 ha riportato un pesante politrauma,\u00a0 molto grave.<\/p>\n<blockquote><p><em>L&#8217;auto finita ruote all&#8217;aria\u00a0 stava scendendo da Agordo verso Belluno. Ha invaso la corsia opposta fino a salire contro la scarpata di roccia e sassi e cappottarsi dopo vari metri. Per quale motivo sia finita l\u00ec non si sa. L&#8217;altra auto (Illeso il\u00a0 conducente<strong>)<\/strong>. non ha fatto in tempo a fermarsi ed \u00e8 finita contro la macchina gi\u00e0 rovesciata.<\/em><\/p><\/blockquote>\n\n\t\t\t<style type='text\/css'>\n\t\t\t\t#gallery-1 {\n\t\t\t\t\tmargin: auto;\n\t\t\t\t}\n\t\t\t\t#gallery-1 .gallery-item {\n\t\t\t\t\tfloat: left;\n\t\t\t\t\tmargin-top: 10px;\n\t\t\t\t\ttext-align: center;\n\t\t\t\t\twidth: 50%;\n\t\t\t\t}\n\t\t\t\t#gallery-1 img {\n\t\t\t\t\tborder: 2px solid #cfcfcf;\n\t\t\t\t}\n\t\t\t\t#gallery-1 .gallery-caption {\n\t\t\t\t\tmargin-left: 0;\n\t\t\t\t}\n\t\t\t\t\/* see gallery_shortcode() in wp-includes\/media.php *\/\n\t\t\t<\/style>\n\t\t<div id='gallery-1' class='dt-gallery-container gallery galleryid-348519 gallery-columns-2 gallery-size-thumbnail'><dl class='gallery-item'>\n\t\t\t\t<dt class='gallery-icon portrait'>\n\t\t\t\t\t<a class=\"rollover rollover-zoom dt-pswp-item\" title=\"0c0e9ad4-8140-485e-9442-95c9c2ee049a\" data-dt-img-description=\"\" data-large_image_width=\"1512\" data-large_image_height=\"2016\"href='https:\/\/www.radiopiu.net\/wordpress\/wp-content\/uploads\/2023\/08\/0c0e9ad4-8140-485e-9442-95c9c2ee049a.jpg'><img loading=\"lazy\" decoding=\"async\" width=\"150\" height=\"150\" src=\"https:\/\/www.radiopiu.net\/wordpress\/wp-content\/uploads\/2023\/08\/0c0e9ad4-8140-485e-9442-95c9c2ee049a-150x150.jpg\" class=\"attachment-thumbnail size-thumbnail\" alt=\"\" \/><\/a>\n\t\t\t\t<\/dt><\/dl><dl class='gallery-item'>\n\t\t\t\t<dt class='gallery-icon landscape'>\n\t\t\t\t\t<a class=\"rollover rollover-zoom dt-pswp-item\" title=\"f6c50d4c-9f20-46e6-8359-3b114b7e2aab\" data-dt-img-description=\"\" data-large_image_width=\"2016\" data-large_image_height=\"1512\"href='https:\/\/www.radiopiu.net\/wordpress\/wp-content\/uploads\/2023\/08\/f6c50d4c-9f20-46e6-8359-3b114b7e2aab.jpg'><img loading=\"lazy\" decoding=\"async\" width=\"150\" height=\"150\" src=\"https:\/\/www.radiopiu.net\/wordpress\/wp-content\/uploads\/2023\/08\/f6c50d4c-9f20-46e6-8359-3b114b7e2aab-150x150.jpg\" class=\"attachment-thumbnail size-thumbnail\" alt=\"\" \/><\/a>\n\t\t\t\t<\/dt><\/dl><br style=\"clear: both\" \/>\n\t\t\t<\/div>\n\n<p>&nbsp;<\/p>\n<hr \/>\n<p>&nbsp;<\/p>\n<blockquote>\n<h3 class=\"entry-title\">I PERICOLI DELLA 203 TRA I DUE AUTOVELOX COMUNALI \u201cLA SI FA FRANCA\u2026IN ZONA FRANCA\u201d<\/h3>\n<\/blockquote>\n<p><strong class=\"photoswipe-wrapper\"><a class=\"dt-pswp-item pspw-wrap-ready\" href=\"https:\/\/www.radiopiu.net\/wordpress\/wp-content\/uploads\/2023\/08\/Foto-con-logo-1-300x225-1.jpg\" data-dt-img-description=\"\" data-large_image_width=\"300\" data-large_image_height=\"225\"><img loading=\"lazy\" decoding=\"async\" class=\"size-full wp-image-348568 alignleft\" src=\"https:\/\/www.radiopiu.net\/wordpress\/wp-content\/uploads\/2023\/08\/Foto-con-logo-1-300x225-1.jpg\" alt=\"\" width=\"300\" height=\"225\" \/><\/a>LA ZONA FRANCA\u00a0<\/strong>\u00a0per definizione\u00a0\u00a0<em>\u00e8 un\u2019area geografica all\u2019interno di un paese in cui vengono applicate normative fiscali e doganali differenti da quelle vigenti nel resto del territorio nazionale. L\u2019obiettivo principale di una zona franca \u00e8 promuovere lo sviluppo economico, facilitare gli investimenti stranieri e agevolare il commercio internazional<\/em>e. La zona franca di cui voglio parlare di benefici non ne porta molti, e quel poco che porta \u2013 un risparmio di tempo di qualche minuto\u00a0 \u2013 mette a rischio la vita propria e quella altrui.<em>\u00a0In una zona franca, solitamente si applicano vantaggi fiscali, come tassi d\u2019imposta ridotti o addirittura esenzioni fiscali su determinate attivit\u00e0 economiche.<\/em>\u00a0In effetti la zona franca di cui ci interessiamo porta vantaggi economici, o meglio non permette a nessuno di mettere le mani nel portafoglio, perch\u00e9 nella zona franca non capita di vedere molti controlli, n\u00e8 con la paletta n\u00e8 con apparecchiature elettroniche di ultima generazione per il rilevamento della velocit\u00e0.\u00a0\u00a0<em>\u00a0Le zone franche sono create da governi nazionali o locali e possono variare ampiamente nelle loro caratteristiche e finalit\u00e0.<\/em>\u00a0La zona franca del nostro articolo non \u00e8 stata imposta da nessun governo nazionale o locale, ma nasce dall\u2019anarchia di chi \u00e8 al volante e si sente in diritto di snobbare i limiti di velocit\u00e0 e la linea continua che vieta il sorpasso? In effetti non mi \u00e8 mai capitato di vedere controlli\u00a0 in quella zona e a Belluno ci vado spesso. La si fa franca in zona franca.\u00a0 L\u2019importante \u00e8 tenere a mente i confini\u00a0 ed \u00e8 fatta: a Candaten sotto all\u2019autovelox del Comune di Sedico, a La Muda di La Valle Agordina davanti all\u2019autovelox del Comune di La Valle.<\/p>\n<p>mirko mezzacasa<\/p>\n<p>foto archivio radiopiu<\/p>\n<p>&nbsp;<\/p>\n<p>&nbsp;<\/p>\n<hr \/>\n<p>&nbsp;<\/p>\n<blockquote>\n<h3>INVESTI SCUOLA: DOLOMITIBUS CONFERMA LA DISPONIBILITA&#8217; DI RISORSE<\/h3>\n<\/blockquote>\n<p><strong>BELLUNO<\/strong> \u201cGli Organi Societari hanno manifestato la disponibilit\u00e0 di accogliere la proposta formulata in via del tutto eccezionale per l&#8217;anno scolastico 2023\/2024\u201d: con questa frase, il presidente di DolomitiBus Andrea Biasiotto ha comunicato al senatore bellunese Luca De Carlo il sostegno dell&#8217;azienda alla proposta del senatore di redistribuzione degli utili per coprire la cifra necessaria a garantire il pieno funzionamento di Investi Scuola nel prossimo anno scolastico.<\/p>\n<p>&nbsp;<\/p>\n<p>&nbsp;<\/p>\n<hr \/>\n<p>&nbsp;<\/p>\n<blockquote>\n<h3>PROVINCIA AL LAVORO PER GLI ULTIMI DETTAGLI SULLA LOGISTICA DELLE SCUOLE DI BELLUNO<\/h3>\n<\/blockquote>\n<p><strong><a class=\"dt-pswp-item\" href=\"https:\/\/www.radiopiu.net\/wordpress\/wp-content\/uploads\/2021\/09\/scuola-ricomincia.jpeg\" data-dt-img-description=\"\" data-large_image_width=\"626\" data-large_image_height=\"417\"><img loading=\"lazy\" decoding=\"async\" class=\" wp-image-231886 alignleft\" src=\"https:\/\/www.radiopiu.net\/wordpress\/wp-content\/uploads\/2021\/09\/scuola-ricomincia-300x200.jpeg\" alt=\"\" width=\"162\" height=\"108\" srcset=\"https:\/\/www.radiopiu.net\/wordpress\/wp-content\/uploads\/2021\/09\/scuola-ricomincia-300x200.jpeg 300w, https:\/\/www.radiopiu.net\/wordpress\/wp-content\/uploads\/2021\/09\/scuola-ricomincia.jpeg 626w\" sizes=\"auto, (max-width: 162px) 100vw, 162px\" \/><\/a>BELLUNO<\/strong> L&#8217;amministrazione provinciale si \u00e8 riunita per affrontare il tema dell&#8217;edilizia scolastica, con un focus sulle scuole superiori della citt\u00e0 capoluogo. In seguito a un incontro con i dirigenti scolastici, \u00e8 emerso il bisogno di ulteriori aule a causa dei lavori previsti presso il liceo Tiziano e l&#8217;ITI Segato. Sono stati discussi gli interventi necessari per soddisfare queste esigenze, includendo l&#8217;acquisto di nuovi moduli prefabbricati e l&#8217;affitto di spazi supplementari. L&#8217;obiettivo \u00e8 minimizzare i disagi causati dai cantieri concomitanti nelle scuole. L&#8217;amministrazione si impegna a valutare tutte le richieste delle scuole e ad ascoltare le esigenze dei presidi. La consigliera delegata all&#8217;edilizia scolastica, Lucia Da Rold, spiega che il quadro \u00e8 complesso ma si lavora per fornire spazi adeguati agli studenti. Il presidente della Provincia, Roberto Padrin, sottolinea l&#8217;importanza di portare avanti gli interventi del Pnrr per migliorare le strutture scolastiche e affrontare i disagi temporanei.<\/p>\n<p>&nbsp;<\/p>\n<p>&nbsp;<\/p>\n<hr \/>\n<p>&nbsp;<\/p>\n<blockquote>\n<h3>DILLO A RADIO PIU&#8217;&#8230; INTERNET, ANCORA DISAGI A MACCHIA DI LEOPARDO<\/h3>\n<\/blockquote>\n<p><strong><a class=\"dt-pswp-item\" href=\"https:\/\/www.radiopiu.net\/wordpress\/wp-content\/uploads\/2023\/08\/fibra-ottica.jpg\" data-dt-img-description=\"\" data-large_image_width=\"1280\" data-large_image_height=\"848\"><img loading=\"lazy\" decoding=\"async\" class=\" wp-image-347053 alignleft\" src=\"https:\/\/www.radiopiu.net\/wordpress\/wp-content\/uploads\/2023\/08\/fibra-ottica-300x199.jpg\" alt=\"\" width=\"210\" height=\"139\" srcset=\"https:\/\/www.radiopiu.net\/wordpress\/wp-content\/uploads\/2023\/08\/fibra-ottica-300x199.jpg 300w, https:\/\/www.radiopiu.net\/wordpress\/wp-content\/uploads\/2023\/08\/fibra-ottica-1024x678.jpg 1024w, https:\/\/www.radiopiu.net\/wordpress\/wp-content\/uploads\/2023\/08\/fibra-ottica-768x509.jpg 768w, https:\/\/www.radiopiu.net\/wordpress\/wp-content\/uploads\/2023\/08\/fibra-ottica.jpg 1280w\" sizes=\"auto, (max-width: 210px) 100vw, 210px\" \/><\/a>REDAZIONE<\/strong> Le segnalazioni non mancano e arrivano in radio puntuali dai nostri ascoltatori. Nelle ultime ore gli utenti collegati alla fibra gestita da OpenFiber hanno problemi di connessione. C&#8217;\u00e8 da dire che nelle ultime ore ci sono stati dei problemi importanti in alcuni nodi principali di Milano e Torino dove la ditta che fornisce il servizio \u00e8 al lavoro per ripristinare il tutto. Sembra che i problemi di connessione riguardino gli operatori cosiddetti &#8220;secondari&#8221; e non i principali provider nazionali. Infatti non tutte le utenze sono al &#8220;buio&#8221;. I malfunzionamenti sono iniziati nella serata di domenica e sono proseguiti anche luned\u00ec nonostante che OpenFiber abbia comunicato con una nota stampa che i problemi alle centrali POP siano stati risolti. Resta comunque il fatto che i tecnici stanno ancora facendo dei lavori di manutenzione alle linee di Milano e alcuni operatori, non tutti, possono avere dei disservizi.<\/p>\n<p><strong>IL MESSAGGIO ARRIVATO IN RADIO<\/strong><\/p>\n<p>Ci risiamo con il disservizio di Open Fiber. Linea di nuovo assente dalle 17:15 di lunedi. Il mio operatore mi comunica che il problema \u00e8 stato individuato in zona Milano. La cosa assurda \u00e8 che l\u2019operatore mi raccomanda di installare una linea FWA di back-up. Cio\u00e8 pago per un servizio, ma siccome OF non \u00e8 in grado di garantirlo in modo continuativo l\u2019utente dovrebbe pagare per una seconda linea per sopperire alle inefficienze di OF. Siamo veramente alla follia! Credo ci siano gli estremi per rivolgersi al Corecom Veneto. Grazie per l\u2019attenzione, credo sia importante far sentire la nostra voce anche se temo servir\u00e0 a ben poco.<\/p>\n<p>Fabrizio<\/p>\n<p>&nbsp;<\/p>\n<blockquote>\n<h3>DISSERVIZI INTERNET: LA NOTA DI OPENFIBER<\/h3>\n<\/blockquote>\n<p><strong><a class=\"dt-pswp-item\" href=\"https:\/\/www.radiopiu.net\/wordpress\/wp-content\/uploads\/2023\/08\/OF_fibra.jpg\" data-dt-img-description=\"\" data-large_image_width=\"1000\" data-large_image_height=\"666\"><img loading=\"lazy\" decoding=\"async\" class=\" wp-image-348634 alignleft\" src=\"https:\/\/www.radiopiu.net\/wordpress\/wp-content\/uploads\/2023\/08\/OF_fibra-300x200.jpg\" alt=\"\" width=\"197\" height=\"131\" srcset=\"https:\/\/www.radiopiu.net\/wordpress\/wp-content\/uploads\/2023\/08\/OF_fibra-300x200.jpg 300w, https:\/\/www.radiopiu.net\/wordpress\/wp-content\/uploads\/2023\/08\/OF_fibra-768x511.jpg 768w, https:\/\/www.radiopiu.net\/wordpress\/wp-content\/uploads\/2023\/08\/OF_fibra.jpg 1000w\" sizes=\"auto, (max-width: 197px) 100vw, 197px\" \/><\/a>REDAZIONE<\/strong> Riceviamo e pubblichiamo la nota stampa di OpenFiber riguardante i disservizi che hanno coinvolto i clienti della fibra ottica nelle ultime ore.<\/p>\n<blockquote><p><em>Open Fiber intende in primo luogo scusarsi con gli utenti coinvolti nel disservizio che ha colpito alcune aree \u2013 prevalentemente nel Nord Ovest \u2013 della rete in fibra ottica FTTH nelle giornate di domenica 13 e luned\u00ec 14 agosto. Tutto ha avuto origine domenica da un eccezionale sbalzo di tensione che ha interessato \u2013 quasi in contemporanea \u2013 due centrali di Open Fiber a Torino e Milano-Baggio. L\u2019azienda si \u00e8 immediatamente mobilitata in tutte le sue componenti, permettendo nel giro di poche ore di restituire la piena connettivit\u00e0 agli utenti. Il danno registrato in particolare a Milano ha provocato un nuovo down del segnale ottico nel pomeriggio di luned\u00ec: anche in questo caso, il disservizio si \u00e8 protratto per poche ore grazie al tempestivo intervento dei tecnici OF che continuano a monitorare la stabilit\u00e0 della rete. Fa parte della mission di Open Fiber garantire agli operatori partner \u2013 e di conseguenza ai loro clienti \u2013 la migliore connettivit\u00e0 disponibile sul mercato delle telecomunicazioni, rispondendo tempestivamente alle eventuali criticit\u00e0 che possono purtroppo colpire una rete tecnologica sempre pi\u00f9 estesa e sempre pi\u00f9 presente nelle case degli italiani.<\/em><\/p><\/blockquote>\n<p>&nbsp;<\/p>\n<p>&nbsp;<\/p>\n<hr \/>\n<p>&nbsp;<\/p>\n<blockquote>\n<h3>DILLO A RADIO PIU&#8217;&#8230;QUANDO L&#8217;ASFALTATURA NON E&#8217; DELLE MIGLIORI<\/h3>\n<\/blockquote>\n<p><strong><a class=\"dt-pswp-item\" href=\"https:\/\/www.radiopiu.net\/wordpress\/wp-content\/uploads\/2023\/08\/SCR-20230814-jdnh.jpeg\" data-dt-img-description=\"\" data-large_image_width=\"1386\" data-large_image_height=\"832\"><img loading=\"lazy\" decoding=\"async\" class=\" wp-image-348531 alignleft\" src=\"https:\/\/www.radiopiu.net\/wordpress\/wp-content\/uploads\/2023\/08\/SCR-20230814-jdnh-300x180.jpeg\" alt=\"\" width=\"212\" height=\"127\" srcset=\"https:\/\/www.radiopiu.net\/wordpress\/wp-content\/uploads\/2023\/08\/SCR-20230814-jdnh-300x180.jpeg 300w, https:\/\/www.radiopiu.net\/wordpress\/wp-content\/uploads\/2023\/08\/SCR-20230814-jdnh-1024x615.jpeg 1024w, https:\/\/www.radiopiu.net\/wordpress\/wp-content\/uploads\/2023\/08\/SCR-20230814-jdnh-768x461.jpeg 768w, https:\/\/www.radiopiu.net\/wordpress\/wp-content\/uploads\/2023\/08\/SCR-20230814-jdnh.jpeg 1386w\" sizes=\"auto, (max-width: 212px) 100vw, 212px\" \/><\/a>Riceviamo e pubblichiamo<\/strong><\/p>\n<p>Messaggio rivolto a Veneto Strade o chi di competenza. A Cencenighe un mese e mezzo fa \u00e8 stata rifatta come di consueto la segnaletica orizzontale al trafficato incrocio &#8211; piazza del capoluogo. Invece tra Canale d&#8217;Agordo e Caviola-Falcade lungo la Strada Provinciale 346 del Passo di San Pellegrino non si vede pi\u00f9 nulla, nemmeno in trasparenza si notato le vecchie strisce bianche. Inoltre dopo i cantieri svolti per il rinforzo del muro sottostante la strada provinciale l&#8217;asfalto \u00e8 un colabrodo, \u00e8 gi\u00e0 da un po&#8217; che si sono conclusi quei lavori e ci vuole una riasfaltatura completa prima che nevichi. \u00c8 possibile che su un tratto inferiore ai 2 km non si trovi il denaro per rifarlo tra la localit\u00e0 di Val all&#8217;incrocio stradale con Vallada e Caviola? Non penso sia cos\u00ec oneroso rispetto alla tangenziale di Agordo che intorno a luglio dalla rotatoria dei pompieri fino Alle Campe di La Valle \u00e8 stata completamente riasfaltata. Ormai la stagione turistica estiva \u00e8 quasi al termine.<\/p>\n<p>Lettera Firmata<\/p>\n<p>&nbsp;<\/p>\n<p>&nbsp;<\/p>\n<hr \/>\n<p>&nbsp;<\/p>\n<blockquote>\n<h3>DILLO A RADIO PIU&#8217;&#8230;GRAZIE AL PRONTO SOCCORSO DI AGORDO E ALL&#8217;OSPEDALE SAN MARTINO DI BELLUNO<\/h3>\n<\/blockquote>\n<p><strong><a class=\"dt-pswp-item\" href=\"https:\/\/www.radiopiu.net\/wordpress\/wp-content\/uploads\/2021\/10\/a0c568f4-8fef-4e1e-b203-57f1d1d0c1e7.jpg\" data-dt-img-description=\"\" data-large_image_width=\"2000\" data-large_image_height=\"1496\"><img loading=\"lazy\" decoding=\"async\" class=\" wp-image-238247 alignleft\" src=\"https:\/\/www.radiopiu.net\/wordpress\/wp-content\/uploads\/2021\/10\/a0c568f4-8fef-4e1e-b203-57f1d1d0c1e7-300x224.jpg\" alt=\"\" width=\"135\" height=\"101\" srcset=\"https:\/\/www.radiopiu.net\/wordpress\/wp-content\/uploads\/2021\/10\/a0c568f4-8fef-4e1e-b203-57f1d1d0c1e7-300x224.jpg 300w, https:\/\/www.radiopiu.net\/wordpress\/wp-content\/uploads\/2021\/10\/a0c568f4-8fef-4e1e-b203-57f1d1d0c1e7-1024x766.jpg 1024w, https:\/\/www.radiopiu.net\/wordpress\/wp-content\/uploads\/2021\/10\/a0c568f4-8fef-4e1e-b203-57f1d1d0c1e7-768x574.jpg 768w, https:\/\/www.radiopiu.net\/wordpress\/wp-content\/uploads\/2021\/10\/a0c568f4-8fef-4e1e-b203-57f1d1d0c1e7-1536x1149.jpg 1536w, https:\/\/www.radiopiu.net\/wordpress\/wp-content\/uploads\/2021\/10\/a0c568f4-8fef-4e1e-b203-57f1d1d0c1e7.jpg 2000w\" sizes=\"auto, (max-width: 135px) 100vw, 135px\" \/><\/a>Riceviamo e pubblichiamo<\/strong><\/p>\n<blockquote><p><em>Volevo ringraziare pubblicamente il Pronto Soccorso dell&#8217;Ospedale di Agordo per le cure ricevute e il reparto cardiologia del San Martino di Belluno. Due eccellenze del territorio. Grazie<\/em><\/p>\n<p><em>Rita Fa\u00e8<\/em><\/p><\/blockquote>\n<p>&nbsp;<\/p>\n<p>&nbsp;<\/p>\n<hr \/>\n<p>&nbsp;<\/p>\n<blockquote>\n<h3>RIPRISTINO PROVINCE, RIPARTE LA DISCUSSIONE<\/h3>\n<\/blockquote>\n<p><strong><a class=\"dt-pswp-item\" href=\"https:\/\/www.radiopiu.net\/wordpress\/wp-content\/uploads\/2023\/03\/Andrea-Bona-presidente-Bard.jpg\" data-dt-img-description=\"\" data-large_image_width=\"2048\" data-large_image_height=\"1536\"><img loading=\"lazy\" decoding=\"async\" class=\" wp-image-328434 alignleft\" src=\"https:\/\/www.radiopiu.net\/wordpress\/wp-content\/uploads\/2023\/03\/Andrea-Bona-presidente-Bard-300x225.jpg\" alt=\"\" width=\"144\" height=\"108\" srcset=\"https:\/\/www.radiopiu.net\/wordpress\/wp-content\/uploads\/2023\/03\/Andrea-Bona-presidente-Bard-300x225.jpg 300w, https:\/\/www.radiopiu.net\/wordpress\/wp-content\/uploads\/2023\/03\/Andrea-Bona-presidente-Bard-1024x768.jpg 1024w, https:\/\/www.radiopiu.net\/wordpress\/wp-content\/uploads\/2023\/03\/Andrea-Bona-presidente-Bard-768x576.jpg 768w, https:\/\/www.radiopiu.net\/wordpress\/wp-content\/uploads\/2023\/03\/Andrea-Bona-presidente-Bard-1536x1152.jpg 1536w, https:\/\/www.radiopiu.net\/wordpress\/wp-content\/uploads\/2023\/03\/Andrea-Bona-presidente-Bard.jpg 2048w\" sizes=\"auto, (max-width: 144px) 100vw, 144px\" \/><\/a>BELLUNO <\/strong>Il Movimento BARD &#8211; Belluno Autonoma Regione Dolomiti accoglie con grande favore le dichiarazioni del Ministro\u00a0 Matteo Salvini sulla necessit\u00e0 di ripristinare \u201ca pieno ritmo\u201d le province.<\/p>\n<p><strong>ANDREA BONA, PRESIDENTE DEL BARD<\/strong><\/p>\n<audio class=\"wp-audio-shortcode\" id=\"audio-348519-1\" preload=\"none\" style=\"width: 100%;\" controls=\"controls\"><source type=\"audio\/mpeg\" src=\"https:\/\/www.radiopiu.net\/wordpress\/wp-content\/uploads\/2023\/08\/Bona-Province-Salvini.mp3?_=1\" \/><a href=\"https:\/\/www.radiopiu.net\/wordpress\/wp-content\/uploads\/2023\/08\/Bona-Province-Salvini.mp3\">https:\/\/www.radiopiu.net\/wordpress\/wp-content\/uploads\/2023\/08\/Bona-Province-Salvini.mp3<\/a><\/audio>\n<p>&nbsp;<\/p>\n<p>&nbsp;<\/p>\n<hr \/>\n<p>&nbsp;<\/p>\n<blockquote>\n<h3 class=\"entry-title\">PATTUGLIE A CAVALLO DELL\u2019ARMA FORESTALE PER LA SORVEGLIANZA DEL TERRITORIO MONTANO DELL\u2019AMPEZZO<\/h3>\n<\/blockquote>\n<p class=\"photoswipe-wrapper\"><a class=\"dt-pswp-item pspw-wrap-ready\" href=\"https:\/\/www.radiopiu.net\/wordpress\/wp-content\/uploads\/2023\/08\/8e00ed31-d43a-4c79-9591-1fad243d387a.jpg\" data-dt-img-description=\"\" data-large_image_width=\"2048\" data-large_image_height=\"1536\"><img loading=\"lazy\" decoding=\"async\" class=\"size-medium wp-image-348561 alignleft\" src=\"https:\/\/www.radiopiu.net\/wordpress\/wp-content\/uploads\/2023\/08\/8e00ed31-d43a-4c79-9591-1fad243d387a-300x225.jpg\" sizes=\"auto, (max-width: 300px) 100vw, 300px\" srcset=\"https:\/\/www.radiopiu.net\/wordpress\/wp-content\/uploads\/2023\/08\/8e00ed31-d43a-4c79-9591-1fad243d387a-300x225.jpg 300w, https:\/\/www.radiopiu.net\/wordpress\/wp-content\/uploads\/2023\/08\/8e00ed31-d43a-4c79-9591-1fad243d387a-1024x768.jpg 1024w, https:\/\/www.radiopiu.net\/wordpress\/wp-content\/uploads\/2023\/08\/8e00ed31-d43a-4c79-9591-1fad243d387a-768x576.jpg 768w, https:\/\/www.radiopiu.net\/wordpress\/wp-content\/uploads\/2023\/08\/8e00ed31-d43a-4c79-9591-1fad243d387a-1536x1152.jpg 1536w, https:\/\/www.radiopiu.net\/wordpress\/wp-content\/uploads\/2023\/08\/8e00ed31-d43a-4c79-9591-1fad243d387a.jpg 2048w\" alt=\"\" width=\"300\" height=\"225\" \/><\/a><strong>CORTINA<\/strong>\u00a0 \u00a0L\u2019Arma dei Carabinieri ha intrapreso un\u2019iniziativa innovativa attraverso la specialit\u00e0 Forestale: l\u2019impiego di pattuglie a cavallo. Queste squadre ippomontate sono state istituite per sorvegliare e proteggere il vasto territorio montano che circonda la conca d\u2019Ampezzo. L\u2019utilizzo dei\u00a0<a class=\"dt-pswp-item pspw-wrap-ready\" href=\"https:\/\/www.radiopiu.net\/wordpress\/wp-content\/uploads\/2023\/08\/03c48b0c-d457-4fdc-984a-40625a30f6e0-1.jpg\" data-dt-img-description=\"\" data-large_image_width=\"683\" data-large_image_height=\"1024\"><img loading=\"lazy\" decoding=\"async\" class=\"size-medium wp-image-348564 alignright\" src=\"https:\/\/www.radiopiu.net\/wordpress\/wp-content\/uploads\/2023\/08\/03c48b0c-d457-4fdc-984a-40625a30f6e0-1-200x300.jpg\" sizes=\"auto, (max-width: 200px) 100vw, 200px\" srcset=\"https:\/\/www.radiopiu.net\/wordpress\/wp-content\/uploads\/2023\/08\/03c48b0c-d457-4fdc-984a-40625a30f6e0-1-200x300.jpg 200w, https:\/\/www.radiopiu.net\/wordpress\/wp-content\/uploads\/2023\/08\/03c48b0c-d457-4fdc-984a-40625a30f6e0-1.jpg 683w\" alt=\"\" width=\"200\" height=\"300\" \/><\/a>cavalli, in particolare della razza maremmana, offre notevoli vantaggi per la sorveglianza in aree naturali, dove la viabilit\u00e0 pu\u00f2 essere limitata o inesistente. I cavalli impiegati sono razza maremmana, scelti per la loro adattabilit\u00e0 e resistenza alle condizioni di montagna. Questi animali vengono allevati, cresciuti e addestrati presso il Reparto Carabinieri Biodiversit\u00e0 di Belluno, dove vengono messi a punto i legami tra cavallerizza\/o e animale, garantendo un\u2019affidabilit\u00e0 particolare nella collaborazione. Questo binomio ben affiatato \u00e8 fondamentale per assicurare un servizio efficace e sicuro, sia in compiti di pattugliamento che in eventi rappresentativi. L\u2019uso dei cavalli nell\u2019ambito delle operazioni di sorveglianza delle aree rurali e montane rappresenta un approccio innovativo, permettendo ai Carabinieri forestali di presidiare vaste porzioni di territorio altrimenti difficili da raggiungere. Questa iniziativa non solo sottolinea l\u2019impegno dell\u2019Arma nella conservazione della natura, ma crea anche un legame profondo con le tradizioni storiche dell\u2019Istituzione. In un\u2019epoca in cui la tecnologia spesso domina le strategie di sorveglianza, l\u2019uso dei cavalli dimostra che un approccio pi\u00f9 tradizionale pu\u00f2 essere altrettanto efficace, specialmente in ambienti naturali sensibili. L\u2019Arma dei Carabinieri Forestali continua a dimostrare il proprio impegno per la tutela del territorio e della biodiversit\u00e0, combinando innovazione e tradizione per affrontare le sfide ambientali in modo completo e sostenibile.<\/p>\n<p>foto a destra, al Palio di Feltre<\/p>\n<p>&nbsp;<\/p>\n<p>&nbsp;<\/p>\n<hr \/>\n<p>&nbsp;<\/p>\n<blockquote>\n<h3>VOILA&#8217;: IL FESTIVAL DEGLI ARTISTI DI STRADA A FELTRE<\/h3>\n<\/blockquote>\n<p><strong><a class=\"dt-pswp-item\" href=\"https:\/\/www.radiopiu.net\/wordpress\/wp-content\/uploads\/2023\/08\/b60b368f-fd8c-447a-ad1f-503eb57d3ccf.jpg\" data-dt-img-description=\"\" data-large_image_width=\"1600\" data-large_image_height=\"900\"><img loading=\"lazy\" decoding=\"async\" class=\" wp-image-348596 alignleft\" src=\"https:\/\/www.radiopiu.net\/wordpress\/wp-content\/uploads\/2023\/08\/b60b368f-fd8c-447a-ad1f-503eb57d3ccf-300x169.jpg\" alt=\"\" width=\"185\" height=\"104\" srcset=\"https:\/\/www.radiopiu.net\/wordpress\/wp-content\/uploads\/2023\/08\/b60b368f-fd8c-447a-ad1f-503eb57d3ccf-300x169.jpg 300w, https:\/\/www.radiopiu.net\/wordpress\/wp-content\/uploads\/2023\/08\/b60b368f-fd8c-447a-ad1f-503eb57d3ccf-1024x576.jpg 1024w, https:\/\/www.radiopiu.net\/wordpress\/wp-content\/uploads\/2023\/08\/b60b368f-fd8c-447a-ad1f-503eb57d3ccf-768x432.jpg 768w, https:\/\/www.radiopiu.net\/wordpress\/wp-content\/uploads\/2023\/08\/b60b368f-fd8c-447a-ad1f-503eb57d3ccf-1536x864.jpg 1536w, https:\/\/www.radiopiu.net\/wordpress\/wp-content\/uploads\/2023\/08\/b60b368f-fd8c-447a-ad1f-503eb57d3ccf.jpg 1600w\" sizes=\"auto, (max-width: 185px) 100vw, 185px\" \/><\/a>FELTRE<\/strong> Dopo un anno di stop, torna a Feltre \u201cVoil\u00e0\u201d, il festival degli artisti di strada. L&#8217;appuntamento \u00e8 per il fine settimana in centro storico, con due anteprime gioved\u00ec e venerd\u00ec nelle frazioni di Vellai e di Pont.<\/p>\n<p><strong>di Daniele Dalvit<\/strong><\/p>\n<audio class=\"wp-audio-shortcode\" id=\"audio-348519-2\" preload=\"none\" style=\"width: 100%;\" controls=\"controls\"><source type=\"audio\/mpeg\" src=\"https:\/\/www.radiopiu.net\/wordpress\/wp-content\/uploads\/2023\/08\/DALVIT-Voila-Feltre.mp3?_=2\" \/><a href=\"https:\/\/www.radiopiu.net\/wordpress\/wp-content\/uploads\/2023\/08\/DALVIT-Voila-Feltre.mp3\">https:\/\/www.radiopiu.net\/wordpress\/wp-content\/uploads\/2023\/08\/DALVIT-Voila-Feltre.mp3<\/a><\/audio>\n<p>&nbsp;<\/p>\n<hr \/>\n<p>&nbsp;<\/p>\n<blockquote>\n<h3>IL PREMIO &#8220;BELLUNESI CHE ONORANO LA PROVINCIA DI BELLUNO IN ITALIA E NEL MONDO&#8221;<\/h3>\n<\/blockquote>\n<p><strong>BELLUNO<\/strong> La Provincia di Belluno ha pubblicato il bando relativo alla XXIII edizione del Premio Internazionale \u201cBellunesi che onorano la provincia di Belluno in Italia e all\u2019estero\u201d, che quest\u2019anno si svolger\u00e0 nel comune di Longarone sabato 25 novembre. Con riferimento al regolamento del premio potranno essere segnalate le candidature di personalit\u00e0 che si sono distinte all\u2019estero e\/o in Italia nei seguenti campi: economico, imprenditoriale e professionale; istituzioni, arte e cultura; sociale e solidaristico. Le segnalazioni, oltre che dai tre Enti promotori (Provincia di Belluno, Associazione Bellunesi nel Mondo e Rotary Club provinciali), potranno essere fatte dalle Famiglie Bellunesi in Italia e all\u2019estero, dalla Camera di Commercio di Treviso-Belluno o, suo tramite, dalle associazioni della stessa rappresentante, dai Comuni della provincia di Belluno, altri enti pubblici di Belluno. Le candidature dovranno pervenire all\u2019Amministrazione della Provincia di Belluno entro e non oltre la data del 15 settembre 2023.<\/p>\n<p>&nbsp;<\/p>\n<p>&nbsp;<\/p>\n<hr \/>\n<p>&nbsp;<\/p>\n<blockquote>\n<h3>LA VISITA A PALAZZO CROTTA DE MANZONI<\/h3>\n<\/blockquote>\n<p><strong><a class=\"dt-pswp-item\" href=\"https:\/\/www.radiopiu.net\/wordpress\/wp-content\/uploads\/2023\/08\/1be3000b-a5ee-4642-99c3-6a12a38b59d3.jpg\" data-dt-img-description=\"\" data-large_image_width=\"1600\" data-large_image_height=\"1200\"><img loading=\"lazy\" decoding=\"async\" class=\" wp-image-348545 alignleft\" src=\"https:\/\/www.radiopiu.net\/wordpress\/wp-content\/uploads\/2023\/08\/1be3000b-a5ee-4642-99c3-6a12a38b59d3-300x225.jpg\" alt=\"\" width=\"163\" height=\"122\" srcset=\"https:\/\/www.radiopiu.net\/wordpress\/wp-content\/uploads\/2023\/08\/1be3000b-a5ee-4642-99c3-6a12a38b59d3-300x225.jpg 300w, https:\/\/www.radiopiu.net\/wordpress\/wp-content\/uploads\/2023\/08\/1be3000b-a5ee-4642-99c3-6a12a38b59d3-1024x768.jpg 1024w, https:\/\/www.radiopiu.net\/wordpress\/wp-content\/uploads\/2023\/08\/1be3000b-a5ee-4642-99c3-6a12a38b59d3-768x576.jpg 768w, https:\/\/www.radiopiu.net\/wordpress\/wp-content\/uploads\/2023\/08\/1be3000b-a5ee-4642-99c3-6a12a38b59d3-1536x1152.jpg 1536w, https:\/\/www.radiopiu.net\/wordpress\/wp-content\/uploads\/2023\/08\/1be3000b-a5ee-4642-99c3-6a12a38b59d3.jpg 1600w\" sizes=\"auto, (max-width: 163px) 100vw, 163px\" \/><\/a>AGORDO\u00a0<\/strong>Domenica si \u00e8 svolta la giornata dedicata alla visita di Palazzo Crotta De Manzoni. I visitatori si sono riversati in massa per scoprire il Palazzo nel centro di Agordo.<\/p>\n<p><strong>L&#8217;ASSESSORE COMUNALE CHIARA FONTANIVE<\/strong><\/p>\n<audio class=\"wp-audio-shortcode\" id=\"audio-348519-3\" preload=\"none\" style=\"width: 100%;\" controls=\"controls\"><source type=\"audio\/mpeg\" src=\"https:\/\/www.radiopiu.net\/wordpress\/wp-content\/uploads\/2023\/08\/chiara-fonatnive-.mp3?_=3\" \/><a href=\"https:\/\/www.radiopiu.net\/wordpress\/wp-content\/uploads\/2023\/08\/chiara-fonatnive-.mp3\">https:\/\/www.radiopiu.net\/wordpress\/wp-content\/uploads\/2023\/08\/chiara-fonatnive-.mp3<\/a><\/audio>\n<p>&nbsp;<\/p>\n<p>&nbsp;<\/p>\n<hr \/>\n<p>&nbsp;<\/p>\n<blockquote>\n<h3>AL RIFUGIO SCARPA IL FESTIVAL DI AGOSTO ALLE PENDICI DELL&#8217;AGNER<\/h3>\n<\/blockquote>\n<p><strong>VOLTAGO<\/strong><\/p>\n<p><strong>DAL RIFUGIO SCARPA IL GESTORE MARCO BERGAMO<\/strong><\/p>\n<audio class=\"wp-audio-shortcode\" id=\"audio-348519-4\" preload=\"none\" style=\"width: 100%;\" controls=\"controls\"><source type=\"audio\/mpeg\" src=\"https:\/\/www.radiopiu.net\/wordpress\/wp-content\/uploads\/2023\/08\/MARCO-BERGAMO.mp3?_=4\" \/><a href=\"https:\/\/www.radiopiu.net\/wordpress\/wp-content\/uploads\/2023\/08\/MARCO-BERGAMO.mp3\">https:\/\/www.radiopiu.net\/wordpress\/wp-content\/uploads\/2023\/08\/MARCO-BERGAMO.mp3<\/a><\/audio>\n<p>&nbsp;<\/p>\n<h2 style=\"text-align: center;\"><strong><span style=\"color: #ff0000;\">GLI APPUNTAMENTI<\/span><\/strong><\/h2>\n<p><a class=\"dt-pswp-item\" href=\"https:\/\/www.radiopiu.net\/wordpress\/wp-content\/uploads\/2023\/08\/bfc3b52a-1585-422c-9d55-b388f0c81a77.jpg\" data-dt-img-description=\"\" data-large_image_width=\"1131\" data-large_image_height=\"1600\"><img loading=\"lazy\" decoding=\"async\" class=\"wp-image-347389 aligncenter\" src=\"https:\/\/www.radiopiu.net\/wordpress\/wp-content\/uploads\/2023\/08\/bfc3b52a-1585-422c-9d55-b388f0c81a77-724x1024.jpg\" alt=\"\" width=\"280\" height=\"396\" srcset=\"https:\/\/www.radiopiu.net\/wordpress\/wp-content\/uploads\/2023\/08\/bfc3b52a-1585-422c-9d55-b388f0c81a77-724x1024.jpg 724w, https:\/\/www.radiopiu.net\/wordpress\/wp-content\/uploads\/2023\/08\/bfc3b52a-1585-422c-9d55-b388f0c81a77-212x300.jpg 212w, https:\/\/www.radiopiu.net\/wordpress\/wp-content\/uploads\/2023\/08\/bfc3b52a-1585-422c-9d55-b388f0c81a77-768x1086.jpg 768w, https:\/\/www.radiopiu.net\/wordpress\/wp-content\/uploads\/2023\/08\/bfc3b52a-1585-422c-9d55-b388f0c81a77-1086x1536.jpg 1086w, https:\/\/www.radiopiu.net\/wordpress\/wp-content\/uploads\/2023\/08\/bfc3b52a-1585-422c-9d55-b388f0c81a77.jpg 1131w\" sizes=\"auto, (max-width: 280px) 100vw, 280px\" \/><\/a><\/p>\n<p>&nbsp;<\/p>\n<hr \/>\n<p>&nbsp;<\/p>\n<blockquote>\n<h3>I NOS CROT, TRE ESCURSIONI CON IL GAMP<\/h3>\n<p><strong>di Gianni Santomaso<\/strong><\/p>\n<audio class=\"wp-audio-shortcode\" id=\"audio-348519-5\" preload=\"none\" style=\"width: 100%;\" controls=\"controls\"><source type=\"audio\/mpeg\" src=\"https:\/\/www.radiopiu.net\/wordpress\/wp-content\/uploads\/2023\/08\/GIANNI-I-NOS-CROT.mp3?_=5\" \/><a href=\"https:\/\/www.radiopiu.net\/wordpress\/wp-content\/uploads\/2023\/08\/GIANNI-I-NOS-CROT.mp3\">https:\/\/www.radiopiu.net\/wordpress\/wp-content\/uploads\/2023\/08\/GIANNI-I-NOS-CROT.mp3<\/a><\/audio>\n<p>&nbsp;<\/p><\/blockquote>\n<p><strong><a class=\"dt-pswp-item\" href=\"https:\/\/www.radiopiu.net\/wordpress\/wp-content\/uploads\/2023\/08\/e575260a-6e85-47fc-a32d-9226877f8944.jpg\" data-dt-img-description=\"\" data-large_image_width=\"1200\" data-large_image_height=\"1600\"><img loading=\"lazy\" decoding=\"async\" class=\" wp-image-347058 alignleft\" src=\"https:\/\/www.radiopiu.net\/wordpress\/wp-content\/uploads\/2023\/08\/e575260a-6e85-47fc-a32d-9226877f8944-225x300.jpg\" alt=\"\" width=\"99\" height=\"132\" srcset=\"https:\/\/www.radiopiu.net\/wordpress\/wp-content\/uploads\/2023\/08\/e575260a-6e85-47fc-a32d-9226877f8944-225x300.jpg 225w, https:\/\/www.radiopiu.net\/wordpress\/wp-content\/uploads\/2023\/08\/e575260a-6e85-47fc-a32d-9226877f8944-768x1024.jpg 768w, https:\/\/www.radiopiu.net\/wordpress\/wp-content\/uploads\/2023\/08\/e575260a-6e85-47fc-a32d-9226877f8944-1152x1536.jpg 1152w, https:\/\/www.radiopiu.net\/wordpress\/wp-content\/uploads\/2023\/08\/e575260a-6e85-47fc-a32d-9226877f8944.jpg 1200w\" sizes=\"auto, (max-width: 99px) 100vw, 99px\" \/><\/a>AGORDO<\/strong> Anche quest&#8217;anno il Gruppo Agordino Mineralogico Paleontologico organizza &#8220;I Nos Crot&#8221;, tre escursioni nel mese di agosto. Oggi in Valle Imperina e il 19 agosto con Passo Fedaia e Rifugio Padon. Per partecipare alle escursioni in programma si richiede l&#8217;iscrizione al GAMP con un costo di 15 euro per gli adulti e 10 euro per i giovani fino a 18 anni. Le iscrizioni all&#8217;Ufficio Turistico di Agordo (0437 62105) oppure telefonando al 388 4955756 o 340 0890160.<\/p>\n<p><strong>DAVIDE CONEDERA<\/strong><\/p>\n<audio class=\"wp-audio-shortcode\" id=\"audio-348519-6\" preload=\"none\" style=\"width: 100%;\" controls=\"controls\"><source type=\"audio\/mpeg\" src=\"https:\/\/www.radiopiu.net\/wordpress\/wp-content\/uploads\/2023\/08\/DAVIDE-CONEDERA-I-NOS-CROT.mp3?_=6\" \/><a href=\"https:\/\/www.radiopiu.net\/wordpress\/wp-content\/uploads\/2023\/08\/DAVIDE-CONEDERA-I-NOS-CROT.mp3\">https:\/\/www.radiopiu.net\/wordpress\/wp-content\/uploads\/2023\/08\/DAVIDE-CONEDERA-I-NOS-CROT.mp3<\/a><\/audio>\n<p>&nbsp;<\/p>\n<hr \/>\n<p>&nbsp;<\/p>\n<blockquote>\n<h3>A VOLTAGO LA MOSTRA FOTOGRAFICA &#8220;NATURA O ARTE?&#8221;<\/h3>\n<\/blockquote>\n<p><strong>VOLTAGO<\/strong><\/p>\n<p>di Gianni Santomaso<\/p>\n<audio class=\"wp-audio-shortcode\" id=\"audio-348519-7\" preload=\"none\" style=\"width: 100%;\" controls=\"controls\"><source type=\"audio\/mpeg\" src=\"https:\/\/www.radiopiu.net\/wordpress\/wp-content\/uploads\/2023\/08\/GIANNI-LA-MOSTRA-FOTOGRAFICA-NATURA-O-ARTE.mp3?_=7\" \/><a href=\"https:\/\/www.radiopiu.net\/wordpress\/wp-content\/uploads\/2023\/08\/GIANNI-LA-MOSTRA-FOTOGRAFICA-NATURA-O-ARTE.mp3\">https:\/\/www.radiopiu.net\/wordpress\/wp-content\/uploads\/2023\/08\/GIANNI-LA-MOSTRA-FOTOGRAFICA-NATURA-O-ARTE.mp3<\/a><\/audio>\n<p>&nbsp;<\/p>\n<hr \/>\n<p>&nbsp;<\/p>\n<blockquote>\n<h3>A TAIBON MUSEO ETNOGRAFICO APERTO E MOSTRA CON I DISEGNI DEGLI ALUNNI DELLA PRIMARIA<\/h3>\n<\/blockquote>\n<p><strong><a class=\"dt-pswp-item\" href=\"https:\/\/www.radiopiu.net\/wordpress\/wp-content\/uploads\/2023\/08\/WhatsApp-Image-2022-08-12-at-10.38.51.jpg\" data-dt-img-description=\"\" data-large_image_width=\"2000\" data-large_image_height=\"1125\"><img loading=\"lazy\" decoding=\"async\" class=\" wp-image-348180 alignleft\" src=\"https:\/\/www.radiopiu.net\/wordpress\/wp-content\/uploads\/2023\/08\/WhatsApp-Image-2022-08-12-at-10.38.51-300x169.jpg\" alt=\"\" width=\"174\" height=\"98\" srcset=\"https:\/\/www.radiopiu.net\/wordpress\/wp-content\/uploads\/2023\/08\/WhatsApp-Image-2022-08-12-at-10.38.51-300x169.jpg 300w, https:\/\/www.radiopiu.net\/wordpress\/wp-content\/uploads\/2023\/08\/WhatsApp-Image-2022-08-12-at-10.38.51-1024x576.jpg 1024w, https:\/\/www.radiopiu.net\/wordpress\/wp-content\/uploads\/2023\/08\/WhatsApp-Image-2022-08-12-at-10.38.51-768x432.jpg 768w, https:\/\/www.radiopiu.net\/wordpress\/wp-content\/uploads\/2023\/08\/WhatsApp-Image-2022-08-12-at-10.38.51-1536x864.jpg 1536w, https:\/\/www.radiopiu.net\/wordpress\/wp-content\/uploads\/2023\/08\/WhatsApp-Image-2022-08-12-at-10.38.51.jpg 2000w\" sizes=\"auto, (max-width: 174px) 100vw, 174px\" \/><\/a>TAIBON <\/strong>Per tutto il mese di agosto \u00e8 possibile visitare il museo etnografico di Taibon Agordino . Quest\u2019anno ci sono delle novit\u00e0. L\u2019entrata \u00e8 accanto al municipio, dalla saletta della Proloco dove si possono ammirare\u00a0 i lavori dei bambini della primaria \u201cPio Soccol\u201d di Taibon Agordino sulla calchera. Inoltre grazie alla disponibilit\u00e0 della famiglia Cadorin \u00e8 stata allestita la vetrina del locale\u00a0 accanto al museo\u00a0 dove sono stati esposti i disegni degli alunni della primaria e il bellissimo modellino della calchera fatto da Ivano Borghese.<\/p>\n<p>&nbsp;<\/p>\n<p>&nbsp;<\/p>\n<hr \/>\n<p>&nbsp;<\/p>\n<h2><span style=\"color: #ff0000;\">GLI APPUNTAMENTI DELLA SETTIMANA\u00a0\u00a0<\/span><\/h2>\n<blockquote>\n<h3>RAFFAELLA CALLIGARO PRESENTA IL SUO LIBRO<\/h3>\n<\/blockquote>\n<p><strong>FALCADE<\/strong> Stasera alle 18 in Sala Consigliare di Falcade Raffaella Caligaro presenta il suo nuovo &#8220;Tutta un&#8217;altra storia&#8221; che parla della Grande Guerra raccontata dalle donne e bambini.<\/p>\n<p>&nbsp;<\/p>\n<blockquote>\n<h3>INCONTRI D&#8217;AUTORE CON ARABBA FODOM TURISMO E COMUNE DI LIVINALLONGO<\/h3>\n<\/blockquote>\n<h3><a class=\"dt-pswp-item\" href=\"https:\/\/www.radiopiu.net\/wordpress\/wp-content\/uploads\/2023\/08\/365110509_695435009289200_6383895512488748246_n.jpg\" data-dt-img-description=\"\" data-large_image_width=\"320\" data-large_image_height=\"453\"><img loading=\"lazy\" decoding=\"async\" class=\"wp-image-347179 alignleft\" src=\"https:\/\/www.radiopiu.net\/wordpress\/wp-content\/uploads\/2023\/08\/365110509_695435009289200_6383895512488748246_n-212x300.jpg\" alt=\"\" width=\"97\" height=\"137\" srcset=\"https:\/\/www.radiopiu.net\/wordpress\/wp-content\/uploads\/2023\/08\/365110509_695435009289200_6383895512488748246_n-212x300.jpg 212w, https:\/\/www.radiopiu.net\/wordpress\/wp-content\/uploads\/2023\/08\/365110509_695435009289200_6383895512488748246_n.jpg 320w\" sizes=\"auto, (max-width: 97px) 100vw, 97px\" \/><\/a><\/h3>\n<p>Dal 7 al 22 agosto, ad Arabba, IN SALA CONGRESSI CON INIZIO ALLE 20.45 \u201cIncontri d\u2019Autore\u201d, rassegna dedicata alla montagna. Chiacchierate con gli scrittori e momenti di approfondimento PER TUTTI. Partecipazione libera e gratuita. Oggi Mauro Corona PRESENTA &#8220;Le cinque porte &#8211; due nipoti e un nonno sui sentieri dei boschi&#8221;; 18 agosto Francesco Moser e la sua ultima pubblicazione &#8220;Franceso Moser Un uomo, Una Bicicletta&#8221;, serata allietata dai canti di montagna del Coro Fodom. 22 agosto Michil Costa con li libro &#8220;Futurismo&#8221; incontri d&#8217;autore, organizzazione ARABBA FODOM TURISMO E COMUNE DI LIVINALLONGO DEL COL DI LANA.<\/p>\n<p>&nbsp;<\/p>\n<p><strong><a href=\"https:\/\/www.radiopiu.net\/wordpress\/wp-content\/uploads\/2023\/08\/col-in-festa-2023-A4-verticale_OK.pdf\" class=\"pdfemb-viewer\" style=\"\" data-width=\"max\" data-height=\"max\" data-toolbar=\"top\" data-toolbar-fixed=\"on\">col in festa 2023 (A4 verticale)_OK<\/a>CANALE D&#8217;AGORDO <\/strong><span style=\"font-family: Arial, sans-serif;\"><span style=\"font-size: small;\"><span lang=\"it-IT\">Mercoled\u00ec 16 agosto<\/span><\/span><\/span><span style=\"font-family: Arial, sans-serif;\"><span style=\"font-size: small;\"><span lang=\"it-IT\">, alle <\/span><\/span><\/span><span style=\"font-family: Arial, sans-serif;\"><span style=\"font-size: small;\"><span lang=\"it-IT\">ore 21.00<\/span><\/span><\/span><span style=\"font-family: Arial, sans-serif;\"><span style=\"font-size: small;\"><span lang=\"it-IT\">, presso la <\/span><\/span><\/span><span style=\"font-family: Arial, sans-serif;\"><span style=\"font-size: small;\"><span lang=\"it-IT\">Sala Emigranti di Canale d&#8217;Agordo (Belluno)<\/span><\/span><\/span><span style=\"font-family: Arial, sans-serif;\"><span style=\"font-size: small;\"><span lang=\"it-IT\"> il giornalista <\/span><\/span><\/span><span style=\"font-family: Arial, sans-serif;\"><span style=\"font-size: small;\"><span lang=\"it-IT\">Nicola Scopelliti <\/span><\/span><\/span><span style=\"font-family: Arial, sans-serif;\"><span style=\"font-size: small;\"><span lang=\"it-IT\">terr\u00e0 un <\/span><\/span><\/span><span style=\"font-family: Arial, sans-serif;\"><span style=\"font-size: small;\"><span lang=\"it-IT\">incontro sul beato Luciani <\/span><\/span><\/span><span style=\"font-family: Arial, sans-serif;\"><span style=\"font-size: small;\"><span lang=\"it-IT\">assieme <\/span><\/span><\/span><span style=\"font-family: Arial, sans-serif;\"><span style=\"font-size: small;\"><span lang=\"it-IT\">S. Em. Mons. Giacinto-Boulos Marcuzzo<\/span><\/span><\/span><span style=\"font-family: Arial, sans-serif;\"><span style=\"font-size: small;\"><span lang=\"it-IT\">, vescovo emerito titolare di Emmausa, e il consigliere regionale <\/span><\/span><\/span><span style=\"font-family: Arial, sans-serif;\"><span style=\"font-size: small;\"><span lang=\"it-IT\">Gianpiero Possamai<\/span><\/span><\/span><span style=\"font-family: Arial, sans-serif;\"><span style=\"font-size: small;\"><span lang=\"it-IT\">.<\/span><\/span><\/span><\/p>\n<p>&nbsp;<\/p>\n<blockquote>\n<h3>JOHN WISE IN CONCERTO A CENCENIGHE<\/h3>\n<\/blockquote>\n<p><strong>CENCENIGHE<\/strong> Domani alla Birreria Stella di Cencenighe Agordino dalle 21:00 &#8211; John Wise trio<\/p>\n<p>&nbsp;<\/p>\n<blockquote>\n<h3>UN INCONTRO CON ANDREA TORNIELLI<\/h3>\n<\/blockquote>\n<p><strong>CANALE D&#8217;AGORDO<\/strong> Domani Incontro con Andrea Tornielli alla Chiesa di Canale D&#8217;Agordo per parlare dei 10 anni di Papa Francesco e i legami con Albino Luciani.<\/p>\n<p>&nbsp;<\/p>\n<blockquote>\n<h3>I FUOCHI SUL LAGO DI ALLEGHE<\/h3>\n<\/blockquote>\n<p><strong>ALLEGHE<\/strong> Venerd\u00ec 18 agosto appuntamento con i classici Fuochi Artificiali sul Lago di Alleghe. Un invito del consorzio operatori turistici di Alleghe e del Comune di Alleghe. Inizio alle 22:30.<\/p>\n<p>&nbsp;<\/p>\n<blockquote>\n<h3>PAOLO ZANARELLA IN CONCERTO A LIVINALLONGO<\/h3>\n<\/blockquote>\n<div class=\"message spoilers-container\" dir=\"auto\">\n<div class=\"column\">\n<div class=\"message spoilers-container\" dir=\"auto\">\n<div class=\"column\">\n<p><a class=\"dt-pswp-item\" href=\"https:\/\/www.radiopiu.net\/wordpress\/wp-content\/uploads\/2023\/08\/362295170_695459682620066_1277742230332936989_n.jpg\" data-dt-img-description=\"\" data-large_image_width=\"960\" data-large_image_height=\"662\"><img loading=\"lazy\" decoding=\"async\" class=\"wp-image-347178 alignleft\" src=\"https:\/\/www.radiopiu.net\/wordpress\/wp-content\/uploads\/2023\/08\/362295170_695459682620066_1277742230332936989_n-300x207.jpg\" alt=\"\" width=\"199\" height=\"137\" srcset=\"https:\/\/www.radiopiu.net\/wordpress\/wp-content\/uploads\/2023\/08\/362295170_695459682620066_1277742230332936989_n-300x207.jpg 300w, https:\/\/www.radiopiu.net\/wordpress\/wp-content\/uploads\/2023\/08\/362295170_695459682620066_1277742230332936989_n-768x530.jpg 768w, https:\/\/www.radiopiu.net\/wordpress\/wp-content\/uploads\/2023\/08\/362295170_695459682620066_1277742230332936989_n.jpg 960w\" sizes=\"auto, (max-width: 199px) 100vw, 199px\" \/><\/a><\/p>\n<p>Il pianista veneto Paolo Zanarella, tra i pi\u00f9 versatili e popolari esecutori e compositori contemporanei, conosciuto in tutto il mondo come \u201cIl pianista fuori posto&#8221;, terr\u00e0 ad Arabba, gioiello delle Dolomiti, un concerto &#8220;sospeso&#8221;.\u00a0 L&#8217;appuntamento, organizzato da Arabba Fodom Turismo e Comune di Livinallongo del Col di Lana, avr\u00e0 luogo domani alle ore 17:30 nei pressi del parco giochi (vicino alla Chiesa)<\/p>\n<\/div>\n<\/div>\n<\/div>\n<\/div>\n<p>&nbsp;<\/p>\n<p>&nbsp;<\/p>\n<p>&nbsp;<\/p>\n<blockquote>\n<h3><a class=\"dt-pswp-item\" href=\"https:\/\/www.radiopiu.net\/wordpress\/wp-content\/uploads\/2023\/08\/3a200dcf-986c-4cc8-9dd2-568798301511.jpg\" data-dt-img-description=\"\" data-large_image_width=\"1131\" data-large_image_height=\"1600\"><img loading=\"lazy\" decoding=\"async\" class=\" wp-image-347204 alignleft\" src=\"https:\/\/www.radiopiu.net\/wordpress\/wp-content\/uploads\/2023\/08\/3a200dcf-986c-4cc8-9dd2-568798301511-212x300.jpg\" alt=\"\" width=\"106\" height=\"150\" srcset=\"https:\/\/www.radiopiu.net\/wordpress\/wp-content\/uploads\/2023\/08\/3a200dcf-986c-4cc8-9dd2-568798301511-212x300.jpg 212w, https:\/\/www.radiopiu.net\/wordpress\/wp-content\/uploads\/2023\/08\/3a200dcf-986c-4cc8-9dd2-568798301511-724x1024.jpg 724w, https:\/\/www.radiopiu.net\/wordpress\/wp-content\/uploads\/2023\/08\/3a200dcf-986c-4cc8-9dd2-568798301511-768x1086.jpg 768w, https:\/\/www.radiopiu.net\/wordpress\/wp-content\/uploads\/2023\/08\/3a200dcf-986c-4cc8-9dd2-568798301511-1086x1536.jpg 1086w, https:\/\/www.radiopiu.net\/wordpress\/wp-content\/uploads\/2023\/08\/3a200dcf-986c-4cc8-9dd2-568798301511.jpg 1131w\" sizes=\"auto, (max-width: 106px) 100vw, 106px\" \/><\/a>LA 39ESIMA EDIZIONE DEL PALIO DEI CENTO<\/h3>\n<\/blockquote>\n<p><strong>AGORDO<\/strong> Sabato 19 e domenica 20 agosto il Broi di Agordo si animer\u00e0 con il Palio Dei Cento. Sabato mercatini artigianali, dalle 17 apertura del tendone e aperitivo con Morgan e Battaglia. Alle 18:30 la prima prova del palio con la corsa a staffetta e cena con lo spiedo di Livio. Domenica apertura del tendone alle 9 e a seguire la 28esima edizione del MiniPalio. Alle 12 pranzo con il paticcio di Mario e nel pomeriggio il via al Palio dei Cento. Alle 14:30 la parata delle squadre e le altre prove. Alle 19 cena con la porchetta di Firpo, musica con i Voyager e alle 22:30 il gran finale con i fuochi d&#8217;artificio.<\/p>\n<p>&nbsp;<\/p>\n<p>&nbsp;<\/p>\n<blockquote>\n<h3>OPERETTA A LORENZAGO<\/h3>\n<\/blockquote>\n<p><strong>LORENZAGO DI CADORE<\/strong> Sabato 19 agosto al Teatro Oratorio di Lorenzago andr\u00e0 in scena la commedia teatrale dal titolo &#8220;Operetta&#8221; con la compagnia teatrale Lavori In Corso. Ingresso libero con offerta.<\/p>\n<p>&nbsp;<\/p>\n<blockquote>\n<h3>I DIPINTI DEI SANTI<\/h3>\n<\/blockquote>\n<p><strong>CANALE D&#8217;AGORDO\u00a0<\/strong>Alle 21 alla sala Lina Zand\u00f2 di Canale D&#8217;Agordo una serata con Loris Serafini che parler\u00e0 dei dipinti ex voto e dei sacelli votivi della Valle del Biois, nell&#8217;ambito della mostra a ricordo di Enzo Dematt\u00e8 intitolata &#8220;Finestre in Val Biois&#8221;. Ingresso libero. Org. Fondazione Papa Luciani Onlus<\/p>\n<p>&nbsp;<\/p>\n<blockquote>\n<h3>COL IN FESTA!<\/h3>\n<\/blockquote>\n<p>SABATO 19 AGOSTO: ARTIGIANATO, ASSOCIAZIONI, GASTRONOMIA LOCALE, GIOCHI, MUSICA, MINI MANEGGIO AL PARCO GIOCHI. DAL MATTINO AL POMERIGGIO VISITE GUIDATE ALLA CESA DE JAN, PROVA DI MUNGITURA, TRA LE STORIE&#8230;DEL CANTASTORIE.<\/p>\n<p>ALLE 19 IL CONCERTO DEL CORO MUSICOL SULLA STRADA PER LA CHIESA<\/p>\n<p>COL IN FESTA, SABATO 19 AGOSTO, A COLLE SANTA LUCIA: ALLE 14,30 L CIANTON CULTURAL, DIBATTITO SU TEMI DI ATTUALITA&#8217;: LADINO, OLIMPIADI, TURISMO, I &#8220;Presso i magazzini comunali visite al distaccamento e al museo dei pompieri di Colle&#8221;\u00a0<strong>\u00a0<\/strong><strong>\u00a0<\/strong><\/p>\n<a href=\"https:\/\/www.radiopiu.net\/wordpress\/wp-content\/uploads\/2023\/08\/col-in-festa-2023-A4-verticale_OK.pdf\" class=\"pdfemb-viewer\" style=\"\" data-width=\"max\" data-height=\"max\" data-toolbar=\"top\" data-toolbar-fixed=\"on\">col in festa 2023 (A4 verticale)_OK<\/a>\n<p><strong>GOSALDO<\/strong> Musica al RistoBar Ghegi di Forcella Aurine. Domenica The Darts in concerto<\/p>\n<p>&nbsp;<\/p>\n<blockquote>\n<h3>ANNA PORCHETTI E IL LIBRO SUI MATRIMONI<\/h3>\n<\/blockquote>\n<p><strong>CANALE D&#8217;AGORDO<\/strong> Domenica alle 21 in Sala Parocchiale di Canale D&#8217;Agordo un incontro con Anna Porchietti per parlare di matrimoni con il suo ultimo libro.<\/p>\n<p>&nbsp;<\/p>\n<h2><span style=\"color: #ff0000;\">PROSSIMAMENTE&#8230;\u00a0<\/span><\/h2>\n<blockquote>\n<h3>CONCERTI IN ALTA QUOTA CON &#8220;MELODIE NEL BOSCO, SUSSURRI TRA LE DOLOMITI&#8221;.<\/h3>\n<\/blockquote>\n<p><strong><a class=\"dt-pswp-item\" href=\"https:\/\/www.radiopiu.net\/wordpress\/wp-content\/uploads\/2018\/07\/Pota-l_Orso_Bosco-degli-Artisti.png\" data-dt-img-description=\"\" data-large_image_width=\"750\" data-large_image_height=\"534\"><img loading=\"lazy\" decoding=\"async\" class=\" wp-image-55065 alignleft\" src=\"https:\/\/www.radiopiu.net\/wordpress\/wp-content\/uploads\/2018\/07\/Pota-l_Orso_Bosco-degli-Artisti-300x214.png\" alt=\"\" width=\"199\" height=\"142\" srcset=\"https:\/\/www.radiopiu.net\/wordpress\/wp-content\/uploads\/2018\/07\/Pota-l_Orso_Bosco-degli-Artisti-300x214.png 300w, https:\/\/www.radiopiu.net\/wordpress\/wp-content\/uploads\/2018\/07\/Pota-l_Orso_Bosco-degli-Artisti.png 750w\" sizes=\"auto, (max-width: 199px) 100vw, 199px\" \/><\/a>FALCADE<\/strong>\u00a0 &#8220;Melodie nel Bosco, sussurri tra le Dolomiti&#8221;. Si chiama cos\u00ec il festival che porter\u00e0 quattro concerti a 2.000 metri di altitudine per far incontrare musica e natura al cospetto di vette come Mulaz e Focobon.\u00a0 A fare da teatro sar\u00e0 il Bosco degli Artisti di Falcade, galleria d\u2019arte a cielo aperto che sorge in localit\u00e0 Le Buse, nella Ski Area San Pellegrino. Concerti in programma alle 10:30.<\/p>\n<p>Sabato 26 agosto toccher\u00e0 a Emanuele Bastanzetti, da Bach a Kreisler &#8211; sinfonie di violino.<\/p>\n<p>&nbsp;<\/p>\n<p>&nbsp;<\/p>\n<p>&nbsp;<\/p>\n<blockquote>\n<h3>LA MOSTRA SU ALBINO LUCIANI<\/h3>\n<\/blockquote>\n<p><strong>CANALE D&#8217;AGORDO<\/strong> Dal 21 agosto al 1 settembre nella Chiesa Arcipretale di Canale D&#8217;Agordo sar\u00e0 visitabile la mostra &#8220;Albino Luciani &#8211; Il Papa Nostro&#8221;. Immaginette, stampe devozionali e foto da una collezione e ricerca in friuli a cura di Silvano Gianduzzo e Sebastiano Coadiutore<\/p>\n<p>&nbsp;<\/p>\n<blockquote>\n<h3>ESPERIENZA CULINARIA AL RIFUGIO AVERAU<\/h3>\n<\/blockquote>\n<p><strong>CORTINA<\/strong> Marted\u00ec 12 settembre, evento straordinario al Rifugio Averau. Gli chef di casa, Matteo e Stefano, della trattoria alla Cima di Valdobbiadene uniscono genio e bravura per un&#8217;esperienza unica &#8220;dalla laguna alle dolomiti&#8221;. Un percorso enogastronomico dal mare ai fiumi, dalle colline ai boschi del veneziano, trevigiano e bellunese fino alle cime di Cortina. Sar\u00e0 predisposto su prenotazione un servizio di trasporto in jeep dal rifugio Cinque Torri, raggiungibile in macchina dalla strada del passo Falzarego Per info e prenotazioni: 0436 4660<br \/>\nDALLA LAGUNA ALLE DOLOMITI, 12 SETTEMBRE AL RIFUGIO AVERAU<\/p>\n<p>&nbsp;<\/p>\n<p>&nbsp;<\/p>\n<hr \/>\n<p>&nbsp;<\/p>\n<h2><strong><a class=\"dt-pswp-item\" href=\"https:\/\/www.radiopiu.net\/wordpress\/wp-content\/uploads\/2020\/12\/DON-GIORGIO-LISE.jpg\" data-dt-img-description=\"\" data-large_image_width=\"1600\" data-large_image_height=\"901\"><img loading=\"lazy\" decoding=\"async\" class=\" wp-image-177420 alignleft\" src=\"https:\/\/www.radiopiu.net\/wordpress\/wp-content\/uploads\/2020\/12\/DON-GIORGIO-LISE-300x169.jpg\" alt=\"\" width=\"167\" height=\"94\" srcset=\"https:\/\/www.radiopiu.net\/wordpress\/wp-content\/uploads\/2020\/12\/DON-GIORGIO-LISE-300x169.jpg 300w, https:\/\/www.radiopiu.net\/wordpress\/wp-content\/uploads\/2020\/12\/DON-GIORGIO-LISE-1024x577.jpg 1024w, https:\/\/www.radiopiu.net\/wordpress\/wp-content\/uploads\/2020\/12\/DON-GIORGIO-LISE-768x432.jpg 768w, https:\/\/www.radiopiu.net\/wordpress\/wp-content\/uploads\/2020\/12\/DON-GIORGIO-LISE-1536x865.jpg 1536w, https:\/\/www.radiopiu.net\/wordpress\/wp-content\/uploads\/2020\/12\/DON-GIORGIO-LISE.jpg 1600w\" sizes=\"auto, (max-width: 167px) 100vw, 167px\" \/><\/a><\/strong><span style=\"color: #33cccc;\">DUE MINUTI PER TE<\/span><\/h2>\n<p><strong>APPUNTAMENTO DELLA DOMENICA CON IL PENSIERO DI MONSIGNOR GIORGIO LISE<\/strong><\/p>\n<audio class=\"wp-audio-shortcode\" id=\"audio-348519-8\" preload=\"none\" style=\"width: 100%;\" controls=\"controls\"><source type=\"audio\/mpeg\" src=\"https:\/\/www.radiopiu.net\/wordpress\/wp-content\/uploads\/2023\/08\/DON-GIORGIO.mp3?_=8\" \/><a href=\"https:\/\/www.radiopiu.net\/wordpress\/wp-content\/uploads\/2023\/08\/DON-GIORGIO.mp3\">https:\/\/www.radiopiu.net\/wordpress\/wp-content\/uploads\/2023\/08\/DON-GIORGIO.mp3<\/a><\/audio>\n<p>&nbsp;<\/p>\n<hr \/>\n<p>&nbsp;<\/p>\n<div class=\"message spoilers-container\" dir=\"auto\">\n<div class=\"column\">\n<div class=\"message spoilers-container\" dir=\"auto\">\n<div class=\"column\">\n<p><img loading=\"lazy\" decoding=\"async\" class=\"aligncenter wp-image-61954 size-full\" src=\"https:\/\/www.radiopiu.net\/wordpress\/wp-content\/uploads\/2018\/09\/viabilita.jpeg\" sizes=\"auto, (max-width: 800px) 100vw, 800px\" srcset=\"https:\/\/www.radiopiu.net\/wordpress\/wp-content\/uploads\/2018\/09\/viabilita.jpeg 800w, https:\/\/www.radiopiu.net\/wordpress\/wp-content\/uploads\/2018\/09\/viabilita-300x38.jpeg 300w, https:\/\/www.radiopiu.net\/wordpress\/wp-content\/uploads\/2018\/09\/viabilita-768x96.jpeg 768w\" alt=\"\" width=\"800\" height=\"100\" \/><\/p>\n<\/div>\n<\/div>\n<div class=\"message spoilers-container\" dir=\"auto\">\n<div class=\"column\">\n<p>&nbsp;<\/p>\n<\/div>\n<\/div>\n<\/div>\n<\/div>\n<blockquote class=\"wp-embedded-content\" data-secret=\"W6dCL4fUB1\"><p><a href=\"https:\/\/www.radiopiu.net\/wordpress\/viabilita\/\">viabilita<\/a><\/p><\/blockquote>\n<p><iframe loading=\"lazy\" class=\"wp-embedded-content\" sandbox=\"allow-scripts\" security=\"restricted\" style=\"position: absolute; clip: rect(1px, 1px, 1px, 1px);\" title=\"&#8220;viabilita&#8221; &#8212; Radio Pi\u00f9\" src=\"https:\/\/www.radiopiu.net\/wordpress\/viabilita\/embed\/#?secret=vS2rs2FJhF#?secret=W6dCL4fUB1\" data-secret=\"W6dCL4fUB1\" width=\"600\" height=\"338\" frameborder=\"0\" marginwidth=\"0\" marginheight=\"0\" scrolling=\"no\"><\/iframe><\/p>\n<div class=\"message spoilers-container\" dir=\"auto\">\n<div class=\"column\">\n<div class=\"message spoilers-container\" dir=\"auto\">\n<div class=\"column\">\n<div>\n<div dir=\"ltr\">\n<div class=\"gmail_quote\">\n<div dir=\"ltr\">\n<div><\/div>\n<div><\/div>\n<div><\/div>\n<\/div>\n<\/div>\n<\/div>\n<\/div>\n<hr \/>\n<p>&nbsp;<\/p>\n<p><a class=\"dt-pswp-item\" href=\"https:\/\/www.radiopiu.net\/wordpress\/wp-content\/uploads\/2018\/09\/WhatsApp-Image-2018-09-20-at-16.04.06.jpeg\" data-dt-img-description=\"\" data-large_image_width=\"800\" data-large_image_height=\"100\"><img loading=\"lazy\" decoding=\"async\" class=\"wp-image-61378 size-full aligncenter\" src=\"https:\/\/www.radiopiu.net\/wordpress\/wp-content\/uploads\/2018\/09\/WhatsApp-Image-2018-09-20-at-16.04.06.jpeg\" alt=\"\" width=\"800\" height=\"100\" srcset=\"https:\/\/www.radiopiu.net\/wordpress\/wp-content\/uploads\/2018\/09\/WhatsApp-Image-2018-09-20-at-16.04.06.jpeg 800w, https:\/\/www.radiopiu.net\/wordpress\/wp-content\/uploads\/2018\/09\/WhatsApp-Image-2018-09-20-at-16.04.06-300x38.jpeg 300w, https:\/\/www.radiopiu.net\/wordpress\/wp-content\/uploads\/2018\/09\/WhatsApp-Image-2018-09-20-at-16.04.06-768x96.jpeg 768w\" sizes=\"auto, (max-width: 800px) 100vw, 800px\" \/><\/a><\/p>\n<\/div>\n<\/div>\n<div class=\"message spoilers-container\" dir=\"auto\">\n<p>&nbsp;<\/p>\n<p><center><b>OGGI<\/b><\/center><b>Tempo atteso: <\/b>Nelle prime ore possibile ancora qualche temporale specie sulle Dolomiti, in seguito parziali schiarite con cielo poco o parzialmente nuvoloso. Nelle ore calde, tempo p\u00f9 instabile con una moderata attivit\u00e0 cumuliforme associata a formazione di addensamenti nuvolosi anche consistenti e associati a possibili fenomeni sparsi.<br \/>\n<b>Precipitazioni: <\/b>Al mattino nelle prime ore non del tutto esclusi (10-20%) rovesci o temporali sparsi specie sulle Dolomiti, assenti in seguito (0%) e per gran parte della mattinata; dalle ore centrali e fino al pomeriggio\/sera nuovo aumento della probabilit\u00e0 con possibili rovesci e temporali sparsi, con maggiore probabilit\u00e0 sulle Dolomiti (40\/60%) rispetto alle Prealpi (30-50%); non si escludono fenomeni localmente intensi.<br \/>\n<b>Temperature: <\/b>Stazionarie o in lieve calo specie nell&#8217;area dolomitica per effetto dell&#8217;instabilit\u00e0, con valori ancora superiori alla norma.<\/p>\n<hr \/>\n<p><center><b>DOMANI<\/b><\/center><b>Tempo atteso: <\/b>Al mattino tempo ancora piuttosto soleggiato con cielo generalmente sereno o poco nuvoloso; ripresa dell&#8217;attivit\u00e0 cumuliforme dalle ore centrali, con fenomeni sparsi. Schiarite in serata\/notte.<br \/>\n<b>Precipitazioni: <\/b>Al mattino assenti (0%); nel pomeriggio possibili rovesci o temporali sparsi (30-40%), ancora pi\u00f9 probabili sulle Dolomiti rispetto alle Prealpi.<br \/>\n<b>Temperature: <\/b>Senza variazioni di rilievo o in lieve aumento le massime specie sulle Dolomiti, con elevata escursione termica giornaliera<\/p>\n<hr \/>\n<p><center><b>VENERDI<\/b><\/center>Tempo stabile specie al mattino con cielo generalmente sereno o poco nuvoloso per modesta e innocua attivit\u00e0 cumuliforme e limitata a ridosso delle cime o dei pendii dei rilievi; nel pomeriggio lieve attivit\u00e0 cumuliforme con cielo parzialmente nuvoloso a tratti nuvoloso con fenomeni meno probabili rispetto a gioved\u00ec ma non del tutto esclusi, eventualmente sporadici e brevi. Temperature stazionarie.<\/p>\n<hr \/>\n<p><center><b>SABATO<\/b><\/center>Giornata ben soleggiata con cielo in prevalenza sereno per gran parte della giornata, con aria piuttosto asciutta e ottima visibilit\u00e0 e senza fenomeni. Temperature in aumento soprattutto i valori diurni<\/p>\n<p>&nbsp;<\/p>\n<\/div>\n<div class=\"message spoilers-container\" dir=\"auto\">\n<hr \/>\n<p>&nbsp;<\/p>\n<p><img loading=\"lazy\" decoding=\"async\" class=\"wp-image-60761 size-full aligncenter\" src=\"https:\/\/www.radiopiu.net\/wordpress\/wp-content\/uploads\/2018\/09\/sport.jpg\" alt=\"\" width=\"800\" height=\"100\" srcset=\"https:\/\/www.radiopiu.net\/wordpress\/wp-content\/uploads\/2018\/09\/sport.jpg 800w, https:\/\/www.radiopiu.net\/wordpress\/wp-content\/uploads\/2018\/09\/sport-300x38.jpg 300w, https:\/\/www.radiopiu.net\/wordpress\/wp-content\/uploads\/2018\/09\/sport-768x96.jpg 768w\" sizes=\"auto, (max-width: 800px) 100vw, 800px\" \/><\/p>\n<p>&nbsp;<\/p>\n<\/div>\n\n\t\t\t<style type='text\/css'>\n\t\t\t\t#gallery-2 {\n\t\t\t\t\tmargin: auto;\n\t\t\t\t}\n\t\t\t\t#gallery-2 .gallery-item {\n\t\t\t\t\tfloat: left;\n\t\t\t\t\tmargin-top: 10px;\n\t\t\t\t\ttext-align: center;\n\t\t\t\t\twidth: 50%;\n\t\t\t\t}\n\t\t\t\t#gallery-2 img {\n\t\t\t\t\tborder: 2px solid #cfcfcf;\n\t\t\t\t}\n\t\t\t\t#gallery-2 .gallery-caption {\n\t\t\t\t\tmargin-left: 0;\n\t\t\t\t}\n\t\t\t\t\/* see gallery_shortcode() in wp-includes\/media.php *\/\n\t\t\t<\/style>\n\t\t<div id='gallery-2' class='dt-gallery-container gallery galleryid-348519 gallery-columns-2 gallery-size-thumbnail'><dl class='gallery-item'>\n\t\t\t\t<dt class='gallery-icon portrait'>\n\t\t\t\t\t<a class=\"rollover rollover-zoom dt-pswp-item\" title=\"cb3e84c7-6b7b-4086-b96b-e2b820cc0e41\" data-dt-img-description=\"\" data-large_image_width=\"1132\" data-large_image_height=\"1600\"href='https:\/\/www.radiopiu.net\/wordpress\/wp-content\/uploads\/2023\/07\/cb3e84c7-6b7b-4086-b96b-e2b820cc0e41.jpg'><img loading=\"lazy\" decoding=\"async\" width=\"150\" height=\"150\" src=\"https:\/\/www.radiopiu.net\/wordpress\/wp-content\/uploads\/2023\/07\/cb3e84c7-6b7b-4086-b96b-e2b820cc0e41-150x150.jpg\" class=\"attachment-thumbnail size-thumbnail\" alt=\"\" aria-describedby=\"gallery-2-345600\" \/><\/a>\n\t\t\t\t<\/dt>\n\t\t\t\t\t<dd class='wp-caption-text gallery-caption' id='gallery-2-345600'>\n\t\t\t\t\tVOLTAGO\n\t\t\t\t\t<\/dd><\/dl><dl class='gallery-item'>\n\t\t\t\t<dt class='gallery-icon portrait'>\n\t\t\t\t\t<a class=\"rollover rollover-zoom dt-pswp-item\" title=\"8d8ef44f-5625-4f28-9787-81bf41c07ccb\" data-dt-img-description=\"\" data-large_image_width=\"726\" data-large_image_height=\"1024\"href='https:\/\/www.radiopiu.net\/wordpress\/wp-content\/uploads\/2023\/08\/8d8ef44f-5625-4f28-9787-81bf41c07ccb.jpg'><img loading=\"lazy\" decoding=\"async\" width=\"150\" height=\"150\" src=\"https:\/\/www.radiopiu.net\/wordpress\/wp-content\/uploads\/2023\/08\/8d8ef44f-5625-4f28-9787-81bf41c07ccb-150x150.jpg\" class=\"attachment-thumbnail size-thumbnail\" alt=\"\" aria-describedby=\"gallery-2-347009\" \/><\/a>\n\t\t\t\t<\/dt>\n\t\t\t\t\t<dd class='wp-caption-text gallery-caption' id='gallery-2-347009'>\n\t\t\t\t\tFALCADE\n\t\t\t\t\t<\/dd><\/dl><br style=\"clear: both\" \/>\n\t\t\t<\/div>\n\n<p>&nbsp;<\/p>\n<p><span style=\"color: #0000ff;\"><strong>CORSA SU STRADA<\/strong><\/span><\/p>\n<blockquote>\n<h3>LA CARICA DEI MILLE AL GIRO DEL LAGO DI ALLEGHE IN NOTTURNA<\/h3>\n<\/blockquote>\n<p><strong><a class=\"dt-pswp-item\" href=\"https:\/\/www.radiopiu.net\/wordpress\/wp-content\/uploads\/2023\/08\/partenza.jpg\" data-dt-img-description=\"\" data-large_image_width=\"2244\" data-large_image_height=\"1535\"><img loading=\"lazy\" decoding=\"async\" class=\" wp-image-347907 alignleft\" src=\"https:\/\/www.radiopiu.net\/wordpress\/wp-content\/uploads\/2023\/08\/partenza-300x205.jpg\" alt=\"\" width=\"157\" height=\"107\" srcset=\"https:\/\/www.radiopiu.net\/wordpress\/wp-content\/uploads\/2023\/08\/partenza-300x205.jpg 300w, https:\/\/www.radiopiu.net\/wordpress\/wp-content\/uploads\/2023\/08\/partenza-1024x700.jpg 1024w, https:\/\/www.radiopiu.net\/wordpress\/wp-content\/uploads\/2023\/08\/partenza-768x525.jpg 768w, https:\/\/www.radiopiu.net\/wordpress\/wp-content\/uploads\/2023\/08\/partenza-1536x1051.jpg 1536w, https:\/\/www.radiopiu.net\/wordpress\/wp-content\/uploads\/2023\/08\/partenza-2048x1401.jpg 2048w\" sizes=\"auto, (max-width: 157px) 100vw, 157px\" \/><\/a>ALLEGHE<\/strong> Una serata da record quella andata in scena alla vigilia di ferragosto in occasione del Giro del Lago di Alleghe in notturna, la manifestazione promossa dal Gruppo Alpini di Alleghe. Mille iscritti, ma potevano essere di pi\u00f9, alla corsa di 5,3 km con partenza e arrivo a Masar\u00e8. Una serata ideale per correre o per camminare lungo le sponde del Lago di Alleghe che ha richiamato tantissima gente sia in veste di concorrenti che in veste di spettatori che hanno apprezzato la splendida organizzazione da parte degli Alpini di Alleghe che come sempre hanno messo a disposizione il tendone per mangiare, bere e fare festa. A vincere, con il tempo di 17&#8217;06&#8221; \u00e8 stato il ragazzo del Gruppo Sportivo Quantin Mihail Sirbu che ha staccato con pi\u00f9 di due minuti e mezzo Riccardo Serafini. Terzo posto per Giacomo Votta. Nella femminile la vittoria \u00e8 andata a Manuela Bulf dell&#8217;Atletica Agordina che ha chiuso in 20&#8217;45&#8221; (quinta assoluta nella generale) rifilando pi\u00f9 di due minuti Elisabetta Stocco. Terzo gradino del podio per Francesca Dal Mas.<\/p>\n<p>(FOTO ARCHIVIO)<\/p>\n<p><strong>PER CONSULTARE LE CLASSIFICHE <a href=\"https:\/\/www.radiopiu.net\/wordpress\/wp-content\/uploads\/2023\/08\/Classifica-Ufficiale.pdf\">CLICCA QUI<\/a><\/strong><\/p>\n<p>&nbsp;<\/p>\n<blockquote>\n<h3>IL GIRO DEL LAGO DI ALLEGHE IN NOTTURNA RACCONTATO DALLE IMMAGINI DI FOTORIVA<\/h3>\n<\/blockquote>\n<p><strong>REDAZIONE<\/strong> Si \u00e8 svolto luned\u00ec sera il Giro del Lago di Alleghe in Notturna, organizzato dal gruppo Alpini di Alleghe. Di seguito le immagini che raccontano la gara a cura di FotoRiva.<\/p>\n\n\t\t\t<style type='text\/css'>\n\t\t\t\t#gallery-3 {\n\t\t\t\t\tmargin: auto;\n\t\t\t\t}\n\t\t\t\t#gallery-3 .gallery-item {\n\t\t\t\t\tfloat: left;\n\t\t\t\t\tmargin-top: 10px;\n\t\t\t\t\ttext-align: center;\n\t\t\t\t\twidth: 20%;\n\t\t\t\t}\n\t\t\t\t#gallery-3 img {\n\t\t\t\t\tborder: 2px solid #cfcfcf;\n\t\t\t\t}\n\t\t\t\t#gallery-3 .gallery-caption {\n\t\t\t\t\tmargin-left: 0;\n\t\t\t\t}\n\t\t\t\t\/* see gallery_shortcode() in wp-includes\/media.php *\/\n\t\t\t<\/style>\n\t\t<div id='gallery-3' class='dt-gallery-container gallery galleryid-348519 gallery-columns-5 gallery-size-thumbnail'><dl class='gallery-item'>\n\t\t\t\t<dt class='gallery-icon landscape'>\n\t\t\t\t\t<a class=\"rollover rollover-zoom dt-pswp-item\" title=\"partenza1\" data-dt-img-description=\"\" data-large_image_width=\"1772\" data-large_image_height=\"1182\"href='https:\/\/www.radiopiu.net\/wordpress\/wp-content\/uploads\/2023\/08\/partenza1.jpg'><img loading=\"lazy\" decoding=\"async\" width=\"150\" height=\"150\" src=\"https:\/\/www.radiopiu.net\/wordpress\/wp-content\/uploads\/2023\/08\/partenza1-150x150.jpg\" class=\"attachment-thumbnail size-thumbnail\" alt=\"\" \/><\/a>\n\t\t\t\t<\/dt><\/dl><dl class='gallery-item'>\n\t\t\t\t<dt class='gallery-icon landscape'>\n\t\t\t\t\t<a class=\"rollover rollover-zoom dt-pswp-item\" title=\"partenza2\" data-dt-img-description=\"\" data-large_image_width=\"1772\" data-large_image_height=\"1182\"href='https:\/\/www.radiopiu.net\/wordpress\/wp-content\/uploads\/2023\/08\/partenza2.jpg'><img loading=\"lazy\" decoding=\"async\" width=\"150\" height=\"150\" src=\"https:\/\/www.radiopiu.net\/wordpress\/wp-content\/uploads\/2023\/08\/partenza2-150x150.jpg\" class=\"attachment-thumbnail size-thumbnail\" alt=\"\" \/><\/a>\n\t\t\t\t<\/dt><\/dl><dl class='gallery-item'>\n\t\t\t\t<dt class='gallery-icon landscape'>\n\t\t\t\t\t<a class=\"rollover rollover-zoom dt-pswp-item\" title=\"parenza3\" data-dt-img-description=\"\" data-large_image_width=\"1772\" data-large_image_height=\"1182\"href='https:\/\/www.radiopiu.net\/wordpress\/wp-content\/uploads\/2023\/08\/parenza3.jpg'><img loading=\"lazy\" decoding=\"async\" width=\"150\" height=\"150\" src=\"https:\/\/www.radiopiu.net\/wordpress\/wp-content\/uploads\/2023\/08\/parenza3-150x150.jpg\" class=\"attachment-thumbnail size-thumbnail\" alt=\"\" \/><\/a>\n\t\t\t\t<\/dt><\/dl><dl class='gallery-item'>\n\t\t\t\t<dt class='gallery-icon portrait'>\n\t\t\t\t\t<a class=\"rollover rollover-zoom dt-pswp-item\" title=\"sirbu\" data-dt-img-description=\"\" data-large_image_width=\"1212\" data-large_image_height=\"1772\"href='https:\/\/www.radiopiu.net\/wordpress\/wp-content\/uploads\/2023\/08\/sirbu.jpg'><img loading=\"lazy\" decoding=\"async\" width=\"150\" height=\"150\" src=\"https:\/\/www.radiopiu.net\/wordpress\/wp-content\/uploads\/2023\/08\/sirbu-150x150.jpg\" class=\"attachment-thumbnail size-thumbnail\" alt=\"\" \/><\/a>\n\t\t\t\t<\/dt><\/dl><dl class='gallery-item'>\n\t\t\t\t<dt class='gallery-icon portrait'>\n\t\t\t\t\t<a class=\"rollover rollover-zoom dt-pswp-item\" title=\"bulf\" data-dt-img-description=\"\" data-large_image_width=\"1212\" data-large_image_height=\"1772\"href='https:\/\/www.radiopiu.net\/wordpress\/wp-content\/uploads\/2023\/08\/bulf.jpg'><img loading=\"lazy\" decoding=\"async\" width=\"150\" height=\"150\" src=\"https:\/\/www.radiopiu.net\/wordpress\/wp-content\/uploads\/2023\/08\/bulf-150x150.jpg\" class=\"attachment-thumbnail size-thumbnail\" alt=\"\" \/><\/a>\n\t\t\t\t<\/dt><\/dl><br style=\"clear: both\" \/><dl class='gallery-item'>\n\t\t\t\t<dt class='gallery-icon landscape'>\n\t\t\t\t\t<a class=\"rollover rollover-zoom dt-pswp-item\" title=\"assolutu1\" data-dt-img-description=\"\" data-large_image_width=\"1772\" data-large_image_height=\"1212\"href='https:\/\/www.radiopiu.net\/wordpress\/wp-content\/uploads\/2023\/08\/assolutu1.jpg'><img loading=\"lazy\" decoding=\"async\" width=\"150\" height=\"150\" src=\"https:\/\/www.radiopiu.net\/wordpress\/wp-content\/uploads\/2023\/08\/assolutu1-150x150.jpg\" class=\"attachment-thumbnail size-thumbnail\" alt=\"\" \/><\/a>\n\t\t\t\t<\/dt><\/dl><dl class='gallery-item'>\n\t\t\t\t<dt class='gallery-icon portrait'>\n\t\t\t\t\t<a class=\"rollover rollover-zoom dt-pswp-item\" title=\"assoluti2\" data-dt-img-description=\"\" data-large_image_width=\"1212\" data-large_image_height=\"1772\"href='https:\/\/www.radiopiu.net\/wordpress\/wp-content\/uploads\/2023\/08\/assoluti2.jpg'><img loading=\"lazy\" decoding=\"async\" width=\"150\" height=\"150\" src=\"https:\/\/www.radiopiu.net\/wordpress\/wp-content\/uploads\/2023\/08\/assoluti2-150x150.jpg\" class=\"attachment-thumbnail size-thumbnail\" alt=\"\" \/><\/a>\n\t\t\t\t<\/dt><\/dl><dl class='gallery-item'>\n\t\t\t\t<dt class='gallery-icon landscape'>\n\t\t\t\t\t<a class=\"rollover rollover-zoom dt-pswp-item\" title=\"senior m\" data-dt-img-description=\"\" data-large_image_width=\"1772\" data-large_image_height=\"1212\"href='https:\/\/www.radiopiu.net\/wordpress\/wp-content\/uploads\/2023\/08\/senior-m.jpg'><img loading=\"lazy\" decoding=\"async\" width=\"150\" height=\"150\" src=\"https:\/\/www.radiopiu.net\/wordpress\/wp-content\/uploads\/2023\/08\/senior-m-150x150.jpg\" class=\"attachment-thumbnail size-thumbnail\" alt=\"\" \/><\/a>\n\t\t\t\t<\/dt><\/dl><dl class='gallery-item'>\n\t\t\t\t<dt class='gallery-icon landscape'>\n\t\t\t\t\t<a class=\"rollover rollover-zoom dt-pswp-item\" title=\"senior f\" data-dt-img-description=\"\" data-large_image_width=\"1772\" data-large_image_height=\"1212\"href='https:\/\/www.radiopiu.net\/wordpress\/wp-content\/uploads\/2023\/08\/senior-f.jpg'><img loading=\"lazy\" decoding=\"async\" width=\"150\" height=\"150\" src=\"https:\/\/www.radiopiu.net\/wordpress\/wp-content\/uploads\/2023\/08\/senior-f-150x150.jpg\" class=\"attachment-thumbnail size-thumbnail\" alt=\"\" \/><\/a>\n\t\t\t\t<\/dt><\/dl><dl class='gallery-item'>\n\t\t\t\t<dt class='gallery-icon landscape'>\n\t\t\t\t\t<a class=\"rollover rollover-zoom dt-pswp-item\" title=\"ragazzi m\" data-dt-img-description=\"\" data-large_image_width=\"1772\" data-large_image_height=\"1212\"href='https:\/\/www.radiopiu.net\/wordpress\/wp-content\/uploads\/2023\/08\/ragazzi-m.jpg'><img loading=\"lazy\" decoding=\"async\" width=\"150\" height=\"150\" src=\"https:\/\/www.radiopiu.net\/wordpress\/wp-content\/uploads\/2023\/08\/ragazzi-m-150x150.jpg\" class=\"attachment-thumbnail size-thumbnail\" alt=\"\" \/><\/a>\n\t\t\t\t<\/dt><\/dl><br style=\"clear: both\" \/><dl class='gallery-item'>\n\t\t\t\t<dt class='gallery-icon landscape'>\n\t\t\t\t\t<a class=\"rollover rollover-zoom dt-pswp-item\" title=\"ragazzi f\" data-dt-img-description=\"\" data-large_image_width=\"1772\" data-large_image_height=\"1212\"href='https:\/\/www.radiopiu.net\/wordpress\/wp-content\/uploads\/2023\/08\/ragazzi-f.jpg'><img loading=\"lazy\" decoding=\"async\" width=\"150\" height=\"150\" src=\"https:\/\/www.radiopiu.net\/wordpress\/wp-content\/uploads\/2023\/08\/ragazzi-f-150x150.jpg\" class=\"attachment-thumbnail size-thumbnail\" alt=\"\" \/><\/a>\n\t\t\t\t<\/dt><\/dl><dl class='gallery-item'>\n\t\t\t\t<dt class='gallery-icon landscape'>\n\t\t\t\t\t<a class=\"rollover rollover-zoom dt-pswp-item\" title=\"baby m\" data-dt-img-description=\"\" data-large_image_width=\"1772\" data-large_image_height=\"1212\"href='https:\/\/www.radiopiu.net\/wordpress\/wp-content\/uploads\/2023\/08\/baby-m.jpg'><img loading=\"lazy\" decoding=\"async\" width=\"150\" height=\"150\" src=\"https:\/\/www.radiopiu.net\/wordpress\/wp-content\/uploads\/2023\/08\/baby-m-150x150.jpg\" class=\"attachment-thumbnail size-thumbnail\" alt=\"\" \/><\/a>\n\t\t\t\t<\/dt><\/dl><dl class='gallery-item'>\n\t\t\t\t<dt class='gallery-icon landscape'>\n\t\t\t\t\t<a class=\"rollover rollover-zoom dt-pswp-item\" title=\"baby f\" data-dt-img-description=\"\" data-large_image_width=\"1772\" data-large_image_height=\"1212\"href='https:\/\/www.radiopiu.net\/wordpress\/wp-content\/uploads\/2023\/08\/baby-f.jpg'><img loading=\"lazy\" decoding=\"async\" width=\"150\" height=\"150\" src=\"https:\/\/www.radiopiu.net\/wordpress\/wp-content\/uploads\/2023\/08\/baby-f-150x150.jpg\" class=\"attachment-thumbnail size-thumbnail\" alt=\"\" \/><\/a>\n\t\t\t\t<\/dt><\/dl><dl class='gallery-item'>\n\t\t\t\t<dt class='gallery-icon landscape'>\n\t\t\t\t\t<a class=\"rollover rollover-zoom dt-pswp-item\" title=\"gruppo + numeroso\" data-dt-img-description=\"\" data-large_image_width=\"1772\" data-large_image_height=\"1212\"href='https:\/\/www.radiopiu.net\/wordpress\/wp-content\/uploads\/2023\/08\/gruppo-numeroso.jpg'><img loading=\"lazy\" decoding=\"async\" width=\"150\" height=\"150\" src=\"https:\/\/www.radiopiu.net\/wordpress\/wp-content\/uploads\/2023\/08\/gruppo-numeroso-150x150.jpg\" class=\"attachment-thumbnail size-thumbnail\" alt=\"\" \/><\/a>\n\t\t\t\t<\/dt><\/dl><dl class='gallery-item'>\n\t\t\t\t<dt class='gallery-icon landscape'>\n\t\t\t\t\t<a class=\"rollover rollover-zoom dt-pswp-item\" title=\"tendone\" data-dt-img-description=\"\" data-large_image_width=\"1772\" data-large_image_height=\"1182\"href='https:\/\/www.radiopiu.net\/wordpress\/wp-content\/uploads\/2023\/08\/tendone.jpg'><img loading=\"lazy\" decoding=\"async\" width=\"150\" height=\"150\" src=\"https:\/\/www.radiopiu.net\/wordpress\/wp-content\/uploads\/2023\/08\/tendone-150x150.jpg\" class=\"attachment-thumbnail size-thumbnail\" alt=\"\" \/><\/a>\n\t\t\t\t<\/dt><\/dl><br style=\"clear: both\" \/>\n\t\t\t<\/div>\n\n<p>&nbsp;<\/p>\n<p><a class=\"dt-pswp-item\" href=\"https:\/\/www.radiopiu.net\/wordpress\/wp-content\/uploads\/2023\/08\/SCR-20230815-qnnb.jpeg\" data-dt-img-description=\"\" data-large_image_width=\"1274\" data-large_image_height=\"512\"><img loading=\"lazy\" decoding=\"async\" class=\"alignnone wp-image-348659 size-large\" src=\"https:\/\/www.radiopiu.net\/wordpress\/wp-content\/uploads\/2023\/08\/SCR-20230815-qnnb-1024x412.jpeg\" alt=\"\" width=\"1024\" height=\"412\" srcset=\"https:\/\/www.radiopiu.net\/wordpress\/wp-content\/uploads\/2023\/08\/SCR-20230815-qnnb-1024x412.jpeg 1024w, https:\/\/www.radiopiu.net\/wordpress\/wp-content\/uploads\/2023\/08\/SCR-20230815-qnnb-300x121.jpeg 300w, https:\/\/www.radiopiu.net\/wordpress\/wp-content\/uploads\/2023\/08\/SCR-20230815-qnnb-768x309.jpeg 768w, https:\/\/www.radiopiu.net\/wordpress\/wp-content\/uploads\/2023\/08\/SCR-20230815-qnnb.jpeg 1274w\" sizes=\"auto, (max-width: 1024px) 100vw, 1024px\" \/><\/a><\/p>\n<p>&nbsp;<\/p>\n<p>&nbsp;<\/p>\n<p><span style=\"color: #0000ff;\"><strong>PALLAVOLO<\/strong><\/span><\/p>\n<blockquote>\n<h3>MASCHIO E CASAGRANDE PER L&#8217;ATTACCO DELLA PALLAVOLO BELLUNO FEMMINILE<\/h3>\n<\/blockquote>\n<p><strong><a class=\"dt-pswp-item\" href=\"https:\/\/www.radiopiu.net\/wordpress\/wp-content\/uploads\/2023\/08\/Maschio_e_Casagrande_Homeclick.jpg\" data-dt-img-description=\"\" data-large_image_width=\"800\" data-large_image_height=\"400\"><img loading=\"lazy\" decoding=\"async\" class=\" wp-image-348521 alignleft\" src=\"https:\/\/www.radiopiu.net\/wordpress\/wp-content\/uploads\/2023\/08\/Maschio_e_Casagrande_Homeclick-300x150.jpg\" alt=\"\" width=\"202\" height=\"101\" srcset=\"https:\/\/www.radiopiu.net\/wordpress\/wp-content\/uploads\/2023\/08\/Maschio_e_Casagrande_Homeclick-300x150.jpg 300w, https:\/\/www.radiopiu.net\/wordpress\/wp-content\/uploads\/2023\/08\/Maschio_e_Casagrande_Homeclick-768x384.jpg 768w, https:\/\/www.radiopiu.net\/wordpress\/wp-content\/uploads\/2023\/08\/Maschio_e_Casagrande_Homeclick.jpg 800w\" sizes=\"auto, (max-width: 202px) 100vw, 202px\" \/><\/a>BELLUNO <\/strong>Da un lato, l\u2019esperienza di Nausicaa Maschio; dall\u2019altro, la freschezza e la giovent\u00f9 di Miriana Casagrande. La Homeclick SB Volley si assicura due attaccanti di spessore: diverse per et\u00e0 e caratteristiche, eppure simili nel desiderio di arrivare in alto. E con un punto di contatto legato al passato: entrambe, infatti, hanno calcato i parquet di serie B2.<span class=\"gmail-Apple-converted-space\">\u00a0<\/span>\u00abIl progetto sembra interessante &#8211; afferma Nausicaa &#8211; e, di conseguenza, invoglia a fare qualcosa di grande\u00bb. Anche se il lavoro non manca:<span class=\"gmail-Apple-converted-space\">\u00a0 <\/span>\u00abA un gruppo gi\u00e0 amalgamato e solido vanno aggiunte tante nuove pedine. In pi\u00f9, questo sar\u00e0 il mio ultimo anno, poi appender\u00f2 le ginocchiere al fatidico chiodo. Quindi vorrei che fosse una bella stagione per chiudere al meglio la mia esperienza sotto rete. Un&#8217;esperienza lunga 17 anni\u00bb. Maschio ne \u00e8 convinta: \u00abQuesta unione pu\u00f2 fare bene al movimento pallavolistico. \u00c8 fondamentale avere una squadra competitiva: noi, dal canto nostro, daremo il massimo e ci lasceremo guidare da uno staff preparato e professionale\u00bb.<span class=\"gmail-Apple-converted-space\">\u00a0<\/span>Anche Miriana Casagrande non vede l\u2019ora di tuffarsi nella nuova annata: \u00abLa passione per la pallavolo, unita al progetto che mi \u00e8 stato presentato dalle due societ\u00e0, mi ha dato la spinta per intraprendere quest\u2019avventura\u00bb. Classe 2005 (diventer\u00e0 maggiorenne il prossimo 5 settembre), Miriana ha margini di miglioramento tutti da esplorare.<\/p>\n<p>&nbsp;<\/p>\n<blockquote>\n<h3>IL BELLUNO VOLLEY ENTRA NELLE SCUOLE<\/h3>\n<\/blockquote>\n<p><strong><a class=\"dt-pswp-item\" href=\"https:\/\/www.radiopiu.net\/wordpress\/wp-content\/uploads\/2023\/08\/Bristot_con_il_dg_Da_Re.jpg\" data-dt-img-description=\"\" data-large_image_width=\"1508\" data-large_image_height=\"1005\"><img loading=\"lazy\" decoding=\"async\" class=\" wp-image-348523 alignleft\" src=\"https:\/\/www.radiopiu.net\/wordpress\/wp-content\/uploads\/2023\/08\/Bristot_con_il_dg_Da_Re-300x200.jpg\" alt=\"\" width=\"141\" height=\"94\" srcset=\"https:\/\/www.radiopiu.net\/wordpress\/wp-content\/uploads\/2023\/08\/Bristot_con_il_dg_Da_Re-300x200.jpg 300w, https:\/\/www.radiopiu.net\/wordpress\/wp-content\/uploads\/2023\/08\/Bristot_con_il_dg_Da_Re-1024x682.jpg 1024w, https:\/\/www.radiopiu.net\/wordpress\/wp-content\/uploads\/2023\/08\/Bristot_con_il_dg_Da_Re-768x512.jpg 768w, https:\/\/www.radiopiu.net\/wordpress\/wp-content\/uploads\/2023\/08\/Bristot_con_il_dg_Da_Re.jpg 1508w\" sizes=\"auto, (max-width: 141px) 100vw, 141px\" \/><\/a>BELLUNO<\/strong> Il Belluno Volley ha deciso di tornare a scuola. Non perch\u00e9 sia ripetente e debba affrontare gli esami di riparazione a settembre. La societ\u00e0 entra negli istituti scolastici con un obiettivo di fondamentale importanza: avvicinare al magico mondo dei palleggi e delle schiacciate i pallavolisti del futuro. E, di conseguenza, allargare la base di tesserati. Base che finora conta un\u2019ottantina di atleti: \u00abMa vogliamo arrivare a quota cento &#8211; precisa il responsabile del settore giovanile, Paolo Bristot -. E oltre\u00bb.<span class=\"gmail-Apple-converted-space\">\u00a0<\/span><\/p>\n<p>&nbsp;<\/p>\n<blockquote>\n<h3>DOMENICA IL TORNEO DI GREEN VOLLEY A CENCENIGHE<\/h3>\n<\/blockquote>\n<p><strong>CENCENIGHE<\/strong> Anche quest&#8217;anno agli impianti sportivi di Cencenighe viene organizzato il Torneo di Grren Volley. Una giornata che inizier\u00e0 alle 8:30 con il ritrovo al campo sportivo &#8220;La Bombonera&#8221;. Ogni squadra sar\u00e0 composta da 3 giocatori e nella formazione si potranno avere 5 persone. Un torneo da 3 contro 3 che durer\u00e0 l&#8217;intera giornata. Per informazioni o iscrizioni pagina Instagram dugone.greenvolleycence o una mail dugone.torneogreenvolley@gmail.com. Iscrizioni aperte fino al 18 agosto.<\/p>\n<p><a class=\"dt-pswp-item\" href=\"https:\/\/www.radiopiu.net\/wordpress\/wp-content\/uploads\/2023\/08\/d877900e-0976-482c-a3cd-6dd5026070f7.jpg\" data-dt-img-description=\"\" data-large_image_width=\"1142\" data-large_image_height=\"1600\"><img loading=\"lazy\" decoding=\"async\" class=\"size-medium wp-image-348580 aligncenter\" src=\"https:\/\/www.radiopiu.net\/wordpress\/wp-content\/uploads\/2023\/08\/d877900e-0976-482c-a3cd-6dd5026070f7-214x300.jpg\" alt=\"\" width=\"214\" height=\"300\" srcset=\"https:\/\/www.radiopiu.net\/wordpress\/wp-content\/uploads\/2023\/08\/d877900e-0976-482c-a3cd-6dd5026070f7-214x300.jpg 214w, https:\/\/www.radiopiu.net\/wordpress\/wp-content\/uploads\/2023\/08\/d877900e-0976-482c-a3cd-6dd5026070f7-731x1024.jpg 731w, https:\/\/www.radiopiu.net\/wordpress\/wp-content\/uploads\/2023\/08\/d877900e-0976-482c-a3cd-6dd5026070f7-768x1076.jpg 768w, https:\/\/www.radiopiu.net\/wordpress\/wp-content\/uploads\/2023\/08\/d877900e-0976-482c-a3cd-6dd5026070f7-1096x1536.jpg 1096w, https:\/\/www.radiopiu.net\/wordpress\/wp-content\/uploads\/2023\/08\/d877900e-0976-482c-a3cd-6dd5026070f7.jpg 1142w\" sizes=\"auto, (max-width: 214px) 100vw, 214px\" \/><\/a><\/p>\n<p>&nbsp;<\/p>\n<p>&nbsp;<\/p>\n<\/div>\n<\/div>\n","protected":false},"excerpt":{"rendered":"<p>40esimo di RADIOPIU\u2026. LA VOCE DELL\u2019EMOZIONE ISCRIVITI AL NOSTRO CANALE\u00a0\u00a0YOUTUBE PER SEGUIRE IN DIRETTA I PRINCIPALI PROGRAMMI DI RADIO PIU\u2019 E LE FUTURE DIRETTE IN ESTERNA. PER ISCRIVERTI\u00a0CLICCA QUI\u00a0E PREMI\u00a0 \u201cIscriviti\u201d &nbsp; &nbsp; SAVE THE DATE &#8220;Save the date&#8221; \u00e8 una locuzione inglese che letteralmente significa &#8220;salva la data&#8221;. Viene comunemente utilizzata per invitare le&hellip;<\/p>\n","protected":false},"author":4,"featured_media":348585,"comment_status":"closed","ping_status":"closed","sticky":false,"template":"","format":"standard","meta":{"_monsterinsights_skip_tracking":false,"_monsterinsights_sitenote_active":false,"_monsterinsights_sitenote_note":"","_monsterinsights_sitenote_category":0,"footnotes":""},"categories":[51,86,49],"tags":[],"class_list":["post-348519","post","type-post","status-publish","format-standard","has-post-thumbnail","hentry","category-evidenza-top","category-gr","category-news-18","category-51","category-86","category-49","description-off"],"img_url":"https:\/\/www.radiopiu.net\/wordpress\/wp-content\/uploads\/2023\/08\/Watermark_20230814_153525_264.jpg","_links":{"self":[{"href":"https:\/\/www.radiopiu.net\/wordpress\/wp-json\/wp\/v2\/posts\/348519","targetHints":{"allow":["GET"]}}],"collection":[{"href":"https:\/\/www.radiopiu.net\/wordpress\/wp-json\/wp\/v2\/posts"}],"about":[{"href":"https:\/\/www.radiopiu.net\/wordpress\/wp-json\/wp\/v2\/types\/post"}],"author":[{"embeddable":true,"href":"https:\/\/www.radiopiu.net\/wordpress\/wp-json\/wp\/v2\/users\/4"}],"replies":[{"embeddable":true,"href":"https:\/\/www.radiopiu.net\/wordpress\/wp-json\/wp\/v2\/comments?post=348519"}],"version-history":[{"count":0,"href":"https:\/\/www.radiopiu.net\/wordpress\/wp-json\/wp\/v2\/posts\/348519\/revisions"}],"wp:featuredmedia":[{"embeddable":true,"href":"https:\/\/www.radiopiu.net\/wordpress\/wp-json\/wp\/v2\/media\/348585"}],"wp:attachment":[{"href":"https:\/\/www.radiopiu.net\/wordpress\/wp-json\/wp\/v2\/media?parent=348519"}],"wp:term":[{"taxonomy":"category","embeddable":true,"href":"https:\/\/www.radiopiu.net\/wordpress\/wp-json\/wp\/v2\/categories?post=348519"},{"taxonomy":"post_tag","embeddable":true,"href":"https:\/\/www.radiopiu.net\/wordpress\/wp-json\/wp\/v2\/tags?post=348519"}],"curies":[{"name":"wp","href":"https:\/\/api.w.org\/{rel}","templated":true}]}}