{"id":348529,"date":"2023-08-14T10:15:54","date_gmt":"2023-08-14T08:15:54","guid":{"rendered":"https:\/\/www.radiopiu.net\/wordpress\/?p=348529"},"modified":"2023-08-14T10:15:54","modified_gmt":"2023-08-14T08:15:54","slug":"dillo-a-radio-piu-quando-lasfaltatura-non-e-delle-migliori","status":"publish","type":"post","link":"https:\/\/www.radiopiu.net\/wordpress\/dillo-a-radio-piu-quando-lasfaltatura-non-e-delle-migliori\/","title":{"rendered":"DILLO A RADIO PIU&#8217;&#8230;QUANDO L&#8217;ASFALTATURA NON E&#8217; DELLE MIGLIORI"},"content":{"rendered":"<p><strong><a class=\"dt-pswp-item\" href=\"https:\/\/www.radiopiu.net\/wordpress\/wp-content\/uploads\/2023\/08\/SCR-20230814-jdnh.jpeg\" data-dt-img-description=\"\" data-large_image_width=\"1386\" data-large_image_height=\"832\"><img loading=\"lazy\" decoding=\"async\" class=\" wp-image-348531 alignleft\" src=\"https:\/\/www.radiopiu.net\/wordpress\/wp-content\/uploads\/2023\/08\/SCR-20230814-jdnh-300x180.jpeg\" alt=\"\" width=\"212\" height=\"127\" srcset=\"https:\/\/www.radiopiu.net\/wordpress\/wp-content\/uploads\/2023\/08\/SCR-20230814-jdnh-300x180.jpeg 300w, https:\/\/www.radiopiu.net\/wordpress\/wp-content\/uploads\/2023\/08\/SCR-20230814-jdnh-1024x615.jpeg 1024w, https:\/\/www.radiopiu.net\/wordpress\/wp-content\/uploads\/2023\/08\/SCR-20230814-jdnh-768x461.jpeg 768w, https:\/\/www.radiopiu.net\/wordpress\/wp-content\/uploads\/2023\/08\/SCR-20230814-jdnh.jpeg 1386w\" sizes=\"auto, (max-width: 212px) 100vw, 212px\" \/><\/a>Riceviamo e pubblichiamo<\/strong><\/p>\n<p>Messaggio rivolto a Veneto Strade o chi di competenza. A Cencenighe un mese e mezzo fa \u00e8 stata rifatta come di consueto la segnaletica orizzontale al trafficato incrocio &#8211; piazza del capoluogo. Invece tra Canale d&#8217;Agordo e Caviola-Falcade lungo la Strada Provinciale 346 del Passo di San Pellegrino non si vede pi\u00f9 nulla, nemmeno in trasparenza si notato le vecchie strisce bianche. Inoltre dopo i cantieri svolti per il rinforzo del muro sottostante la strada provinciale l&#8217;asfalto \u00e8 un colabrodo, \u00e8 gi\u00e0 da un po&#8217; che si sono conclusi quei lavori e ci vuole una riasfaltatura completa prima che nevichi. \u00c8 possibile che su un tratto inferiore ai 2 km non si trovi il denaro per rifarlo tra la localit\u00e0 di Val all&#8217;incrocio stradale con Vallada e Caviola? Non penso sia cos\u00ec oneroso rispetto alla tangenziale di Agordo che intorno a luglio dalla rotatoria dei pompieri fino Alle Campe di La Valle \u00e8 stata completamente riasfaltata. Ormai la stagione turistica estiva \u00e8 quasi al termine.<\/p>\n<p>Lettera Firmata<\/p>\n<p>&nbsp;<\/p>\n<p>&nbsp;<\/p>\n<p>******<\/p>\n","protected":false},"excerpt":{"rendered":"<p>Riceviamo e pubblichiamo Messaggio rivolto a Veneto Strade o chi di competenza. A Cencenighe un mese e mezzo fa \u00e8 stata rifatta come di consueto la segnaletica orizzontale al trafficato incrocio &#8211; piazza del capoluogo. Invece tra Canale d&#8217;Agordo e Caviola-Falcade lungo la Strada Provinciale 346 del Passo di San Pellegrino non si vede pi\u00f9&hellip;<\/p>\n","protected":false},"author":4,"featured_media":348531,"comment_status":"closed","ping_status":"closed","sticky":false,"template":"","format":"standard","meta":{"_monsterinsights_skip_tracking":false,"_monsterinsights_sitenote_active":false,"_monsterinsights_sitenote_note":"","_monsterinsights_sitenote_category":0,"footnotes":""},"categories":[49],"tags":[],"class_list":["post-348529","post","type-post","status-publish","format-standard","has-post-thumbnail","hentry","category-news-18","category-49","description-off"],"img_url":"https:\/\/www.radiopiu.net\/wordpress\/wp-content\/uploads\/2023\/08\/SCR-20230814-jdnh.jpeg","_links":{"self":[{"href":"https:\/\/www.radiopiu.net\/wordpress\/wp-json\/wp\/v2\/posts\/348529","targetHints":{"allow":["GET"]}}],"collection":[{"href":"https:\/\/www.radiopiu.net\/wordpress\/wp-json\/wp\/v2\/posts"}],"about":[{"href":"https:\/\/www.radiopiu.net\/wordpress\/wp-json\/wp\/v2\/types\/post"}],"author":[{"embeddable":true,"href":"https:\/\/www.radiopiu.net\/wordpress\/wp-json\/wp\/v2\/users\/4"}],"replies":[{"embeddable":true,"href":"https:\/\/www.radiopiu.net\/wordpress\/wp-json\/wp\/v2\/comments?post=348529"}],"version-history":[{"count":0,"href":"https:\/\/www.radiopiu.net\/wordpress\/wp-json\/wp\/v2\/posts\/348529\/revisions"}],"wp:featuredmedia":[{"embeddable":true,"href":"https:\/\/www.radiopiu.net\/wordpress\/wp-json\/wp\/v2\/media\/348531"}],"wp:attachment":[{"href":"https:\/\/www.radiopiu.net\/wordpress\/wp-json\/wp\/v2\/media?parent=348529"}],"wp:term":[{"taxonomy":"category","embeddable":true,"href":"https:\/\/www.radiopiu.net\/wordpress\/wp-json\/wp\/v2\/categories?post=348529"},{"taxonomy":"post_tag","embeddable":true,"href":"https:\/\/www.radiopiu.net\/wordpress\/wp-json\/wp\/v2\/tags?post=348529"}],"curies":[{"name":"wp","href":"https:\/\/api.w.org\/{rel}","templated":true}]}}