{"id":348560,"date":"2023-08-14T14:06:12","date_gmt":"2023-08-14T12:06:12","guid":{"rendered":"https:\/\/www.radiopiu.net\/wordpress\/?p=348560"},"modified":"2023-08-14T14:08:04","modified_gmt":"2023-08-14T12:08:04","slug":"pattuglie-a-cavallo-dellarma-forestale-per-la-sorveglianza-del-territorio-montano-dellampezzo","status":"publish","type":"post","link":"https:\/\/www.radiopiu.net\/wordpress\/pattuglie-a-cavallo-dellarma-forestale-per-la-sorveglianza-del-territorio-montano-dellampezzo\/","title":{"rendered":"Pattuglie a Cavallo dell&#8217;Arma Forestale per la Sorveglianza del Territorio Montano dell&#8217;Ampezzo"},"content":{"rendered":"<p><a class=\"dt-pswp-item\" href=\"https:\/\/www.radiopiu.net\/wordpress\/wp-content\/uploads\/2023\/08\/8e00ed31-d43a-4c79-9591-1fad243d387a.jpg\" data-dt-img-description=\"\" data-large_image_width=\"2048\" data-large_image_height=\"1536\"><img loading=\"lazy\" decoding=\"async\" class=\"size-medium wp-image-348561 alignleft\" src=\"https:\/\/www.radiopiu.net\/wordpress\/wp-content\/uploads\/2023\/08\/8e00ed31-d43a-4c79-9591-1fad243d387a-300x225.jpg\" alt=\"\" width=\"300\" height=\"225\" srcset=\"https:\/\/www.radiopiu.net\/wordpress\/wp-content\/uploads\/2023\/08\/8e00ed31-d43a-4c79-9591-1fad243d387a-300x225.jpg 300w, https:\/\/www.radiopiu.net\/wordpress\/wp-content\/uploads\/2023\/08\/8e00ed31-d43a-4c79-9591-1fad243d387a-1024x768.jpg 1024w, https:\/\/www.radiopiu.net\/wordpress\/wp-content\/uploads\/2023\/08\/8e00ed31-d43a-4c79-9591-1fad243d387a-768x576.jpg 768w, https:\/\/www.radiopiu.net\/wordpress\/wp-content\/uploads\/2023\/08\/8e00ed31-d43a-4c79-9591-1fad243d387a-1536x1152.jpg 1536w, https:\/\/www.radiopiu.net\/wordpress\/wp-content\/uploads\/2023\/08\/8e00ed31-d43a-4c79-9591-1fad243d387a.jpg 2048w\" sizes=\"auto, (max-width: 300px) 100vw, 300px\" \/><\/a><strong>CORTINA<\/strong>\u00a0 \u00a0L&#8217;Arma dei Carabinieri ha intrapreso un&#8217;iniziativa innovativa attraverso la specialit\u00e0 Forestale: l&#8217;impiego di pattuglie a cavallo. Queste squadre ippomontate sono state istituite per sorvegliare e proteggere il vasto territorio montano che circonda la conca d&#8217;Ampezzo. L&#8217;utilizzo dei <a class=\"dt-pswp-item\" href=\"https:\/\/www.radiopiu.net\/wordpress\/wp-content\/uploads\/2023\/08\/03c48b0c-d457-4fdc-984a-40625a30f6e0-1.jpg\" data-dt-img-description=\"\" data-large_image_width=\"683\" data-large_image_height=\"1024\"><img loading=\"lazy\" decoding=\"async\" class=\"size-medium wp-image-348564 alignright\" src=\"https:\/\/www.radiopiu.net\/wordpress\/wp-content\/uploads\/2023\/08\/03c48b0c-d457-4fdc-984a-40625a30f6e0-1-200x300.jpg\" alt=\"\" width=\"200\" height=\"300\" srcset=\"https:\/\/www.radiopiu.net\/wordpress\/wp-content\/uploads\/2023\/08\/03c48b0c-d457-4fdc-984a-40625a30f6e0-1-200x300.jpg 200w, https:\/\/www.radiopiu.net\/wordpress\/wp-content\/uploads\/2023\/08\/03c48b0c-d457-4fdc-984a-40625a30f6e0-1.jpg 683w\" sizes=\"auto, (max-width: 200px) 100vw, 200px\" \/><\/a>cavalli, in particolare della razza maremmana, offre notevoli vantaggi per la sorveglianza in aree naturali, dove la viabilit\u00e0 pu\u00f2 essere limitata o inesistente. I cavalli impiegati sono razza maremmana, scelti per la loro adattabilit\u00e0 e resistenza alle condizioni di montagna. Questi animali vengono allevati, cresciuti e addestrati presso il Reparto Carabinieri Biodiversit\u00e0 di Belluno, dove vengono messi a punto i legami tra cavallerizza\/o e animale, garantendo un&#8217;affidabilit\u00e0 particolare nella collaborazione. Questo binomio ben affiatato \u00e8 fondamentale per assicurare un servizio efficace e sicuro, sia in compiti di pattugliamento che in eventi rappresentativi. L&#8217;uso dei cavalli nell&#8217;ambito delle operazioni di sorveglianza delle aree rurali e montane rappresenta un approccio innovativo, permettendo ai Carabinieri forestali di presidiare vaste porzioni di territorio altrimenti difficili da raggiungere. Questa iniziativa non solo sottolinea l&#8217;impegno dell&#8217;Arma nella conservazione della natura, ma crea anche un legame profondo con le tradizioni storiche dell&#8217;Istituzione. In un&#8217;epoca in cui la tecnologia spesso domina le strategie di sorveglianza, l&#8217;uso dei cavalli dimostra che un approccio pi\u00f9 tradizionale pu\u00f2 essere altrettanto efficace, specialmente in ambienti naturali sensibili. L&#8217;Arma dei Carabinieri Forestali continua a dimostrare il proprio impegno per la tutela del territorio e della biodiversit\u00e0, combinando innovazione e tradizione per affrontare le sfide ambientali in modo completo e sostenibile.<\/p>\n<p>foto a destra, al Palio di Feltre<\/p>\n<div class=\"flex-1 overflow-hidden\">\n<div class=\"react-scroll-to-bottom--css-pkbnp-79elbk h-full dark:bg-gray-800\">\n<div class=\"react-scroll-to-bottom--css-pkbnp-1n7m0yu\">\n<div class=\"flex flex-col text-sm dark:bg-gray-800\">\n<div class=\"group w-full text-token-text-primary border-b border-black\/10 dark:border-gray-900\/50 bg-gray-50 dark:bg-[#444654]\">\n<div class=\"flex p-4 gap-4 text-base md:gap-6 md:max-w-2xl lg:max-w-[38rem] xl:max-w-3xl md:py-6 lg:px-0 m-auto\">\n<div class=\"relative flex w-[calc(100%-50px)] flex-col gap-1 md:gap-3 lg:w-[calc(100%-115px)]\">\n<div class=\"flex justify-between lg:block\"><\/div>\n<\/div>\n<\/div>\n<\/div>\n<\/div>\n<\/div>\n<\/div>\n<\/div>\n<div class=\"absolute bottom-0 left-0 w-full border-t md:border-t-0 dark:border-white\/20 md:border-transparent md:dark:border-transparent md:bg-vert-light-gradient bg-white dark:bg-gray-800 md:!bg-transparent dark:md:bg-vert-dark-gradient pt-2 md:pl-2 md:w-[calc(100%-.5rem)]\">\n<form class=\"stretch mx-2 flex flex-row gap-3 last:mb-2 md:mx-4 md:last:mb-6 lg:mx-auto lg:max-w-2xl xl:max-w-3xl\">\n<div class=\"h-full flex ml-1 md:w-full md:m-auto md:mb-4 gap-0 md:gap-2 justify-center\"><\/div>\n<div><\/div>\n<div><\/div>\n<div><\/div>\n<div>__<\/div>\n<\/form>\n<\/div>\n","protected":false},"excerpt":{"rendered":"<p>CORTINA\u00a0 \u00a0L&#8217;Arma dei Carabinieri ha intrapreso un&#8217;iniziativa innovativa attraverso la specialit\u00e0 Forestale: l&#8217;impiego di pattuglie a cavallo. Queste squadre ippomontate sono state istituite per sorvegliare e proteggere il vasto territorio montano che circonda la conca d&#8217;Ampezzo. L&#8217;utilizzo dei cavalli, in particolare della razza maremmana, offre notevoli vantaggi per la sorveglianza in aree naturali, dove la&hellip;<\/p>\n","protected":false},"author":4,"featured_media":348561,"comment_status":"closed","ping_status":"closed","sticky":false,"template":"","format":"standard","meta":{"_monsterinsights_skip_tracking":false,"_monsterinsights_sitenote_active":false,"_monsterinsights_sitenote_note":"","_monsterinsights_sitenote_category":0,"footnotes":""},"categories":[49],"tags":[],"class_list":["post-348560","post","type-post","status-publish","format-standard","has-post-thumbnail","hentry","category-news-18","category-49","description-off"],"img_url":"https:\/\/www.radiopiu.net\/wordpress\/wp-content\/uploads\/2023\/08\/8e00ed31-d43a-4c79-9591-1fad243d387a.jpg","_links":{"self":[{"href":"https:\/\/www.radiopiu.net\/wordpress\/wp-json\/wp\/v2\/posts\/348560","targetHints":{"allow":["GET"]}}],"collection":[{"href":"https:\/\/www.radiopiu.net\/wordpress\/wp-json\/wp\/v2\/posts"}],"about":[{"href":"https:\/\/www.radiopiu.net\/wordpress\/wp-json\/wp\/v2\/types\/post"}],"author":[{"embeddable":true,"href":"https:\/\/www.radiopiu.net\/wordpress\/wp-json\/wp\/v2\/users\/4"}],"replies":[{"embeddable":true,"href":"https:\/\/www.radiopiu.net\/wordpress\/wp-json\/wp\/v2\/comments?post=348560"}],"version-history":[{"count":0,"href":"https:\/\/www.radiopiu.net\/wordpress\/wp-json\/wp\/v2\/posts\/348560\/revisions"}],"wp:featuredmedia":[{"embeddable":true,"href":"https:\/\/www.radiopiu.net\/wordpress\/wp-json\/wp\/v2\/media\/348561"}],"wp:attachment":[{"href":"https:\/\/www.radiopiu.net\/wordpress\/wp-json\/wp\/v2\/media?parent=348560"}],"wp:term":[{"taxonomy":"category","embeddable":true,"href":"https:\/\/www.radiopiu.net\/wordpress\/wp-json\/wp\/v2\/categories?post=348560"},{"taxonomy":"post_tag","embeddable":true,"href":"https:\/\/www.radiopiu.net\/wordpress\/wp-json\/wp\/v2\/tags?post=348560"}],"curies":[{"name":"wp","href":"https:\/\/api.w.org\/{rel}","templated":true}]}}