{"id":348567,"date":"2023-08-14T15:04:53","date_gmt":"2023-08-14T13:04:53","guid":{"rendered":"https:\/\/www.radiopiu.net\/wordpress\/?p=348567"},"modified":"2023-08-15T09:15:37","modified_gmt":"2023-08-15T07:15:37","slug":"i-pericoli-della-203-tra-i-due-autovelox-comunali","status":"publish","type":"post","link":"https:\/\/www.radiopiu.net\/wordpress\/i-pericoli-della-203-tra-i-due-autovelox-comunali\/","title":{"rendered":"I PERICOLI DELLA 203 TRA I DUE AUTOVELOX COMUNALI &#8220;la si fa franca&#8230;in zona franca&#8221;"},"content":{"rendered":"<p><strong><a class=\"dt-pswp-item\" href=\"https:\/\/www.radiopiu.net\/wordpress\/wp-content\/uploads\/2023\/08\/Foto-con-logo-1-300x225-1.jpg\" data-dt-img-description=\"\" data-large_image_width=\"300\" data-large_image_height=\"225\"><img loading=\"lazy\" decoding=\"async\" class=\"size-full wp-image-348568 alignleft\" src=\"https:\/\/www.radiopiu.net\/wordpress\/wp-content\/uploads\/2023\/08\/Foto-con-logo-1-300x225-1.jpg\" alt=\"\" width=\"300\" height=\"225\" \/><\/a>LA ZONA FRANCA\u00a0<\/strong> per definizione\u00a0 <em>\u00e8 un&#8217;area geografica all&#8217;interno di un paese in cui vengono applicate normative fiscali e doganali differenti da quelle vigenti nel resto del territorio nazionale. L&#8217;obiettivo principale di una zona franca \u00e8 promuovere lo sviluppo economico, facilitare gli investimenti stranieri e agevolare il commercio internazional<\/em>e. La zona franca di cui voglio parlare di benefici non ne porta molti, e quel poco che porta &#8211; un risparmio di tempo di qualche minuto\u00a0 &#8211; mette a rischio la vita propria e quella altrui.<em> In una zona franca, solitamente si applicano vantaggi fiscali, come tassi d&#8217;imposta ridotti o addirittura esenzioni fiscali su determinate attivit\u00e0 economiche.<\/em> In effetti la zona franca di cui ci interessiamo porta vantaggi economici, o meglio non permette a nessuno di mettere le mani nel portafoglio, perch\u00e9 nella zona franca non capita di vedere molti controlli, n\u00e8 con la paletta n\u00e8 con apparecchiature elettroniche di ultima generazione per il rilevamento della velocit\u00e0.\u00a0 <em>\u00a0Le zone franche sono create da governi nazionali o locali e possono variare ampiamente nelle loro caratteristiche e finalit\u00e0.<\/em> La zona franca del nostro articolo non \u00e8 stata imposta da nessun governo nazionale o locale, ma nasce dall&#8217;anarchia di chi \u00e8 al volante e si sente in diritto di snobbare i limiti di velocit\u00e0 e la linea continua che vieta il sorpasso? In effetti non mi \u00e8 mai capitato di vedere controlli\u00a0 in quella zona e a Belluno ci vado spesso. La si fa franca in zona franca.\u00a0 L&#8217;importante \u00e8 tenere a mente i confini\u00a0 ed \u00e8 fatta: a Candaten sotto all&#8217;autovelox del Comune di Sedico, a La Muda di La Valle Agordina davanti all&#8217;autovelox del Comune di La Valle.<\/p>\n<p>mirko mezzacasa<\/p>\n<p>foto archivio radiopiu<\/p>\n<p>__<\/p>\n<div class=\"absolute bottom-0 left-0 w-full border-t md:border-t-0 dark:border-white\/20 md:border-transparent md:dark:border-transparent md:bg-vert-light-gradient bg-white dark:bg-gray-800 md:!bg-transparent dark:md:bg-vert-dark-gradient pt-2 md:pl-2 md:w-[calc(100%-.5rem)]\">\n<form class=\"stretch mx-2 flex flex-row gap-3 last:mb-2 md:mx-4 md:last:mb-6 lg:mx-auto lg:max-w-2xl xl:max-w-3xl\">\n<div class=\"relative flex h-full flex-1 items-stretch md:flex-col\" role=\"presentation\">\n<div>\n<div class=\"h-full flex ml-1 md:w-full md:m-auto md:mb-4 gap-0 md:gap-2 justify-center\"><\/div>\n<\/div>\n<\/div>\n<\/form>\n<\/div>\n","protected":false},"excerpt":{"rendered":"<p>LA ZONA FRANCA\u00a0 per definizione\u00a0 \u00e8 un&#8217;area geografica all&#8217;interno di un paese in cui vengono applicate normative fiscali e doganali differenti da quelle vigenti nel resto del territorio nazionale. L&#8217;obiettivo principale di una zona franca \u00e8 promuovere lo sviluppo economico, facilitare gli investimenti stranieri e agevolare il commercio internazionale. La zona franca di cui voglio&hellip;<\/p>\n","protected":false},"author":4,"featured_media":348569,"comment_status":"closed","ping_status":"closed","sticky":false,"template":"","format":"standard","meta":{"_monsterinsights_skip_tracking":false,"_monsterinsights_sitenote_active":false,"_monsterinsights_sitenote_note":"","_monsterinsights_sitenote_category":0,"footnotes":""},"categories":[51,86,49],"tags":[],"class_list":["post-348567","post","type-post","status-publish","format-standard","has-post-thumbnail","hentry","category-evidenza-top","category-gr","category-news-18","category-51","category-86","category-49","description-off"],"img_url":"https:\/\/www.radiopiu.net\/wordpress\/wp-content\/uploads\/2023\/08\/INCIDENTE-203-AGORDINA-1-300x158-1.jpg","_links":{"self":[{"href":"https:\/\/www.radiopiu.net\/wordpress\/wp-json\/wp\/v2\/posts\/348567","targetHints":{"allow":["GET"]}}],"collection":[{"href":"https:\/\/www.radiopiu.net\/wordpress\/wp-json\/wp\/v2\/posts"}],"about":[{"href":"https:\/\/www.radiopiu.net\/wordpress\/wp-json\/wp\/v2\/types\/post"}],"author":[{"embeddable":true,"href":"https:\/\/www.radiopiu.net\/wordpress\/wp-json\/wp\/v2\/users\/4"}],"replies":[{"embeddable":true,"href":"https:\/\/www.radiopiu.net\/wordpress\/wp-json\/wp\/v2\/comments?post=348567"}],"version-history":[{"count":0,"href":"https:\/\/www.radiopiu.net\/wordpress\/wp-json\/wp\/v2\/posts\/348567\/revisions"}],"wp:featuredmedia":[{"embeddable":true,"href":"https:\/\/www.radiopiu.net\/wordpress\/wp-json\/wp\/v2\/media\/348569"}],"wp:attachment":[{"href":"https:\/\/www.radiopiu.net\/wordpress\/wp-json\/wp\/v2\/media?parent=348567"}],"wp:term":[{"taxonomy":"category","embeddable":true,"href":"https:\/\/www.radiopiu.net\/wordpress\/wp-json\/wp\/v2\/categories?post=348567"},{"taxonomy":"post_tag","embeddable":true,"href":"https:\/\/www.radiopiu.net\/wordpress\/wp-json\/wp\/v2\/tags?post=348567"}],"curies":[{"name":"wp","href":"https:\/\/api.w.org\/{rel}","templated":true}]}}