{"id":348574,"date":"2023-08-14T15:42:25","date_gmt":"2023-08-14T13:42:25","guid":{"rendered":"https:\/\/www.radiopiu.net\/wordpress\/?p=348574"},"modified":"2023-08-14T15:42:25","modified_gmt":"2023-08-14T13:42:25","slug":"domenica-il-torneo-di-green-volley-a-cencenighe","status":"publish","type":"post","link":"https:\/\/www.radiopiu.net\/wordpress\/domenica-il-torneo-di-green-volley-a-cencenighe\/","title":{"rendered":"DOMENICA IL TORNEO DI GREEN VOLLEY A CENCENIGHE"},"content":{"rendered":"<p><strong>CENCENIGHE<\/strong> Anche quest&#8217;anno agli impianti sportivi di Cencenighe viene organizzato il Torneo di Grren Volley. Una giornata che inizier\u00e0 alle 8:30 con il ritrovo al campo sportivo &#8220;La Bombonera&#8221;. Ogni squadra sar\u00e0 composta da 3 giocatori e nella formazione si potranno avere 5 persone. Un torneo da 3 contro 3 che durer\u00e0 l&#8217;intera giornata. Per informazioni o iscrizioni pagina Instagram dugone.greenvolleycence o una mail dugone.torneogreenvolley@gmail.com. Iscrizioni aperte fino al 18 agosto.<\/p>\n<p><a class=\"dt-pswp-item\" href=\"https:\/\/www.radiopiu.net\/wordpress\/wp-content\/uploads\/2023\/08\/d877900e-0976-482c-a3cd-6dd5026070f7.jpg\" data-dt-img-description=\"\" data-large_image_width=\"1142\" data-large_image_height=\"1600\"><img loading=\"lazy\" decoding=\"async\" class=\"alignnone size-medium wp-image-348580\" src=\"https:\/\/www.radiopiu.net\/wordpress\/wp-content\/uploads\/2023\/08\/d877900e-0976-482c-a3cd-6dd5026070f7-214x300.jpg\" alt=\"\" width=\"214\" height=\"300\" srcset=\"https:\/\/www.radiopiu.net\/wordpress\/wp-content\/uploads\/2023\/08\/d877900e-0976-482c-a3cd-6dd5026070f7-214x300.jpg 214w, https:\/\/www.radiopiu.net\/wordpress\/wp-content\/uploads\/2023\/08\/d877900e-0976-482c-a3cd-6dd5026070f7-731x1024.jpg 731w, https:\/\/www.radiopiu.net\/wordpress\/wp-content\/uploads\/2023\/08\/d877900e-0976-482c-a3cd-6dd5026070f7-768x1076.jpg 768w, https:\/\/www.radiopiu.net\/wordpress\/wp-content\/uploads\/2023\/08\/d877900e-0976-482c-a3cd-6dd5026070f7-1096x1536.jpg 1096w, https:\/\/www.radiopiu.net\/wordpress\/wp-content\/uploads\/2023\/08\/d877900e-0976-482c-a3cd-6dd5026070f7.jpg 1142w\" sizes=\"auto, (max-width: 214px) 100vw, 214px\" \/><\/a><\/p>\n<p>&nbsp;<\/p>\n<p>&nbsp;<\/p>\n<p>*******<\/p>\n","protected":false},"excerpt":{"rendered":"<p>CENCENIGHE Anche quest&#8217;anno agli impianti sportivi di Cencenighe viene organizzato il Torneo di Grren Volley. Una giornata che inizier\u00e0 alle 8:30 con il ritrovo al campo sportivo &#8220;La Bombonera&#8221;. Ogni squadra sar\u00e0 composta da 3 giocatori e nella formazione si potranno avere 5 persone. Un torneo da 3 contro 3 che durer\u00e0 l&#8217;intera giornata. Per&hellip;<\/p>\n","protected":false},"author":4,"featured_media":348581,"comment_status":"closed","ping_status":"closed","sticky":false,"template":"","format":"standard","meta":{"_monsterinsights_skip_tracking":false,"_monsterinsights_sitenote_active":false,"_monsterinsights_sitenote_note":"","_monsterinsights_sitenote_category":0,"footnotes":""},"categories":[49],"tags":[],"class_list":["post-348574","post","type-post","status-publish","format-standard","has-post-thumbnail","hentry","category-news-18","category-49","description-off"],"img_url":"https:\/\/www.radiopiu.net\/wordpress\/wp-content\/uploads\/2023\/08\/dugone.jpg","_links":{"self":[{"href":"https:\/\/www.radiopiu.net\/wordpress\/wp-json\/wp\/v2\/posts\/348574","targetHints":{"allow":["GET"]}}],"collection":[{"href":"https:\/\/www.radiopiu.net\/wordpress\/wp-json\/wp\/v2\/posts"}],"about":[{"href":"https:\/\/www.radiopiu.net\/wordpress\/wp-json\/wp\/v2\/types\/post"}],"author":[{"embeddable":true,"href":"https:\/\/www.radiopiu.net\/wordpress\/wp-json\/wp\/v2\/users\/4"}],"replies":[{"embeddable":true,"href":"https:\/\/www.radiopiu.net\/wordpress\/wp-json\/wp\/v2\/comments?post=348574"}],"version-history":[{"count":0,"href":"https:\/\/www.radiopiu.net\/wordpress\/wp-json\/wp\/v2\/posts\/348574\/revisions"}],"wp:featuredmedia":[{"embeddable":true,"href":"https:\/\/www.radiopiu.net\/wordpress\/wp-json\/wp\/v2\/media\/348581"}],"wp:attachment":[{"href":"https:\/\/www.radiopiu.net\/wordpress\/wp-json\/wp\/v2\/media?parent=348574"}],"wp:term":[{"taxonomy":"category","embeddable":true,"href":"https:\/\/www.radiopiu.net\/wordpress\/wp-json\/wp\/v2\/categories?post=348574"},{"taxonomy":"post_tag","embeddable":true,"href":"https:\/\/www.radiopiu.net\/wordpress\/wp-json\/wp\/v2\/tags?post=348574"}],"curies":[{"name":"wp","href":"https:\/\/api.w.org\/{rel}","templated":true}]}}