{"id":348588,"date":"2023-08-14T16:17:41","date_gmt":"2023-08-14T14:17:41","guid":{"rendered":"https:\/\/www.radiopiu.net\/wordpress\/?p=348588"},"modified":"2023-08-14T16:17:41","modified_gmt":"2023-08-14T14:17:41","slug":"voila-il-festival-degli-artisti-di-strada-a-feltre","status":"publish","type":"post","link":"https:\/\/www.radiopiu.net\/wordpress\/voila-il-festival-degli-artisti-di-strada-a-feltre\/","title":{"rendered":"VOILA&#8217;: IL FESTIVAL DEGLI ARTISTI DI STRADA A FELTRE"},"content":{"rendered":"<p><strong><a class=\"dt-pswp-item\" href=\"https:\/\/www.radiopiu.net\/wordpress\/wp-content\/uploads\/2023\/08\/b60b368f-fd8c-447a-ad1f-503eb57d3ccf.jpg\" data-dt-img-description=\"\" data-large_image_width=\"1600\" data-large_image_height=\"900\"><img loading=\"lazy\" decoding=\"async\" class=\" wp-image-348596 alignleft\" src=\"https:\/\/www.radiopiu.net\/wordpress\/wp-content\/uploads\/2023\/08\/b60b368f-fd8c-447a-ad1f-503eb57d3ccf-300x169.jpg\" alt=\"\" width=\"185\" height=\"104\" srcset=\"https:\/\/www.radiopiu.net\/wordpress\/wp-content\/uploads\/2023\/08\/b60b368f-fd8c-447a-ad1f-503eb57d3ccf-300x169.jpg 300w, https:\/\/www.radiopiu.net\/wordpress\/wp-content\/uploads\/2023\/08\/b60b368f-fd8c-447a-ad1f-503eb57d3ccf-1024x576.jpg 1024w, https:\/\/www.radiopiu.net\/wordpress\/wp-content\/uploads\/2023\/08\/b60b368f-fd8c-447a-ad1f-503eb57d3ccf-768x432.jpg 768w, https:\/\/www.radiopiu.net\/wordpress\/wp-content\/uploads\/2023\/08\/b60b368f-fd8c-447a-ad1f-503eb57d3ccf-1536x864.jpg 1536w, https:\/\/www.radiopiu.net\/wordpress\/wp-content\/uploads\/2023\/08\/b60b368f-fd8c-447a-ad1f-503eb57d3ccf.jpg 1600w\" sizes=\"auto, (max-width: 185px) 100vw, 185px\" \/><\/a>FELTRE<\/strong> Dopo un anno di stop, torna a Feltre \u201cVoil\u00e0\u201d, il festival degli artisti di strada. L&#8217;appuntamento \u00e8 per il fine settimana in centro storico, con due anteprime gioved\u00ec e venerd\u00ec nelle frazioni di Vellai e di Pont.<\/p>\n<p><strong>di Daniele Dalvit<\/strong><\/p>\n<audio class=\"wp-audio-shortcode\" id=\"audio-348588-1\" preload=\"none\" style=\"width: 100%;\" controls=\"controls\"><source type=\"audio\/mpeg\" src=\"https:\/\/www.radiopiu.net\/wordpress\/wp-content\/uploads\/2023\/08\/DALVIT-Voila-Feltre.mp3?_=1\" \/><a href=\"https:\/\/www.radiopiu.net\/wordpress\/wp-content\/uploads\/2023\/08\/DALVIT-Voila-Feltre.mp3\">https:\/\/www.radiopiu.net\/wordpress\/wp-content\/uploads\/2023\/08\/DALVIT-Voila-Feltre.mp3<\/a><\/audio>\n<p>&nbsp;<\/p>\n<p>&nbsp;<\/p>\n<p>********<\/p>\n","protected":false},"excerpt":{"rendered":"<p>FELTRE Dopo un anno di stop, torna a Feltre \u201cVoil\u00e0\u201d, il festival degli artisti di strada. L&#8217;appuntamento \u00e8 per il fine settimana in centro storico, con due anteprime gioved\u00ec e venerd\u00ec nelle frazioni di Vellai e di Pont. di Daniele Dalvit &nbsp; &nbsp; ********<\/p>\n","protected":false},"author":4,"featured_media":348596,"comment_status":"closed","ping_status":"closed","sticky":false,"template":"","format":"standard","meta":{"_monsterinsights_skip_tracking":false,"_monsterinsights_sitenote_active":false,"_monsterinsights_sitenote_note":"","_monsterinsights_sitenote_category":0,"footnotes":""},"categories":[49],"tags":[],"class_list":["post-348588","post","type-post","status-publish","format-standard","has-post-thumbnail","hentry","category-news-18","category-49","description-off"],"img_url":"https:\/\/www.radiopiu.net\/wordpress\/wp-content\/uploads\/2023\/08\/b60b368f-fd8c-447a-ad1f-503eb57d3ccf.jpg","_links":{"self":[{"href":"https:\/\/www.radiopiu.net\/wordpress\/wp-json\/wp\/v2\/posts\/348588","targetHints":{"allow":["GET"]}}],"collection":[{"href":"https:\/\/www.radiopiu.net\/wordpress\/wp-json\/wp\/v2\/posts"}],"about":[{"href":"https:\/\/www.radiopiu.net\/wordpress\/wp-json\/wp\/v2\/types\/post"}],"author":[{"embeddable":true,"href":"https:\/\/www.radiopiu.net\/wordpress\/wp-json\/wp\/v2\/users\/4"}],"replies":[{"embeddable":true,"href":"https:\/\/www.radiopiu.net\/wordpress\/wp-json\/wp\/v2\/comments?post=348588"}],"version-history":[{"count":0,"href":"https:\/\/www.radiopiu.net\/wordpress\/wp-json\/wp\/v2\/posts\/348588\/revisions"}],"wp:featuredmedia":[{"embeddable":true,"href":"https:\/\/www.radiopiu.net\/wordpress\/wp-json\/wp\/v2\/media\/348596"}],"wp:attachment":[{"href":"https:\/\/www.radiopiu.net\/wordpress\/wp-json\/wp\/v2\/media?parent=348588"}],"wp:term":[{"taxonomy":"category","embeddable":true,"href":"https:\/\/www.radiopiu.net\/wordpress\/wp-json\/wp\/v2\/categories?post=348588"},{"taxonomy":"post_tag","embeddable":true,"href":"https:\/\/www.radiopiu.net\/wordpress\/wp-json\/wp\/v2\/tags?post=348588"}],"curies":[{"name":"wp","href":"https:\/\/api.w.org\/{rel}","templated":true}]}}