{"id":348599,"date":"2023-08-14T16:56:17","date_gmt":"2023-08-14T14:56:17","guid":{"rendered":"https:\/\/www.radiopiu.net\/wordpress\/?p=348599"},"modified":"2023-08-14T16:56:17","modified_gmt":"2023-08-14T14:56:17","slug":"un-pomeriggio-intenso-per-il-suem-118","status":"publish","type":"post","link":"https:\/\/www.radiopiu.net\/wordpress\/un-pomeriggio-intenso-per-il-suem-118\/","title":{"rendered":"UN POMERIGGIO INTENSO PER IL SUEM 118"},"content":{"rendered":"<p><strong>REDAZIONE<\/strong> La macchina dei soccorsi \u00e8 sempre in movimento in provincia di Belluno. Sono tante le uscite del SUEM 118 nelle prime ore di oggi. Al Rifugio Vazzoler, un uomo di 69 anni ha avuto un episodio di cardiopatia. A Sas di Stria, un uomo di 41 anni ha riportato un trauma alla caviglia in un incidente singolo. A Cimolais, un uomo di 41 anni ha subito un trauma da caduta in parete, richiedendo interventi di soccorso. A San Vito di Cadore, una donna di 48 anni \u00e8 stata soccorsa dopo un incidente in bicicletta. A Cortina, durante una ferrata, un uomo di 42 anni \u00e8 caduto da un&#8217;altezza di 3-4 metri. Un&#8217;escursionista di 55 anni \u00e8 caduta sul Sentiero 421 da Rifugio Pom\u00e8des a Rifugio Dibona. Mentre a Tai di Cadore, una donna ha avuto un incidente in bicicletta.<\/p>\n<p>&nbsp;<\/p>\n<p>&nbsp;<\/p>\n<p>*******<\/p>\n","protected":false},"excerpt":{"rendered":"<p>REDAZIONE La macchina dei soccorsi \u00e8 sempre in movimento in provincia di Belluno. Sono tante le uscite del SUEM 118 nelle prime ore di oggi. Al Rifugio Vazzoler, un uomo di 69 anni ha avuto un episodio di cardiopatia. A Sas di Stria, un uomo di 41 anni ha riportato un trauma alla caviglia in&hellip;<\/p>\n","protected":false},"author":4,"featured_media":51048,"comment_status":"closed","ping_status":"closed","sticky":false,"template":"","format":"standard","meta":{"_monsterinsights_skip_tracking":false,"_monsterinsights_sitenote_active":false,"_monsterinsights_sitenote_note":"","_monsterinsights_sitenote_category":0,"footnotes":""},"categories":[51,49],"tags":[],"class_list":["post-348599","post","type-post","status-publish","format-standard","has-post-thumbnail","hentry","category-evidenza-top","category-news-18","category-51","category-49","description-off"],"img_url":"https:\/\/www.radiopiu.net\/wordpress\/wp-content\/uploads\/2018\/06\/suem.jpg","_links":{"self":[{"href":"https:\/\/www.radiopiu.net\/wordpress\/wp-json\/wp\/v2\/posts\/348599","targetHints":{"allow":["GET"]}}],"collection":[{"href":"https:\/\/www.radiopiu.net\/wordpress\/wp-json\/wp\/v2\/posts"}],"about":[{"href":"https:\/\/www.radiopiu.net\/wordpress\/wp-json\/wp\/v2\/types\/post"}],"author":[{"embeddable":true,"href":"https:\/\/www.radiopiu.net\/wordpress\/wp-json\/wp\/v2\/users\/4"}],"replies":[{"embeddable":true,"href":"https:\/\/www.radiopiu.net\/wordpress\/wp-json\/wp\/v2\/comments?post=348599"}],"version-history":[{"count":0,"href":"https:\/\/www.radiopiu.net\/wordpress\/wp-json\/wp\/v2\/posts\/348599\/revisions"}],"wp:featuredmedia":[{"embeddable":true,"href":"https:\/\/www.radiopiu.net\/wordpress\/wp-json\/wp\/v2\/media\/51048"}],"wp:attachment":[{"href":"https:\/\/www.radiopiu.net\/wordpress\/wp-json\/wp\/v2\/media?parent=348599"}],"wp:term":[{"taxonomy":"category","embeddable":true,"href":"https:\/\/www.radiopiu.net\/wordpress\/wp-json\/wp\/v2\/categories?post=348599"},{"taxonomy":"post_tag","embeddable":true,"href":"https:\/\/www.radiopiu.net\/wordpress\/wp-json\/wp\/v2\/tags?post=348599"}],"curies":[{"name":"wp","href":"https:\/\/api.w.org\/{rel}","templated":true}]}}