{"id":348601,"date":"2023-08-14T16:59:08","date_gmt":"2023-08-14T14:59:08","guid":{"rendered":"https:\/\/www.radiopiu.net\/wordpress\/?p=348601"},"modified":"2023-08-15T18:36:59","modified_gmt":"2023-08-15T16:36:59","slug":"torna-potabile-lacqua-a-la-valle-cencenighe-e-livinallongo","status":"publish","type":"post","link":"https:\/\/www.radiopiu.net\/wordpress\/torna-potabile-lacqua-a-la-valle-cencenighe-e-livinallongo\/","title":{"rendered":"ACQUA  DI NUOVO POTABILE A LA VALLE, CENCENIGHE E LIVINALLONGO"},"content":{"rendered":"<p><strong>REDAZIONE <\/strong>Gestione Servizi Pubblici informa che a LA VALLE AGORDINA nelle localit\u00e0 MUDA EST E AGRE l&#8217;acqua erogata dall&#8217;acquedotto \u00e8 di nuovo potabile e pu\u00f2 essere usata, quindi, per scopi alimentari. Lo stesso a a CENCENIGHE AGORDINO in localit\u00e0 PRA DI MEZZO e a LIVINALLONGO DEL COL DI LANA nelle localit\u00e0 BRENTA e VARDA<\/p>\n<p>&nbsp;<\/p>\n<p>&nbsp;<\/p>\n<p>******<\/p>\n","protected":false},"excerpt":{"rendered":"<p>REDAZIONE Gestione Servizi Pubblici informa che a LA VALLE AGORDINA nelle localit\u00e0 MUDA EST E AGRE l&#8217;acqua erogata dall&#8217;acquedotto \u00e8 di nuovo potabile e pu\u00f2 essere usata, quindi, per scopi alimentari. Lo stesso a a CENCENIGHE AGORDINO in localit\u00e0 PRA DI MEZZO e a LIVINALLONGO DEL COL DI LANA nelle localit\u00e0 BRENTA e VARDA &nbsp;&hellip;<\/p>\n","protected":false},"author":4,"featured_media":315608,"comment_status":"closed","ping_status":"closed","sticky":false,"template":"","format":"standard","meta":{"_monsterinsights_skip_tracking":false,"_monsterinsights_sitenote_active":false,"_monsterinsights_sitenote_note":"","_monsterinsights_sitenote_category":0,"footnotes":""},"categories":[104,49],"tags":[],"class_list":["post-348601","post","type-post","status-publish","format-standard","has-post-thumbnail","hentry","category-evidenza_3","category-news-18","category-104","category-49","description-off"],"img_url":"https:\/\/www.radiopiu.net\/wordpress\/wp-content\/uploads\/2023\/01\/bicchiere-acqua.png","_links":{"self":[{"href":"https:\/\/www.radiopiu.net\/wordpress\/wp-json\/wp\/v2\/posts\/348601","targetHints":{"allow":["GET"]}}],"collection":[{"href":"https:\/\/www.radiopiu.net\/wordpress\/wp-json\/wp\/v2\/posts"}],"about":[{"href":"https:\/\/www.radiopiu.net\/wordpress\/wp-json\/wp\/v2\/types\/post"}],"author":[{"embeddable":true,"href":"https:\/\/www.radiopiu.net\/wordpress\/wp-json\/wp\/v2\/users\/4"}],"replies":[{"embeddable":true,"href":"https:\/\/www.radiopiu.net\/wordpress\/wp-json\/wp\/v2\/comments?post=348601"}],"version-history":[{"count":0,"href":"https:\/\/www.radiopiu.net\/wordpress\/wp-json\/wp\/v2\/posts\/348601\/revisions"}],"wp:featuredmedia":[{"embeddable":true,"href":"https:\/\/www.radiopiu.net\/wordpress\/wp-json\/wp\/v2\/media\/315608"}],"wp:attachment":[{"href":"https:\/\/www.radiopiu.net\/wordpress\/wp-json\/wp\/v2\/media?parent=348601"}],"wp:term":[{"taxonomy":"category","embeddable":true,"href":"https:\/\/www.radiopiu.net\/wordpress\/wp-json\/wp\/v2\/categories?post=348601"},{"taxonomy":"post_tag","embeddable":true,"href":"https:\/\/www.radiopiu.net\/wordpress\/wp-json\/wp\/v2\/tags?post=348601"}],"curies":[{"name":"wp","href":"https:\/\/api.w.org\/{rel}","templated":true}]}}