{"id":348608,"date":"2023-08-15T10:58:56","date_gmt":"2023-08-15T08:58:56","guid":{"rendered":"https:\/\/www.radiopiu.net\/wordpress\/?p=348608"},"modified":"2023-08-15T10:58:56","modified_gmt":"2023-08-15T08:58:56","slug":"la-carica-dei-mille-al-giro-del-lago-di-alleghe-in-notturna","status":"publish","type":"post","link":"https:\/\/www.radiopiu.net\/wordpress\/la-carica-dei-mille-al-giro-del-lago-di-alleghe-in-notturna\/","title":{"rendered":"LA CARICA DEI MILLE AL GIRO DEL LAGO DI ALLEGHE IN NOTTURNA"},"content":{"rendered":"<p><strong><a class=\"dt-pswp-item\" href=\"https:\/\/www.radiopiu.net\/wordpress\/wp-content\/uploads\/2023\/08\/partenza.jpg\" data-dt-img-description=\"\" data-large_image_width=\"2244\" data-large_image_height=\"1535\"><img loading=\"lazy\" decoding=\"async\" class=\" wp-image-347907 alignleft\" src=\"https:\/\/www.radiopiu.net\/wordpress\/wp-content\/uploads\/2023\/08\/partenza-300x205.jpg\" alt=\"\" width=\"157\" height=\"107\" srcset=\"https:\/\/www.radiopiu.net\/wordpress\/wp-content\/uploads\/2023\/08\/partenza-300x205.jpg 300w, https:\/\/www.radiopiu.net\/wordpress\/wp-content\/uploads\/2023\/08\/partenza-1024x700.jpg 1024w, https:\/\/www.radiopiu.net\/wordpress\/wp-content\/uploads\/2023\/08\/partenza-768x525.jpg 768w, https:\/\/www.radiopiu.net\/wordpress\/wp-content\/uploads\/2023\/08\/partenza-1536x1051.jpg 1536w, https:\/\/www.radiopiu.net\/wordpress\/wp-content\/uploads\/2023\/08\/partenza-2048x1401.jpg 2048w\" sizes=\"auto, (max-width: 157px) 100vw, 157px\" \/><\/a>ALLEGHE<\/strong> Una serata da record quella andata in scena alla vigilia di ferragosto in occasione del Giro del Lago di Alleghe in notturna, la manifestazione promossa dal Gruppo Alpini di Alleghe. Mille iscritti, ma potevano essere di pi\u00f9, alla corsa di 5,3 km con partenza e arrivo a Masar\u00e8. Una serata ideale per correre o per camminare lungo le sponde del Lago di Alleghe che ha richiamato tantissima gente sia in veste di concorrenti che in veste di spettatori che hanno apprezzato la splendida organizzazione da parte degli Alpini di Alleghe che come sempre hanno messo a disposizione il tendone per mangiare, bere e fare festa. A vincere, con il tempo di 17&#8217;06&#8221; \u00e8 stato il ragazzo del Gruppo Sportivo Quantin Mihail Sirbu che ha staccato con pi\u00f9 di due minuti e mezzo Riccardo Serafini. Terzo posto per Giacomo Votta. Nella femminile la vittoria \u00e8 andata a Manuela Bulf dell&#8217;Atletica Agordina che ha chiuso in 20&#8217;45&#8221; (quinta assoluta nella generale) rifilando pi\u00f9 di due minuti Elisabetta Stocco. Terzo gradino del podio per Francesca Dal Mas.<\/p>\n<p>(FOTO ARCHIVIO)<\/p>\n<p><strong>PER CONSULTARE LE CLASSIFICHE <a href=\"https:\/\/www.radiopiu.net\/wordpress\/wp-content\/uploads\/2023\/08\/Classifica-Ufficiale.pdf\">CLICCA QUI<\/a><\/strong><\/p>\n<p>&nbsp;<\/p>\n<p>&nbsp;<\/p>\n<p>********<\/p>\n","protected":false},"excerpt":{"rendered":"<p>ALLEGHE Una serata da record quella andata in scena alla vigilia di ferragosto in occasione del Giro del Lago di Alleghe in notturna, la manifestazione promossa dal Gruppo Alpini di Alleghe. Mille iscritti, ma potevano essere di pi\u00f9, alla corsa di 5,3 km con partenza e arrivo a Masar\u00e8. Una serata ideale per correre o&hellip;<\/p>\n","protected":false},"author":4,"featured_media":347907,"comment_status":"closed","ping_status":"closed","sticky":false,"template":"","format":"standard","meta":{"_monsterinsights_skip_tracking":false,"_monsterinsights_sitenote_active":false,"_monsterinsights_sitenote_note":"","_monsterinsights_sitenote_category":0,"footnotes":""},"categories":[49],"tags":[],"class_list":["post-348608","post","type-post","status-publish","format-standard","has-post-thumbnail","hentry","category-news-18","category-49","description-off"],"img_url":"https:\/\/www.radiopiu.net\/wordpress\/wp-content\/uploads\/2023\/08\/partenza.jpg","_links":{"self":[{"href":"https:\/\/www.radiopiu.net\/wordpress\/wp-json\/wp\/v2\/posts\/348608","targetHints":{"allow":["GET"]}}],"collection":[{"href":"https:\/\/www.radiopiu.net\/wordpress\/wp-json\/wp\/v2\/posts"}],"about":[{"href":"https:\/\/www.radiopiu.net\/wordpress\/wp-json\/wp\/v2\/types\/post"}],"author":[{"embeddable":true,"href":"https:\/\/www.radiopiu.net\/wordpress\/wp-json\/wp\/v2\/users\/4"}],"replies":[{"embeddable":true,"href":"https:\/\/www.radiopiu.net\/wordpress\/wp-json\/wp\/v2\/comments?post=348608"}],"version-history":[{"count":0,"href":"https:\/\/www.radiopiu.net\/wordpress\/wp-json\/wp\/v2\/posts\/348608\/revisions"}],"wp:featuredmedia":[{"embeddable":true,"href":"https:\/\/www.radiopiu.net\/wordpress\/wp-json\/wp\/v2\/media\/347907"}],"wp:attachment":[{"href":"https:\/\/www.radiopiu.net\/wordpress\/wp-json\/wp\/v2\/media?parent=348608"}],"wp:term":[{"taxonomy":"category","embeddable":true,"href":"https:\/\/www.radiopiu.net\/wordpress\/wp-json\/wp\/v2\/categories?post=348608"},{"taxonomy":"post_tag","embeddable":true,"href":"https:\/\/www.radiopiu.net\/wordpress\/wp-json\/wp\/v2\/tags?post=348608"}],"curies":[{"name":"wp","href":"https:\/\/api.w.org\/{rel}","templated":true}]}}