{"id":348664,"date":"2023-08-15T19:18:15","date_gmt":"2023-08-15T17:18:15","guid":{"rendered":"https:\/\/www.radiopiu.net\/wordpress\/?p=348664"},"modified":"2023-08-15T19:19:41","modified_gmt":"2023-08-15T17:19:41","slug":"dal-feltrino-i-messaggi-di-cordoglio-per-la-scomparsa-di-gianni-faronato","status":"publish","type":"post","link":"https:\/\/www.radiopiu.net\/wordpress\/dal-feltrino-i-messaggi-di-cordoglio-per-la-scomparsa-di-gianni-faronato\/","title":{"rendered":"DAL FELTRINO I MESSAGGI DI CORDOGLIO PER LA SCOMPARSA DI GIANNI FARONATO"},"content":{"rendered":"<p>&nbsp;<\/p>\n<p><strong>FELTRE <\/strong>E&#8217; morto Gianni Faronato. Il presidente onorario dell\u2019Anpi, Associazione nazionale partigiani d\u2019Italia aveva 95 anni, viveva a Feltre e se n\u2019\u00e8 andato nella notte tra luned\u00ec e marted\u00ec.\u00a0 Deportato nel 1944 nel campo di concentramento di Bolzano, era sopravvissuto.\u00a0 Era ben voluto da tutti.<\/p>\n<p>&nbsp;<\/p>\n<p><strong><a class=\"dt-pswp-item\" href=\"https:\/\/www.radiopiu.net\/wordpress\/wp-content\/uploads\/2023\/08\/368019940_819477106275859_2867804338346367990_n.jpg\" data-dt-img-description=\"\" data-large_image_width=\"843\" data-large_image_height=\"527\"><img loading=\"lazy\" decoding=\"async\" class=\"size-medium wp-image-348670 alignleft\" src=\"https:\/\/www.radiopiu.net\/wordpress\/wp-content\/uploads\/2023\/08\/368019940_819477106275859_2867804338346367990_n-300x188.jpg\" alt=\"\" width=\"300\" height=\"188\" srcset=\"https:\/\/www.radiopiu.net\/wordpress\/wp-content\/uploads\/2023\/08\/368019940_819477106275859_2867804338346367990_n-300x188.jpg 300w, https:\/\/www.radiopiu.net\/wordpress\/wp-content\/uploads\/2023\/08\/368019940_819477106275859_2867804338346367990_n-768x480.jpg 768w, https:\/\/www.radiopiu.net\/wordpress\/wp-content\/uploads\/2023\/08\/368019940_819477106275859_2867804338346367990_n.jpg 843w\" sizes=\"auto, (max-width: 300px) 100vw, 300px\" \/><\/a>IL SINDACO DI FELTRE, VIVIANA FUSARO<\/strong><\/p>\n<p>&#8220;Con Gianni Faronato ci lascia una figura di assoluto rilievo per la storia contemporanea della nostra citt\u00e0. Faronato ha vissuto sulla propria pelle i drammi e le violenze del nazi-fascismo, prima fra tutte quella della deportazione, che sub\u00ec quando non aveva ancora 17 anni, verso il lager di Bolzano. Un&#8217;esperienza di cui decise di essere testimone fedele lungo l&#8217;arco di tutta la sua esistenza, a beneficio soprattutto delle giovani generazioni, anche attraverso l&#8217;attivit\u00e0 nella sezione feltrina dell&#8217;Anpi, di cui era attualmente presidente onorario. Un&#8217;esperienza dura e faticosa, quella della detenzione vissuta in giovane et\u00e0, che lo ha forgiato e portato poi a spendersi per la collettivit\u00e0 con impegno pieno e passione civica a favore soprattutto delle persone pi\u00f9 fragili e bisognose in diversi ambiti. A nome mio personale, di tutta l&#8217;Amministrazione e della comunit\u00e0 cittadina mi unisco al dolore dei figli, dei familiari e dei parenti e amici tutti di Gianni Faronato nel suo ricordo&#8221;.\u00a0 (foto <a href=\"https:\/\/www.facebook.com\/ComuneFeltre\">Comune di Feltre<\/a>)<\/p>\n<p>&nbsp;<\/p>\n<div>\n<div class=\"x1cy8zhl x78zum5 x1q0g3np xod5an3 x1pi30zi x1swvt13 xz9dl7a\">\n<div class=\"x1iyjqo2\">\n<div class=\"x78zum5 xdt5ytf xz62fqu x16ldp7u\">\n<div class=\"xu06os2 x1ok221b\">\n<p class=\"x1heor9g x1qlqyl8 x1pd3egz x1a2a7pz x1gslohp x1yc453h\"><span class=\"xt0psk2\"><a class=\"x1i10hfl xjbqb8w x6umtig x1b1mbwd xaqea5y xav7gou x9f619 x1ypdohk xt0psk2 xe8uvvx xdj266r x11i5rnm xat24cr x1mh8g0r xexx8yu x4uap5 x18d9i69 xkhd6sd x16tdsg8 x1hl2dhg xggy1nq x1a2a7pz xt0b8zv xzsf02u x1s688f\" tabindex=\"0\" role=\"link\" href=\"https:\/\/www.facebook.com\/bandafeltre?__cft__[0]=AZWBkr1Rh-aiRu-70HnTjZhOuv9-IlLiLGsO1VKYS3l-pbTU4GvGlVQNar4oRZdGgOU4CM-sOVf1uwhHRPxLGnQs4djsukKiqQtvHJJowIbdZcBYtSrtPwfbu1GZh3J3Mah3YnRJy9sLIg5oBlAaN4gvt2gyI_AX9Y1Zl5y_1-uS3DLICo8iCL07ZDXCWI9x_h8&amp;__tn__=-UC%2CP-R\"><strong>Banda Citt\u00e0 di Feltre<\/strong><\/a><\/span><span class=\"xzsf02u xo1l8bm\"><span class=\"xzpqnlu xjm9jq1 x6ikm8r x10wlt62 x10l6tqk x1i1rx1s\">\u00a0<\/span><span aria-hidden=\"true\"> \u00a0<\/span><\/span><span style=\"font-size: 14px; font-weight: normal;\">Addio a Gianni Faronato, presidente onorario ANPI Feltre e nostro socio onorario. Prima di andarsene ci ha voluto donare il suo trombone, in perfetto stato, come la memoria che caparbiamente conservava e instancabilmente tramandava ai giovani sulla sua terribile esperienza di deportazione. <\/span>Rivolgiamo ai suoi familiari il nostro cordoglio e vogliamo ricordarlo cos\u00ec, in momenti condivisi di felicit\u00e0 <a class=\"dt-pswp-item\" href=\"https:\/\/www.radiopiu.net\/wordpress\/wp-content\/uploads\/2023\/08\/367700922_1032284174852062_4456843656537213592_n.jpg\" data-dt-img-description=\"\" data-large_image_width=\"600\" data-large_image_height=\"344\"><img loading=\"lazy\" decoding=\"async\" class=\"wp-image-348666 size-full aligncenter\" src=\"https:\/\/www.radiopiu.net\/wordpress\/wp-content\/uploads\/2023\/08\/367700922_1032284174852062_4456843656537213592_n.jpg\" alt=\"\" width=\"600\" height=\"344\" srcset=\"https:\/\/www.radiopiu.net\/wordpress\/wp-content\/uploads\/2023\/08\/367700922_1032284174852062_4456843656537213592_n.jpg 600w, https:\/\/www.radiopiu.net\/wordpress\/wp-content\/uploads\/2023\/08\/367700922_1032284174852062_4456843656537213592_n-300x172.jpg 300w\" sizes=\"auto, (max-width: 600px) 100vw, 600px\" \/><\/a><\/p>\n<\/div>\n<\/div>\n<\/div>\n<\/div>\n<\/div>\n","protected":false},"excerpt":{"rendered":"<p>&nbsp; FELTRE E&#8217; morto Gianni Faronato. Il presidente onorario dell\u2019Anpi, Associazione nazionale partigiani d\u2019Italia aveva 95 anni, viveva a Feltre e se n\u2019\u00e8 andato nella notte tra luned\u00ec e marted\u00ec.\u00a0 Deportato nel 1944 nel campo di concentramento di Bolzano, era sopravvissuto.\u00a0 Era ben voluto da tutti. &nbsp; IL SINDACO DI FELTRE, VIVIANA FUSARO &#8220;Con Gianni&hellip;<\/p>\n","protected":false},"author":4,"featured_media":348670,"comment_status":"closed","ping_status":"closed","sticky":false,"template":"","format":"standard","meta":{"_monsterinsights_skip_tracking":false,"_monsterinsights_sitenote_active":false,"_monsterinsights_sitenote_note":"","_monsterinsights_sitenote_category":0,"footnotes":""},"categories":[51,49],"tags":[],"class_list":["post-348664","post","type-post","status-publish","format-standard","has-post-thumbnail","hentry","category-evidenza-top","category-news-18","category-51","category-49","description-off"],"img_url":"https:\/\/www.radiopiu.net\/wordpress\/wp-content\/uploads\/2023\/08\/368019940_819477106275859_2867804338346367990_n.jpg","_links":{"self":[{"href":"https:\/\/www.radiopiu.net\/wordpress\/wp-json\/wp\/v2\/posts\/348664","targetHints":{"allow":["GET"]}}],"collection":[{"href":"https:\/\/www.radiopiu.net\/wordpress\/wp-json\/wp\/v2\/posts"}],"about":[{"href":"https:\/\/www.radiopiu.net\/wordpress\/wp-json\/wp\/v2\/types\/post"}],"author":[{"embeddable":true,"href":"https:\/\/www.radiopiu.net\/wordpress\/wp-json\/wp\/v2\/users\/4"}],"replies":[{"embeddable":true,"href":"https:\/\/www.radiopiu.net\/wordpress\/wp-json\/wp\/v2\/comments?post=348664"}],"version-history":[{"count":0,"href":"https:\/\/www.radiopiu.net\/wordpress\/wp-json\/wp\/v2\/posts\/348664\/revisions"}],"wp:featuredmedia":[{"embeddable":true,"href":"https:\/\/www.radiopiu.net\/wordpress\/wp-json\/wp\/v2\/media\/348670"}],"wp:attachment":[{"href":"https:\/\/www.radiopiu.net\/wordpress\/wp-json\/wp\/v2\/media?parent=348664"}],"wp:term":[{"taxonomy":"category","embeddable":true,"href":"https:\/\/www.radiopiu.net\/wordpress\/wp-json\/wp\/v2\/categories?post=348664"},{"taxonomy":"post_tag","embeddable":true,"href":"https:\/\/www.radiopiu.net\/wordpress\/wp-json\/wp\/v2\/tags?post=348664"}],"curies":[{"name":"wp","href":"https:\/\/api.w.org\/{rel}","templated":true}]}}