{"id":348687,"date":"2023-08-16T07:55:01","date_gmt":"2023-08-16T05:55:01","guid":{"rendered":"https:\/\/www.radiopiu.net\/wordpress\/?p=348687"},"modified":"2023-08-16T08:09:44","modified_gmt":"2023-08-16T06:09:44","slug":"dal-1983-ad-oggi-ogni-giorno-alle-otto-del-mattino-la-rassegna-della-stampa-locale","status":"publish","type":"post","link":"https:\/\/www.radiopiu.net\/wordpress\/dal-1983-ad-oggi-ogni-giorno-alle-otto-del-mattino-la-rassegna-della-stampa-locale\/","title":{"rendered":"dal 1983 ad oggi, ogni giorno alle otto del mattino LA RASSEGNA DELLA STAMPA LOCALE"},"content":{"rendered":"<p>&nbsp;<\/p>\n<p><iframe loading=\"lazy\" title=\"RASSEGNA STAMPA LOCALE\" width=\"1200\" height=\"675\" src=\"https:\/\/www.youtube.com\/embed\/unMPLYP-br4?feature=oembed\" frameborder=\"0\" allow=\"accelerometer; autoplay; clipboard-write; encrypted-media; gyroscope; picture-in-picture; web-share\" allowfullscreen><\/iframe><\/p>\n<p>SP 563 SALESEI dal 21 al 25 agosto in localit\u00e0 Digonera di Rocca Pietore interdizione al traffico dalle 8 alle 18. Negli altri orari senso unico alternato regolato da semaforo. Dal 26 al 28 agosto senso unico alternato regolato da semaforo.<br \/>\nREDAZIONE Gestione Servizi Pubblici informa che a LA VALLE AGORDINA nelle localit\u00e0 MUDA EST E AGRE l&#8217;acqua erogata dall&#8217;acquedotto \u00e8 di nuovo potabile e pu\u00f2 essere usata, quindi, per scopi alimentari. Lo stesso a a CENCENIGHE AGORDINO in localit\u00e0 PRA DI MEZZO e a LIVINALLONGO DEL COL DI LANA nelle localit\u00e0 BRENTA e VARDA<br \/>\nFELTRE Gianni Faronato, presidente onorario dell&#8217;Anpi (Associazione nazionale partigiani d&#8217;Italia), \u00e8 deceduto a Feltre all&#8217;et\u00e0 di 95 anni. Sopravvissuto alla deportazione tedesca nel 1944 a Bolzano, ha sempre promosso ideali di pace e democrazia, specialmente tra le nuove generazioni. Ha presieduto la sezione Anpi di Feltre per 14 anni. Era apprezzato per il suo carattere positivo e il suo sorriso. Lascia quattro figli. I funerali venerd\u00ec al duomo di Feltre<br \/>\nALPAGO A poca distanza dal Rifugio Dolada, precipita con il parapendio\u00a0 tra gli alberi subito dopo il decollo. Il pilota, un 49enne della Repubblica Ceca, che non ha riportato conseguenze, era per\u00f2 rimasto sospeso tra i rami di una pianta a 15 metri dal suolo.<br \/>\nDOMEGGE\u00a0 Un escursionista 72enne di Vittorio Veneto\u00a0 sfinito dalla stanchezza, in discesa dall&#8217;Eremo dei Romiti, caricato in barella \u00e8 stato trasportato per circa 400 metri fino al mezzo.<br \/>\nTAIBON Al Rifugio Vazzoler, soccorso un turista statunitense di 58 anni che stava poco bene.<br \/>\nALPAGO Sulla strada del Taffarel\u00a0 in discesa da Palughetto,\u00a0 un ciclista, perso il controllo della mountain,\u00a0 ha riportato\u00a0 un trauma al volto e contusioni varie.<br \/>\nCOMELICO incidente in moto, coinvolti due giovani di 18 e 20 anni, entrambi del posto.<br \/>\nFALCADE una donna di 87 anni ha riportato un trauma cranico.<br \/>\nNEVEGAL Un uomo di 42 anni ha subito un politrauma dopo in una caduta in bicicletta.<br \/>\nSEDICO Incidente nella notte\u00a0 tra domenica e luned\u00ec sulla strada statale 203 in localit\u00e0 La Pissa: ferito un 47enne originario di Gosaldo, residente a Sedico,\u00a0 ha riportato un pesante politrauma,\u00a0 molto grave.<br \/>\nDISSERVIZI INTERNET Open Fiber si scusa per il disservizio che ha colpito alcune aree \u2013 prevalentemente nel Nord Ovest \u2013 della rete in fibra ottica FTTH nelle giornate di domenica 13 e luned\u00ec 14 agosto. Tutto ha avuto origine domenica da un eccezionale sbalzo di tensione che ha interessato \u2013 quasi in contemporanea \u2013 due centrali di Open Fiber a Torino e Milano-Baggio.<br \/>\nBELLUNO Il Movimento BARD &#8211; Belluno Autonoma Regione Dolomiti accoglie con grande favore le dichiarazioni del Ministro\u00a0 Matteo Salvini sulla necessit\u00e0 di ripristinare \u201ca pieno ritmo\u201d le province.<br \/>\nLIVINALLONGO Dal 7 al 22 agosto, ad Arabba, IN SALA CONGRESSI CON INIZIO ALLE 20.45 \u201cIncontri d\u2019Autore\u201d, rassegna dedicata alla montagna. Chiacchierate con gli scrittori e momenti di approfondimento PER TUTTI. Partecipazione libera e gratuita. Oggi Mauro Corona PRESENTA &#8220;Le cinque porte &#8211; due nipoti e un nonno sui sentieri dei boschi&#8221;<br \/>\nALLEGHE Venerd\u00ec 18 agosto appuntamento con i classici Fuochi Artificiali sul Lago di Alleghe. Un invito del consorzio operatori turistici di Alleghe e del Comune di Alleghe. Inizio alle 22:30.<br \/>\nLIVINALLONGO Il pianista veneto Paolo Zanarella, \u201cIl pianista fuori posto&#8221;, terr\u00e0 ad Arabba, un concerto &#8220;sospeso&#8221;.\u00a0 L&#8217;appuntamento, organizzato da Arabba Fodom Turismo e Comune di Livinallongo del Col di Lana, avr\u00e0 luogo domani alle ore 17:30 nei pressi del parco giochi (vicino alla Chiesa)<br \/>\nAGORDO Sabato 19 e domenica 20 agosto il Broi di Agordo si animer\u00e0 con il Palio Dei Cento.<br \/>\nCOL IN FESTA SABATO 19 AGOSTO a Colle Santa Lucia: ARTIGIANATO, ASSOCIAZIONI, GASTRONOMIA LOCALE, GIOCHI, MUSICA, MINI MANEGGIO AL PARCO GIOCHI. DAL MATTINO AL POMERIGGIO VISITE GUIDATE ALLA CESA DE JAN, PROVA DI MUNGITURA, TRA LE STORIE&#8230;DEL CANTASTORIE.<\/p>\n<p>CORSA SU STRADA LA CARICA DEI MILLE AL GIRO DEL LAGO DI ALLEGHE IN NOTTURNA primi: Sirbu e Manuela Bulf<br \/>\nPALLAVOLO MASCHIO E CASAGRANDE PER L&#8217;ATTACCO DELLA PALLAVOLO BELLUNO FEMMINILE<br \/>\nDOMENICA IL TORNEO DI GREEN VOLLEY A CENCENIGHE &#8220;dugone&#8221;<\/p>\n<p>&nbsp;<\/p>\n<p>&nbsp;<\/p>\n","protected":false},"excerpt":{"rendered":"<p>&nbsp; SP 563 SALESEI dal 21 al 25 agosto in localit\u00e0 Digonera di Rocca Pietore interdizione al traffico dalle 8 alle 18. Negli altri orari senso unico alternato regolato da semaforo. Dal 26 al 28 agosto senso unico alternato regolato da semaforo. REDAZIONE Gestione Servizi Pubblici informa che a LA VALLE AGORDINA nelle localit\u00e0 MUDA&hellip;<\/p>\n","protected":false},"author":4,"featured_media":348584,"comment_status":"closed","ping_status":"closed","sticky":false,"template":"","format":"standard","meta":{"_monsterinsights_skip_tracking":false,"_monsterinsights_sitenote_active":false,"_monsterinsights_sitenote_note":"","_monsterinsights_sitenote_category":0,"footnotes":""},"categories":[51,49,142],"tags":[],"class_list":["post-348687","post","type-post","status-publish","format-standard","has-post-thumbnail","hentry","category-evidenza-top","category-news-18","category-rassegna-stampa","category-51","category-49","category-142","description-off"],"img_url":"https:\/\/www.radiopiu.net\/wordpress\/wp-content\/uploads\/2023\/08\/Watermark_20230814_152842_576.jpg","_links":{"self":[{"href":"https:\/\/www.radiopiu.net\/wordpress\/wp-json\/wp\/v2\/posts\/348687","targetHints":{"allow":["GET"]}}],"collection":[{"href":"https:\/\/www.radiopiu.net\/wordpress\/wp-json\/wp\/v2\/posts"}],"about":[{"href":"https:\/\/www.radiopiu.net\/wordpress\/wp-json\/wp\/v2\/types\/post"}],"author":[{"embeddable":true,"href":"https:\/\/www.radiopiu.net\/wordpress\/wp-json\/wp\/v2\/users\/4"}],"replies":[{"embeddable":true,"href":"https:\/\/www.radiopiu.net\/wordpress\/wp-json\/wp\/v2\/comments?post=348687"}],"version-history":[{"count":0,"href":"https:\/\/www.radiopiu.net\/wordpress\/wp-json\/wp\/v2\/posts\/348687\/revisions"}],"wp:featuredmedia":[{"embeddable":true,"href":"https:\/\/www.radiopiu.net\/wordpress\/wp-json\/wp\/v2\/media\/348584"}],"wp:attachment":[{"href":"https:\/\/www.radiopiu.net\/wordpress\/wp-json\/wp\/v2\/media?parent=348687"}],"wp:term":[{"taxonomy":"category","embeddable":true,"href":"https:\/\/www.radiopiu.net\/wordpress\/wp-json\/wp\/v2\/categories?post=348687"},{"taxonomy":"post_tag","embeddable":true,"href":"https:\/\/www.radiopiu.net\/wordpress\/wp-json\/wp\/v2\/tags?post=348687"}],"curies":[{"name":"wp","href":"https:\/\/api.w.org\/{rel}","templated":true}]}}